{"id":1009810,"date":"2026-04-26T18:07:53","date_gmt":"2026-04-26T15:07:53","guid":{"rendered":"https:\/\/www.rri.ro\/?p=1009810"},"modified":"2026-04-23T20:13:58","modified_gmt":"2026-04-23T17:13:58","slug":"der-kreis-neamt-ein-authentisches-erlebnis","status":"publish","type":"post","link":"https:\/\/www.rri.ro\/de\/feature-reportage\/radio-tour-de\/der-kreis-neamt-ein-authentisches-erlebnis-id1009810.html","title":{"rendered":"Der Kreis Neam\u021b: Ein authentisches Erlebnis"},"content":{"rendered":"<p>Unsere heutige Reise f\u00fchrt uns in den Nordosten Rum\u00e4niens, in eine der vielseitigsten Urlaubsregionen des Landes: den Kreis Neam\u021b. Hier verschmelzen Natur, Geschichte und Spiritualit\u00e4t auf wunderbare Weise. Wahrzeichen wie das imposante Ceahl\u0103u-Gebirge und die alte Burg Neam\u021b pr\u00e4gen die Landschaft. Doch die Region blickt auch in die Zukunft: Geplant ist unter anderem ein thematisches Feriendorf, das den M\u00e4rchenfiguren des ber\u00fchmten rum\u00e4nischen Schriftstellers Ion Creang\u0103 gewidmet ist.<br \/>\nBis das Projekt des thematischen Feriendorfs fertig ist, locken schon jetzt urige, traditionelle D\u00f6rfer und eine fantastische lokale K\u00fcche in den Landkreis. Einen ersten \u00dcberblick gibt uns der Pr\u00e4sident des Kreisrates von Neam\u021b, Daniel-Vasilic\u0103 Harpa:<br \/>\n\u201eUnsere Region blickt auf eine enorm lange Geschichte zur\u00fcck. Da w\u00e4re zum Beispiel das Erbe der pr\u00e4historischen Cucuteni-Kultur, deren Kunstmuseum in Piatra Neam\u021b europaweit Bedeutung hat. Wir sind au\u00dferdem ein historischer Pfeiler der mittelalterlichen Moldau \u2013 mit der Burg Neam\u021b und den Spuren von F\u00fcrst Stefan dem Gro\u00dfen. Dass wir auch kulturell viel zu bieten haben, zeigen unsere unz\u00e4hligen Museen und Gedenkh\u00e4user gro\u00dfer rum\u00e4nischer Schriftsteller.<br \/>\nUnd dann ist da noch die spirituelle Seite: Der Kreis Neam\u021b gilt als kleiner Berg Athos Rum\u00e4niens. Nirgendwo sonst im Land gibt es so viele Gottesh\u00e4user. Dazu geh\u00f6ren die historischen Kl\u00f6ster Neam\u021b, Agapia und V\u0103ratec \u2013 Letztere sind \u00fcbrigens zwei der gr\u00f6\u00dften Nonnenkl\u00f6ster Europas. Solche Orte mit ihrer tiefen Tradition ziehen Pilger und Touristen aus der ganzen Welt an.\u201c<br \/>\nNeben Geschichte und Spiritualit\u00e4t besticht Neam\u021b aber vor allem durch seine einmalige Natur. Ein echtes Highlight ist das sogenannte \u201eWisent-Land\u201c, ein international ausgezeichnetes \u00d6ko-Reiseziel. Es ist europaweit der einzige Ort, an dem man diese majest\u00e4tischen Tiere gleichzeitig in freier Wildbahn, in Halbfreiheit und im Gehege beobachten kann. Kreisratspr\u00e4sident Harpa \u00fcber die Naturwunder der Region:<br \/>\n\u201eNaturfreunde kommen in unseren drei gro\u00dfen Schutzgebieten voll auf ihre Kosten: dem Nationalpark Ceahl\u0103u, dem Naturpark V\u00e2n\u0103tori-Neam\u021b und dem Nationalpark Bicaz-Klamm. Hinzu kommen spektakul\u00e4re Seen wie der Izvorul Muntelui \u2013 den wir auch unser \u201aMeer zwischen den Bergen\u2018 nennen. Wer zu uns kommt, findet aber nicht nur tolle Landschaften, sondern auch unfassbar gastfreundliche Menschen und deftiges, authentisches Essen.<br \/>\nMan kann Neam\u021b wirklich das ganze Jahr \u00fcber besuchen. Ein absolutes Muss f\u00fcr Wanderer ist nat\u00fcrlich das Ceahl\u0103u-Gebirge, der \u201aOlymp der Moldau\u2018, mit dem Toaca-Gipfel und dem tosenden Duruitoarea-Wasserfall.\u201c<br \/>\nGerade Touristen aus dem Ausland suchen im Urlaub oft das Echte, das Unverf\u00e4lschte \u2013 sie wollen traditionelle Handwerkskunst hautnah erleben. Daf\u00fcr gibt es vor Ort ein prall gef\u00fclltes Veranstaltungsprogramm. Mitmehr Einzelheiten dazu, Daniel-Vasilic\u0103 Harpa :<br \/>\n\u201eWir haben einen sehr gut strukturierten Jahreskalender. Es gibt zahlreiche internationale Musik- und Kulturfestivals, Burgfeste und Weihnachtsm\u00e4rkte. Genau dort geben wir unseren traditionellen Handwerkern eine gro\u00dfe B\u00fchne. Touristen treffen unsere T\u00f6pfer, Weber und Holzschnitzer aber auch direkt an den alten Holzkirchen oder entlang der Pilgerrouten. Wir haben Meister ihres Fachs, die bis \u00fcber die Landesgrenzen hinaus bekannt sind. Gerade die kleinen D\u00f6rfer rund um die Kl\u00f6ster bieten eine faszinierende Mischung aus gelebter Tradition und Spiritualit\u00e4t.\u201c<br \/>\nUm Urlaubern die Reiseplanung k\u00fcnftig noch leichter zu machen, bastelt die Verwaltung gerade an einer neuen digitalen Plattform f\u00fcr individuelle Reiserouten. Doch es wird auch kr\u00e4ftig gebaut. Kreisratspr\u00e4sident Harpa verr\u00e4t abschlie\u00dfend, worauf sich Touristen in den n\u00e4chsten Jahren freuen d\u00fcrfen:<br \/>\n\u201eWir planen aktuell zwei gro\u00dfe Projekte. Erstens das thematische Feriendorf in Humule\u0219ti, inspiriert von den Geschichten von Ion Creang\u0103 und dem Leben in einem traditionellen moldauischen Dorf. Zweitens planen wir die sogenannte \u201aRiviera des Bicaz-Sees\u2018. Dort investieren wir in moderne Freizeitanlagen und neue Boote.<br \/>\nIch lade Sie herzlich ein, den Kreis Neam\u021b zu entdecken. Jeder Tag bei uns kann v\u00f6llig anders aussehen: Bergwandern, Bootstouren, Burgen erkunden oder ins Dorfleben eintauchen. Sie finden hier Ruhe und echte Gastfreundschaft. Wer einmal diese Erfahrungen gemacht hat, wird ganz sicher wiederkommen wollen. Wir erwarten Sie mit offenen Armen!\u201c<br \/>\nSp\u00e4testens 2029 soll das neue Feriendorf seine ersten G\u00e4ste empfangen. Aber wie wir geh\u00f6rt haben: Die Region Neam\u021b ist schon heute bestens auf Besucher aus aller Welt vorbereitet.<\/p>\n","protected":false},"excerpt":{"rendered":"<p>Unsere heutige Reise f\u00fchrt uns in den Nordosten Rum\u00e4niens, in eine der vielseitigsten Urlaubsregionen des Landes: den Kreis Neam\u021b. Hier verschmelzen Natur, Geschichte und Spiritualit\u00e4t auf wunderbare Weise. Wahrzeichen wie das imposante Ceahl\u0103u-Gebirge und die alte Burg Neam\u021b pr\u00e4gen die Landschaft. Doch die Region blickt auch in die Zukunft: Geplant ist unter anderem ein thematisches [&hellip;]<\/p>\n","protected":false},"author":128,"featured_media":968443,"comment_status":"closed","ping_status":"closed","sticky":false,"template":"","format":"standard","meta":{"_acf_changed":false,"footnotes":""},"categories":[116760],"tags":[189651,189646,189649,189648,189650,189645,128408,189647],"coauthors":[113280,116739],"class_list":["post-1009810","post","type-post","status-publish","format-standard","has-post-thumbnail","hentry","category-radio-tour-de","tag-agapia-und-varatec","tag-cucuteni-kultur","tag-der-nationalpark-bicaz-klamm","tag-der-naturpark-vanatori-neamt","tag-die-historischen-kloester-neamt","tag-geschichte-und-spiritualitaet","tag-kreis-neamt","tag-nationalpark-ceahlau"],"acf":[],"yoast_head":"<!-- This site is optimized with the Yoast SEO plugin v27.5 - https:\/\/yoast.com\/product\/yoast-seo-wordpress\/ -->\n<title>Der Kreis Neam\u021b: Ein authentisches Erlebnis - Radio Rum\u00e4nien International<\/title>\n<meta name=\"robots\" content=\"index, follow, max-snippet:-1, max-image-preview:large, max-video-preview:-1\" \/>\n<link rel=\"canonical\" href=\"https:\/\/www.rri.ro\/de\/feature-reportage\/radio-tour-de\/der-kreis-neamt-ein-authentisches-erlebnis-id1009810.html\" \/>\n<meta property=\"og:locale\" content=\"de_DE\" \/>\n<meta property=\"og:type\" content=\"article\" \/>\n<meta property=\"og:title\" content=\"Der Kreis Neam\u021b: Ein authentisches Erlebnis - Radio Rum\u00e4nien International\" \/>\n<meta property=\"og:description\" content=\"Unsere heutige Reise f\u00fchrt uns in den Nordosten Rum\u00e4niens, in eine der vielseitigsten Urlaubsregionen des Landes: den Kreis Neam\u021b. Hier verschmelzen Natur, Geschichte und Spiritualit\u00e4t auf wunderbare Weise. Wahrzeichen wie das imposante Ceahl\u0103u-Gebirge und die alte Burg Neam\u021b pr\u00e4gen die Landschaft. Doch die Region blickt auch in die Zukunft: Geplant ist unter anderem ein thematisches [&hellip;]\" \/>\n<meta property=\"og:url\" content=\"https:\/\/www.rri.ro\/de\/feature-reportage\/radio-tour-de\/der-kreis-neamt-ein-authentisches-erlebnis-id1009810.html\" \/>\n<meta property=\"og:site_name\" content=\"Radio Rum\u00e4nien International\" \/>\n<meta property=\"article:published_time\" content=\"2026-04-26T15:07:53+00:00\" \/>\n<meta property=\"og:image\" content=\"https:\/\/www.rri.ro\/wp-content\/uploads\/2026\/01\/Muzeul_Cetatea_Neamt_exterior_16x9.jpg\" \/>\n\t<meta property=\"og:image:width\" content=\"1200\" \/>\n\t<meta property=\"og:image:height\" content=\"675\" \/>\n\t<meta property=\"og:image:type\" content=\"image\/jpeg\" \/>\n<meta name=\"author\" content=\"Daniel Onea, Adina Olaru\" \/>\n<meta name=\"twitter:card\" content=\"summary_large_image\" \/>\n<meta name=\"twitter:label1\" content=\"Verfasst von\" \/>\n\t<meta name=\"twitter:data1\" content=\"Daniel Onea\" \/>\n\t<meta name=\"twitter:label2\" content=\"Gesch\u00e4tzte Lesezeit\" \/>\n\t<meta name=\"twitter:data2\" content=\"3\u00a0Minuten\" \/>\n\t<meta name=\"twitter:label3\" content=\"Written by\" \/>\n\t<meta name=\"twitter:data3\" content=\"Daniel Onea, Adina Olaru\" \/>\n<script type=\"application\/ld+json\" class=\"yoast-schema-graph\">{\"@context\":\"https:\\\/\\\/schema.org\",\"@graph\":[{\"@type\":\"Article\",\"@id\":\"https:\\\/\\\/www.rri.ro\\\/de\\\/feature-reportage\\\/radio-tour-de\\\/der-kreis-neamt-ein-authentisches-erlebnis-id1009810.html#article\",\"isPartOf\":{\"@id\":\"https:\\\/\\\/www.rri.ro\\\/de\\\/feature-reportage\\\/radio-tour-de\\\/der-kreis-neamt-ein-authentisches-erlebnis-id1009810.html\"},\"author\":{\"name\":\"Daniel Onea\",\"@id\":\"https:\\\/\\\/www.rri.ro\\\/#\\\/schema\\\/person\\\/fcce42c208d45f30f5b054b64bc1e0df\"},\"headline\":\"Der Kreis Neam\u021b: Ein authentisches Erlebnis\",\"datePublished\":\"2026-04-26T15:07:53+00:00\",\"mainEntityOfPage\":{\"@id\":\"https:\\\/\\\/www.rri.ro\\\/de\\\/feature-reportage\\\/radio-tour-de\\\/der-kreis-neamt-ein-authentisches-erlebnis-id1009810.html\"},\"wordCount\":702,\"image\":{\"@id\":\"https:\\\/\\\/www.rri.ro\\\/de\\\/feature-reportage\\\/radio-tour-de\\\/der-kreis-neamt-ein-authentisches-erlebnis-id1009810.html#primaryimage\"},\"thumbnailUrl\":\"https:\\\/\\\/www.rri.ro\\\/wp-content\\\/uploads\\\/2026\\\/01\\\/Muzeul_Cetatea_Neamt_exterior_16x9.jpg\",\"keywords\":[\"Agapia und V\u0103ratec\",\"Cucuteni-Kultur\",\"der Nationalpark Bicaz-Klamm\",\"der Naturpark V\u00e2n\u0103tori-Neam\u021b\",\"die historischen Kl\u00f6ster Neam\u021b\",\"Geschichte und Spiritualit\u00e4t\",\"Kreis Neam\u021b\",\"Nationalpark Ceahl\u0103u\"],\"articleSection\":[\"Radiotour\"],\"inLanguage\":\"de\"},{\"@type\":\"WebPage\",\"@id\":\"https:\\\/\\\/www.rri.ro\\\/de\\\/feature-reportage\\\/radio-tour-de\\\/der-kreis-neamt-ein-authentisches-erlebnis-id1009810.html\",\"url\":\"https:\\\/\\\/www.rri.ro\\\/de\\\/feature-reportage\\\/radio-tour-de\\\/der-kreis-neamt-ein-authentisches-erlebnis-id1009810.html\",\"name\":\"Der Kreis Neam\u021b: Ein authentisches Erlebnis - Radio Rum\u00e4nien International\",\"isPartOf\":{\"@id\":\"https:\\\/\\\/www.rri.ro\\\/#website\"},\"primaryImageOfPage\":{\"@id\":\"https:\\\/\\\/www.rri.ro\\\/de\\\/feature-reportage\\\/radio-tour-de\\\/der-kreis-neamt-ein-authentisches-erlebnis-id1009810.html#primaryimage\"},\"image\":{\"@id\":\"https:\\\/\\\/www.rri.ro\\\/de\\\/feature-reportage\\\/radio-tour-de\\\/der-kreis-neamt-ein-authentisches-erlebnis-id1009810.html#primaryimage\"},\"thumbnailUrl\":\"https:\\\/\\\/www.rri.ro\\\/wp-content\\\/uploads\\\/2026\\\/01\\\/Muzeul_Cetatea_Neamt_exterior_16x9.jpg\",\"datePublished\":\"2026-04-26T15:07:53+00:00\",\"author\":{\"@id\":\"https:\\\/\\\/www.rri.ro\\\/#\\\/schema\\\/person\\\/fcce42c208d45f30f5b054b64bc1e0df\"},\"breadcrumb\":{\"@id\":\"https:\\\/\\\/www.rri.ro\\\/de\\\/feature-reportage\\\/radio-tour-de\\\/der-kreis-neamt-ein-authentisches-erlebnis-id1009810.html#breadcrumb\"},\"inLanguage\":\"de\",\"potentialAction\":[{\"@type\":\"ReadAction\",\"target\":[\"https:\\\/\\\/www.rri.ro\\\/de\\\/feature-reportage\\\/radio-tour-de\\\/der-kreis-neamt-ein-authentisches-erlebnis-id1009810.html\"]}]},{\"@type\":\"ImageObject\",\"inLanguage\":\"de\",\"@id\":\"https:\\\/\\\/www.rri.ro\\\/de\\\/feature-reportage\\\/radio-tour-de\\\/der-kreis-neamt-ein-authentisches-erlebnis-id1009810.html#primaryimage\",\"url\":\"https:\\\/\\\/www.rri.ro\\\/wp-content\\\/uploads\\\/2026\\\/01\\\/Muzeul_Cetatea_Neamt_exterior_16x9.jpg\",\"contentUrl\":\"https:\\\/\\\/www.rri.ro\\\/wp-content\\\/uploads\\\/2026\\\/01\\\/Muzeul_Cetatea_Neamt_exterior_16x9.jpg\",\"width\":1200,\"height\":675,\"caption\":\"Neam\u021b Fortress Museum,T\u00e2rgu-Neam\u021b\"},{\"@type\":\"BreadcrumbList\",\"@id\":\"https:\\\/\\\/www.rri.ro\\\/de\\\/feature-reportage\\\/radio-tour-de\\\/der-kreis-neamt-ein-authentisches-erlebnis-id1009810.html#breadcrumb\",\"itemListElement\":[{\"@type\":\"ListItem\",\"position\":1,\"name\":\"Startseite\",\"item\":\"https:\\\/\\\/www.rri.ro\\\/de\"},{\"@type\":\"ListItem\",\"position\":2,\"name\":\"Feature &amp; Reportage\",\"item\":\"https:\\\/\\\/www.rri.ro\\\/de\\\/feature-reportage\"},{\"@type\":\"ListItem\",\"position\":3,\"name\":\"Radiotour\",\"item\":\"https:\\\/\\\/www.rri.ro\\\/de\\\/feature-reportage\\\/radio-tour-de\"},{\"@type\":\"ListItem\",\"position\":4,\"name\":\"Der Kreis Neam\u021b: Ein authentisches Erlebnis\"}]},{\"@type\":\"WebSite\",\"@id\":\"https:\\\/\\\/www.rri.ro\\\/#website\",\"url\":\"https:\\\/\\\/www.rri.ro\\\/\",\"name\":\"Radio Rum\u00e4nien International\",\"description\":\"Totul despre Rom\u00e2nia \u015fi rom\u00e2ni, \u00een 13 limbi\\\/dialecte!\",\"inLanguage\":\"de\"},{\"@type\":\"Person\",\"@id\":\"https:\\\/\\\/www.rri.ro\\\/#\\\/schema\\\/person\\\/fcce42c208d45f30f5b054b64bc1e0df\",\"name\":\"Daniel Onea\",\"url\":\"https:\\\/\\\/www.rri.ro\\\/de\\\/author\\\/daniel-onea\"}]}<\/script>\n<!-- \/ Yoast SEO plugin. -->","yoast_head_json":{"title":"Der Kreis Neam\u021b: Ein authentisches Erlebnis - Radio Rum\u00e4nien International","robots":{"index":"index","follow":"follow","max-snippet":"max-snippet:-1","max-image-preview":"max-image-preview:large","max-video-preview":"max-video-preview:-1"},"canonical":"https:\/\/www.rri.ro\/de\/feature-reportage\/radio-tour-de\/der-kreis-neamt-ein-authentisches-erlebnis-id1009810.html","og_locale":"de_DE","og_type":"article","og_title":"Der Kreis Neam\u021b: Ein authentisches Erlebnis - Radio Rum\u00e4nien International","og_description":"Unsere heutige Reise f\u00fchrt uns in den Nordosten Rum\u00e4niens, in eine der vielseitigsten Urlaubsregionen des Landes: den Kreis Neam\u021b. Hier verschmelzen Natur, Geschichte und Spiritualit\u00e4t auf wunderbare Weise. Wahrzeichen wie das imposante Ceahl\u0103u-Gebirge und die alte Burg Neam\u021b pr\u00e4gen die Landschaft. Doch die Region blickt auch in die Zukunft: Geplant ist unter anderem ein thematisches [&hellip;]","og_url":"https:\/\/www.rri.ro\/de\/feature-reportage\/radio-tour-de\/der-kreis-neamt-ein-authentisches-erlebnis-id1009810.html","og_site_name":"Radio Rum\u00e4nien International","article_published_time":"2026-04-26T15:07:53+00:00","og_image":[{"width":1200,"height":675,"url":"https:\/\/www.rri.ro\/wp-content\/uploads\/2026\/01\/Muzeul_Cetatea_Neamt_exterior_16x9.jpg","type":"image\/jpeg"}],"author":"Daniel Onea, Adina Olaru","twitter_card":"summary_large_image","twitter_misc":{"Verfasst von":"Daniel Onea","Gesch\u00e4tzte Lesezeit":"3\u00a0Minuten","Written by":"Daniel Onea, Adina Olaru"},"schema":{"@context":"https:\/\/schema.org","@graph":[{"@type":"Article","@id":"https:\/\/www.rri.ro\/de\/feature-reportage\/radio-tour-de\/der-kreis-neamt-ein-authentisches-erlebnis-id1009810.html#article","isPartOf":{"@id":"https:\/\/www.rri.ro\/de\/feature-reportage\/radio-tour-de\/der-kreis-neamt-ein-authentisches-erlebnis-id1009810.html"},"author":{"name":"Daniel Onea","@id":"https:\/\/www.rri.ro\/#\/schema\/person\/fcce42c208d45f30f5b054b64bc1e0df"},"headline":"Der Kreis Neam\u021b: Ein authentisches Erlebnis","datePublished":"2026-04-26T15:07:53+00:00","mainEntityOfPage":{"@id":"https:\/\/www.rri.ro\/de\/feature-reportage\/radio-tour-de\/der-kreis-neamt-ein-authentisches-erlebnis-id1009810.html"},"wordCount":702,"image":{"@id":"https:\/\/www.rri.ro\/de\/feature-reportage\/radio-tour-de\/der-kreis-neamt-ein-authentisches-erlebnis-id1009810.html#primaryimage"},"thumbnailUrl":"https:\/\/www.rri.ro\/wp-content\/uploads\/2026\/01\/Muzeul_Cetatea_Neamt_exterior_16x9.jpg","keywords":["Agapia und V\u0103ratec","Cucuteni-Kultur","der Nationalpark Bicaz-Klamm","der Naturpark V\u00e2n\u0103tori-Neam\u021b","die historischen Kl\u00f6ster Neam\u021b","Geschichte und Spiritualit\u00e4t","Kreis Neam\u021b","Nationalpark Ceahl\u0103u"],"articleSection":["Radiotour"],"inLanguage":"de"},{"@type":"WebPage","@id":"https:\/\/www.rri.ro\/de\/feature-reportage\/radio-tour-de\/der-kreis-neamt-ein-authentisches-erlebnis-id1009810.html","url":"https:\/\/www.rri.ro\/de\/feature-reportage\/radio-tour-de\/der-kreis-neamt-ein-authentisches-erlebnis-id1009810.html","name":"Der Kreis Neam\u021b: Ein authentisches Erlebnis - Radio Rum\u00e4nien International","isPartOf":{"@id":"https:\/\/www.rri.ro\/#website"},"primaryImageOfPage":{"@id":"https:\/\/www.rri.ro\/de\/feature-reportage\/radio-tour-de\/der-kreis-neamt-ein-authentisches-erlebnis-id1009810.html#primaryimage"},"image":{"@id":"https:\/\/www.rri.ro\/de\/feature-reportage\/radio-tour-de\/der-kreis-neamt-ein-authentisches-erlebnis-id1009810.html#primaryimage"},"thumbnailUrl":"https:\/\/www.rri.ro\/wp-content\/uploads\/2026\/01\/Muzeul_Cetatea_Neamt_exterior_16x9.jpg","datePublished":"2026-04-26T15:07:53+00:00","author":{"@id":"https:\/\/www.rri.ro\/#\/schema\/person\/fcce42c208d45f30f5b054b64bc1e0df"},"breadcrumb":{"@id":"https:\/\/www.rri.ro\/de\/feature-reportage\/radio-tour-de\/der-kreis-neamt-ein-authentisches-erlebnis-id1009810.html#breadcrumb"},"inLanguage":"de","potentialAction":[{"@type":"ReadAction","target":["https:\/\/www.rri.ro\/de\/feature-reportage\/radio-tour-de\/der-kreis-neamt-ein-authentisches-erlebnis-id1009810.html"]}]},{"@type":"ImageObject","inLanguage":"de","@id":"https:\/\/www.rri.ro\/de\/feature-reportage\/radio-tour-de\/der-kreis-neamt-ein-authentisches-erlebnis-id1009810.html#primaryimage","url":"https:\/\/www.rri.ro\/wp-content\/uploads\/2026\/01\/Muzeul_Cetatea_Neamt_exterior_16x9.jpg","contentUrl":"https:\/\/www.rri.ro\/wp-content\/uploads\/2026\/01\/Muzeul_Cetatea_Neamt_exterior_16x9.jpg","width":1200,"height":675,"caption":"Neam\u021b Fortress Museum,T\u00e2rgu-Neam\u021b"},{"@type":"BreadcrumbList","@id":"https:\/\/www.rri.ro\/de\/feature-reportage\/radio-tour-de\/der-kreis-neamt-ein-authentisches-erlebnis-id1009810.html#breadcrumb","itemListElement":[{"@type":"ListItem","position":1,"name":"Startseite","item":"https:\/\/www.rri.ro\/de"},{"@type":"ListItem","position":2,"name":"Feature &amp; Reportage","item":"https:\/\/www.rri.ro\/de\/feature-reportage"},{"@type":"ListItem","position":3,"name":"Radiotour","item":"https:\/\/www.rri.ro\/de\/feature-reportage\/radio-tour-de"},{"@type":"ListItem","position":4,"name":"Der Kreis Neam\u021b: Ein authentisches Erlebnis"}]},{"@type":"WebSite","@id":"https:\/\/www.rri.ro\/#website","url":"https:\/\/www.rri.ro\/","name":"Radio Rum\u00e4nien International","description":"Totul despre Rom\u00e2nia \u015fi rom\u00e2ni, \u00een 13 limbi\/dialecte!","inLanguage":"de"},{"@type":"Person","@id":"https:\/\/www.rri.ro\/#\/schema\/person\/fcce42c208d45f30f5b054b64bc1e0df","name":"Daniel Onea","url":"https:\/\/www.rri.ro\/de\/author\/daniel-onea"}]}},"_links":{"self":[{"href":"https:\/\/www.rri.ro\/de\/wp-json\/wp\/v2\/posts\/1009810","targetHints":{"allow":["GET"]}}],"collection":[{"href":"https:\/\/www.rri.ro\/de\/wp-json\/wp\/v2\/posts"}],"about":[{"href":"https:\/\/www.rri.ro\/de\/wp-json\/wp\/v2\/types\/post"}],"author":[{"embeddable":true,"href":"https:\/\/www.rri.ro\/de\/wp-json\/wp\/v2\/users\/128"}],"replies":[{"embeddable":true,"href":"https:\/\/www.rri.ro\/de\/wp-json\/wp\/v2\/comments?post=1009810"}],"version-history":[{"count":0,"href":"https:\/\/www.rri.ro\/de\/wp-json\/wp\/v2\/posts\/1009810\/revisions"}],"wp:featuredmedia":[{"embeddable":true,"href":"https:\/\/www.rri.ro\/de\/wp-json\/wp\/v2\/media\/968443"}],"wp:attachment":[{"href":"https:\/\/www.rri.ro\/de\/wp-json\/wp\/v2\/media?parent=1009810"}],"wp:term":[{"taxonomy":"category","embeddable":true,"href":"https:\/\/www.rri.ro\/de\/wp-json\/wp\/v2\/categories?post=1009810"},{"taxonomy":"post_tag","embeddable":true,"href":"https:\/\/www.rri.ro\/de\/wp-json\/wp\/v2\/tags?post=1009810"},{"taxonomy":"author","embeddable":true,"href":"https:\/\/www.rri.ro\/de\/wp-json\/wp\/v2\/coauthors?post=1009810"}],"curies":[{"name":"wp","href":"https:\/\/api.w.org\/{rel}","templated":true}]}}