{"id":1052783,"date":"2026-08-31T17:28:18","date_gmt":"2026-08-31T14:28:18","guid":{"rendered":"https:\/\/www.rri.ro\/?p=1052783"},"modified":"2026-08-24T17:33:50","modified_gmt":"2026-08-24T14:33:50","slug":"warum-unsere-staedte-ihre-baeume-verlieren","status":"publish","type":"post","link":"https:\/\/www.rri.ro\/de\/rubriken\/es-gruent-so-gruen-drei-minuten-fuer-die-umwelt\/warum-unsere-staedte-ihre-baeume-verlieren-id1052783.html","title":{"rendered":"Warum unsere St\u00e4dte ihre B\u00e4ume verlieren"},"content":{"rendered":"<p>Der Verlust von st\u00e4dtischem Gr\u00fcn ist in gro\u00dfen St\u00e4dten zu einem un\u00fcbersehbaren Problem geworden. Zwar tragen die Bodenqualit\u00e4t und trockene Sommer ma\u00dfgeblich zum Baumsterben bei, doch eine weitere Hauptursache ist die mangelnde Pflege der Setzlinge nach dem Einpflanzen. Diana Culescu, Landschaftsarchitektin und Mitautorin einer detaillierten Studie \u00fcber die Vegetation im Bukarester Tineretului-Park, kritisiert das defizit\u00e4re Management der Beh\u00f6rden bei der Entwicklung von Gr\u00fcnfl\u00e4chen.<\/p>\n<p><em>\u201eDass wir junge B\u00e4ume verlieren, liegt in Rum\u00e4nien meist daran, dass Gelder nur f\u00fcr die reine Pflanzung bereitgestellt werden, nicht aber f\u00fcr die sogenannte Etablierungsphase. Diese umfasst eigentlich drei Jahre, in denen die Pflanze beobachtet und gepflegt werden muss, um sich an die neue Umgebung anzupassen. In anderen L\u00e4ndern wird dieses Vorgehen eingehalten, was sich in einer positiven Entwicklung der Vegetation zeigt. Bei uns \u00fcberleben die B\u00e4ume ausschlie\u00dflich von den Reserven, die sie aus der Baumschule mitgebracht haben \u2013 das reicht f\u00fcr maximal drei Jahre. Danach sterben sie ab und m\u00fcssen ersetzt werden. So wird st\u00e4ndig neu gepflanzt, und die Beh\u00f6rden r\u00fchmen sich mit zehntausenden neuen B\u00e4umen, ohne jedoch deren \u00dcberleben zu sichern.\u201c<\/em><\/p>\n<p>Neben der fehlenden Nachsorge gef\u00e4hrden auch Altlasten der st\u00e4dtischen Landschaftsplanung die Stabilit\u00e4t der Parks bis heute. Monokulturen stellen ein systemisches Risiko dar. Zudem f\u00fchrte die Missachtung des spezifischen Lichtbedarfs mancher Baumarten zu ungew\u00f6hnlichen Stammformen \u2013 ein Ph\u00e4nomen, das bei Passanten oft f\u00fcr unbegr\u00fcndete Sorge sorgt.<\/p>\n<p><em>\u201eEine gro\u00dfe Schwachstelle aus vergangenen Landschaftsgestaltungen sind ausgedehnte Fl\u00e4chen, auf denen nur eine einzige Baumart gepflanzt wurde. Dort kann eine einzige Krankheit den gesamten Bestand vernichten. Ein weiteres Problem ist das schiefe Wachstum von B\u00e4umen, die um Licht konkurrieren. Obwohl nur f\u00fcnf Prozent von ihnen wirklich eine Gefahr darstellen, weckt ihr Aussehen \u00c4ngste, und Fu\u00dfg\u00e4nger fordern oft, dass sie gef\u00e4llt werden. In Wirklichkeit entwickeln sie aber einen nat\u00fcrlichen Mechanismus und ein viel widerstandsf\u00e4higeres Holzgewebe \u2013 eine Art \u201aMuskel\u2018, der ihre Krone st\u00fctzt.\u201c<\/em><\/p>\n<p>Um den weiteren Verfall von Gr\u00fcnfl\u00e4chen zu stoppen, fordern Experten ein radikales Umdenken bei der Planung neuer Pflanzungen. Die L\u00f6sung liegt in der strategischen Gruppierung von B\u00e4umen. Diese Technik erm\u00f6glicht es ihnen, regelrecht zusammenzuarbeiten und sich effektiv gegen nat\u00fcrliche Bedrohungen zu wehren.<\/p>\n<p><em>\u201eWenn gro\u00dfe Vegetationsfl\u00e4chen angelegt werden, empfiehlt es sich, sogenannte \u201a\u00d6kosystem-Einheiten\u2018 zu schaffen. Das sind Gruppen von sieben bis 15 B\u00e4umen derselben Art, die sich gegenseitig st\u00fctzen k\u00f6nnen. Wird beispielsweise ein Baum von einem Sch\u00e4dling angegriffen, sondert er bestimmte chemische Stoffe ab, um den Rest der Gruppe zu warnen. Als Reaktion darauf produzieren die anderen B\u00e4ume Substanzen, die ihre Bl\u00e4tter bitter machen und so die Insekten abwehren. Das Grundprinzip lautet also: B\u00e4ume in Gruppen pflanzen, um dieses gegenseitige Verteidigungssystem zu f\u00f6rdern \u2013 und gleichzeitig die Artenvielfalt im gesamten Park zu erhalten.\u201c<\/em><\/p>\n<p>Das Pflanzen von B\u00e4umen im st\u00e4dtischen Raum darf also nicht l\u00e4nger nur eine reine Imagekampagne oder das Abhaken von Statistiken sein. Ohne eine langfristige Strategie \u2013 mit st\u00e4ndiger \u00dcberwachung, angemessener Pflege in der Anwachsphase und der Beachtung \u00f6kologischer Prinzipien \u2013 werden die St\u00e4dte weiterhin Ressourcen f\u00fcr Gr\u00fcnfl\u00e4chen verschwenden, die ohnehin keine \u00dcberlebenschance haben.<\/p>\n","protected":false},"excerpt":{"rendered":"<p>Der Verlust von st\u00e4dtischem Gr\u00fcn ist in gro\u00dfen St\u00e4dten zu einem un\u00fcbersehbaren Problem geworden. Zwar tragen die Bodenqualit\u00e4t und trockene Sommer ma\u00dfgeblich zum Baumsterben bei, doch eine weitere Hauptursache ist die mangelnde Pflege der Setzlinge nach dem Einpflanzen. Diana Culescu, Landschaftsarchitektin und Mitautorin einer detaillierten Studie \u00fcber die Vegetation im Bukarester Tineretului-Park, kritisiert das defizit\u00e4re [&hellip;]<\/p>\n","protected":false},"author":128,"featured_media":407939,"comment_status":"closed","ping_status":"closed","sticky":false,"template":"","format":"standard","meta":{"_acf_changed":false,"footnotes":""},"categories":[116782],"tags":[117870,195623,195624,195622],"coauthors":[113280,116739],"class_list":["post-1052783","post","type-post","status-publish","format-standard","has-post-thumbnail","hentry","category-es-gruent-so-gruen-drei-minuten-fuer-die-umwelt","tag-artenvielfalt","tag-baumsterben","tag-entwicklung-von-gruenflaechen","tag-trockene-sommer"],"acf":[],"yoast_head":"<!-- This site is optimized with the Yoast SEO plugin v28.2 - https:\/\/yoast.com\/product\/yoast-seo-wordpress\/ -->\n<title>Warum unsere St\u00e4dte ihre B\u00e4ume verlieren - Radio Rum\u00e4nien International<\/title>\n<meta name=\"robots\" content=\"index, follow, max-snippet:-1, max-image-preview:large, max-video-preview:-1\" \/>\n<link rel=\"canonical\" href=\"https:\/\/www.rri.ro\/de\/rubriken\/es-gruent-so-gruen-drei-minuten-fuer-die-umwelt\/warum-unsere-staedte-ihre-baeume-verlieren-id1052783.html\" \/>\n<meta property=\"og:locale\" content=\"de_DE\" \/>\n<meta property=\"og:type\" content=\"article\" \/>\n<meta property=\"og:title\" content=\"Warum unsere St\u00e4dte ihre B\u00e4ume verlieren - Radio Rum\u00e4nien International\" \/>\n<meta property=\"og:description\" content=\"Der Verlust von st\u00e4dtischem Gr\u00fcn ist in gro\u00dfen St\u00e4dten zu einem un\u00fcbersehbaren Problem geworden. Zwar tragen die Bodenqualit\u00e4t und trockene Sommer ma\u00dfgeblich zum Baumsterben bei, doch eine weitere Hauptursache ist die mangelnde Pflege der Setzlinge nach dem Einpflanzen. Diana Culescu, Landschaftsarchitektin und Mitautorin einer detaillierten Studie \u00fcber die Vegetation im Bukarester Tineretului-Park, kritisiert das defizit\u00e4re [&hellip;]\" \/>\n<meta property=\"og:url\" content=\"https:\/\/www.rri.ro\/de\/rubriken\/es-gruent-so-gruen-drei-minuten-fuer-die-umwelt\/warum-unsere-staedte-ihre-baeume-verlieren-id1052783.html\" \/>\n<meta property=\"og:site_name\" content=\"Radio Rum\u00e4nien International\" \/>\n<meta property=\"article:published_time\" content=\"2026-08-31T14:28:18+00:00\" \/>\n<meta property=\"og:image\" content=\"https:\/\/www.rri.ro\/wp-content\/uploads\/2023\/10\/Arbori_medium.jpg\" \/>\n\t<meta property=\"og:image:width\" content=\"420\" \/>\n\t<meta property=\"og:image:height\" content=\"387\" \/>\n\t<meta property=\"og:image:type\" content=\"image\/jpeg\" \/>\n<meta name=\"author\" content=\"Daniel Onea, Adina Olaru\" \/>\n<meta name=\"twitter:card\" content=\"summary_large_image\" \/>\n<meta name=\"twitter:label1\" content=\"Verfasst von\" \/>\n\t<meta name=\"twitter:data1\" content=\"Daniel Onea\" \/>\n\t<meta name=\"twitter:label2\" content=\"Gesch\u00e4tzte Lesezeit\" \/>\n\t<meta name=\"twitter:data2\" content=\"3\u00a0Minuten\" \/>\n\t<meta name=\"twitter:label3\" content=\"Written by\" \/>\n\t<meta name=\"twitter:data3\" content=\"Daniel Onea, Adina Olaru\" \/>\n<script type=\"application\/ld+json\" class=\"yoast-schema-graph\">{\"@context\":\"https:\\\/\\\/schema.org\",\"@graph\":[{\"@type\":\"Article\",\"@id\":\"https:\\\/\\\/www.rri.ro\\\/de\\\/rubriken\\\/es-gruent-so-gruen-drei-minuten-fuer-die-umwelt\\\/warum-unsere-staedte-ihre-baeume-verlieren-id1052783.html#article\",\"isPartOf\":{\"@id\":\"https:\\\/\\\/www.rri.ro\\\/de\\\/rubriken\\\/es-gruent-so-gruen-drei-minuten-fuer-die-umwelt\\\/warum-unsere-staedte-ihre-baeume-verlieren-id1052783.html\"},\"author\":{\"name\":\"Daniel Onea\",\"@id\":\"https:\\\/\\\/www.rri.ro\\\/#\\\/schema\\\/person\\\/fcce42c208d45f30f5b054b64bc1e0df\"},\"headline\":\"Warum unsere St\u00e4dte ihre B\u00e4ume verlieren\",\"datePublished\":\"2026-08-31T14:28:18+00:00\",\"mainEntityOfPage\":{\"@id\":\"https:\\\/\\\/www.rri.ro\\\/de\\\/rubriken\\\/es-gruent-so-gruen-drei-minuten-fuer-die-umwelt\\\/warum-unsere-staedte-ihre-baeume-verlieren-id1052783.html\"},\"wordCount\":555,\"image\":{\"@id\":\"https:\\\/\\\/www.rri.ro\\\/de\\\/rubriken\\\/es-gruent-so-gruen-drei-minuten-fuer-die-umwelt\\\/warum-unsere-staedte-ihre-baeume-verlieren-id1052783.html#primaryimage\"},\"thumbnailUrl\":\"https:\\\/\\\/www.rri.ro\\\/wp-content\\\/uploads\\\/2023\\\/10\\\/Arbori_medium.jpg\",\"keywords\":[\"Artenvielfalt\",\"Baumsterben\",\"Entwicklung von Gr\u00fcnfl\u00e4chen\",\"trockene Sommer\"],\"articleSection\":[\"Es gr\u00fcnt so gr\u00fcn \u2013 drei Minuten f\u00fcr die Umwelt\"],\"inLanguage\":\"de\"},{\"@type\":\"WebPage\",\"@id\":\"https:\\\/\\\/www.rri.ro\\\/de\\\/rubriken\\\/es-gruent-so-gruen-drei-minuten-fuer-die-umwelt\\\/warum-unsere-staedte-ihre-baeume-verlieren-id1052783.html\",\"url\":\"https:\\\/\\\/www.rri.ro\\\/de\\\/rubriken\\\/es-gruent-so-gruen-drei-minuten-fuer-die-umwelt\\\/warum-unsere-staedte-ihre-baeume-verlieren-id1052783.html\",\"name\":\"Warum unsere St\u00e4dte ihre B\u00e4ume verlieren - Radio Rum\u00e4nien International\",\"isPartOf\":{\"@id\":\"https:\\\/\\\/www.rri.ro\\\/#website\"},\"primaryImageOfPage\":{\"@id\":\"https:\\\/\\\/www.rri.ro\\\/de\\\/rubriken\\\/es-gruent-so-gruen-drei-minuten-fuer-die-umwelt\\\/warum-unsere-staedte-ihre-baeume-verlieren-id1052783.html#primaryimage\"},\"image\":{\"@id\":\"https:\\\/\\\/www.rri.ro\\\/de\\\/rubriken\\\/es-gruent-so-gruen-drei-minuten-fuer-die-umwelt\\\/warum-unsere-staedte-ihre-baeume-verlieren-id1052783.html#primaryimage\"},\"thumbnailUrl\":\"https:\\\/\\\/www.rri.ro\\\/wp-content\\\/uploads\\\/2023\\\/10\\\/Arbori_medium.jpg\",\"datePublished\":\"2026-08-31T14:28:18+00:00\",\"author\":{\"@id\":\"https:\\\/\\\/www.rri.ro\\\/#\\\/schema\\\/person\\\/fcce42c208d45f30f5b054b64bc1e0df\"},\"breadcrumb\":{\"@id\":\"https:\\\/\\\/www.rri.ro\\\/de\\\/rubriken\\\/es-gruent-so-gruen-drei-minuten-fuer-die-umwelt\\\/warum-unsere-staedte-ihre-baeume-verlieren-id1052783.html#breadcrumb\"},\"inLanguage\":\"de\",\"potentialAction\":[{\"@type\":\"ReadAction\",\"target\":[\"https:\\\/\\\/www.rri.ro\\\/de\\\/rubriken\\\/es-gruent-so-gruen-drei-minuten-fuer-die-umwelt\\\/warum-unsere-staedte-ihre-baeume-verlieren-id1052783.html\"]}]},{\"@type\":\"ImageObject\",\"inLanguage\":\"de\",\"@id\":\"https:\\\/\\\/www.rri.ro\\\/de\\\/rubriken\\\/es-gruent-so-gruen-drei-minuten-fuer-die-umwelt\\\/warum-unsere-staedte-ihre-baeume-verlieren-id1052783.html#primaryimage\",\"url\":\"https:\\\/\\\/www.rri.ro\\\/wp-content\\\/uploads\\\/2023\\\/10\\\/Arbori_medium.jpg\",\"contentUrl\":\"https:\\\/\\\/www.rri.ro\\\/wp-content\\\/uploads\\\/2023\\\/10\\\/Arbori_medium.jpg\",\"width\":420,\"height\":387},{\"@type\":\"BreadcrumbList\",\"@id\":\"https:\\\/\\\/www.rri.ro\\\/de\\\/rubriken\\\/es-gruent-so-gruen-drei-minuten-fuer-die-umwelt\\\/warum-unsere-staedte-ihre-baeume-verlieren-id1052783.html#breadcrumb\",\"itemListElement\":[{\"@type\":\"ListItem\",\"position\":1,\"name\":\"Startseite\",\"item\":\"https:\\\/\\\/www.rri.ro\\\/de\"},{\"@type\":\"ListItem\",\"position\":2,\"name\":\"Rubriken\",\"item\":\"https:\\\/\\\/www.rri.ro\\\/de\\\/rubriken\"},{\"@type\":\"ListItem\",\"position\":3,\"name\":\"Es gr\u00fcnt so gr\u00fcn \u2013 drei Minuten f\u00fcr die Umwelt\",\"item\":\"https:\\\/\\\/www.rri.ro\\\/de\\\/rubriken\\\/es-gruent-so-gruen-drei-minuten-fuer-die-umwelt\"},{\"@type\":\"ListItem\",\"position\":4,\"name\":\"Warum unsere St\u00e4dte ihre B\u00e4ume verlieren\"}]},{\"@type\":\"WebSite\",\"@id\":\"https:\\\/\\\/www.rri.ro\\\/#website\",\"url\":\"https:\\\/\\\/www.rri.ro\\\/\",\"name\":\"Radio Rum\u00e4nien International\",\"description\":\"Totul despre Rom\u00e2nia \u015fi rom\u00e2ni, \u00een 13 limbi\\\/dialecte!\",\"inLanguage\":\"de\"},{\"@type\":\"Person\",\"@id\":\"https:\\\/\\\/www.rri.ro\\\/#\\\/schema\\\/person\\\/fcce42c208d45f30f5b054b64bc1e0df\",\"name\":\"Daniel Onea\",\"url\":\"https:\\\/\\\/www.rri.ro\\\/de\\\/author\\\/daniel-onea\"}]}<\/script>\n<!-- \/ Yoast SEO plugin. -->","yoast_head_json":{"title":"Warum unsere St\u00e4dte ihre B\u00e4ume verlieren - Radio Rum\u00e4nien International","robots":{"index":"index","follow":"follow","max-snippet":"max-snippet:-1","max-image-preview":"max-image-preview:large","max-video-preview":"max-video-preview:-1"},"canonical":"https:\/\/www.rri.ro\/de\/rubriken\/es-gruent-so-gruen-drei-minuten-fuer-die-umwelt\/warum-unsere-staedte-ihre-baeume-verlieren-id1052783.html","og_locale":"de_DE","og_type":"article","og_title":"Warum unsere St\u00e4dte ihre B\u00e4ume verlieren - Radio Rum\u00e4nien International","og_description":"Der Verlust von st\u00e4dtischem Gr\u00fcn ist in gro\u00dfen St\u00e4dten zu einem un\u00fcbersehbaren Problem geworden. Zwar tragen die Bodenqualit\u00e4t und trockene Sommer ma\u00dfgeblich zum Baumsterben bei, doch eine weitere Hauptursache ist die mangelnde Pflege der Setzlinge nach dem Einpflanzen. Diana Culescu, Landschaftsarchitektin und Mitautorin einer detaillierten Studie \u00fcber die Vegetation im Bukarester Tineretului-Park, kritisiert das defizit\u00e4re [&hellip;]","og_url":"https:\/\/www.rri.ro\/de\/rubriken\/es-gruent-so-gruen-drei-minuten-fuer-die-umwelt\/warum-unsere-staedte-ihre-baeume-verlieren-id1052783.html","og_site_name":"Radio Rum\u00e4nien International","article_published_time":"2026-08-31T14:28:18+00:00","og_image":[{"width":420,"height":387,"url":"https:\/\/www.rri.ro\/wp-content\/uploads\/2023\/10\/Arbori_medium.jpg","type":"image\/jpeg"}],"author":"Daniel Onea, Adina Olaru","twitter_card":"summary_large_image","twitter_misc":{"Verfasst von":"Daniel Onea","Gesch\u00e4tzte Lesezeit":"3\u00a0Minuten","Written by":"Daniel Onea, Adina Olaru"},"schema":{"@context":"https:\/\/schema.org","@graph":[{"@type":"Article","@id":"https:\/\/www.rri.ro\/de\/rubriken\/es-gruent-so-gruen-drei-minuten-fuer-die-umwelt\/warum-unsere-staedte-ihre-baeume-verlieren-id1052783.html#article","isPartOf":{"@id":"https:\/\/www.rri.ro\/de\/rubriken\/es-gruent-so-gruen-drei-minuten-fuer-die-umwelt\/warum-unsere-staedte-ihre-baeume-verlieren-id1052783.html"},"author":{"name":"Daniel Onea","@id":"https:\/\/www.rri.ro\/#\/schema\/person\/fcce42c208d45f30f5b054b64bc1e0df"},"headline":"Warum unsere St\u00e4dte ihre B\u00e4ume verlieren","datePublished":"2026-08-31T14:28:18+00:00","mainEntityOfPage":{"@id":"https:\/\/www.rri.ro\/de\/rubriken\/es-gruent-so-gruen-drei-minuten-fuer-die-umwelt\/warum-unsere-staedte-ihre-baeume-verlieren-id1052783.html"},"wordCount":555,"image":{"@id":"https:\/\/www.rri.ro\/de\/rubriken\/es-gruent-so-gruen-drei-minuten-fuer-die-umwelt\/warum-unsere-staedte-ihre-baeume-verlieren-id1052783.html#primaryimage"},"thumbnailUrl":"https:\/\/www.rri.ro\/wp-content\/uploads\/2023\/10\/Arbori_medium.jpg","keywords":["Artenvielfalt","Baumsterben","Entwicklung von Gr\u00fcnfl\u00e4chen","trockene Sommer"],"articleSection":["Es gr\u00fcnt so gr\u00fcn \u2013 drei Minuten f\u00fcr die Umwelt"],"inLanguage":"de"},{"@type":"WebPage","@id":"https:\/\/www.rri.ro\/de\/rubriken\/es-gruent-so-gruen-drei-minuten-fuer-die-umwelt\/warum-unsere-staedte-ihre-baeume-verlieren-id1052783.html","url":"https:\/\/www.rri.ro\/de\/rubriken\/es-gruent-so-gruen-drei-minuten-fuer-die-umwelt\/warum-unsere-staedte-ihre-baeume-verlieren-id1052783.html","name":"Warum unsere St\u00e4dte ihre B\u00e4ume verlieren - Radio Rum\u00e4nien International","isPartOf":{"@id":"https:\/\/www.rri.ro\/#website"},"primaryImageOfPage":{"@id":"https:\/\/www.rri.ro\/de\/rubriken\/es-gruent-so-gruen-drei-minuten-fuer-die-umwelt\/warum-unsere-staedte-ihre-baeume-verlieren-id1052783.html#primaryimage"},"image":{"@id":"https:\/\/www.rri.ro\/de\/rubriken\/es-gruent-so-gruen-drei-minuten-fuer-die-umwelt\/warum-unsere-staedte-ihre-baeume-verlieren-id1052783.html#primaryimage"},"thumbnailUrl":"https:\/\/www.rri.ro\/wp-content\/uploads\/2023\/10\/Arbori_medium.jpg","datePublished":"2026-08-31T14:28:18+00:00","author":{"@id":"https:\/\/www.rri.ro\/#\/schema\/person\/fcce42c208d45f30f5b054b64bc1e0df"},"breadcrumb":{"@id":"https:\/\/www.rri.ro\/de\/rubriken\/es-gruent-so-gruen-drei-minuten-fuer-die-umwelt\/warum-unsere-staedte-ihre-baeume-verlieren-id1052783.html#breadcrumb"},"inLanguage":"de","potentialAction":[{"@type":"ReadAction","target":["https:\/\/www.rri.ro\/de\/rubriken\/es-gruent-so-gruen-drei-minuten-fuer-die-umwelt\/warum-unsere-staedte-ihre-baeume-verlieren-id1052783.html"]}]},{"@type":"ImageObject","inLanguage":"de","@id":"https:\/\/www.rri.ro\/de\/rubriken\/es-gruent-so-gruen-drei-minuten-fuer-die-umwelt\/warum-unsere-staedte-ihre-baeume-verlieren-id1052783.html#primaryimage","url":"https:\/\/www.rri.ro\/wp-content\/uploads\/2023\/10\/Arbori_medium.jpg","contentUrl":"https:\/\/www.rri.ro\/wp-content\/uploads\/2023\/10\/Arbori_medium.jpg","width":420,"height":387},{"@type":"BreadcrumbList","@id":"https:\/\/www.rri.ro\/de\/rubriken\/es-gruent-so-gruen-drei-minuten-fuer-die-umwelt\/warum-unsere-staedte-ihre-baeume-verlieren-id1052783.html#breadcrumb","itemListElement":[{"@type":"ListItem","position":1,"name":"Startseite","item":"https:\/\/www.rri.ro\/de"},{"@type":"ListItem","position":2,"name":"Rubriken","item":"https:\/\/www.rri.ro\/de\/rubriken"},{"@type":"ListItem","position":3,"name":"Es gr\u00fcnt so gr\u00fcn \u2013 drei Minuten f\u00fcr die Umwelt","item":"https:\/\/www.rri.ro\/de\/rubriken\/es-gruent-so-gruen-drei-minuten-fuer-die-umwelt"},{"@type":"ListItem","position":4,"name":"Warum unsere St\u00e4dte ihre B\u00e4ume verlieren"}]},{"@type":"WebSite","@id":"https:\/\/www.rri.ro\/#website","url":"https:\/\/www.rri.ro\/","name":"Radio Rum\u00e4nien International","description":"Totul despre Rom\u00e2nia \u015fi rom\u00e2ni, \u00een 13 limbi\/dialecte!","inLanguage":"de"},{"@type":"Person","@id":"https:\/\/www.rri.ro\/#\/schema\/person\/fcce42c208d45f30f5b054b64bc1e0df","name":"Daniel Onea","url":"https:\/\/www.rri.ro\/de\/author\/daniel-onea"}]}},"_links":{"self":[{"href":"https:\/\/www.rri.ro\/de\/wp-json\/wp\/v2\/posts\/1052783","targetHints":{"allow":["GET"]}}],"collection":[{"href":"https:\/\/www.rri.ro\/de\/wp-json\/wp\/v2\/posts"}],"about":[{"href":"https:\/\/www.rri.ro\/de\/wp-json\/wp\/v2\/types\/post"}],"author":[{"embeddable":true,"href":"https:\/\/www.rri.ro\/de\/wp-json\/wp\/v2\/users\/128"}],"replies":[{"embeddable":true,"href":"https:\/\/www.rri.ro\/de\/wp-json\/wp\/v2\/comments?post=1052783"}],"version-history":[{"count":1,"href":"https:\/\/www.rri.ro\/de\/wp-json\/wp\/v2\/posts\/1052783\/revisions"}],"predecessor-version":[{"id":1055379,"href":"https:\/\/www.rri.ro\/de\/wp-json\/wp\/v2\/posts\/1052783\/revisions\/1055379"}],"wp:featuredmedia":[{"embeddable":true,"href":"https:\/\/www.rri.ro\/de\/wp-json\/wp\/v2\/media\/407939"}],"wp:attachment":[{"href":"https:\/\/www.rri.ro\/de\/wp-json\/wp\/v2\/media?parent=1052783"}],"wp:term":[{"taxonomy":"category","embeddable":true,"href":"https:\/\/www.rri.ro\/de\/wp-json\/wp\/v2\/categories?post=1052783"},{"taxonomy":"post_tag","embeddable":true,"href":"https:\/\/www.rri.ro\/de\/wp-json\/wp\/v2\/tags?post=1052783"},{"taxonomy":"author","embeddable":true,"href":"https:\/\/www.rri.ro\/de\/wp-json\/wp\/v2\/coauthors?post=1052783"}],"curies":[{"name":"wp","href":"https:\/\/api.w.org\/{rel}","templated":true}]}}