{"id":1056697,"date":"2026-09-05T13:08:32","date_gmt":"2026-09-05T10:08:32","guid":{"rendered":"https:\/\/www.rri.ro\/?p=1056697"},"modified":"2026-09-05T13:09:14","modified_gmt":"2026-09-05T10:09:14","slug":"rueckblick-auf-die-woche-31-09-2026-04-09-2026","status":"publish","type":"post","link":"https:\/\/www.rri.ro\/de\/aktuell\/wochenspiegel\/rueckblick-auf-die-woche-31-09-2026-04-09-2026-id1056697.html","title":{"rendered":"R\u00fcckblick auf die Woche  31.08.2026 &#8211; 04.09.2026"},"content":{"rendered":"<p><strong>Jahrestreffen der rum\u00e4nischen Diplomatie<\/strong><br \/>\nAm Jahrestreffens der rum\u00e4nischen Diplomatie in Bukarest haben diese Woche die Leiter der diplomatischen Vertretungen und Konsulate im Ausland, ausl\u00e4ndische Botschafter und hochrangige Staatsvertreter teilgenommen. Das diesj\u00e4hrige Treffen stand unter dem Motto \u201eDiplomatie als Anker in einer Welt im Wandel\u201c. Im Mittelpunkt der Gespr\u00e4che standen Wirtschaftswachstum, Sicherheit sowie die St\u00e4rkung des Vertrauens und der Beziehungen zur rum\u00e4nischen Diaspora.<br \/>\nDie St\u00e4rkung der Sicherheit, die rum\u00e4nischen Gemeinschaften au\u00dferhalb der Landesgrenzen und die Wirtschaftsdiplomatie seien die drei Ziele der rum\u00e4nischen Au\u00dfenpolitik, hat Pr\u00e4sident Nicu\u015for Dan in seiner Ansprache vor dem diplomatischen Korps erkl\u00e4rt. Rum\u00e4nien leiste einen Beitrag zur transatlantischen Sicherheit, zur Sicherheit der Ostflanke und der eigenen Region, sagte er. Dan sprach auch \u00fcber die gro\u00dfen Vorhaben zur regionalen Vernetzung und k\u00fcndigte an, dass die F\u00f6rderung von Erdgas aus dem Offshore-Projekt Neptun Deep im kommenden Jahr anlaufen werde. Dar\u00fcber hinaus verwies der Pr\u00e4sident auf die dringende L\u00f6sung f\u00fcr einige administrative Altlasten, etwa die Situation einiger Konsulatsgeb\u00e4ude und die versp\u00e4tete Rotation der Diplomaten. Zugleich bekr\u00e4ftigte er Rum\u00e4niens Unterst\u00fctzung f\u00fcr die Aufnahme der Republik Moldau und der Ukraine in die Europ\u00e4ische Union und sagte, die Beziehungen zu Chi\u0219in\u0103u blieben f\u00fcr die rum\u00e4nische Au\u00dfenpolitik von au\u00dferordentlicher Bedeutung. Die gesch\u00e4ftsf\u00fchrende Au\u00dfenministerin Oana \u0162oiu erkl\u00e4rte ihrerseits, der Beitrittsprozess Rum\u00e4niens zur Organisation f\u00fcr wirtschaftliche Zusammenarbeit und Entwicklung (OECD) sei in diesem Jahr eines der wichtigsten Ziele der rum\u00e4nischen Diplomatie. Unter allen Staaten, die sich im Beitrittsprozess befinden, habe Rum\u00e4nien die gr\u00f6\u00dften Fortschritte gemacht, sagte sie.<\/p>\n<p><strong>Schlussstrich f\u00fcr PNRR<\/strong><br \/>\nDer Nationale Aufbau- und Resilienzplan, das europ\u00e4ische Paket aus Reformen und \u00f6ffentlichen Investitionen f\u00fcr die Zeit nach der Pandemie, ist zu Ende gegangen. Noch bis zum letzten Tag, dem 31. August, sind in Rum\u00e4nien fertige Projekte abgenommen und von der Regierung Rechtsakte verabschiedet worden, um m\u00f6glichst viele eingegangene Verpflichtungen und Meilensteine zu erf\u00fcllen. In T\u00e2rgu Mure\u015f ist ein neues herzchirurgisches Zentrum er\u00f6ffnet worden, und auf der Moldau-Autobahn A7 ist ein weiterer, knapp 50 Kilometer langer Abschnitt f\u00fcr den Verkehr freigegeben worden.<br \/>\nDie PNRR-Mittel beliefen sich auf 13,5 Milliarden Euro an nicht r\u00fcckzahlbaren Zusch\u00fcssen und rund sieben Milliarden Euro an Darlehen. Insgesamt sei es Rum\u00e4nien gelungen, mehr als 90 Prozent der von der Europ\u00e4ischen Union \u00fcber dieses Programm bereitgestellten nicht r\u00fcckzahlbaren Mittel abzurufen und zu investieren, so der kommissarische Ministerpr\u00e4sident Ilie Bolojan. Rum\u00e4nien bleiben wichtige Investitionen in die gro\u00dfe Infrastruktur, darunter modernisierte und elektrifizierte Bahnstrecken, Krankenh\u00e4user und Schulen in fast allen Kreishauptst\u00e4dten sowie Projekte zur Steigerung der Energieeffizienz, sagte Bolojan. Zugleich seien allerdings betr\u00e4chtliche Mittel verloren gegangen, etwa 770 Millionen Euro wegen des Scheiterns der Reform der L\u00f6hne im Staatssektor oder knapp 100 Millionen Euro wegen unvollst\u00e4ndiger Ma\u00dfnahmen im Bereich der Dekarbonisierung. Von den mehr als 15.000 zugesagten Investitionen sind fast 4.500 Projekte nicht abgeschlossen oder noch nicht abgenommen worden. Im Vergleich zu den anderen EU-Staaten liegt Rum\u00e4nien beim tats\u00e4chlich ausgezahlten Anteil der PNRR-Mittel am Ende der Rangliste und hat nur rund 61 Prozent der insgesamt zugewiesenen Gelder gesichert. Spitzenreiter beim Abruf der PNRR-Mittel sind Spanien und Italien mit 90 bis 100 Prozent, gefolgt von Portugal und Griechenland mit einer Abrufquote von 80 bis 85 Prozent.<\/p>\n<p><strong>EU-Ratspr\u00e4sident Antonio Costa in Bukarest<\/strong><br \/>\nDer rum\u00e4nische Pr\u00e4sident Nicu\u015for Dan hat am Donnerstag den Pr\u00e4sidenten des Europ\u00e4ischen Rates, Antonio Costa, empfangen, der sich zu Gespr\u00e4chen \u00fcber die Priorit\u00e4ten und Anliegen Rum\u00e4niens in Bukarest aufgehalten hat. Dan sagte, das wichtigste Thema des Gespr\u00e4chs sei die Verhandlung \u00fcber den k\u00fcnftigen EU-Haushalt f\u00fcr den Zeitraum 2028 bis 2034 gewesen. Rum\u00e4nien trete f\u00fcr einen \u201eambitionierten\u201c Haushalt mit umfangreichen Mitteln f\u00fcr die Bereiche Koh\u00e4sion und Landwirtschaft ein, die es dem Land erm\u00f6glichen sollen, den R\u00fcckstand gegen\u00fcber den anderen europ\u00e4ischen Staaten zu verringern.<br \/>\nAntonio Costa erkl\u00e4rte seinerseits, die j\u00fcngsten Verletzungen des rum\u00e4nischen Luftraums sowie die Zwischenf\u00e4lle mit Seedrohnen seien \u201ezutiefst besorgniserregend\u201c. Br\u00fcssel werde weiterhin an der Seite Rum\u00e4niens stehen, weil es verstehe, dass die Sicherheit Rum\u00e4niens die Sicherheit Europas insgesamt sei. Wir m\u00fcssen bei unseren Bem\u00fchungen um einen gerechten und dauerhaften Frieden in der Ukraine geschlossen auftreten, sagte Costa. Dar\u00fcber hinaus \u00e4u\u00dferte er seine Dankbarkeit f\u00fcr die \u201estarke Unterst\u00fctzung, die Rum\u00e4nien der Republik Moldau auf ihrem Weg zur EU-Integration gew\u00e4hrt\u201c. Der Pr\u00e4sident des Europ\u00e4ischen Rates reiste am Donnerstag au\u00dferdem nach Bulgarien und Griechenland. Zuvor hatte er die Slowakei, Estland, Lettland, Litauen, Tschechien, Ungarn, Kroatien und Luxemburg besucht.<\/p>\n<p>&nbsp;<\/p>\n<p><strong>Russlands Vorgehen sorgt in den EU-Hauptst\u00e4dten f\u00fcr Entr\u00fcstung<\/strong><br \/>\nDas rum\u00e4nische Au\u00dfenministerium hat den russischen Botschafter in Bukarest, Wladimir Lipaew, im Kontext des Drohnenvorfalls vom vergangenen Monat am Flughafen Leipzig einbestelt. Die kommissarische Au\u00dfenministerin Oana \u0162oiu erkl\u00e4rte, Bukarest stehe solidarisch an der Seite Deutschlands und der anderen europ\u00e4ischen L\u00f6nder, die neben Rum\u00e4nien ihrerseits mit hybriden Aktivit\u00e4ten, Einmischungen und \u201eunbesonnenen und anhaltenden Provokationen\u201c Russlands konfrontiert seien.<br \/>\nEU-Kommissionspr\u00e4sidentin Ursula von der Leyen erkl\u00e4rte, Vorf\u00e4lle wie die russischen Drohnensabotageakte in Deutschland seien zur \u201eneuen Normalit\u00e4t\u201c geworden und stellten eine neue Eskalation der russischen Aktivit\u00e4ten auf dem Gebiet der Europ\u00e4ischen Union dar. W\u00e4re der Angriff erfolgreich gewesen, \u201eh\u00e4tte er enorme Sch\u00e4den und m\u00f6glicherweise sogar den Verlust von Menschenleben verursacht\u201c, sagte sie. NATO-Generalsekret\u00e4r Mark Rutte erkl\u00e4rte seinerseits, Russland werde \u201ezunehmend unbesonnener\u201c, w\u00e4hrend es seinen gro\u00df angelegten Angriff auf die Ukraine fortsetze. Die Geschlossenheit der Verb\u00fcndeten sei jedoch \u201eunersch\u00fctterlich\u201c. Mehrere Mitgliedstaaten bestellten Vertreter Moskaus ein, nachdem die deutsche Polizei die DNA von zwei M\u00e4nnern mit russischem Pass identifiziert hatte, die die mit Sprengstoff best\u00fcckte Drohne zum Flughafen Leipzig gebracht haben k\u00f6nnten.<\/p>\n<p><strong>Tag der rum\u00e4nischen Sprache erstmals in drei L\u00e4ndern gefeiert<\/strong><br \/>\nDer Tag der rum\u00e4nischen Sprache ist diese Woche, am 31. August, in Rum\u00e4nien, der Republik Moldau und erstmals auch in der Ukraine gefeiert worden. Eine Festveranstaltung fand gleichzeitig an der Rum\u00e4nischen Akademie und an der Akademie der Wissenschaften der Republik Moldau statt. Im Bukarester Senat wurde au\u00dferdem eine Veranstaltung zur rum\u00e4nischen Handschrift unter dem Titel \u201eGro\u00dfes nationales Diktat\u201c veranstaltet, an der Kinder und Erwachsene aus unterschiedlichen Bereichen teilgenommen haben. Sie wurden aufgefordert, einen diktierten Auszug aus dem Tagebuch von K\u00f6nigin Maria aufzuschreiben.<br \/>\nEine \u00e4hnliche Veranstaltung fand in Chi\u0219in\u0103u statt. Mehr als 2.500 Menschen versammelten sich im Zentrum der moldauischen Hauptstadt und schrieben einen Auszug aus dem Werk des Schauspielers, Regisseurs, Dramatikers und Humoristen Gheorghe Urschi ab, der als \u201eK\u00f6nig des Humors\u201c der Republik Moldau bezeichnet wird. Auch in Tschernowitz in der Ukraine wurde der Tag der rum\u00e4nischen Sprache begangen. Vertreter der \u00f6rtlichen Verwaltung, rum\u00e4nische Diplomaten in der Ukraine und Mitglieder der rum\u00e4nischen Gemeinschaft in der Region legten Kr\u00e4nze an den Bildnissen von Taras Schewtschenko und Mihai Eminescu nieder. Schewtschenko gilt als Nationaldichter der Ukraine, Eminescu als einflussreichste Pers\u00f6nlichkeit der rum\u00e4nischen Literatur.<br \/>\n\u201eWir erleben einen historischen Moment, denn zum ersten Mal feiern Rum\u00e4nien, die Republik Moldau und die Ukraine am selben Tag den Tag der rum\u00e4nischen Sprache\u201c, erkl\u00e4rte der rum\u00e4nische Botschafter in Kiew, Victor Micula. Er begr\u00fc\u00dfte die Entscheidung des ukrainischen Pr\u00e4sidenten Wolodymyr Selenskyj, die rum\u00e4nische Sprache offiziell anzuerkennen und diesen Feiertag auch im Nachbarland einzuf\u00fchren.<\/p>\n","protected":false},"excerpt":{"rendered":"<p>Jahrestreffen der rum\u00e4nischen Diplomatie Am Jahrestreffens der rum\u00e4nischen Diplomatie in Bukarest haben diese Woche die Leiter der diplomatischen Vertretungen und Konsulate im Ausland, ausl\u00e4ndische Botschafter und hochrangige Staatsvertreter teilgenommen. Das diesj\u00e4hrige Treffen stand unter dem Motto \u201eDiplomatie als Anker in einer Welt im Wandel\u201c. Im Mittelpunkt der Gespr\u00e4che standen Wirtschaftswachstum, Sicherheit sowie die St\u00e4rkung des [&hellip;]<\/p>\n","protected":false},"author":113,"featured_media":892497,"comment_status":"closed","ping_status":"closed","sticky":false,"template":"","format":"standard","meta":{"_acf_changed":false,"footnotes":""},"categories":[116751],"tags":[],"coauthors":[116091],"class_list":["post-1056697","post","type-post","status-publish","format-standard","has-post-thumbnail","hentry","category-wochenspiegel"],"acf":[],"yoast_head":"<!-- This site is optimized with the Yoast SEO plugin v28.2 - https:\/\/yoast.com\/product\/yoast-seo-wordpress\/ -->\n<title>R\u00fcckblick auf die Woche 31.08.2026 - 04.09.2026 - Radio Rum\u00e4nien International<\/title>\n<meta name=\"robots\" content=\"index, follow, max-snippet:-1, max-image-preview:large, max-video-preview:-1\" \/>\n<link rel=\"canonical\" href=\"https:\/\/www.rri.ro\/de\/aktuell\/wochenspiegel\/rueckblick-auf-die-woche-31-09-2026-04-09-2026-id1056697.html\" \/>\n<meta property=\"og:locale\" content=\"de_DE\" \/>\n<meta property=\"og:type\" content=\"article\" \/>\n<meta property=\"og:title\" content=\"R\u00fcckblick auf die Woche 31.08.2026 - 04.09.2026 - Radio Rum\u00e4nien International\" \/>\n<meta property=\"og:description\" content=\"Jahrestreffen der rum\u00e4nischen Diplomatie Am Jahrestreffens der rum\u00e4nischen Diplomatie in Bukarest haben diese Woche die Leiter der diplomatischen Vertretungen und Konsulate im Ausland, ausl\u00e4ndische Botschafter und hochrangige Staatsvertreter teilgenommen. Das diesj\u00e4hrige Treffen stand unter dem Motto \u201eDiplomatie als Anker in einer Welt im Wandel\u201c. Im Mittelpunkt der Gespr\u00e4che standen Wirtschaftswachstum, Sicherheit sowie die St\u00e4rkung des [&hellip;]\" \/>\n<meta property=\"og:url\" content=\"https:\/\/www.rri.ro\/de\/aktuell\/wochenspiegel\/rueckblick-auf-die-woche-31-09-2026-04-09-2026-id1056697.html\" \/>\n<meta property=\"og:site_name\" content=\"Radio Rum\u00e4nien International\" \/>\n<meta property=\"article:published_time\" content=\"2026-09-05T10:08:32+00:00\" \/>\n<meta property=\"article:modified_time\" content=\"2026-09-05T10:09:14+00:00\" \/>\n<meta property=\"og:image\" content=\"https:\/\/www.rri.ro\/wp-content\/uploads\/2025\/05\/eveniment-top-ND-2025-16x9-1.jpg\" \/>\n\t<meta property=\"og:image:width\" content=\"1280\" \/>\n\t<meta property=\"og:image:height\" content=\"720\" \/>\n\t<meta property=\"og:image:type\" content=\"image\/jpeg\" \/>\n<meta name=\"author\" content=\"Newsroom\" \/>\n<meta name=\"twitter:card\" content=\"summary_large_image\" \/>\n<meta name=\"twitter:label1\" content=\"Verfasst von\" \/>\n\t<meta name=\"twitter:data1\" content=\"Newsroom\" \/>\n\t<meta name=\"twitter:label2\" content=\"Gesch\u00e4tzte Lesezeit\" \/>\n\t<meta name=\"twitter:data2\" content=\"6\u00a0Minuten\" \/>\n\t<meta name=\"twitter:label3\" content=\"Written by\" \/>\n\t<meta name=\"twitter:data3\" content=\"Newsroom\" \/>\n<script type=\"application\/ld+json\" class=\"yoast-schema-graph\">{\"@context\":\"https:\\\/\\\/schema.org\",\"@graph\":[{\"@type\":\"Article\",\"@id\":\"https:\\\/\\\/www.rri.ro\\\/de\\\/aktuell\\\/wochenspiegel\\\/rueckblick-auf-die-woche-31-09-2026-04-09-2026-id1056697.html#article\",\"isPartOf\":{\"@id\":\"https:\\\/\\\/www.rri.ro\\\/de\\\/aktuell\\\/wochenspiegel\\\/rueckblick-auf-die-woche-31-09-2026-04-09-2026-id1056697.html\"},\"author\":{\"name\":\"Newsroom\",\"@id\":\"https:\\\/\\\/www.rri.ro\\\/#\\\/schema\\\/person\\\/4a479940371b9fdefd194f561e8a7f88\"},\"headline\":\"R\u00fcckblick auf die Woche 31.08.2026 &#8211; 04.09.2026\",\"datePublished\":\"2026-09-05T10:08:32+00:00\",\"dateModified\":\"2026-09-05T10:09:14+00:00\",\"mainEntityOfPage\":{\"@id\":\"https:\\\/\\\/www.rri.ro\\\/de\\\/aktuell\\\/wochenspiegel\\\/rueckblick-auf-die-woche-31-09-2026-04-09-2026-id1056697.html\"},\"wordCount\":1270,\"image\":{\"@id\":\"https:\\\/\\\/www.rri.ro\\\/de\\\/aktuell\\\/wochenspiegel\\\/rueckblick-auf-die-woche-31-09-2026-04-09-2026-id1056697.html#primaryimage\"},\"thumbnailUrl\":\"https:\\\/\\\/www.rri.ro\\\/wp-content\\\/uploads\\\/2025\\\/05\\\/eveniment-top-ND-2025-16x9-1.jpg\",\"articleSection\":[\"Wochenspiegel\"],\"inLanguage\":\"de\"},{\"@type\":\"WebPage\",\"@id\":\"https:\\\/\\\/www.rri.ro\\\/de\\\/aktuell\\\/wochenspiegel\\\/rueckblick-auf-die-woche-31-09-2026-04-09-2026-id1056697.html\",\"url\":\"https:\\\/\\\/www.rri.ro\\\/de\\\/aktuell\\\/wochenspiegel\\\/rueckblick-auf-die-woche-31-09-2026-04-09-2026-id1056697.html\",\"name\":\"R\u00fcckblick auf die Woche 31.08.2026 - 04.09.2026 - Radio Rum\u00e4nien International\",\"isPartOf\":{\"@id\":\"https:\\\/\\\/www.rri.ro\\\/#website\"},\"primaryImageOfPage\":{\"@id\":\"https:\\\/\\\/www.rri.ro\\\/de\\\/aktuell\\\/wochenspiegel\\\/rueckblick-auf-die-woche-31-09-2026-04-09-2026-id1056697.html#primaryimage\"},\"image\":{\"@id\":\"https:\\\/\\\/www.rri.ro\\\/de\\\/aktuell\\\/wochenspiegel\\\/rueckblick-auf-die-woche-31-09-2026-04-09-2026-id1056697.html#primaryimage\"},\"thumbnailUrl\":\"https:\\\/\\\/www.rri.ro\\\/wp-content\\\/uploads\\\/2025\\\/05\\\/eveniment-top-ND-2025-16x9-1.jpg\",\"datePublished\":\"2026-09-05T10:08:32+00:00\",\"dateModified\":\"2026-09-05T10:09:14+00:00\",\"author\":{\"@id\":\"https:\\\/\\\/www.rri.ro\\\/#\\\/schema\\\/person\\\/4a479940371b9fdefd194f561e8a7f88\"},\"breadcrumb\":{\"@id\":\"https:\\\/\\\/www.rri.ro\\\/de\\\/aktuell\\\/wochenspiegel\\\/rueckblick-auf-die-woche-31-09-2026-04-09-2026-id1056697.html#breadcrumb\"},\"inLanguage\":\"de\",\"potentialAction\":[{\"@type\":\"ReadAction\",\"target\":[\"https:\\\/\\\/www.rri.ro\\\/de\\\/aktuell\\\/wochenspiegel\\\/rueckblick-auf-die-woche-31-09-2026-04-09-2026-id1056697.html\"]}]},{\"@type\":\"ImageObject\",\"inLanguage\":\"de\",\"@id\":\"https:\\\/\\\/www.rri.ro\\\/de\\\/aktuell\\\/wochenspiegel\\\/rueckblick-auf-die-woche-31-09-2026-04-09-2026-id1056697.html#primaryimage\",\"url\":\"https:\\\/\\\/www.rri.ro\\\/wp-content\\\/uploads\\\/2025\\\/05\\\/eveniment-top-ND-2025-16x9-1.jpg\",\"contentUrl\":\"https:\\\/\\\/www.rri.ro\\\/wp-content\\\/uploads\\\/2025\\\/05\\\/eveniment-top-ND-2025-16x9-1.jpg\",\"width\":1280,\"height\":720,\"caption\":\"\u041e\u0433\u043b\u044f\u0434 \u043f\u043e\u0434\u0456\u0439 \u0442\u0438\u0436\u043d\u044f\"},{\"@type\":\"BreadcrumbList\",\"@id\":\"https:\\\/\\\/www.rri.ro\\\/de\\\/aktuell\\\/wochenspiegel\\\/rueckblick-auf-die-woche-31-09-2026-04-09-2026-id1056697.html#breadcrumb\",\"itemListElement\":[{\"@type\":\"ListItem\",\"position\":1,\"name\":\"Startseite\",\"item\":\"https:\\\/\\\/www.rri.ro\\\/de\"},{\"@type\":\"ListItem\",\"position\":2,\"name\":\"Aktuell\",\"item\":\"https:\\\/\\\/www.rri.ro\\\/de\\\/aktuell\"},{\"@type\":\"ListItem\",\"position\":3,\"name\":\"Wochenspiegel\",\"item\":\"https:\\\/\\\/www.rri.ro\\\/de\\\/aktuell\\\/wochenspiegel\"},{\"@type\":\"ListItem\",\"position\":4,\"name\":\"R\u00fcckblick auf die Woche 31.08.2026 &#8211; 04.09.2026\"}]},{\"@type\":\"WebSite\",\"@id\":\"https:\\\/\\\/www.rri.ro\\\/#website\",\"url\":\"https:\\\/\\\/www.rri.ro\\\/\",\"name\":\"Radio Rum\u00e4nien International\",\"description\":\"Totul despre Rom\u00e2nia \u015fi rom\u00e2ni, \u00een 13 limbi\\\/dialecte!\",\"inLanguage\":\"de\"},{\"@type\":\"Person\",\"@id\":\"https:\\\/\\\/www.rri.ro\\\/#\\\/schema\\\/person\\\/4a479940371b9fdefd194f561e8a7f88\",\"name\":\"Newsroom\",\"url\":\"https:\\\/\\\/www.rri.ro\\\/de\\\/author\\\/newsroom\"}]}<\/script>\n<!-- \/ Yoast SEO plugin. -->","yoast_head_json":{"title":"R\u00fcckblick auf die Woche 31.08.2026 - 04.09.2026 - Radio Rum\u00e4nien International","robots":{"index":"index","follow":"follow","max-snippet":"max-snippet:-1","max-image-preview":"max-image-preview:large","max-video-preview":"max-video-preview:-1"},"canonical":"https:\/\/www.rri.ro\/de\/aktuell\/wochenspiegel\/rueckblick-auf-die-woche-31-09-2026-04-09-2026-id1056697.html","og_locale":"de_DE","og_type":"article","og_title":"R\u00fcckblick auf die Woche 31.08.2026 - 04.09.2026 - Radio Rum\u00e4nien International","og_description":"Jahrestreffen der rum\u00e4nischen Diplomatie Am Jahrestreffens der rum\u00e4nischen Diplomatie in Bukarest haben diese Woche die Leiter der diplomatischen Vertretungen und Konsulate im Ausland, ausl\u00e4ndische Botschafter und hochrangige Staatsvertreter teilgenommen. Das diesj\u00e4hrige Treffen stand unter dem Motto \u201eDiplomatie als Anker in einer Welt im Wandel\u201c. Im Mittelpunkt der Gespr\u00e4che standen Wirtschaftswachstum, Sicherheit sowie die St\u00e4rkung des [&hellip;]","og_url":"https:\/\/www.rri.ro\/de\/aktuell\/wochenspiegel\/rueckblick-auf-die-woche-31-09-2026-04-09-2026-id1056697.html","og_site_name":"Radio Rum\u00e4nien International","article_published_time":"2026-09-05T10:08:32+00:00","article_modified_time":"2026-09-05T10:09:14+00:00","og_image":[{"width":1280,"height":720,"url":"https:\/\/www.rri.ro\/wp-content\/uploads\/2025\/05\/eveniment-top-ND-2025-16x9-1.jpg","type":"image\/jpeg"}],"author":"Newsroom","twitter_card":"summary_large_image","twitter_misc":{"Verfasst von":"Newsroom","Gesch\u00e4tzte Lesezeit":"6\u00a0Minuten","Written by":"Newsroom"},"schema":{"@context":"https:\/\/schema.org","@graph":[{"@type":"Article","@id":"https:\/\/www.rri.ro\/de\/aktuell\/wochenspiegel\/rueckblick-auf-die-woche-31-09-2026-04-09-2026-id1056697.html#article","isPartOf":{"@id":"https:\/\/www.rri.ro\/de\/aktuell\/wochenspiegel\/rueckblick-auf-die-woche-31-09-2026-04-09-2026-id1056697.html"},"author":{"name":"Newsroom","@id":"https:\/\/www.rri.ro\/#\/schema\/person\/4a479940371b9fdefd194f561e8a7f88"},"headline":"R\u00fcckblick auf die Woche 31.08.2026 &#8211; 04.09.2026","datePublished":"2026-09-05T10:08:32+00:00","dateModified":"2026-09-05T10:09:14+00:00","mainEntityOfPage":{"@id":"https:\/\/www.rri.ro\/de\/aktuell\/wochenspiegel\/rueckblick-auf-die-woche-31-09-2026-04-09-2026-id1056697.html"},"wordCount":1270,"image":{"@id":"https:\/\/www.rri.ro\/de\/aktuell\/wochenspiegel\/rueckblick-auf-die-woche-31-09-2026-04-09-2026-id1056697.html#primaryimage"},"thumbnailUrl":"https:\/\/www.rri.ro\/wp-content\/uploads\/2025\/05\/eveniment-top-ND-2025-16x9-1.jpg","articleSection":["Wochenspiegel"],"inLanguage":"de"},{"@type":"WebPage","@id":"https:\/\/www.rri.ro\/de\/aktuell\/wochenspiegel\/rueckblick-auf-die-woche-31-09-2026-04-09-2026-id1056697.html","url":"https:\/\/www.rri.ro\/de\/aktuell\/wochenspiegel\/rueckblick-auf-die-woche-31-09-2026-04-09-2026-id1056697.html","name":"R\u00fcckblick auf die Woche 31.08.2026 - 04.09.2026 - Radio Rum\u00e4nien International","isPartOf":{"@id":"https:\/\/www.rri.ro\/#website"},"primaryImageOfPage":{"@id":"https:\/\/www.rri.ro\/de\/aktuell\/wochenspiegel\/rueckblick-auf-die-woche-31-09-2026-04-09-2026-id1056697.html#primaryimage"},"image":{"@id":"https:\/\/www.rri.ro\/de\/aktuell\/wochenspiegel\/rueckblick-auf-die-woche-31-09-2026-04-09-2026-id1056697.html#primaryimage"},"thumbnailUrl":"https:\/\/www.rri.ro\/wp-content\/uploads\/2025\/05\/eveniment-top-ND-2025-16x9-1.jpg","datePublished":"2026-09-05T10:08:32+00:00","dateModified":"2026-09-05T10:09:14+00:00","author":{"@id":"https:\/\/www.rri.ro\/#\/schema\/person\/4a479940371b9fdefd194f561e8a7f88"},"breadcrumb":{"@id":"https:\/\/www.rri.ro\/de\/aktuell\/wochenspiegel\/rueckblick-auf-die-woche-31-09-2026-04-09-2026-id1056697.html#breadcrumb"},"inLanguage":"de","potentialAction":[{"@type":"ReadAction","target":["https:\/\/www.rri.ro\/de\/aktuell\/wochenspiegel\/rueckblick-auf-die-woche-31-09-2026-04-09-2026-id1056697.html"]}]},{"@type":"ImageObject","inLanguage":"de","@id":"https:\/\/www.rri.ro\/de\/aktuell\/wochenspiegel\/rueckblick-auf-die-woche-31-09-2026-04-09-2026-id1056697.html#primaryimage","url":"https:\/\/www.rri.ro\/wp-content\/uploads\/2025\/05\/eveniment-top-ND-2025-16x9-1.jpg","contentUrl":"https:\/\/www.rri.ro\/wp-content\/uploads\/2025\/05\/eveniment-top-ND-2025-16x9-1.jpg","width":1280,"height":720,"caption":"\u041e\u0433\u043b\u044f\u0434 \u043f\u043e\u0434\u0456\u0439 \u0442\u0438\u0436\u043d\u044f"},{"@type":"BreadcrumbList","@id":"https:\/\/www.rri.ro\/de\/aktuell\/wochenspiegel\/rueckblick-auf-die-woche-31-09-2026-04-09-2026-id1056697.html#breadcrumb","itemListElement":[{"@type":"ListItem","position":1,"name":"Startseite","item":"https:\/\/www.rri.ro\/de"},{"@type":"ListItem","position":2,"name":"Aktuell","item":"https:\/\/www.rri.ro\/de\/aktuell"},{"@type":"ListItem","position":3,"name":"Wochenspiegel","item":"https:\/\/www.rri.ro\/de\/aktuell\/wochenspiegel"},{"@type":"ListItem","position":4,"name":"R\u00fcckblick auf die Woche 31.08.2026 &#8211; 04.09.2026"}]},{"@type":"WebSite","@id":"https:\/\/www.rri.ro\/#website","url":"https:\/\/www.rri.ro\/","name":"Radio Rum\u00e4nien International","description":"Totul despre Rom\u00e2nia \u015fi rom\u00e2ni, \u00een 13 limbi\/dialecte!","inLanguage":"de"},{"@type":"Person","@id":"https:\/\/www.rri.ro\/#\/schema\/person\/4a479940371b9fdefd194f561e8a7f88","name":"Newsroom","url":"https:\/\/www.rri.ro\/de\/author\/newsroom"}]}},"_links":{"self":[{"href":"https:\/\/www.rri.ro\/de\/wp-json\/wp\/v2\/posts\/1056697","targetHints":{"allow":["GET"]}}],"collection":[{"href":"https:\/\/www.rri.ro\/de\/wp-json\/wp\/v2\/posts"}],"about":[{"href":"https:\/\/www.rri.ro\/de\/wp-json\/wp\/v2\/types\/post"}],"author":[{"embeddable":true,"href":"https:\/\/www.rri.ro\/de\/wp-json\/wp\/v2\/users\/113"}],"replies":[{"embeddable":true,"href":"https:\/\/www.rri.ro\/de\/wp-json\/wp\/v2\/comments?post=1056697"}],"version-history":[{"count":2,"href":"https:\/\/www.rri.ro\/de\/wp-json\/wp\/v2\/posts\/1056697\/revisions"}],"predecessor-version":[{"id":1056701,"href":"https:\/\/www.rri.ro\/de\/wp-json\/wp\/v2\/posts\/1056697\/revisions\/1056701"}],"wp:featuredmedia":[{"embeddable":true,"href":"https:\/\/www.rri.ro\/de\/wp-json\/wp\/v2\/media\/892497"}],"wp:attachment":[{"href":"https:\/\/www.rri.ro\/de\/wp-json\/wp\/v2\/media?parent=1056697"}],"wp:term":[{"taxonomy":"category","embeddable":true,"href":"https:\/\/www.rri.ro\/de\/wp-json\/wp\/v2\/categories?post=1056697"},{"taxonomy":"post_tag","embeddable":true,"href":"https:\/\/www.rri.ro\/de\/wp-json\/wp\/v2\/tags?post=1056697"},{"taxonomy":"author","embeddable":true,"href":"https:\/\/www.rri.ro\/de\/wp-json\/wp\/v2\/coauthors?post=1056697"}],"curies":[{"name":"wp","href":"https:\/\/api.w.org\/{rel}","templated":true}]}}