{"id":457107,"date":"2013-01-16T17:56:00","date_gmt":"2013-01-16T15:56:00","guid":{"rendered":"http:\/\/devrri.freshlemon.ro\/aktuell\/soziale-massnahmen-der-rumaenischen-regierung-id457107.html"},"modified":"2024-02-19T18:51:35","modified_gmt":"2024-02-19T16:51:35","slug":"soziale-massnahmen-der-rumaenischen-regierung","status":"publish","type":"post","link":"https:\/\/www.rri.ro\/de\/aktuell\/rri-aktuell\/soziale-massnahmen-der-rumaenischen-regierung-id457107.html","title":{"rendered":"Soziale Ma\u00dfnahmen der rum\u00e4nischen Regierung"},"content":{"rendered":"<div align=justify>&#13;<br \/>\n\tDie Bukarester Exekutive beabsichtigt, die Mehrwertsteuer f\u00fcr Lebensmittel zu senken und den Mindestlohn zu erh\u00f6hen. Die neuen Ma\u200e\u00dfnahmen werden mit dem Internationalen W\u00e4hrungsfonds besprochen, um den sozialen und wirtschaftlichen Impakt einzusch\u00e4tzen.<\/div>\n<p>&#13;<\/p>\n<div align=justify>&#13;\n\t <\/div>\n<p>&#13;<\/p>\n<div align=justify>&#13;<\/p>\n<p>&#13;<br \/>\n\t\tDie Bukarester Regierung f\u00fchrt diese Tage Gespr\u00e4che mit der Delegation des Internationalen W\u00e4hrungsfonds, die sich zur Zeit auf eine Evaluierungsmission in Rum\u00e4nien aufh\u00e4lt. Die Diskussionsagenda ist umfassend; wichtige Themen sind dabei der Haushaltsentwurf f\u00fcr 2013, sowie die versp\u00e4teten Privatisierungen und Strukturreformen, die eine starke soziale Komponente beinhalten. Dazu geh\u00f6rt auch die Absicht der rum\u00e4nischen Exekutive, den Mindestlohn von 700 Lei (umg. 160 Euro) auf 800 Lei (umg. 180 Euro) zu erh\u00f6hen. Diese Erh\u00f6hung des Mindestlohnes ist eine Forderung der Gewerkschaften und gleichzeitig ein Wahlversprechen der regierenden Sozial-Liberalen Union, das vor der Parlamentswahl in Dezember lanciert wurde. Wenn aber eine einfache Erh\u00f6hung des garantierten Mindestlohnes ohne eine Steigerung der Arbeitsproduktivit\u00e4t bet\u00e4tigt wird, konnte dies unerw\u00fcnschte Gegenwirkungen haben, warnte der Vorsitzende des Nationalrates der Kleinen und Mittleren Unternehmen, Ovidiu Nicolescu:<br \/>&#13;<br \/>\n\t\t<br \/>&#13;<br \/>\n\t\tDer Nationalrat der Kleinen und Mittleren Unternehmen ist mit der Erh\u00f6hung des Mindestlohnes einverstanden, vor allem aus sozialen Gr\u00fcnden. Es ist vollkommen klar, mit einem sehr niedrigen Einkommen kann man kein angemessenes Leben f\u00fchren, man ist an der \u00dcberlebensgrenze. Wir sind der Meinung, da\u200e\u00df diese Ma\u200e\u00dfnahme auch auf die Nachfrage einen positiven Impakt haben wird, und sie wird auch das Arbeitsklima verbessern, was f\u00fcr die Leistungen der Firmen unerl\u00e4sslich ist. Daher bejahen wir die Erh\u00f6hung des Mindestlohnes. Man mu\u200e\u00df aber sehr darauf achten, welche Ma\u200e\u00dfnahmen weiterhin getroffen werden. Wenn wir das Einkommen \u00fcber das Niveau der Arbeitsproduktivit\u00e4t steigern, dann werden wir Probleme mit der Inflation, mit dem \u00dcberleben der Firmen und mit dem R\u00fcckgang der Exporte bekommen.&#8220;<br \/>&#13;<br \/>\n\t\t<br \/>&#13;<br \/>\n\t\tEin \u00e4lteres Projekt der Sozialliberalen ist auch die Senkung der Mehrwertsteuer f\u00fcr Grundnahrungmittel. Der rum\u00e4nische Landwirtschaftsminister, Daniel Constantin, sagte, diese Ma\u200e\u00dfnahme k\u00f6nnte probeweise im zweiten Jahresquartal eingef\u00fchrt werden, nach Besprechungen mit den Vertretern des Internationalen W\u00e4hrungsfonds und der anderen ausl\u00e4ndischen Kreditgeber. Das Pilotprojekt zielt auf eine Senkung der Mehrwertsteuer von 24% auf 9% f\u00fcr Getreideanbau und &#8211;verarbeitung, sowie Brot- und Backwaren ab. Laut ersten Einsch\u00e4tzungen w\u00e4ren die Haushaltsausgaben von etwa 150 Mio Lei infolge der Mehrwertsteuersenkung nicht sehr dramatisch, so die Mitglieder des Regierungskabinetts. Daf\u00fcr aber w\u00e4re der prognostizierte Vorteil eine signifikante Reduzierung der Steuerhinterziehung in diesem Bereich, die zurzeit auf 70% eingesch\u00e4tzt wird. Die Senkung der Steuerhinterziehung auf 20% w\u00e4re einem Erfolg dieses Projektes gleich, und das k\u00f6nnte zu einer Erweiterung dieser Idee f\u00fchren. Die Hauptmotivation des Projekts ist de fakto die Bek\u00e4mpfung der Steuerhinterziehung, und weniger die soziale Komponente, pr\u00e4zisierte Landwirtschaftsminister Daniel Constantin.<\/p>\n<p>&#13;\n<\/p><\/div>\n<p>&#13;<\/p>\n","protected":false},"excerpt":{"rendered":"<p>Die Bukarester Exekutive beabsichtigt, die Mehrwertsteuer f\u00fcr Lebensmittel zu senken und den Mindestlohn zu erh\u00f6hen. Die Ma\u00dfnahmen werden mit dem Internationalen W\u00e4hrungsfonds besprochen, um den sozialen und wirtschaftlichen Impakt einzusch\u00e4tzen.<\/p>\n","protected":false},"author":110,"featured_media":198276,"comment_status":"closed","ping_status":"closed","sticky":false,"template":"","format":"standard","meta":{"_acf_changed":false,"footnotes":""},"categories":[99583],"tags":[99596,99595,99590,99597,99589,99594],"coauthors":[],"class_list":["post-457107","post","type-post","status-publish","format-standard","has-post-thumbnail","hentry","category-rri-aktuell","tag-mehrwertsteuersenkung","tag-grundnahrungmittel","tag-iwf","tag-mindestlohnerhoehung","tag-rumaenien","tag-sozialmassnahmen"],"acf":[],"yoast_head":"<!-- This site is optimized with the Yoast SEO plugin v27.3 - https:\/\/yoast.com\/product\/yoast-seo-wordpress\/ -->\n<title>Soziale Ma\u00dfnahmen der rum\u00e4nischen Regierung - Radio Rum\u00e4nien International<\/title>\n<meta name=\"robots\" content=\"index, follow, max-snippet:-1, max-image-preview:large, max-video-preview:-1\" \/>\n<link rel=\"canonical\" href=\"https:\/\/www.rri.ro\/de\/aktuell\/rri-aktuell\/soziale-massnahmen-der-rumaenischen-regierung-id457107.html\" \/>\n<meta property=\"og:locale\" content=\"de_DE\" \/>\n<meta property=\"og:type\" content=\"article\" \/>\n<meta property=\"og:title\" content=\"Soziale Ma\u00dfnahmen der rum\u00e4nischen Regierung - Radio Rum\u00e4nien International\" \/>\n<meta property=\"og:description\" content=\"Die Bukarester Exekutive beabsichtigt, die Mehrwertsteuer f\u00fcr Lebensmittel zu senken und den Mindestlohn zu erh\u00f6hen. Die Ma\u00dfnahmen werden mit dem Internationalen W\u00e4hrungsfonds besprochen, um den sozialen und wirtschaftlichen Impakt einzusch\u00e4tzen.\" \/>\n<meta property=\"og:url\" content=\"https:\/\/www.rri.ro\/de\/aktuell\/rri-aktuell\/soziale-massnahmen-der-rumaenischen-regierung-id457107.html\" \/>\n<meta property=\"og:site_name\" content=\"Radio Rum\u00e4nien International\" \/>\n<meta property=\"article:published_time\" content=\"2013-01-16T15:56:00+00:00\" \/>\n<meta property=\"article:modified_time\" content=\"2024-02-19T16:51:35+00:00\" \/>\n<meta property=\"og:image\" content=\"https:\/\/www.rri.ro\/wp-content\/uploads\/2023\/10\/daniel-constantin.jpg\" \/>\n\t<meta property=\"og:image:width\" content=\"450\" \/>\n\t<meta property=\"og:image:height\" content=\"395\" \/>\n\t<meta property=\"og:image:type\" content=\"image\/jpeg\" \/>\n<meta name=\"author\" content=\"\u015etefan Stoica\" \/>\n<meta name=\"twitter:card\" content=\"summary_large_image\" \/>\n<meta name=\"twitter:label1\" content=\"Verfasst von\" \/>\n\t<meta name=\"twitter:data1\" content=\"\u015etefan Stoica\" \/>\n\t<meta name=\"twitter:label2\" content=\"Gesch\u00e4tzte Lesezeit\" \/>\n\t<meta name=\"twitter:data2\" content=\"2\u00a0Minuten\" \/>\n\t<meta name=\"twitter:label3\" content=\"Written by\" \/>\n\t<meta name=\"twitter:data3\" content=\"\u015etefan Stoica\" \/>\n<script type=\"application\/ld+json\" class=\"yoast-schema-graph\">{\"@context\":\"https:\\\/\\\/schema.org\",\"@graph\":[{\"@type\":\"Article\",\"@id\":\"https:\\\/\\\/www.rri.ro\\\/de\\\/aktuell\\\/rri-aktuell\\\/soziale-massnahmen-der-rumaenischen-regierung-id457107.html#article\",\"isPartOf\":{\"@id\":\"https:\\\/\\\/www.rri.ro\\\/de\\\/aktuell\\\/rri-aktuell\\\/soziale-massnahmen-der-rumaenischen-regierung-id457107.html\"},\"author\":{\"name\":\"\u015etefan Stoica\",\"@id\":\"https:\\\/\\\/www.rri.ro\\\/#\\\/schema\\\/person\\\/2d81d5dc94d44190d13245f64551d334\"},\"headline\":\"Soziale Ma\u00dfnahmen der rum\u00e4nischen Regierung\",\"datePublished\":\"2013-01-16T15:56:00+00:00\",\"dateModified\":\"2024-02-19T16:51:35+00:00\",\"mainEntityOfPage\":{\"@id\":\"https:\\\/\\\/www.rri.ro\\\/de\\\/aktuell\\\/rri-aktuell\\\/soziale-massnahmen-der-rumaenischen-regierung-id457107.html\"},\"wordCount\":466,\"image\":{\"@id\":\"https:\\\/\\\/www.rri.ro\\\/de\\\/aktuell\\\/rri-aktuell\\\/soziale-massnahmen-der-rumaenischen-regierung-id457107.html#primaryimage\"},\"thumbnailUrl\":\"https:\\\/\\\/www.rri.ro\\\/wp-content\\\/uploads\\\/2023\\\/10\\\/daniel-constantin.jpg\",\"keywords\":[\"&#013; Mehrwertsteuersenkung\",\"Grundnahrungmittel\",\"IWF\",\"Mindestlohnerh\u00f6hung\",\"Rum\u00e4nien\",\"Sozialma\u00dfnahmen\"],\"articleSection\":[\"RRI Aktuell\"],\"inLanguage\":\"de\"},{\"@type\":\"WebPage\",\"@id\":\"https:\\\/\\\/www.rri.ro\\\/de\\\/aktuell\\\/rri-aktuell\\\/soziale-massnahmen-der-rumaenischen-regierung-id457107.html\",\"url\":\"https:\\\/\\\/www.rri.ro\\\/de\\\/aktuell\\\/rri-aktuell\\\/soziale-massnahmen-der-rumaenischen-regierung-id457107.html\",\"name\":\"Soziale Ma\u00dfnahmen der rum\u00e4nischen Regierung - Radio Rum\u00e4nien International\",\"isPartOf\":{\"@id\":\"https:\\\/\\\/www.rri.ro\\\/#website\"},\"primaryImageOfPage\":{\"@id\":\"https:\\\/\\\/www.rri.ro\\\/de\\\/aktuell\\\/rri-aktuell\\\/soziale-massnahmen-der-rumaenischen-regierung-id457107.html#primaryimage\"},\"image\":{\"@id\":\"https:\\\/\\\/www.rri.ro\\\/de\\\/aktuell\\\/rri-aktuell\\\/soziale-massnahmen-der-rumaenischen-regierung-id457107.html#primaryimage\"},\"thumbnailUrl\":\"https:\\\/\\\/www.rri.ro\\\/wp-content\\\/uploads\\\/2023\\\/10\\\/daniel-constantin.jpg\",\"datePublished\":\"2013-01-16T15:56:00+00:00\",\"dateModified\":\"2024-02-19T16:51:35+00:00\",\"author\":{\"@id\":\"https:\\\/\\\/www.rri.ro\\\/#\\\/schema\\\/person\\\/2d81d5dc94d44190d13245f64551d334\"},\"breadcrumb\":{\"@id\":\"https:\\\/\\\/www.rri.ro\\\/de\\\/aktuell\\\/rri-aktuell\\\/soziale-massnahmen-der-rumaenischen-regierung-id457107.html#breadcrumb\"},\"inLanguage\":\"de\",\"potentialAction\":[{\"@type\":\"ReadAction\",\"target\":[\"https:\\\/\\\/www.rri.ro\\\/de\\\/aktuell\\\/rri-aktuell\\\/soziale-massnahmen-der-rumaenischen-regierung-id457107.html\"]}]},{\"@type\":\"ImageObject\",\"inLanguage\":\"de\",\"@id\":\"https:\\\/\\\/www.rri.ro\\\/de\\\/aktuell\\\/rri-aktuell\\\/soziale-massnahmen-der-rumaenischen-regierung-id457107.html#primaryimage\",\"url\":\"https:\\\/\\\/www.rri.ro\\\/wp-content\\\/uploads\\\/2023\\\/10\\\/daniel-constantin.jpg\",\"contentUrl\":\"https:\\\/\\\/www.rri.ro\\\/wp-content\\\/uploads\\\/2023\\\/10\\\/daniel-constantin.jpg\",\"width\":450,\"height\":395},{\"@type\":\"BreadcrumbList\",\"@id\":\"https:\\\/\\\/www.rri.ro\\\/de\\\/aktuell\\\/rri-aktuell\\\/soziale-massnahmen-der-rumaenischen-regierung-id457107.html#breadcrumb\",\"itemListElement\":[{\"@type\":\"ListItem\",\"position\":1,\"name\":\"Startseite\",\"item\":\"https:\\\/\\\/www.rri.ro\\\/de\"},{\"@type\":\"ListItem\",\"position\":2,\"name\":\"Aktuell\",\"item\":\"https:\\\/\\\/www.rri.ro\\\/de\\\/aktuell\"},{\"@type\":\"ListItem\",\"position\":3,\"name\":\"RRI Aktuell\",\"item\":\"https:\\\/\\\/www.rri.ro\\\/de\\\/aktuell\\\/rri-aktuell\"},{\"@type\":\"ListItem\",\"position\":4,\"name\":\"Soziale Ma\u00dfnahmen der rum\u00e4nischen Regierung\"}]},{\"@type\":\"WebSite\",\"@id\":\"https:\\\/\\\/www.rri.ro\\\/#website\",\"url\":\"https:\\\/\\\/www.rri.ro\\\/\",\"name\":\"Radio Rum\u00e4nien International\",\"description\":\"Totul despre Rom\u00e2nia \u015fi rom\u00e2ni, \u00een 13 limbi\\\/dialecte!\",\"inLanguage\":\"de\"},{\"@type\":\"Person\",\"@id\":\"https:\\\/\\\/www.rri.ro\\\/#\\\/schema\\\/person\\\/2d81d5dc94d44190d13245f64551d334\",\"name\":\"\u015etefan Stoica\",\"url\":\"https:\\\/\\\/www.rri.ro\\\/de\\\/author\\\/stefan-stoica\"}]}<\/script>\n<!-- \/ Yoast SEO plugin. -->","yoast_head_json":{"title":"Soziale Ma\u00dfnahmen der rum\u00e4nischen Regierung - Radio Rum\u00e4nien International","robots":{"index":"index","follow":"follow","max-snippet":"max-snippet:-1","max-image-preview":"max-image-preview:large","max-video-preview":"max-video-preview:-1"},"canonical":"https:\/\/www.rri.ro\/de\/aktuell\/rri-aktuell\/soziale-massnahmen-der-rumaenischen-regierung-id457107.html","og_locale":"de_DE","og_type":"article","og_title":"Soziale Ma\u00dfnahmen der rum\u00e4nischen Regierung - Radio Rum\u00e4nien International","og_description":"Die Bukarester Exekutive beabsichtigt, die Mehrwertsteuer f\u00fcr Lebensmittel zu senken und den Mindestlohn zu erh\u00f6hen. Die Ma\u00dfnahmen werden mit dem Internationalen W\u00e4hrungsfonds besprochen, um den sozialen und wirtschaftlichen Impakt einzusch\u00e4tzen.","og_url":"https:\/\/www.rri.ro\/de\/aktuell\/rri-aktuell\/soziale-massnahmen-der-rumaenischen-regierung-id457107.html","og_site_name":"Radio Rum\u00e4nien International","article_published_time":"2013-01-16T15:56:00+00:00","article_modified_time":"2024-02-19T16:51:35+00:00","og_image":[{"width":450,"height":395,"url":"https:\/\/www.rri.ro\/wp-content\/uploads\/2023\/10\/daniel-constantin.jpg","type":"image\/jpeg"}],"author":"\u015etefan Stoica","twitter_card":"summary_large_image","twitter_misc":{"Verfasst von":"\u015etefan Stoica","Gesch\u00e4tzte Lesezeit":"2\u00a0Minuten","Written by":"\u015etefan Stoica"},"schema":{"@context":"https:\/\/schema.org","@graph":[{"@type":"Article","@id":"https:\/\/www.rri.ro\/de\/aktuell\/rri-aktuell\/soziale-massnahmen-der-rumaenischen-regierung-id457107.html#article","isPartOf":{"@id":"https:\/\/www.rri.ro\/de\/aktuell\/rri-aktuell\/soziale-massnahmen-der-rumaenischen-regierung-id457107.html"},"author":{"name":"\u015etefan Stoica","@id":"https:\/\/www.rri.ro\/#\/schema\/person\/2d81d5dc94d44190d13245f64551d334"},"headline":"Soziale Ma\u00dfnahmen der rum\u00e4nischen Regierung","datePublished":"2013-01-16T15:56:00+00:00","dateModified":"2024-02-19T16:51:35+00:00","mainEntityOfPage":{"@id":"https:\/\/www.rri.ro\/de\/aktuell\/rri-aktuell\/soziale-massnahmen-der-rumaenischen-regierung-id457107.html"},"wordCount":466,"image":{"@id":"https:\/\/www.rri.ro\/de\/aktuell\/rri-aktuell\/soziale-massnahmen-der-rumaenischen-regierung-id457107.html#primaryimage"},"thumbnailUrl":"https:\/\/www.rri.ro\/wp-content\/uploads\/2023\/10\/daniel-constantin.jpg","keywords":["&#013; Mehrwertsteuersenkung","Grundnahrungmittel","IWF","Mindestlohnerh\u00f6hung","Rum\u00e4nien","Sozialma\u00dfnahmen"],"articleSection":["RRI Aktuell"],"inLanguage":"de"},{"@type":"WebPage","@id":"https:\/\/www.rri.ro\/de\/aktuell\/rri-aktuell\/soziale-massnahmen-der-rumaenischen-regierung-id457107.html","url":"https:\/\/www.rri.ro\/de\/aktuell\/rri-aktuell\/soziale-massnahmen-der-rumaenischen-regierung-id457107.html","name":"Soziale Ma\u00dfnahmen der rum\u00e4nischen Regierung - Radio Rum\u00e4nien International","isPartOf":{"@id":"https:\/\/www.rri.ro\/#website"},"primaryImageOfPage":{"@id":"https:\/\/www.rri.ro\/de\/aktuell\/rri-aktuell\/soziale-massnahmen-der-rumaenischen-regierung-id457107.html#primaryimage"},"image":{"@id":"https:\/\/www.rri.ro\/de\/aktuell\/rri-aktuell\/soziale-massnahmen-der-rumaenischen-regierung-id457107.html#primaryimage"},"thumbnailUrl":"https:\/\/www.rri.ro\/wp-content\/uploads\/2023\/10\/daniel-constantin.jpg","datePublished":"2013-01-16T15:56:00+00:00","dateModified":"2024-02-19T16:51:35+00:00","author":{"@id":"https:\/\/www.rri.ro\/#\/schema\/person\/2d81d5dc94d44190d13245f64551d334"},"breadcrumb":{"@id":"https:\/\/www.rri.ro\/de\/aktuell\/rri-aktuell\/soziale-massnahmen-der-rumaenischen-regierung-id457107.html#breadcrumb"},"inLanguage":"de","potentialAction":[{"@type":"ReadAction","target":["https:\/\/www.rri.ro\/de\/aktuell\/rri-aktuell\/soziale-massnahmen-der-rumaenischen-regierung-id457107.html"]}]},{"@type":"ImageObject","inLanguage":"de","@id":"https:\/\/www.rri.ro\/de\/aktuell\/rri-aktuell\/soziale-massnahmen-der-rumaenischen-regierung-id457107.html#primaryimage","url":"https:\/\/www.rri.ro\/wp-content\/uploads\/2023\/10\/daniel-constantin.jpg","contentUrl":"https:\/\/www.rri.ro\/wp-content\/uploads\/2023\/10\/daniel-constantin.jpg","width":450,"height":395},{"@type":"BreadcrumbList","@id":"https:\/\/www.rri.ro\/de\/aktuell\/rri-aktuell\/soziale-massnahmen-der-rumaenischen-regierung-id457107.html#breadcrumb","itemListElement":[{"@type":"ListItem","position":1,"name":"Startseite","item":"https:\/\/www.rri.ro\/de"},{"@type":"ListItem","position":2,"name":"Aktuell","item":"https:\/\/www.rri.ro\/de\/aktuell"},{"@type":"ListItem","position":3,"name":"RRI Aktuell","item":"https:\/\/www.rri.ro\/de\/aktuell\/rri-aktuell"},{"@type":"ListItem","position":4,"name":"Soziale Ma\u00dfnahmen der rum\u00e4nischen Regierung"}]},{"@type":"WebSite","@id":"https:\/\/www.rri.ro\/#website","url":"https:\/\/www.rri.ro\/","name":"Radio Rum\u00e4nien International","description":"Totul despre Rom\u00e2nia \u015fi rom\u00e2ni, \u00een 13 limbi\/dialecte!","inLanguage":"de"},{"@type":"Person","@id":"https:\/\/www.rri.ro\/#\/schema\/person\/2d81d5dc94d44190d13245f64551d334","name":"\u015etefan Stoica","url":"https:\/\/www.rri.ro\/de\/author\/stefan-stoica"}]}},"_links":{"self":[{"href":"https:\/\/www.rri.ro\/de\/wp-json\/wp\/v2\/posts\/457107","targetHints":{"allow":["GET"]}}],"collection":[{"href":"https:\/\/www.rri.ro\/de\/wp-json\/wp\/v2\/posts"}],"about":[{"href":"https:\/\/www.rri.ro\/de\/wp-json\/wp\/v2\/types\/post"}],"author":[{"embeddable":true,"href":"https:\/\/www.rri.ro\/de\/wp-json\/wp\/v2\/users\/110"}],"replies":[{"embeddable":true,"href":"https:\/\/www.rri.ro\/de\/wp-json\/wp\/v2\/comments?post=457107"}],"version-history":[{"count":0,"href":"https:\/\/www.rri.ro\/de\/wp-json\/wp\/v2\/posts\/457107\/revisions"}],"wp:featuredmedia":[{"embeddable":true,"href":"https:\/\/www.rri.ro\/de\/wp-json\/wp\/v2\/media\/198276"}],"wp:attachment":[{"href":"https:\/\/www.rri.ro\/de\/wp-json\/wp\/v2\/media?parent=457107"}],"wp:term":[{"taxonomy":"category","embeddable":true,"href":"https:\/\/www.rri.ro\/de\/wp-json\/wp\/v2\/categories?post=457107"},{"taxonomy":"post_tag","embeddable":true,"href":"https:\/\/www.rri.ro\/de\/wp-json\/wp\/v2\/tags?post=457107"},{"taxonomy":"author","embeddable":true,"href":"https:\/\/www.rri.ro\/de\/wp-json\/wp\/v2\/coauthors?post=457107"}],"curies":[{"name":"wp","href":"https:\/\/api.w.org\/{rel}","templated":true}]}}