{"id":457456,"date":"2013-04-09T16:33:00","date_gmt":"2013-04-09T13:33:00","guid":{"rendered":"http:\/\/devrri.freshlemon.ro\/aktuell\/aflatoxin-skandal-gesundheitsamt-stellt-ergebnisse-der-untersuchungen-vor-id457456.html"},"modified":"2024-02-19T18:54:57","modified_gmt":"2024-02-19T16:54:57","slug":"aflatoxin-skandal-gesundheitsamt-stellt-ergebnisse-der-untersuchungen-vor","status":"publish","type":"post","link":"https:\/\/www.rri.ro\/de\/aktuell\/rri-aktuell\/aflatoxin-skandal-gesundheitsamt-stellt-ergebnisse-der-untersuchungen-vor-id457456.html","title":{"rendered":"Aflatoxin-Skandal: Gesundheitsamt stellt Ergebnisse der Untersuchungen vor"},"content":{"rendered":"<p>In Rum\u00e4nien hat im M\u00e4rz dieses Jahres ein neuer Verseuchungsskandal f\u00fcr Panik gesorgt. Diesmal handelte es sich um Milch und dabei verzeichnete die verarbeitende Industrie betr\u00e4chtliche Verluste. Bei den landwirtschaftlichen Betrieben, wo mit Aflatoxin versuchtes Tierfutter aufgesp\u00fcrt worden war, soll es nun keine Probleme mehr geben, so die Beh\u00f6rden.<\/p>\n<p>&#13;<br \/>\n&#13;<\/p>\n<p>&#13;<br \/>\n&#13;<\/p>\n<p>Die rum\u00e4nische Landesbeh\u00f6rde f\u00fcr Gesundheitsschutz, Tiermedizin und Lebensmittelmittelsicherheit leitete Mitte M\u00e4rz eine Reihe von Pr\u00fcfungen auf dem Milchmarkt ein. Dies geschah, nachdem Informationen bekannt wurden, laut denen die Milch mit Aflatoxin verseucht sein soll. Eine Menge von 193 Tonnen wurde von der Verarbeitung oder von dem direkten Verkauf an die Endverbraucher abgehalten. 104 Tonnen Milchprodukte wurden in den Lagern beschlagnahmt und vernichtet. Im Zuge der Pr\u00fcfungen wurden 785 Milchviehbetriebe untersucht. Davon entsprachen 34 den Normen \u00fcber die in der Milch zul\u00e4ssigen Aflatoxin-Menge nicht. Au\u200e\u00dferdem wurden 177 Milchsammelzentren gepr\u00fcft. Bei f\u00fcnf davon ergaben die entommenen Proben, dass die Milch verseucht war. Dazu wurden noch 134 Automaten f\u00fcr den direkten Verkauf der Rohmilch an Endkunden gepr\u00fcft, von denen acht nicht in Ordnung waren. Die Pr\u00fcfungen bei 239 sanit\u00e4r-veterin\u00e4r genehmigten Milchverarbeitungsfabriken brachten 20 Proben mit einer leichten \u00dcberschreitung der auf europ\u00e4ischer Ebene zul\u00e4ssigen H\u00f6chstgrenze des Aflatoxingehalts in der Milch zum Vorschein.<\/p>\n<p>&#13;<br \/>\n&#13;<\/p>\n<p>&#13;<br \/>\n&#13;<\/p>\n<p>Im Kontext des ausgebrochenen Skandals verzeichnete die Milchindustrie letzten Monat Verluste in H\u00f6he von fast 20 Millionen Euro, k\u00fcndigte der Vorsitzende des Rum\u00e4nischen Arbeitgeberverbandes der Milchindustrie, Dorin Cojocaru, an. Der R\u00fcckgang der Verkaufszahlen sei auch durch die sogenannte Medien-Psychose\u201c verst\u00e4rkt worden. Dorin Cojocaru: Der Medienrummel war derma\u200e\u00dfen aggressiv, dass er eine Psychose geschaffen hat. Folglich hat die Angst in der \u00d6ffentlichkeit den Einbruch der Ums\u00e4tze auf dem Markt verursacht, denn die Verk\u00e4ufe in den Gesch\u00e4ften und auf den M\u00e4rkten gingen dramatisch zur\u00fcck.\u201c<\/p>\n<p>&#13;<br \/>\n&#13;<\/p>\n<p>&#13;<br \/>\n&#13;<\/p>\n<p>Dorin Cojocaru berechnete auch die durchschnittlichen Verluste: Wenn wir den Skandal nach Etappen betrachten, gab es in der ersten Woche eine Senkung von 20%. Am 17.-18. M\u00e4rz, als die Landesbeh\u00f6rde f\u00fcr Gesundheitsschutz, Tiermedizin und Lebensmittelmittelsicherheit und das Landwirtschaftsministerium den Abschluss der Untersuchung angek\u00fcndigt hatten, erreichten wir nach den ersten drei Wochen einen Durchschnitt von 35%.\u201c<\/p>\n<p>&#13;<br \/>\n&#13;<\/p>\n<p>&#13;<br \/>\n&#13;<\/p>\n<p>Dennoch sei die Milchindustrie, nachdem die Panik der Verbraucher vor\u00fcber war, nicht so tief betroffen wie zun\u00e4chst angenommen. Die Verluste von mehreren Zehn Millionen Euro seien nicht irreparabel. Deren Amortisation h\u00e4nge auch von der Entwicklung der Kaufkraft in den kommenden Monaten ab, erg\u00e4nzte der Vorsitzende des Rum\u00e4nischen Arbeitgeberverbandes der Milchindustrie.<\/p>\n<p>&#13;<br \/>\n&#13;<\/p>\n<p>&#13;<br \/>\n&#13;<\/p>\n<p>Unterdessen gab der \u00dcbergangsvorsitzende der Landesbeh\u00f6rde f\u00fcr Gesundheitsschutz, Tiermedizin und Lebensmittelmittelsicherheit, Vladimir M\u0103n\u0103stireanu, bekannt, dass Ma\u200e\u00dfnahmen zur Entfernung der Mittelsm\u00e4nner vom Markt der Milchautomaten getroffen werden sollen.<\/p>\n<p>&#13;<\/p>\n","protected":false},"excerpt":{"rendered":"<p>In Rum\u00e4nien hat im M\u00e4rz dieses Jahres ein neuer Verseuchungsskandal f\u00fcr Panik gesorgt. Diesmal handelte es sich um Milch und dabei verzeichnete die verarbeitende Industrie betr\u00e4chtliche Verluste.<\/p>\n","protected":false},"author":108,"featured_media":448124,"comment_status":"closed","ping_status":"closed","sticky":false,"template":"","format":"standard","meta":{"_acf_changed":false,"footnotes":""},"categories":[99583],"tags":[99707,82909,99725,99649,99589,99724,99726],"coauthors":[],"class_list":["post-457456","post","type-post","status-publish","format-standard","has-post-thumbnail","hentry","category-rri-aktuell","tag-aflatoxin","tag-dorin-cojocaru","tag-gesundheitsamt","tag-kontrolle","tag-rumaenien","tag-verseuchte-milch","tag-vladimir-manastireanu"],"acf":[],"yoast_head":"<!-- This site is optimized with the Yoast SEO plugin v27.5 - https:\/\/yoast.com\/product\/yoast-seo-wordpress\/ -->\n<title>Aflatoxin-Skandal: Gesundheitsamt stellt Ergebnisse der Untersuchungen vor - Radio Rum\u00e4nien International<\/title>\n<meta name=\"robots\" content=\"index, follow, max-snippet:-1, max-image-preview:large, max-video-preview:-1\" \/>\n<link rel=\"canonical\" href=\"https:\/\/www.rri.ro\/de\/aktuell\/rri-aktuell\/aflatoxin-skandal-gesundheitsamt-stellt-ergebnisse-der-untersuchungen-vor-id457456.html\" \/>\n<meta property=\"og:locale\" content=\"de_DE\" \/>\n<meta property=\"og:type\" content=\"article\" \/>\n<meta property=\"og:title\" content=\"Aflatoxin-Skandal: Gesundheitsamt stellt Ergebnisse der Untersuchungen vor - Radio Rum\u00e4nien International\" \/>\n<meta property=\"og:description\" content=\"In Rum\u00e4nien hat im M\u00e4rz dieses Jahres ein neuer Verseuchungsskandal f\u00fcr Panik gesorgt. Diesmal handelte es sich um Milch und dabei verzeichnete die verarbeitende Industrie betr\u00e4chtliche Verluste.\" \/>\n<meta property=\"og:url\" content=\"https:\/\/www.rri.ro\/de\/aktuell\/rri-aktuell\/aflatoxin-skandal-gesundheitsamt-stellt-ergebnisse-der-untersuchungen-vor-id457456.html\" \/>\n<meta property=\"og:site_name\" content=\"Radio Rum\u00e4nien International\" \/>\n<meta property=\"article:published_time\" content=\"2013-04-09T13:33:00+00:00\" \/>\n<meta property=\"article:modified_time\" content=\"2024-02-19T16:54:57+00:00\" \/>\n<meta property=\"og:image\" content=\"https:\/\/www.rri.ro\/wp-content\/uploads\/2023\/10\/ferma-vaci-lapte.jpg\" \/>\n\t<meta property=\"og:image:width\" content=\"450\" \/>\n\t<meta property=\"og:image:height\" content=\"337\" \/>\n\t<meta property=\"og:image:type\" content=\"image\/jpeg\" \/>\n<meta name=\"author\" content=\"Corina Cristea\" \/>\n<meta name=\"twitter:card\" content=\"summary_large_image\" \/>\n<meta name=\"twitter:label1\" content=\"Verfasst von\" \/>\n\t<meta name=\"twitter:data1\" content=\"Corina Cristea\" \/>\n\t<meta name=\"twitter:label2\" content=\"Gesch\u00e4tzte Lesezeit\" \/>\n\t<meta name=\"twitter:data2\" content=\"2\u00a0Minuten\" \/>\n\t<meta name=\"twitter:label3\" content=\"Written by\" \/>\n\t<meta name=\"twitter:data3\" content=\"Corina Cristea\" \/>\n<script type=\"application\/ld+json\" class=\"yoast-schema-graph\">{\"@context\":\"https:\\\/\\\/schema.org\",\"@graph\":[{\"@type\":\"Article\",\"@id\":\"https:\\\/\\\/www.rri.ro\\\/de\\\/aktuell\\\/rri-aktuell\\\/aflatoxin-skandal-gesundheitsamt-stellt-ergebnisse-der-untersuchungen-vor-id457456.html#article\",\"isPartOf\":{\"@id\":\"https:\\\/\\\/www.rri.ro\\\/de\\\/aktuell\\\/rri-aktuell\\\/aflatoxin-skandal-gesundheitsamt-stellt-ergebnisse-der-untersuchungen-vor-id457456.html\"},\"author\":{\"name\":\"Corina Cristea\",\"@id\":\"https:\\\/\\\/www.rri.ro\\\/#\\\/schema\\\/person\\\/f9ab1cb3569dee1b2c033a814bb7f0fc\"},\"headline\":\"Aflatoxin-Skandal: Gesundheitsamt stellt Ergebnisse der Untersuchungen vor\",\"datePublished\":\"2013-04-09T13:33:00+00:00\",\"dateModified\":\"2024-02-19T16:54:57+00:00\",\"mainEntityOfPage\":{\"@id\":\"https:\\\/\\\/www.rri.ro\\\/de\\\/aktuell\\\/rri-aktuell\\\/aflatoxin-skandal-gesundheitsamt-stellt-ergebnisse-der-untersuchungen-vor-id457456.html\"},\"wordCount\":457,\"image\":{\"@id\":\"https:\\\/\\\/www.rri.ro\\\/de\\\/aktuell\\\/rri-aktuell\\\/aflatoxin-skandal-gesundheitsamt-stellt-ergebnisse-der-untersuchungen-vor-id457456.html#primaryimage\"},\"thumbnailUrl\":\"https:\\\/\\\/www.rri.ro\\\/wp-content\\\/uploads\\\/2023\\\/10\\\/ferma-vaci-lapte.jpg\",\"keywords\":[\"Aflatoxin\",\"Dorin Cojocaru\",\"Gesundheitsamt\",\"Kontrolle\",\"Rum\u00e4nien\",\"verseuchte Milch\",\"Vladimir M\u0103n\u0103stireanu\"],\"articleSection\":[\"RRI Aktuell\"],\"inLanguage\":\"de\"},{\"@type\":\"WebPage\",\"@id\":\"https:\\\/\\\/www.rri.ro\\\/de\\\/aktuell\\\/rri-aktuell\\\/aflatoxin-skandal-gesundheitsamt-stellt-ergebnisse-der-untersuchungen-vor-id457456.html\",\"url\":\"https:\\\/\\\/www.rri.ro\\\/de\\\/aktuell\\\/rri-aktuell\\\/aflatoxin-skandal-gesundheitsamt-stellt-ergebnisse-der-untersuchungen-vor-id457456.html\",\"name\":\"Aflatoxin-Skandal: Gesundheitsamt stellt Ergebnisse der Untersuchungen vor - Radio Rum\u00e4nien International\",\"isPartOf\":{\"@id\":\"https:\\\/\\\/www.rri.ro\\\/#website\"},\"primaryImageOfPage\":{\"@id\":\"https:\\\/\\\/www.rri.ro\\\/de\\\/aktuell\\\/rri-aktuell\\\/aflatoxin-skandal-gesundheitsamt-stellt-ergebnisse-der-untersuchungen-vor-id457456.html#primaryimage\"},\"image\":{\"@id\":\"https:\\\/\\\/www.rri.ro\\\/de\\\/aktuell\\\/rri-aktuell\\\/aflatoxin-skandal-gesundheitsamt-stellt-ergebnisse-der-untersuchungen-vor-id457456.html#primaryimage\"},\"thumbnailUrl\":\"https:\\\/\\\/www.rri.ro\\\/wp-content\\\/uploads\\\/2023\\\/10\\\/ferma-vaci-lapte.jpg\",\"datePublished\":\"2013-04-09T13:33:00+00:00\",\"dateModified\":\"2024-02-19T16:54:57+00:00\",\"author\":{\"@id\":\"https:\\\/\\\/www.rri.ro\\\/#\\\/schema\\\/person\\\/f9ab1cb3569dee1b2c033a814bb7f0fc\"},\"breadcrumb\":{\"@id\":\"https:\\\/\\\/www.rri.ro\\\/de\\\/aktuell\\\/rri-aktuell\\\/aflatoxin-skandal-gesundheitsamt-stellt-ergebnisse-der-untersuchungen-vor-id457456.html#breadcrumb\"},\"inLanguage\":\"de\",\"potentialAction\":[{\"@type\":\"ReadAction\",\"target\":[\"https:\\\/\\\/www.rri.ro\\\/de\\\/aktuell\\\/rri-aktuell\\\/aflatoxin-skandal-gesundheitsamt-stellt-ergebnisse-der-untersuchungen-vor-id457456.html\"]}]},{\"@type\":\"ImageObject\",\"inLanguage\":\"de\",\"@id\":\"https:\\\/\\\/www.rri.ro\\\/de\\\/aktuell\\\/rri-aktuell\\\/aflatoxin-skandal-gesundheitsamt-stellt-ergebnisse-der-untersuchungen-vor-id457456.html#primaryimage\",\"url\":\"https:\\\/\\\/www.rri.ro\\\/wp-content\\\/uploads\\\/2023\\\/10\\\/ferma-vaci-lapte.jpg\",\"contentUrl\":\"https:\\\/\\\/www.rri.ro\\\/wp-content\\\/uploads\\\/2023\\\/10\\\/ferma-vaci-lapte.jpg\",\"width\":450,\"height\":337},{\"@type\":\"BreadcrumbList\",\"@id\":\"https:\\\/\\\/www.rri.ro\\\/de\\\/aktuell\\\/rri-aktuell\\\/aflatoxin-skandal-gesundheitsamt-stellt-ergebnisse-der-untersuchungen-vor-id457456.html#breadcrumb\",\"itemListElement\":[{\"@type\":\"ListItem\",\"position\":1,\"name\":\"Startseite\",\"item\":\"https:\\\/\\\/www.rri.ro\\\/de\"},{\"@type\":\"ListItem\",\"position\":2,\"name\":\"Aktuell\",\"item\":\"https:\\\/\\\/www.rri.ro\\\/de\\\/aktuell\"},{\"@type\":\"ListItem\",\"position\":3,\"name\":\"RRI Aktuell\",\"item\":\"https:\\\/\\\/www.rri.ro\\\/de\\\/aktuell\\\/rri-aktuell\"},{\"@type\":\"ListItem\",\"position\":4,\"name\":\"Aflatoxin-Skandal: Gesundheitsamt stellt Ergebnisse der Untersuchungen vor\"}]},{\"@type\":\"WebSite\",\"@id\":\"https:\\\/\\\/www.rri.ro\\\/#website\",\"url\":\"https:\\\/\\\/www.rri.ro\\\/\",\"name\":\"Radio Rum\u00e4nien International\",\"description\":\"Totul despre Rom\u00e2nia \u015fi rom\u00e2ni, \u00een 13 limbi\\\/dialecte!\",\"inLanguage\":\"de\"},{\"@type\":\"Person\",\"@id\":\"https:\\\/\\\/www.rri.ro\\\/#\\\/schema\\\/person\\\/f9ab1cb3569dee1b2c033a814bb7f0fc\",\"name\":\"Corina Cristea\",\"url\":\"https:\\\/\\\/www.rri.ro\\\/de\\\/author\\\/corina-cristea\"}]}<\/script>\n<!-- \/ Yoast SEO plugin. -->","yoast_head_json":{"title":"Aflatoxin-Skandal: Gesundheitsamt stellt Ergebnisse der Untersuchungen vor - Radio Rum\u00e4nien International","robots":{"index":"index","follow":"follow","max-snippet":"max-snippet:-1","max-image-preview":"max-image-preview:large","max-video-preview":"max-video-preview:-1"},"canonical":"https:\/\/www.rri.ro\/de\/aktuell\/rri-aktuell\/aflatoxin-skandal-gesundheitsamt-stellt-ergebnisse-der-untersuchungen-vor-id457456.html","og_locale":"de_DE","og_type":"article","og_title":"Aflatoxin-Skandal: Gesundheitsamt stellt Ergebnisse der Untersuchungen vor - Radio Rum\u00e4nien International","og_description":"In Rum\u00e4nien hat im M\u00e4rz dieses Jahres ein neuer Verseuchungsskandal f\u00fcr Panik gesorgt. Diesmal handelte es sich um Milch und dabei verzeichnete die verarbeitende Industrie betr\u00e4chtliche Verluste.","og_url":"https:\/\/www.rri.ro\/de\/aktuell\/rri-aktuell\/aflatoxin-skandal-gesundheitsamt-stellt-ergebnisse-der-untersuchungen-vor-id457456.html","og_site_name":"Radio Rum\u00e4nien International","article_published_time":"2013-04-09T13:33:00+00:00","article_modified_time":"2024-02-19T16:54:57+00:00","og_image":[{"width":450,"height":337,"url":"https:\/\/www.rri.ro\/wp-content\/uploads\/2023\/10\/ferma-vaci-lapte.jpg","type":"image\/jpeg"}],"author":"Corina Cristea","twitter_card":"summary_large_image","twitter_misc":{"Verfasst von":"Corina Cristea","Gesch\u00e4tzte Lesezeit":"2\u00a0Minuten","Written by":"Corina Cristea"},"schema":{"@context":"https:\/\/schema.org","@graph":[{"@type":"Article","@id":"https:\/\/www.rri.ro\/de\/aktuell\/rri-aktuell\/aflatoxin-skandal-gesundheitsamt-stellt-ergebnisse-der-untersuchungen-vor-id457456.html#article","isPartOf":{"@id":"https:\/\/www.rri.ro\/de\/aktuell\/rri-aktuell\/aflatoxin-skandal-gesundheitsamt-stellt-ergebnisse-der-untersuchungen-vor-id457456.html"},"author":{"name":"Corina Cristea","@id":"https:\/\/www.rri.ro\/#\/schema\/person\/f9ab1cb3569dee1b2c033a814bb7f0fc"},"headline":"Aflatoxin-Skandal: Gesundheitsamt stellt Ergebnisse der Untersuchungen vor","datePublished":"2013-04-09T13:33:00+00:00","dateModified":"2024-02-19T16:54:57+00:00","mainEntityOfPage":{"@id":"https:\/\/www.rri.ro\/de\/aktuell\/rri-aktuell\/aflatoxin-skandal-gesundheitsamt-stellt-ergebnisse-der-untersuchungen-vor-id457456.html"},"wordCount":457,"image":{"@id":"https:\/\/www.rri.ro\/de\/aktuell\/rri-aktuell\/aflatoxin-skandal-gesundheitsamt-stellt-ergebnisse-der-untersuchungen-vor-id457456.html#primaryimage"},"thumbnailUrl":"https:\/\/www.rri.ro\/wp-content\/uploads\/2023\/10\/ferma-vaci-lapte.jpg","keywords":["Aflatoxin","Dorin Cojocaru","Gesundheitsamt","Kontrolle","Rum\u00e4nien","verseuchte Milch","Vladimir M\u0103n\u0103stireanu"],"articleSection":["RRI Aktuell"],"inLanguage":"de"},{"@type":"WebPage","@id":"https:\/\/www.rri.ro\/de\/aktuell\/rri-aktuell\/aflatoxin-skandal-gesundheitsamt-stellt-ergebnisse-der-untersuchungen-vor-id457456.html","url":"https:\/\/www.rri.ro\/de\/aktuell\/rri-aktuell\/aflatoxin-skandal-gesundheitsamt-stellt-ergebnisse-der-untersuchungen-vor-id457456.html","name":"Aflatoxin-Skandal: Gesundheitsamt stellt Ergebnisse der Untersuchungen vor - Radio Rum\u00e4nien International","isPartOf":{"@id":"https:\/\/www.rri.ro\/#website"},"primaryImageOfPage":{"@id":"https:\/\/www.rri.ro\/de\/aktuell\/rri-aktuell\/aflatoxin-skandal-gesundheitsamt-stellt-ergebnisse-der-untersuchungen-vor-id457456.html#primaryimage"},"image":{"@id":"https:\/\/www.rri.ro\/de\/aktuell\/rri-aktuell\/aflatoxin-skandal-gesundheitsamt-stellt-ergebnisse-der-untersuchungen-vor-id457456.html#primaryimage"},"thumbnailUrl":"https:\/\/www.rri.ro\/wp-content\/uploads\/2023\/10\/ferma-vaci-lapte.jpg","datePublished":"2013-04-09T13:33:00+00:00","dateModified":"2024-02-19T16:54:57+00:00","author":{"@id":"https:\/\/www.rri.ro\/#\/schema\/person\/f9ab1cb3569dee1b2c033a814bb7f0fc"},"breadcrumb":{"@id":"https:\/\/www.rri.ro\/de\/aktuell\/rri-aktuell\/aflatoxin-skandal-gesundheitsamt-stellt-ergebnisse-der-untersuchungen-vor-id457456.html#breadcrumb"},"inLanguage":"de","potentialAction":[{"@type":"ReadAction","target":["https:\/\/www.rri.ro\/de\/aktuell\/rri-aktuell\/aflatoxin-skandal-gesundheitsamt-stellt-ergebnisse-der-untersuchungen-vor-id457456.html"]}]},{"@type":"ImageObject","inLanguage":"de","@id":"https:\/\/www.rri.ro\/de\/aktuell\/rri-aktuell\/aflatoxin-skandal-gesundheitsamt-stellt-ergebnisse-der-untersuchungen-vor-id457456.html#primaryimage","url":"https:\/\/www.rri.ro\/wp-content\/uploads\/2023\/10\/ferma-vaci-lapte.jpg","contentUrl":"https:\/\/www.rri.ro\/wp-content\/uploads\/2023\/10\/ferma-vaci-lapte.jpg","width":450,"height":337},{"@type":"BreadcrumbList","@id":"https:\/\/www.rri.ro\/de\/aktuell\/rri-aktuell\/aflatoxin-skandal-gesundheitsamt-stellt-ergebnisse-der-untersuchungen-vor-id457456.html#breadcrumb","itemListElement":[{"@type":"ListItem","position":1,"name":"Startseite","item":"https:\/\/www.rri.ro\/de"},{"@type":"ListItem","position":2,"name":"Aktuell","item":"https:\/\/www.rri.ro\/de\/aktuell"},{"@type":"ListItem","position":3,"name":"RRI Aktuell","item":"https:\/\/www.rri.ro\/de\/aktuell\/rri-aktuell"},{"@type":"ListItem","position":4,"name":"Aflatoxin-Skandal: Gesundheitsamt stellt Ergebnisse der Untersuchungen vor"}]},{"@type":"WebSite","@id":"https:\/\/www.rri.ro\/#website","url":"https:\/\/www.rri.ro\/","name":"Radio Rum\u00e4nien International","description":"Totul despre Rom\u00e2nia \u015fi rom\u00e2ni, \u00een 13 limbi\/dialecte!","inLanguage":"de"},{"@type":"Person","@id":"https:\/\/www.rri.ro\/#\/schema\/person\/f9ab1cb3569dee1b2c033a814bb7f0fc","name":"Corina Cristea","url":"https:\/\/www.rri.ro\/de\/author\/corina-cristea"}]}},"_links":{"self":[{"href":"https:\/\/www.rri.ro\/de\/wp-json\/wp\/v2\/posts\/457456","targetHints":{"allow":["GET"]}}],"collection":[{"href":"https:\/\/www.rri.ro\/de\/wp-json\/wp\/v2\/posts"}],"about":[{"href":"https:\/\/www.rri.ro\/de\/wp-json\/wp\/v2\/types\/post"}],"author":[{"embeddable":true,"href":"https:\/\/www.rri.ro\/de\/wp-json\/wp\/v2\/users\/108"}],"replies":[{"embeddable":true,"href":"https:\/\/www.rri.ro\/de\/wp-json\/wp\/v2\/comments?post=457456"}],"version-history":[{"count":0,"href":"https:\/\/www.rri.ro\/de\/wp-json\/wp\/v2\/posts\/457456\/revisions"}],"wp:featuredmedia":[{"embeddable":true,"href":"https:\/\/www.rri.ro\/de\/wp-json\/wp\/v2\/media\/448124"}],"wp:attachment":[{"href":"https:\/\/www.rri.ro\/de\/wp-json\/wp\/v2\/media?parent=457456"}],"wp:term":[{"taxonomy":"category","embeddable":true,"href":"https:\/\/www.rri.ro\/de\/wp-json\/wp\/v2\/categories?post=457456"},{"taxonomy":"post_tag","embeddable":true,"href":"https:\/\/www.rri.ro\/de\/wp-json\/wp\/v2\/tags?post=457456"},{"taxonomy":"author","embeddable":true,"href":"https:\/\/www.rri.ro\/de\/wp-json\/wp\/v2\/coauthors?post=457456"}],"curies":[{"name":"wp","href":"https:\/\/api.w.org\/{rel}","templated":true}]}}