{"id":457666,"date":"2013-05-20T15:45:00","date_gmt":"2013-05-20T12:45:00","guid":{"rendered":"http:\/\/devrri.freshlemon.ro\/aktuell\/die-landwirtschaft-eine-chance-fuer-rumaenien-id457666.html"},"modified":"2024-02-19T18:55:50","modified_gmt":"2024-02-19T16:55:50","slug":"die-landwirtschaft-eine-chance-fuer-rumaenien","status":"publish","type":"post","link":"https:\/\/www.rri.ro\/de\/aktuell\/rri-aktuell\/die-landwirtschaft-eine-chance-fuer-rumaenien-id457666.html","title":{"rendered":"Die Landwirtschaft \u2013 eine Chance f\u00fcr Rum\u00e4nien"},"content":{"rendered":"<p>Die rum\u00e4nische Landwirtschaft befand sich in den letzten Jahren in einer kritischen Lage. Die D\u00fcrre und die \u00dcberschwemmungen, der Mangel an finanziellen Ressourcen, die zur Entwicklung und Modernisierung dieses Sektors beitragen k\u00f6nnten sowie die Gleichg\u00fcltigkeit der Vertreter der rum\u00e4nischen Beh\u00f6rden sind nur ein paar Ursachen, die zu dieser kritischen Situation gef\u00fchrt haben. Die Landwirte und die Vertreter der Beh\u00f6rden m\u00fcssen zusammen L\u00f6sungen finden.<\/p>\n<p>&#13;<br \/>\n&#13;<\/p>\n<p>&#13;<br \/>\n&#13;<\/p>\n<p>Hat Rum\u00e4nien eine Chance, seine landwirtschaftlichen Ressourcen zu verwerten? Das Land braucht eine langfristige Strategie, die nicht nur strategische Orientierungen beinhalten soll, sondern auch konkrete Ma\u200e\u00dfnahmen, die in Regierungsprogrammen umgesetzt werden k\u00f6nnen &#8212; so der EU-Landwirtschaftskommissar Dacian Ciolo\u015f, der sich f\u00fcr ein paar Tage in Bukarest aufh\u00e4lt. F\u00fcr eine wettbewerbsf\u00e4hige Landwirtschaft m\u00fcssen die kleinen Landwirte Vereine oder Genossenschaften gr\u00fcnden, meint Ciolo\u015f, weil gr\u00f6\u200e\u00dfere Landfl\u00e4chen oder gr\u00f6\u200e\u00dfere Tierfarmen besser verwaltet werden k\u00f6nnen. Der EU-Landwirtschaftskommissar f\u00fcgte hinzu, Rum\u00e4nien k\u00f6nne ein bedeutender Spieler auf dem europ\u00e4ischen Getreidemarkt werden. Ciolo\u015f meint, unter bestimmten Bedingungen k\u00f6nne Bukarest die Preise auf dem s\u00fcdeurop\u00e4ischen Getreidemarkt beeinflussen:<\/p>\n<p>&#13;<br \/>\n&#13;<\/p>\n<p>&#13;<br \/>\n&#13;<\/p>\n<p>Rum\u00e4nien kann auf dem Getreidemarkt eine wichtige Rolle spielen. Es ist besser, wenn man beim Festlegen des Preises die eigene Produktionsf\u00e4higkeit in Betracht zieht, als wenn andere den Preis durchsetzen. Die Getreidepreise sind sowohl im Ausland als auch im Inland hoch. Rum\u00e4nien muss auch die Viehzucht entwickeln und daher ist es wichtig, wer den Getreidepreis festlegt.\u201c<\/p>\n<p>&#13;<br \/>\n&#13;<\/p>\n<p>&#13;<br \/>\n&#13;<\/p>\n<p>Die Modernisierung der Landwirtschaft und das Funktionieren der Bew\u00e4sserungssysteme sind nur einige Probleme der rum\u00e4nischen Landwirte. F\u00fcr die Modernisierung der Landwirtschaft braucht man Programme und Geld. Rum\u00e4nien kann EU- F\u00f6rdermittel heranziehen, doch die Landwirte erkl\u00e4ren, der Zugang zu den F\u00f6rdermitteln sei wegen der riesigen B\u00fcrokratie schwierig. Im Wei\u200e\u00dfen Buch des Rates Ausl\u00e4ndischer Investoren ist nachzulesen, Rum\u00e4nien sei das f\u00fcnfte EU-Land, was die Agrarfl\u00e4che anbelangt. Es trage allerdings mit weniger als 3% zur landwirtschaftlichen Produktion der EU bei. Rum\u00e4nien k\u00f6nnte unter den EU-L\u00e4ndern den dritten Platz nach Frankreich und Deutschland belgen. Daf\u00fcr aber m\u00fcsse sich die hiesige Produktivit\u00e4t dem europ\u00e4ischen Durchschnitt n\u00e4hern.<\/p>\n<p>&#13;<\/p>\n","protected":false},"excerpt":{"rendered":"<p>Die rum\u00e4nische Landwirtschaft befand sich in den letzten Jahren in einer kritischen Lage.<\/p>\n","protected":false},"author":46,"featured_media":42745,"comment_status":"closed","ping_status":"closed","sticky":false,"template":"","format":"standard","meta":{"_acf_changed":false,"footnotes":""},"categories":[99583],"tags":[99766,99767,29483,99765,99771,99768,99764,99770,99769,99589],"coauthors":[],"class_list":["post-457666","post","type-post","status-publish","format-standard","has-post-thumbnail","hentry","category-rri-aktuell","tag-bewaesserungssysteme","tag-buerokratie","tag-dacian-ciolos","tag-duerre","tag-eu-agrarkommissar","tag-eu-foerdermittel","tag-landwirtschaft","tag-potential","tag-produktivitaet","tag-rumaenien"],"acf":[],"yoast_head":"<!-- This site is optimized with the Yoast SEO plugin v27.5 - https:\/\/yoast.com\/product\/yoast-seo-wordpress\/ -->\n<title>Die Landwirtschaft \u2013 eine Chance f\u00fcr Rum\u00e4nien - Radio Rum\u00e4nien International<\/title>\n<meta name=\"robots\" content=\"index, follow, max-snippet:-1, max-image-preview:large, max-video-preview:-1\" \/>\n<link rel=\"canonical\" href=\"https:\/\/www.rri.ro\/de\/aktuell\/rri-aktuell\/die-landwirtschaft-eine-chance-fuer-rumaenien-id457666.html\" \/>\n<meta property=\"og:locale\" content=\"de_DE\" \/>\n<meta property=\"og:type\" content=\"article\" \/>\n<meta property=\"og:title\" content=\"Die Landwirtschaft \u2013 eine Chance f\u00fcr Rum\u00e4nien - Radio Rum\u00e4nien International\" \/>\n<meta property=\"og:description\" content=\"Die rum\u00e4nische Landwirtschaft befand sich in den letzten Jahren in einer kritischen Lage.\" \/>\n<meta property=\"og:url\" content=\"https:\/\/www.rri.ro\/de\/aktuell\/rri-aktuell\/die-landwirtschaft-eine-chance-fuer-rumaenien-id457666.html\" \/>\n<meta property=\"og:site_name\" content=\"Radio Rum\u00e4nien International\" \/>\n<meta property=\"article:published_time\" content=\"2013-05-20T12:45:00+00:00\" \/>\n<meta property=\"article:modified_time\" content=\"2024-02-19T16:55:50+00:00\" \/>\n<meta property=\"og:image\" content=\"https:\/\/www.rri.ro\/wp-content\/uploads\/2023\/10\/Dacian-Ciolos.jpg\" \/>\n\t<meta property=\"og:image:width\" content=\"640\" \/>\n\t<meta property=\"og:image:height\" content=\"480\" \/>\n\t<meta property=\"og:image:type\" content=\"image\/png\" \/>\n<meta name=\"author\" content=\"Leyla Cheamil\" \/>\n<meta name=\"twitter:card\" content=\"summary_large_image\" \/>\n<meta name=\"twitter:label1\" content=\"Verfasst von\" \/>\n\t<meta name=\"twitter:data1\" content=\"Leyla Cheamil\" \/>\n\t<meta name=\"twitter:label2\" content=\"Gesch\u00e4tzte Lesezeit\" \/>\n\t<meta name=\"twitter:data2\" content=\"2\u00a0Minuten\" \/>\n\t<meta name=\"twitter:label3\" content=\"Written by\" \/>\n\t<meta name=\"twitter:data3\" content=\"Leyla Cheamil\" \/>\n<script type=\"application\/ld+json\" class=\"yoast-schema-graph\">{\"@context\":\"https:\\\/\\\/schema.org\",\"@graph\":[{\"@type\":\"Article\",\"@id\":\"https:\\\/\\\/www.rri.ro\\\/de\\\/aktuell\\\/rri-aktuell\\\/die-landwirtschaft-eine-chance-fuer-rumaenien-id457666.html#article\",\"isPartOf\":{\"@id\":\"https:\\\/\\\/www.rri.ro\\\/de\\\/aktuell\\\/rri-aktuell\\\/die-landwirtschaft-eine-chance-fuer-rumaenien-id457666.html\"},\"author\":{\"name\":\"Leyla Cheamil\",\"@id\":\"https:\\\/\\\/www.rri.ro\\\/#\\\/schema\\\/person\\\/e6364ed2d4b6af207a82ca66000d07e0\"},\"headline\":\"Die Landwirtschaft \u2013 eine Chance f\u00fcr Rum\u00e4nien\",\"datePublished\":\"2013-05-20T12:45:00+00:00\",\"dateModified\":\"2024-02-19T16:55:50+00:00\",\"mainEntityOfPage\":{\"@id\":\"https:\\\/\\\/www.rri.ro\\\/de\\\/aktuell\\\/rri-aktuell\\\/die-landwirtschaft-eine-chance-fuer-rumaenien-id457666.html\"},\"wordCount\":380,\"image\":{\"@id\":\"https:\\\/\\\/www.rri.ro\\\/de\\\/aktuell\\\/rri-aktuell\\\/die-landwirtschaft-eine-chance-fuer-rumaenien-id457666.html#primaryimage\"},\"thumbnailUrl\":\"https:\\\/\\\/www.rri.ro\\\/wp-content\\\/uploads\\\/2023\\\/10\\\/Dacian-Ciolos.jpg\",\"keywords\":[\"Bew\u00e4sserungssysteme\",\"B\u00fcrokratie\",\"Dacian Ciolos\",\"D\u00fcrre\",\"EU-Agrarkommissar\",\"EU-F\u00f6rdermittel\",\"Landwirtschaft\",\"Potential\",\"Produktivit\u00e4t\",\"Rum\u00e4nien\"],\"articleSection\":[\"RRI Aktuell\"],\"inLanguage\":\"de\"},{\"@type\":\"WebPage\",\"@id\":\"https:\\\/\\\/www.rri.ro\\\/de\\\/aktuell\\\/rri-aktuell\\\/die-landwirtschaft-eine-chance-fuer-rumaenien-id457666.html\",\"url\":\"https:\\\/\\\/www.rri.ro\\\/de\\\/aktuell\\\/rri-aktuell\\\/die-landwirtschaft-eine-chance-fuer-rumaenien-id457666.html\",\"name\":\"Die Landwirtschaft \u2013 eine Chance f\u00fcr Rum\u00e4nien - Radio Rum\u00e4nien International\",\"isPartOf\":{\"@id\":\"https:\\\/\\\/www.rri.ro\\\/#website\"},\"primaryImageOfPage\":{\"@id\":\"https:\\\/\\\/www.rri.ro\\\/de\\\/aktuell\\\/rri-aktuell\\\/die-landwirtschaft-eine-chance-fuer-rumaenien-id457666.html#primaryimage\"},\"image\":{\"@id\":\"https:\\\/\\\/www.rri.ro\\\/de\\\/aktuell\\\/rri-aktuell\\\/die-landwirtschaft-eine-chance-fuer-rumaenien-id457666.html#primaryimage\"},\"thumbnailUrl\":\"https:\\\/\\\/www.rri.ro\\\/wp-content\\\/uploads\\\/2023\\\/10\\\/Dacian-Ciolos.jpg\",\"datePublished\":\"2013-05-20T12:45:00+00:00\",\"dateModified\":\"2024-02-19T16:55:50+00:00\",\"author\":{\"@id\":\"https:\\\/\\\/www.rri.ro\\\/#\\\/schema\\\/person\\\/e6364ed2d4b6af207a82ca66000d07e0\"},\"breadcrumb\":{\"@id\":\"https:\\\/\\\/www.rri.ro\\\/de\\\/aktuell\\\/rri-aktuell\\\/die-landwirtschaft-eine-chance-fuer-rumaenien-id457666.html#breadcrumb\"},\"inLanguage\":\"de\",\"potentialAction\":[{\"@type\":\"ReadAction\",\"target\":[\"https:\\\/\\\/www.rri.ro\\\/de\\\/aktuell\\\/rri-aktuell\\\/die-landwirtschaft-eine-chance-fuer-rumaenien-id457666.html\"]}]},{\"@type\":\"ImageObject\",\"inLanguage\":\"de\",\"@id\":\"https:\\\/\\\/www.rri.ro\\\/de\\\/aktuell\\\/rri-aktuell\\\/die-landwirtschaft-eine-chance-fuer-rumaenien-id457666.html#primaryimage\",\"url\":\"https:\\\/\\\/www.rri.ro\\\/wp-content\\\/uploads\\\/2023\\\/10\\\/Dacian-Ciolos.jpg\",\"contentUrl\":\"https:\\\/\\\/www.rri.ro\\\/wp-content\\\/uploads\\\/2023\\\/10\\\/Dacian-Ciolos.jpg\",\"width\":640,\"height\":480},{\"@type\":\"BreadcrumbList\",\"@id\":\"https:\\\/\\\/www.rri.ro\\\/de\\\/aktuell\\\/rri-aktuell\\\/die-landwirtschaft-eine-chance-fuer-rumaenien-id457666.html#breadcrumb\",\"itemListElement\":[{\"@type\":\"ListItem\",\"position\":1,\"name\":\"Startseite\",\"item\":\"https:\\\/\\\/www.rri.ro\\\/de\"},{\"@type\":\"ListItem\",\"position\":2,\"name\":\"Aktuell\",\"item\":\"https:\\\/\\\/www.rri.ro\\\/de\\\/aktuell\"},{\"@type\":\"ListItem\",\"position\":3,\"name\":\"RRI Aktuell\",\"item\":\"https:\\\/\\\/www.rri.ro\\\/de\\\/aktuell\\\/rri-aktuell\"},{\"@type\":\"ListItem\",\"position\":4,\"name\":\"Die Landwirtschaft \u2013 eine Chance f\u00fcr Rum\u00e4nien\"}]},{\"@type\":\"WebSite\",\"@id\":\"https:\\\/\\\/www.rri.ro\\\/#website\",\"url\":\"https:\\\/\\\/www.rri.ro\\\/\",\"name\":\"Radio Rum\u00e4nien International\",\"description\":\"Totul despre Rom\u00e2nia \u015fi rom\u00e2ni, \u00een 13 limbi\\\/dialecte!\",\"inLanguage\":\"de\"},{\"@type\":\"Person\",\"@id\":\"https:\\\/\\\/www.rri.ro\\\/#\\\/schema\\\/person\\\/e6364ed2d4b6af207a82ca66000d07e0\",\"name\":\"Leyla Cheamil\",\"url\":\"https:\\\/\\\/www.rri.ro\\\/de\\\/author\\\/leyla-cheamil\"}]}<\/script>\n<!-- \/ Yoast SEO plugin. -->","yoast_head_json":{"title":"Die Landwirtschaft \u2013 eine Chance f\u00fcr Rum\u00e4nien - Radio Rum\u00e4nien International","robots":{"index":"index","follow":"follow","max-snippet":"max-snippet:-1","max-image-preview":"max-image-preview:large","max-video-preview":"max-video-preview:-1"},"canonical":"https:\/\/www.rri.ro\/de\/aktuell\/rri-aktuell\/die-landwirtschaft-eine-chance-fuer-rumaenien-id457666.html","og_locale":"de_DE","og_type":"article","og_title":"Die Landwirtschaft \u2013 eine Chance f\u00fcr Rum\u00e4nien - Radio Rum\u00e4nien International","og_description":"Die rum\u00e4nische Landwirtschaft befand sich in den letzten Jahren in einer kritischen Lage.","og_url":"https:\/\/www.rri.ro\/de\/aktuell\/rri-aktuell\/die-landwirtschaft-eine-chance-fuer-rumaenien-id457666.html","og_site_name":"Radio Rum\u00e4nien International","article_published_time":"2013-05-20T12:45:00+00:00","article_modified_time":"2024-02-19T16:55:50+00:00","og_image":[{"width":640,"height":480,"url":"https:\/\/www.rri.ro\/wp-content\/uploads\/2023\/10\/Dacian-Ciolos.jpg","type":"image\/png"}],"author":"Leyla Cheamil","twitter_card":"summary_large_image","twitter_misc":{"Verfasst von":"Leyla Cheamil","Gesch\u00e4tzte Lesezeit":"2\u00a0Minuten","Written by":"Leyla Cheamil"},"schema":{"@context":"https:\/\/schema.org","@graph":[{"@type":"Article","@id":"https:\/\/www.rri.ro\/de\/aktuell\/rri-aktuell\/die-landwirtschaft-eine-chance-fuer-rumaenien-id457666.html#article","isPartOf":{"@id":"https:\/\/www.rri.ro\/de\/aktuell\/rri-aktuell\/die-landwirtschaft-eine-chance-fuer-rumaenien-id457666.html"},"author":{"name":"Leyla Cheamil","@id":"https:\/\/www.rri.ro\/#\/schema\/person\/e6364ed2d4b6af207a82ca66000d07e0"},"headline":"Die Landwirtschaft \u2013 eine Chance f\u00fcr Rum\u00e4nien","datePublished":"2013-05-20T12:45:00+00:00","dateModified":"2024-02-19T16:55:50+00:00","mainEntityOfPage":{"@id":"https:\/\/www.rri.ro\/de\/aktuell\/rri-aktuell\/die-landwirtschaft-eine-chance-fuer-rumaenien-id457666.html"},"wordCount":380,"image":{"@id":"https:\/\/www.rri.ro\/de\/aktuell\/rri-aktuell\/die-landwirtschaft-eine-chance-fuer-rumaenien-id457666.html#primaryimage"},"thumbnailUrl":"https:\/\/www.rri.ro\/wp-content\/uploads\/2023\/10\/Dacian-Ciolos.jpg","keywords":["Bew\u00e4sserungssysteme","B\u00fcrokratie","Dacian Ciolos","D\u00fcrre","EU-Agrarkommissar","EU-F\u00f6rdermittel","Landwirtschaft","Potential","Produktivit\u00e4t","Rum\u00e4nien"],"articleSection":["RRI Aktuell"],"inLanguage":"de"},{"@type":"WebPage","@id":"https:\/\/www.rri.ro\/de\/aktuell\/rri-aktuell\/die-landwirtschaft-eine-chance-fuer-rumaenien-id457666.html","url":"https:\/\/www.rri.ro\/de\/aktuell\/rri-aktuell\/die-landwirtschaft-eine-chance-fuer-rumaenien-id457666.html","name":"Die Landwirtschaft \u2013 eine Chance f\u00fcr Rum\u00e4nien - Radio Rum\u00e4nien International","isPartOf":{"@id":"https:\/\/www.rri.ro\/#website"},"primaryImageOfPage":{"@id":"https:\/\/www.rri.ro\/de\/aktuell\/rri-aktuell\/die-landwirtschaft-eine-chance-fuer-rumaenien-id457666.html#primaryimage"},"image":{"@id":"https:\/\/www.rri.ro\/de\/aktuell\/rri-aktuell\/die-landwirtschaft-eine-chance-fuer-rumaenien-id457666.html#primaryimage"},"thumbnailUrl":"https:\/\/www.rri.ro\/wp-content\/uploads\/2023\/10\/Dacian-Ciolos.jpg","datePublished":"2013-05-20T12:45:00+00:00","dateModified":"2024-02-19T16:55:50+00:00","author":{"@id":"https:\/\/www.rri.ro\/#\/schema\/person\/e6364ed2d4b6af207a82ca66000d07e0"},"breadcrumb":{"@id":"https:\/\/www.rri.ro\/de\/aktuell\/rri-aktuell\/die-landwirtschaft-eine-chance-fuer-rumaenien-id457666.html#breadcrumb"},"inLanguage":"de","potentialAction":[{"@type":"ReadAction","target":["https:\/\/www.rri.ro\/de\/aktuell\/rri-aktuell\/die-landwirtschaft-eine-chance-fuer-rumaenien-id457666.html"]}]},{"@type":"ImageObject","inLanguage":"de","@id":"https:\/\/www.rri.ro\/de\/aktuell\/rri-aktuell\/die-landwirtschaft-eine-chance-fuer-rumaenien-id457666.html#primaryimage","url":"https:\/\/www.rri.ro\/wp-content\/uploads\/2023\/10\/Dacian-Ciolos.jpg","contentUrl":"https:\/\/www.rri.ro\/wp-content\/uploads\/2023\/10\/Dacian-Ciolos.jpg","width":640,"height":480},{"@type":"BreadcrumbList","@id":"https:\/\/www.rri.ro\/de\/aktuell\/rri-aktuell\/die-landwirtschaft-eine-chance-fuer-rumaenien-id457666.html#breadcrumb","itemListElement":[{"@type":"ListItem","position":1,"name":"Startseite","item":"https:\/\/www.rri.ro\/de"},{"@type":"ListItem","position":2,"name":"Aktuell","item":"https:\/\/www.rri.ro\/de\/aktuell"},{"@type":"ListItem","position":3,"name":"RRI Aktuell","item":"https:\/\/www.rri.ro\/de\/aktuell\/rri-aktuell"},{"@type":"ListItem","position":4,"name":"Die Landwirtschaft \u2013 eine Chance f\u00fcr Rum\u00e4nien"}]},{"@type":"WebSite","@id":"https:\/\/www.rri.ro\/#website","url":"https:\/\/www.rri.ro\/","name":"Radio Rum\u00e4nien International","description":"Totul despre Rom\u00e2nia \u015fi rom\u00e2ni, \u00een 13 limbi\/dialecte!","inLanguage":"de"},{"@type":"Person","@id":"https:\/\/www.rri.ro\/#\/schema\/person\/e6364ed2d4b6af207a82ca66000d07e0","name":"Leyla Cheamil","url":"https:\/\/www.rri.ro\/de\/author\/leyla-cheamil"}]}},"_links":{"self":[{"href":"https:\/\/www.rri.ro\/de\/wp-json\/wp\/v2\/posts\/457666","targetHints":{"allow":["GET"]}}],"collection":[{"href":"https:\/\/www.rri.ro\/de\/wp-json\/wp\/v2\/posts"}],"about":[{"href":"https:\/\/www.rri.ro\/de\/wp-json\/wp\/v2\/types\/post"}],"author":[{"embeddable":true,"href":"https:\/\/www.rri.ro\/de\/wp-json\/wp\/v2\/users\/46"}],"replies":[{"embeddable":true,"href":"https:\/\/www.rri.ro\/de\/wp-json\/wp\/v2\/comments?post=457666"}],"version-history":[{"count":0,"href":"https:\/\/www.rri.ro\/de\/wp-json\/wp\/v2\/posts\/457666\/revisions"}],"wp:featuredmedia":[{"embeddable":true,"href":"https:\/\/www.rri.ro\/de\/wp-json\/wp\/v2\/media\/42745"}],"wp:attachment":[{"href":"https:\/\/www.rri.ro\/de\/wp-json\/wp\/v2\/media?parent=457666"}],"wp:term":[{"taxonomy":"category","embeddable":true,"href":"https:\/\/www.rri.ro\/de\/wp-json\/wp\/v2\/categories?post=457666"},{"taxonomy":"post_tag","embeddable":true,"href":"https:\/\/www.rri.ro\/de\/wp-json\/wp\/v2\/tags?post=457666"},{"taxonomy":"author","embeddable":true,"href":"https:\/\/www.rri.ro\/de\/wp-json\/wp\/v2\/coauthors?post=457666"}],"curies":[{"name":"wp","href":"https:\/\/api.w.org\/{rel}","templated":true}]}}