{"id":457707,"date":"2013-05-22T14:36:00","date_gmt":"2013-05-22T11:36:00","guid":{"rendered":"http:\/\/devrri.freshlemon.ro\/aktuell\/rumaenien-schluesselpartner-im-nabucco-projekt-id457707.html"},"modified":"2024-02-19T18:55:52","modified_gmt":"2024-02-19T16:55:52","slug":"rumaenien-schluesselpartner-im-nabucco-projekt","status":"publish","type":"post","link":"https:\/\/www.rri.ro\/de\/aktuell\/rri-aktuell\/rumaenien-schluesselpartner-im-nabucco-projekt-id457707.html","title":{"rendered":"Rum\u00e4nien: Schl\u00fcsselpartner im Nabucco-Projekt"},"content":{"rendered":"<p>Im Hinblick auf die andauernde Steigerung des Energiebedarfs in den europ\u00e4ischen L\u00e4ndern stellt das Erdgas derzeit f\u00fcr die Europ\u00e4er eine wesentliche Energiequelle dar. Aus diesem Grund entstand die Initiative des Nabucco-Pipeline-Projektes. Die Gasleitung soll als wichtigste Lieferroute aus Aserbaidschan Mittel-und Westeuropa mit Erdgas versorgen und somit neue Gasquellen f\u00fcr Europa erschlie\u200e\u00dfen. Somit w\u00fcrde ebenfalls die Abh\u00e4ngigkeit Europas von russischen Gaslieferungen vermindert.<\/p>\n<p>&#13;<br \/>\n&#13;<\/p>\n<p>&#13;<br \/>\n&#13;<\/p>\n<p>Partnerstaaten des Projektes sind Bulgarien, die T\u00fcrkei, Rum\u00e4nien, Ungarn und \u00d6sterreich. Deutschland, wichtiger Partner des Konsortiums, ist k\u00fcrzlich aus dem Erdgaspipeline-Projekt ausgestiegen. Geplant wird der Bau einer Erdgasleitung, die an der t\u00fcrkisch-bulgarischen Grenze starten und \u00fcber Bulgarien, Rum\u00e4nien und Ungarn nach \u00d6sterreich f\u00fchren soll. Die geplante Pipeline soll eine L\u00e4nge von 1.300 Km umfassen und eine Kapazit\u00e4t von 10 Milliarden Kubikmeter pro Jahr garantieren.<\/p>\n<p>&#13;<br \/>\n&#13;<\/p>\n<p>&#13;<br \/>\n&#13;<\/p>\n<p>Rum\u00e4nien sei ein Schl\u00fcsselpartner f\u00fcr die Entwicklung des Projektes, dessen Erfolg die energetische Unabh\u00e4ngigkeit der Region erreichen k\u00f6nnte, erkl\u00e4rten Vorstandsmitglieder des Nabucco-Konsortiums in Bukarest bei dem Treffen der Partnerstaaten, das diese Woche bereits zum 5. Mal stattfand. Regierungsverterter der Partnerstaaten unterzeichneten in Bukarest das sogenannte Assoziierungsabkommen f\u00fcr potentielle Investoren in das Pipeline-Projekt.<\/p>\n<p>&#13;<br \/>\n&#13;<\/p>\n<p>&#13;<br \/>\n&#13;<\/p>\n<p>Das Abkommen legt die Assoziierungsbedingungen f\u00fcr weitere Investoren fest. Rum\u00e4niens Ministerpr\u00e4sident Victor Ponta rief dabei die Partnerstaaten zu mehr Entschlossenheit bei der Unterst\u00fctzung des Pipeline-Projektes auf: &#8222;Rum\u00e4nien beteiligt sich durch das Unternehmen Trasngaz daran und unterst\u00fctzt sehr entschlossen den Bau der Gaspipeline selbst wenn unsere Abh\u00e4ngigkeit von der geplanten Gastransitleitung sehr gering w\u00e4re. Mittel- und langfristig stellt aber die Realisierung dieses Energieprojektes eine wahre Chance f\u00fcr die Region dar, sich weiter zu entwickeln und eine energetische Sicherheit zu erreichen. Die Verminderung der Abh\u00e4ngigkeit von einem einzigen Gasanbieter stellt f\u00fcr Rum\u00e4nien zudem ein wesentliches strategisches Ziel dar.&#8220;<\/p>\n<p>&#13;<br \/>\n&#13;<\/p>\n<p>&#13;<br \/>\n&#13;<\/p>\n<p>Rum\u00e4nien hatte neben den anderen beteiligten Staaten das Regierungsabkommen \u00fcber den Bau der Gasleitung am 13. Juli 2009 in Ankara unterzeichnet. Am 8. Juni 2011 unterzeichneten die Transitl\u00e4nder das sogenannte Unterst\u00fctzungsabkommen. Der Bau der Gasleitung soll 2015 beginnen, und die ersten Lieferungen nach Georgien und T\u00fcrkei sind f\u00fcr 2018 vorgesehen. Das Erdgas aus dem Kaspischen Meer soll anschlie\u200e\u00dfend 2019 Europa erreichen, erkl\u00e4rte der Gesch\u00e4ftsf\u00fchrer des Konsortiums Nabucco International Reinhard Mitschek in Bukarest. In einem Interview mit Radio Rum\u00e4nien f\u00fcgte er \u00fcberdies hinzu, dass die Ger\u00fcchte zum m\u00f6glichen Ausstieg der \u00f6sterreichischen Gruppe OMV aus dem Gesch\u00e4ft unbegr\u00fcndet seien.<\/p>\n<p>&#13;<\/p>\n","protected":false},"excerpt":{"rendered":"<p>Im Hinblick auf die andauernde Steigerung des Energiebedarfs in den europ\u00e4ischen L\u00e4ndern stellt das Erdgas derzeit f\u00fcr die Europ\u00e4er eine wesentliche Energiequelle dar. Aus diesem Grund entstand die Initiative des Nabucco-Pipeline-Projektes.<\/p>\n","protected":false},"author":46,"featured_media":457708,"comment_status":"closed","ping_status":"closed","sticky":false,"template":"","format":"standard","meta":{"_acf_changed":false,"footnotes":""},"categories":[99583],"tags":[99779,99778,99783,99782,37741,161265,99781,31169,99784,99785,99589,99780,99636,169260],"coauthors":[],"class_list":["post-457707","post","type-post","status-publish","format-standard","has-post-thumbnail","hentry","category-rri-aktuell","tag-aserbaidschan","tag-bulgarien","tag-erdgas","tag-gasleitung","tag-nabucco","tag-omv-de","tag-oesterreich","tag-pipeline","tag-regierungsabkommen","tag-reinhard-mitschek","tag-rumaenien","tag-tuerkei","tag-ungarn","tag-victor-ponta-de"],"acf":[],"yoast_head":"<!-- This site is optimized with the Yoast SEO plugin v27.5 - https:\/\/yoast.com\/product\/yoast-seo-wordpress\/ -->\n<title>Rum\u00e4nien: Schl\u00fcsselpartner im Nabucco-Projekt - Radio Rum\u00e4nien International<\/title>\n<meta name=\"robots\" content=\"index, follow, max-snippet:-1, max-image-preview:large, max-video-preview:-1\" \/>\n<link rel=\"canonical\" href=\"https:\/\/www.rri.ro\/de\/aktuell\/rri-aktuell\/rumaenien-schluesselpartner-im-nabucco-projekt-id457707.html\" \/>\n<meta property=\"og:locale\" content=\"de_DE\" \/>\n<meta property=\"og:type\" content=\"article\" \/>\n<meta property=\"og:title\" content=\"Rum\u00e4nien: Schl\u00fcsselpartner im Nabucco-Projekt - Radio Rum\u00e4nien International\" \/>\n<meta property=\"og:description\" content=\"Im Hinblick auf die andauernde Steigerung des Energiebedarfs in den europ\u00e4ischen L\u00e4ndern stellt das Erdgas derzeit f\u00fcr die Europ\u00e4er eine wesentliche Energiequelle dar. Aus diesem Grund entstand die Initiative des Nabucco-Pipeline-Projektes.\" \/>\n<meta property=\"og:url\" content=\"https:\/\/www.rri.ro\/de\/aktuell\/rri-aktuell\/rumaenien-schluesselpartner-im-nabucco-projekt-id457707.html\" \/>\n<meta property=\"og:site_name\" content=\"Radio Rum\u00e4nien International\" \/>\n<meta property=\"article:published_time\" content=\"2013-05-22T11:36:00+00:00\" \/>\n<meta property=\"article:modified_time\" content=\"2024-02-19T16:55:52+00:00\" \/>\n<meta property=\"og:image\" content=\"https:\/\/www.rri.ro\/wp-content\/uploads\/2023\/10\/Acord-Nabucco-Ponta.jpg\" \/>\n\t<meta property=\"og:image:width\" content=\"450\" \/>\n\t<meta property=\"og:image:height\" content=\"334\" \/>\n\t<meta property=\"og:image:type\" content=\"image\/jpeg\" \/>\n<meta name=\"author\" content=\"Leyla Cheamil\" \/>\n<meta name=\"twitter:card\" content=\"summary_large_image\" \/>\n<meta name=\"twitter:label1\" content=\"Verfasst von\" \/>\n\t<meta name=\"twitter:data1\" content=\"Leyla Cheamil\" \/>\n\t<meta name=\"twitter:label2\" content=\"Gesch\u00e4tzte Lesezeit\" \/>\n\t<meta name=\"twitter:data2\" content=\"2\u00a0Minuten\" \/>\n\t<meta name=\"twitter:label3\" content=\"Written by\" \/>\n\t<meta name=\"twitter:data3\" content=\"Leyla Cheamil\" \/>\n<script type=\"application\/ld+json\" class=\"yoast-schema-graph\">{\"@context\":\"https:\\\/\\\/schema.org\",\"@graph\":[{\"@type\":\"Article\",\"@id\":\"https:\\\/\\\/www.rri.ro\\\/de\\\/aktuell\\\/rri-aktuell\\\/rumaenien-schluesselpartner-im-nabucco-projekt-id457707.html#article\",\"isPartOf\":{\"@id\":\"https:\\\/\\\/www.rri.ro\\\/de\\\/aktuell\\\/rri-aktuell\\\/rumaenien-schluesselpartner-im-nabucco-projekt-id457707.html\"},\"author\":{\"name\":\"Leyla Cheamil\",\"@id\":\"https:\\\/\\\/www.rri.ro\\\/#\\\/schema\\\/person\\\/e6364ed2d4b6af207a82ca66000d07e0\"},\"headline\":\"Rum\u00e4nien: Schl\u00fcsselpartner im Nabucco-Projekt\",\"datePublished\":\"2013-05-22T11:36:00+00:00\",\"dateModified\":\"2024-02-19T16:55:52+00:00\",\"mainEntityOfPage\":{\"@id\":\"https:\\\/\\\/www.rri.ro\\\/de\\\/aktuell\\\/rri-aktuell\\\/rumaenien-schluesselpartner-im-nabucco-projekt-id457707.html\"},\"wordCount\":416,\"image\":{\"@id\":\"https:\\\/\\\/www.rri.ro\\\/de\\\/aktuell\\\/rri-aktuell\\\/rumaenien-schluesselpartner-im-nabucco-projekt-id457707.html#primaryimage\"},\"thumbnailUrl\":\"https:\\\/\\\/www.rri.ro\\\/wp-content\\\/uploads\\\/2023\\\/10\\\/Acord-Nabucco-Ponta.jpg\",\"keywords\":[\"Aserbaidschan\",\"Bulgarien\",\"Erdgas\",\"Gasleitung\",\"Nabucco\",\"OMV\",\"\u00d6sterreich\",\"pipeline\",\"Regierungsabkommen\",\"Reinhard Mitschek\",\"Rum\u00e4nien\",\"T\u00fcrkei\",\"Ungarn\",\"Victor Ponta\"],\"articleSection\":[\"RRI Aktuell\"],\"inLanguage\":\"de\"},{\"@type\":\"WebPage\",\"@id\":\"https:\\\/\\\/www.rri.ro\\\/de\\\/aktuell\\\/rri-aktuell\\\/rumaenien-schluesselpartner-im-nabucco-projekt-id457707.html\",\"url\":\"https:\\\/\\\/www.rri.ro\\\/de\\\/aktuell\\\/rri-aktuell\\\/rumaenien-schluesselpartner-im-nabucco-projekt-id457707.html\",\"name\":\"Rum\u00e4nien: Schl\u00fcsselpartner im Nabucco-Projekt - Radio Rum\u00e4nien International\",\"isPartOf\":{\"@id\":\"https:\\\/\\\/www.rri.ro\\\/#website\"},\"primaryImageOfPage\":{\"@id\":\"https:\\\/\\\/www.rri.ro\\\/de\\\/aktuell\\\/rri-aktuell\\\/rumaenien-schluesselpartner-im-nabucco-projekt-id457707.html#primaryimage\"},\"image\":{\"@id\":\"https:\\\/\\\/www.rri.ro\\\/de\\\/aktuell\\\/rri-aktuell\\\/rumaenien-schluesselpartner-im-nabucco-projekt-id457707.html#primaryimage\"},\"thumbnailUrl\":\"https:\\\/\\\/www.rri.ro\\\/wp-content\\\/uploads\\\/2023\\\/10\\\/Acord-Nabucco-Ponta.jpg\",\"datePublished\":\"2013-05-22T11:36:00+00:00\",\"dateModified\":\"2024-02-19T16:55:52+00:00\",\"author\":{\"@id\":\"https:\\\/\\\/www.rri.ro\\\/#\\\/schema\\\/person\\\/e6364ed2d4b6af207a82ca66000d07e0\"},\"breadcrumb\":{\"@id\":\"https:\\\/\\\/www.rri.ro\\\/de\\\/aktuell\\\/rri-aktuell\\\/rumaenien-schluesselpartner-im-nabucco-projekt-id457707.html#breadcrumb\"},\"inLanguage\":\"de\",\"potentialAction\":[{\"@type\":\"ReadAction\",\"target\":[\"https:\\\/\\\/www.rri.ro\\\/de\\\/aktuell\\\/rri-aktuell\\\/rumaenien-schluesselpartner-im-nabucco-projekt-id457707.html\"]}]},{\"@type\":\"ImageObject\",\"inLanguage\":\"de\",\"@id\":\"https:\\\/\\\/www.rri.ro\\\/de\\\/aktuell\\\/rri-aktuell\\\/rumaenien-schluesselpartner-im-nabucco-projekt-id457707.html#primaryimage\",\"url\":\"https:\\\/\\\/www.rri.ro\\\/wp-content\\\/uploads\\\/2023\\\/10\\\/Acord-Nabucco-Ponta.jpg\",\"contentUrl\":\"https:\\\/\\\/www.rri.ro\\\/wp-content\\\/uploads\\\/2023\\\/10\\\/Acord-Nabucco-Ponta.jpg\",\"width\":450,\"height\":334},{\"@type\":\"BreadcrumbList\",\"@id\":\"https:\\\/\\\/www.rri.ro\\\/de\\\/aktuell\\\/rri-aktuell\\\/rumaenien-schluesselpartner-im-nabucco-projekt-id457707.html#breadcrumb\",\"itemListElement\":[{\"@type\":\"ListItem\",\"position\":1,\"name\":\"Startseite\",\"item\":\"https:\\\/\\\/www.rri.ro\\\/de\"},{\"@type\":\"ListItem\",\"position\":2,\"name\":\"Aktuell\",\"item\":\"https:\\\/\\\/www.rri.ro\\\/de\\\/aktuell\"},{\"@type\":\"ListItem\",\"position\":3,\"name\":\"RRI Aktuell\",\"item\":\"https:\\\/\\\/www.rri.ro\\\/de\\\/aktuell\\\/rri-aktuell\"},{\"@type\":\"ListItem\",\"position\":4,\"name\":\"Rum\u00e4nien: Schl\u00fcsselpartner im Nabucco-Projekt\"}]},{\"@type\":\"WebSite\",\"@id\":\"https:\\\/\\\/www.rri.ro\\\/#website\",\"url\":\"https:\\\/\\\/www.rri.ro\\\/\",\"name\":\"Radio Rum\u00e4nien International\",\"description\":\"Totul despre Rom\u00e2nia \u015fi rom\u00e2ni, \u00een 13 limbi\\\/dialecte!\",\"inLanguage\":\"de\"},{\"@type\":\"Person\",\"@id\":\"https:\\\/\\\/www.rri.ro\\\/#\\\/schema\\\/person\\\/e6364ed2d4b6af207a82ca66000d07e0\",\"name\":\"Leyla Cheamil\",\"url\":\"https:\\\/\\\/www.rri.ro\\\/de\\\/author\\\/leyla-cheamil\"}]}<\/script>\n<!-- \/ Yoast SEO plugin. -->","yoast_head_json":{"title":"Rum\u00e4nien: Schl\u00fcsselpartner im Nabucco-Projekt - Radio Rum\u00e4nien International","robots":{"index":"index","follow":"follow","max-snippet":"max-snippet:-1","max-image-preview":"max-image-preview:large","max-video-preview":"max-video-preview:-1"},"canonical":"https:\/\/www.rri.ro\/de\/aktuell\/rri-aktuell\/rumaenien-schluesselpartner-im-nabucco-projekt-id457707.html","og_locale":"de_DE","og_type":"article","og_title":"Rum\u00e4nien: Schl\u00fcsselpartner im Nabucco-Projekt - Radio Rum\u00e4nien International","og_description":"Im Hinblick auf die andauernde Steigerung des Energiebedarfs in den europ\u00e4ischen L\u00e4ndern stellt das Erdgas derzeit f\u00fcr die Europ\u00e4er eine wesentliche Energiequelle dar. Aus diesem Grund entstand die Initiative des Nabucco-Pipeline-Projektes.","og_url":"https:\/\/www.rri.ro\/de\/aktuell\/rri-aktuell\/rumaenien-schluesselpartner-im-nabucco-projekt-id457707.html","og_site_name":"Radio Rum\u00e4nien International","article_published_time":"2013-05-22T11:36:00+00:00","article_modified_time":"2024-02-19T16:55:52+00:00","og_image":[{"width":450,"height":334,"url":"https:\/\/www.rri.ro\/wp-content\/uploads\/2023\/10\/Acord-Nabucco-Ponta.jpg","type":"image\/jpeg"}],"author":"Leyla Cheamil","twitter_card":"summary_large_image","twitter_misc":{"Verfasst von":"Leyla Cheamil","Gesch\u00e4tzte Lesezeit":"2\u00a0Minuten","Written by":"Leyla Cheamil"},"schema":{"@context":"https:\/\/schema.org","@graph":[{"@type":"Article","@id":"https:\/\/www.rri.ro\/de\/aktuell\/rri-aktuell\/rumaenien-schluesselpartner-im-nabucco-projekt-id457707.html#article","isPartOf":{"@id":"https:\/\/www.rri.ro\/de\/aktuell\/rri-aktuell\/rumaenien-schluesselpartner-im-nabucco-projekt-id457707.html"},"author":{"name":"Leyla Cheamil","@id":"https:\/\/www.rri.ro\/#\/schema\/person\/e6364ed2d4b6af207a82ca66000d07e0"},"headline":"Rum\u00e4nien: Schl\u00fcsselpartner im Nabucco-Projekt","datePublished":"2013-05-22T11:36:00+00:00","dateModified":"2024-02-19T16:55:52+00:00","mainEntityOfPage":{"@id":"https:\/\/www.rri.ro\/de\/aktuell\/rri-aktuell\/rumaenien-schluesselpartner-im-nabucco-projekt-id457707.html"},"wordCount":416,"image":{"@id":"https:\/\/www.rri.ro\/de\/aktuell\/rri-aktuell\/rumaenien-schluesselpartner-im-nabucco-projekt-id457707.html#primaryimage"},"thumbnailUrl":"https:\/\/www.rri.ro\/wp-content\/uploads\/2023\/10\/Acord-Nabucco-Ponta.jpg","keywords":["Aserbaidschan","Bulgarien","Erdgas","Gasleitung","Nabucco","OMV","\u00d6sterreich","pipeline","Regierungsabkommen","Reinhard Mitschek","Rum\u00e4nien","T\u00fcrkei","Ungarn","Victor Ponta"],"articleSection":["RRI Aktuell"],"inLanguage":"de"},{"@type":"WebPage","@id":"https:\/\/www.rri.ro\/de\/aktuell\/rri-aktuell\/rumaenien-schluesselpartner-im-nabucco-projekt-id457707.html","url":"https:\/\/www.rri.ro\/de\/aktuell\/rri-aktuell\/rumaenien-schluesselpartner-im-nabucco-projekt-id457707.html","name":"Rum\u00e4nien: Schl\u00fcsselpartner im Nabucco-Projekt - Radio Rum\u00e4nien International","isPartOf":{"@id":"https:\/\/www.rri.ro\/#website"},"primaryImageOfPage":{"@id":"https:\/\/www.rri.ro\/de\/aktuell\/rri-aktuell\/rumaenien-schluesselpartner-im-nabucco-projekt-id457707.html#primaryimage"},"image":{"@id":"https:\/\/www.rri.ro\/de\/aktuell\/rri-aktuell\/rumaenien-schluesselpartner-im-nabucco-projekt-id457707.html#primaryimage"},"thumbnailUrl":"https:\/\/www.rri.ro\/wp-content\/uploads\/2023\/10\/Acord-Nabucco-Ponta.jpg","datePublished":"2013-05-22T11:36:00+00:00","dateModified":"2024-02-19T16:55:52+00:00","author":{"@id":"https:\/\/www.rri.ro\/#\/schema\/person\/e6364ed2d4b6af207a82ca66000d07e0"},"breadcrumb":{"@id":"https:\/\/www.rri.ro\/de\/aktuell\/rri-aktuell\/rumaenien-schluesselpartner-im-nabucco-projekt-id457707.html#breadcrumb"},"inLanguage":"de","potentialAction":[{"@type":"ReadAction","target":["https:\/\/www.rri.ro\/de\/aktuell\/rri-aktuell\/rumaenien-schluesselpartner-im-nabucco-projekt-id457707.html"]}]},{"@type":"ImageObject","inLanguage":"de","@id":"https:\/\/www.rri.ro\/de\/aktuell\/rri-aktuell\/rumaenien-schluesselpartner-im-nabucco-projekt-id457707.html#primaryimage","url":"https:\/\/www.rri.ro\/wp-content\/uploads\/2023\/10\/Acord-Nabucco-Ponta.jpg","contentUrl":"https:\/\/www.rri.ro\/wp-content\/uploads\/2023\/10\/Acord-Nabucco-Ponta.jpg","width":450,"height":334},{"@type":"BreadcrumbList","@id":"https:\/\/www.rri.ro\/de\/aktuell\/rri-aktuell\/rumaenien-schluesselpartner-im-nabucco-projekt-id457707.html#breadcrumb","itemListElement":[{"@type":"ListItem","position":1,"name":"Startseite","item":"https:\/\/www.rri.ro\/de"},{"@type":"ListItem","position":2,"name":"Aktuell","item":"https:\/\/www.rri.ro\/de\/aktuell"},{"@type":"ListItem","position":3,"name":"RRI Aktuell","item":"https:\/\/www.rri.ro\/de\/aktuell\/rri-aktuell"},{"@type":"ListItem","position":4,"name":"Rum\u00e4nien: Schl\u00fcsselpartner im Nabucco-Projekt"}]},{"@type":"WebSite","@id":"https:\/\/www.rri.ro\/#website","url":"https:\/\/www.rri.ro\/","name":"Radio Rum\u00e4nien International","description":"Totul despre Rom\u00e2nia \u015fi rom\u00e2ni, \u00een 13 limbi\/dialecte!","inLanguage":"de"},{"@type":"Person","@id":"https:\/\/www.rri.ro\/#\/schema\/person\/e6364ed2d4b6af207a82ca66000d07e0","name":"Leyla Cheamil","url":"https:\/\/www.rri.ro\/de\/author\/leyla-cheamil"}]}},"_links":{"self":[{"href":"https:\/\/www.rri.ro\/de\/wp-json\/wp\/v2\/posts\/457707","targetHints":{"allow":["GET"]}}],"collection":[{"href":"https:\/\/www.rri.ro\/de\/wp-json\/wp\/v2\/posts"}],"about":[{"href":"https:\/\/www.rri.ro\/de\/wp-json\/wp\/v2\/types\/post"}],"author":[{"embeddable":true,"href":"https:\/\/www.rri.ro\/de\/wp-json\/wp\/v2\/users\/46"}],"replies":[{"embeddable":true,"href":"https:\/\/www.rri.ro\/de\/wp-json\/wp\/v2\/comments?post=457707"}],"version-history":[{"count":0,"href":"https:\/\/www.rri.ro\/de\/wp-json\/wp\/v2\/posts\/457707\/revisions"}],"wp:featuredmedia":[{"embeddable":true,"href":"https:\/\/www.rri.ro\/de\/wp-json\/wp\/v2\/media\/457708"}],"wp:attachment":[{"href":"https:\/\/www.rri.ro\/de\/wp-json\/wp\/v2\/media?parent=457707"}],"wp:term":[{"taxonomy":"category","embeddable":true,"href":"https:\/\/www.rri.ro\/de\/wp-json\/wp\/v2\/categories?post=457707"},{"taxonomy":"post_tag","embeddable":true,"href":"https:\/\/www.rri.ro\/de\/wp-json\/wp\/v2\/tags?post=457707"},{"taxonomy":"author","embeddable":true,"href":"https:\/\/www.rri.ro\/de\/wp-json\/wp\/v2\/coauthors?post=457707"}],"curies":[{"name":"wp","href":"https:\/\/api.w.org\/{rel}","templated":true}]}}