{"id":457953,"date":"2015-05-15T17:03:00","date_gmt":"2015-05-15T14:03:00","guid":{"rendered":"http:\/\/devrri.freshlemon.ro\/aktuell\/gute-aussichten-fuer-die-rumaenische-wirtschaft-id457953.html"},"modified":"2024-02-19T20:09:44","modified_gmt":"2024-02-19T18:09:44","slug":"gute-aussichten-fuer-die-rumaenische-wirtschaft","status":"publish","type":"post","link":"https:\/\/www.rri.ro\/de\/aktuell\/rri-aktuell\/gute-aussichten-fuer-die-rumaenische-wirtschaft-id457953.html","title":{"rendered":"Gute Aussichten f\u00fcr die rum\u00e4nische Wirtschaft"},"content":{"rendered":"<p><p>Die Europ\u00e4ische&#13;<br \/>\nBank f\u00fcr Wiederaufbau und Entwicklung (EBWE) hat ihre Prognosen bez\u00fcglich des&#13;<br \/>\nrum\u00e4nischen Wirtschaftswachstums 2015 von 2,8%, wie im Januar vorausgesagt, auf&#13;<br \/>\n3% leicht verbessert. F\u00fcr 2016 sch\u00e4tzt die EBWE, dass die rum\u00e4nische Wirtschaft&#13;<br \/>\neinen Vorsprung von 3,2%, einen der schnellsten Wachstumsrhythmen unter den&#13;<br \/>\neurop\u00e4ischen Schwellenl\u00e4ndern, verzeichnen wird. Die Finanzinstitution st\u00fctzt&#13;<br \/>\nihre Prognosen grunds\u00e4tzlich auf die jungen und auf die noch zu erwartenden&#13;<br \/>\nZinssenkungen, die dank dem R\u00fcckgang der Inflation m\u00f6glich sind. Au\u00dferdem&#13;<br \/>\nleistet die Preissenkung bei Energie und Lebensmitteln, die f\u00fcr den internen&#13;<br \/>\nVerbrauch 2015 und 2016 eine f\u00f6rdernde Rolle spielt, einen Beitrag.<\/p>\n<p><\/p>\n<p>&#13;<br \/>\n&#13;<br \/>\n&#13;<br \/>\n&#13;<\/p>\n<p>Unterdessen&#13;<br \/>\nerwartet man eine Erh\u00f6hung der Regierungsausgaben, um mehr EU-Gelder zu&#13;<br \/>\nabsorbieren. Ein st\u00e4rkeres Wirtschaftswachstum im Euro-Raum k\u00f6nnte die&#13;<br \/>\nrum\u00e4nischen Exporte in der kommenden Zeit auch vorantreiben. Was die&#13;<br \/>\ndurchschnittliche Jahresinflation in Rum\u00e4nien anbelangt, sch\u00e4tzt die EBWE, dass&#13;<br \/>\ndiese 2015 weiterhin beim Stand von 0,5% bleiben wird. Dies soll vor dem&#13;<br \/>\nHintergrund der Herabsetzung der MwSt. bei Lebensmitteln im Juni sowie der&#13;<br \/>\nniedrigen Inflationsvorhersagen und der niedrigen Rohstoffpreise erfolgen.<\/p>\n<p><\/p>\n<p>&#13;<br \/>\n&#13;<br \/>\n&#13;<br \/>\n&#13;<\/p>\n<p>Der&#13;<br \/>\nEBWE-Bericht kommt gleich nach den erfreulichen Nachrichten vom Statistikamt.&#13;<br \/>\nDas BIP Rum\u00e4niens erzielte ein reales Wachstum von 1,6% im ersten Quartal&#13;<br \/>\ndieses Jahres, bezogen auf das vierte Quartal des Jahres 2014. Verglichen mit&#13;<br \/>\nderselben Zeitspanne des Vorjahres gab es einen Vorsprung von 4,3%. Laut dem&#13;<br \/>\nKonvergenzprogramm 2015 &#8211; 2018, das Ende April auf der Webseite des&#13;<br \/>\nFinanzministeriums ver\u00f6ffentlicht wurde, soll die rum\u00e4nische Wirtschaft 2015,&#13;<br \/>\ninfolge des positiven Beitrags der internen Nachfrage, um 3,2% steigen. 2018&#13;<br \/>\nsoll diese einen Wachstumsrhythmus von 4% erreichen. Anfang Mai verbesserte&#13;<br \/>\nauch die Europ\u00e4ische Kommission leicht ihre Prognosen zum Wachstum der&#13;<br \/>\nrum\u00e4nischen Wirtschaft 2015 bis auf 2,8%, verglichen mit den urspr\u00fcnglichen&#13;<br \/>\n2,7%, die im Februar vorausgesagt wurden.<\/p>\n<p><\/p>\n<p>&#13;<br \/>\n&#13;<br \/>\n&#13;<br \/>\n&#13;<br \/>\nAuf Ebene der 35&#13;<br \/>\nStaaten, in denen die EBWE, t\u00e4tig ist, sch\u00e4tzt die Finanzanstalt eine&#13;<br \/>\nWirtschaftsstagnation f\u00fcr 2015. 2016 soll ein Wachstum von nur 1,4% folgen. Hinter&#13;<br \/>\ndieser Zahl stecken aber betr\u00e4chtliche regionale Unterschiede. Die EBWE, die&#13;<br \/>\nsich im Besitz von 64 L\u00e4ndern und zwei Zwischenregierungsorganisationen&#13;<br \/>\nbefindet, unterst\u00fctzt die Entwicklung der Marktwirtschaften und der Demokratie.&#13;<br \/>\nIn den letzten Jahren begann die Institution ihre Aufmerksamkeit von dem&#13;<br \/>\nehemaligen Sowjetblock auf Nordafrika und L\u00e4nder wie die T\u00fcrkei zu richten.&#13;<br \/>\nSeit der Aufnahme ihrer T\u00e4tigkeit hat die EBWE rund sieben Milliarden euro in&#13;<br \/>\nrund 370 Vorhaben in Rum\u00e4nien investiert.<\/p>\n","protected":false},"excerpt":{"rendered":"<p>Der am Donnerstag, anl\u00e4\u00dflich der j\u00e4hrlichen Generalversammlung der Aktion\u00e4re der Europ\u00e4ischen Bank f\u00fcr Wiederaufbau und Entwicklung ver\u00f6ffentlichte Bericht enth\u00e4lt bessere Prognosen f\u00fcr die rum\u00e4nische Wirtschaft als die vorherigen.<\/p>\n","protected":false},"author":110,"featured_media":63848,"comment_status":"closed","ping_status":"closed","sticky":false,"template":"","format":"standard","meta":{"_acf_changed":false,"footnotes":""},"categories":[99583],"tags":[102638,99821,101449,99620],"coauthors":[],"class_list":["post-457953","post","type-post","status-publish","format-standard","has-post-thumbnail","hentry","category-rri-aktuell","tag-ebwe","tag-europaeische-bank-fuer-wiederaufbau-und-entwicklung","tag-prognosen","tag-wirtschaftswachstum"],"acf":[],"yoast_head":"<!-- This site is optimized with the Yoast SEO plugin v27.3 - https:\/\/yoast.com\/product\/yoast-seo-wordpress\/ -->\n<title>Gute Aussichten f\u00fcr die rum\u00e4nische Wirtschaft - Radio Rum\u00e4nien International<\/title>\n<meta name=\"robots\" content=\"index, follow, max-snippet:-1, max-image-preview:large, max-video-preview:-1\" \/>\n<link rel=\"canonical\" href=\"https:\/\/www.rri.ro\/de\/aktuell\/rri-aktuell\/gute-aussichten-fuer-die-rumaenische-wirtschaft-id457953.html\" \/>\n<meta property=\"og:locale\" content=\"de_DE\" \/>\n<meta property=\"og:type\" content=\"article\" \/>\n<meta property=\"og:title\" content=\"Gute Aussichten f\u00fcr die rum\u00e4nische Wirtschaft - Radio Rum\u00e4nien International\" \/>\n<meta property=\"og:description\" content=\"Der am Donnerstag, anl\u00e4\u00dflich der j\u00e4hrlichen Generalversammlung der Aktion\u00e4re der Europ\u00e4ischen Bank f\u00fcr Wiederaufbau und Entwicklung ver\u00f6ffentlichte Bericht enth\u00e4lt bessere Prognosen f\u00fcr die rum\u00e4nische Wirtschaft als die vorherigen.\" \/>\n<meta property=\"og:url\" content=\"https:\/\/www.rri.ro\/de\/aktuell\/rri-aktuell\/gute-aussichten-fuer-die-rumaenische-wirtschaft-id457953.html\" \/>\n<meta property=\"og:site_name\" content=\"Radio Rum\u00e4nien International\" \/>\n<meta property=\"article:published_time\" content=\"2015-05-15T14:03:00+00:00\" \/>\n<meta property=\"article:modified_time\" content=\"2024-02-19T18:09:44+00:00\" \/>\n<meta property=\"og:image\" content=\"https:\/\/www.rri.ro\/wp-content\/uploads\/2023\/10\/economie-cifre-640.png\" \/>\n\t<meta property=\"og:image:width\" content=\"640\" \/>\n\t<meta property=\"og:image:height\" content=\"480\" \/>\n\t<meta property=\"og:image:type\" content=\"image\/png\" \/>\n<meta name=\"author\" content=\"\u015etefan Stoica\" \/>\n<meta name=\"twitter:card\" content=\"summary_large_image\" \/>\n<meta name=\"twitter:label1\" content=\"Verfasst von\" \/>\n\t<meta name=\"twitter:data1\" content=\"\u015etefan Stoica\" \/>\n\t<meta name=\"twitter:label2\" content=\"Gesch\u00e4tzte Lesezeit\" \/>\n\t<meta name=\"twitter:data2\" content=\"2\u00a0Minuten\" \/>\n\t<meta name=\"twitter:label3\" content=\"Written by\" \/>\n\t<meta name=\"twitter:data3\" content=\"\u015etefan Stoica\" \/>\n<script type=\"application\/ld+json\" class=\"yoast-schema-graph\">{\"@context\":\"https:\\\/\\\/schema.org\",\"@graph\":[{\"@type\":\"Article\",\"@id\":\"https:\\\/\\\/www.rri.ro\\\/de\\\/aktuell\\\/rri-aktuell\\\/gute-aussichten-fuer-die-rumaenische-wirtschaft-id457953.html#article\",\"isPartOf\":{\"@id\":\"https:\\\/\\\/www.rri.ro\\\/de\\\/aktuell\\\/rri-aktuell\\\/gute-aussichten-fuer-die-rumaenische-wirtschaft-id457953.html\"},\"author\":{\"name\":\"\u015etefan Stoica\",\"@id\":\"https:\\\/\\\/www.rri.ro\\\/#\\\/schema\\\/person\\\/2d81d5dc94d44190d13245f64551d334\"},\"headline\":\"Gute Aussichten f\u00fcr die rum\u00e4nische Wirtschaft\",\"datePublished\":\"2015-05-15T14:03:00+00:00\",\"dateModified\":\"2024-02-19T18:09:44+00:00\",\"mainEntityOfPage\":{\"@id\":\"https:\\\/\\\/www.rri.ro\\\/de\\\/aktuell\\\/rri-aktuell\\\/gute-aussichten-fuer-die-rumaenische-wirtschaft-id457953.html\"},\"wordCount\":391,\"image\":{\"@id\":\"https:\\\/\\\/www.rri.ro\\\/de\\\/aktuell\\\/rri-aktuell\\\/gute-aussichten-fuer-die-rumaenische-wirtschaft-id457953.html#primaryimage\"},\"thumbnailUrl\":\"https:\\\/\\\/www.rri.ro\\\/wp-content\\\/uploads\\\/2023\\\/10\\\/economie-cifre-640.png\",\"keywords\":[\"EBWE\",\"Europ\u00e4ische Bank f\u00fcr Wiederaufbau und Entwicklung\",\"Prognosen\",\"Wirtschaftswachstum\"],\"articleSection\":[\"RRI Aktuell\"],\"inLanguage\":\"de\"},{\"@type\":\"WebPage\",\"@id\":\"https:\\\/\\\/www.rri.ro\\\/de\\\/aktuell\\\/rri-aktuell\\\/gute-aussichten-fuer-die-rumaenische-wirtschaft-id457953.html\",\"url\":\"https:\\\/\\\/www.rri.ro\\\/de\\\/aktuell\\\/rri-aktuell\\\/gute-aussichten-fuer-die-rumaenische-wirtschaft-id457953.html\",\"name\":\"Gute Aussichten f\u00fcr die rum\u00e4nische Wirtschaft - Radio Rum\u00e4nien International\",\"isPartOf\":{\"@id\":\"https:\\\/\\\/www.rri.ro\\\/#website\"},\"primaryImageOfPage\":{\"@id\":\"https:\\\/\\\/www.rri.ro\\\/de\\\/aktuell\\\/rri-aktuell\\\/gute-aussichten-fuer-die-rumaenische-wirtschaft-id457953.html#primaryimage\"},\"image\":{\"@id\":\"https:\\\/\\\/www.rri.ro\\\/de\\\/aktuell\\\/rri-aktuell\\\/gute-aussichten-fuer-die-rumaenische-wirtschaft-id457953.html#primaryimage\"},\"thumbnailUrl\":\"https:\\\/\\\/www.rri.ro\\\/wp-content\\\/uploads\\\/2023\\\/10\\\/economie-cifre-640.png\",\"datePublished\":\"2015-05-15T14:03:00+00:00\",\"dateModified\":\"2024-02-19T18:09:44+00:00\",\"author\":{\"@id\":\"https:\\\/\\\/www.rri.ro\\\/#\\\/schema\\\/person\\\/2d81d5dc94d44190d13245f64551d334\"},\"breadcrumb\":{\"@id\":\"https:\\\/\\\/www.rri.ro\\\/de\\\/aktuell\\\/rri-aktuell\\\/gute-aussichten-fuer-die-rumaenische-wirtschaft-id457953.html#breadcrumb\"},\"inLanguage\":\"de\",\"potentialAction\":[{\"@type\":\"ReadAction\",\"target\":[\"https:\\\/\\\/www.rri.ro\\\/de\\\/aktuell\\\/rri-aktuell\\\/gute-aussichten-fuer-die-rumaenische-wirtschaft-id457953.html\"]}]},{\"@type\":\"ImageObject\",\"inLanguage\":\"de\",\"@id\":\"https:\\\/\\\/www.rri.ro\\\/de\\\/aktuell\\\/rri-aktuell\\\/gute-aussichten-fuer-die-rumaenische-wirtschaft-id457953.html#primaryimage\",\"url\":\"https:\\\/\\\/www.rri.ro\\\/wp-content\\\/uploads\\\/2023\\\/10\\\/economie-cifre-640.png\",\"contentUrl\":\"https:\\\/\\\/www.rri.ro\\\/wp-content\\\/uploads\\\/2023\\\/10\\\/economie-cifre-640.png\",\"width\":640,\"height\":480},{\"@type\":\"BreadcrumbList\",\"@id\":\"https:\\\/\\\/www.rri.ro\\\/de\\\/aktuell\\\/rri-aktuell\\\/gute-aussichten-fuer-die-rumaenische-wirtschaft-id457953.html#breadcrumb\",\"itemListElement\":[{\"@type\":\"ListItem\",\"position\":1,\"name\":\"Startseite\",\"item\":\"https:\\\/\\\/www.rri.ro\\\/de\"},{\"@type\":\"ListItem\",\"position\":2,\"name\":\"Aktuell\",\"item\":\"https:\\\/\\\/www.rri.ro\\\/de\\\/aktuell\"},{\"@type\":\"ListItem\",\"position\":3,\"name\":\"RRI Aktuell\",\"item\":\"https:\\\/\\\/www.rri.ro\\\/de\\\/aktuell\\\/rri-aktuell\"},{\"@type\":\"ListItem\",\"position\":4,\"name\":\"Gute Aussichten f\u00fcr die rum\u00e4nische Wirtschaft\"}]},{\"@type\":\"WebSite\",\"@id\":\"https:\\\/\\\/www.rri.ro\\\/#website\",\"url\":\"https:\\\/\\\/www.rri.ro\\\/\",\"name\":\"Radio Rum\u00e4nien International\",\"description\":\"Totul despre Rom\u00e2nia \u015fi rom\u00e2ni, \u00een 13 limbi\\\/dialecte!\",\"inLanguage\":\"de\"},{\"@type\":\"Person\",\"@id\":\"https:\\\/\\\/www.rri.ro\\\/#\\\/schema\\\/person\\\/2d81d5dc94d44190d13245f64551d334\",\"name\":\"\u015etefan Stoica\",\"url\":\"https:\\\/\\\/www.rri.ro\\\/de\\\/author\\\/stefan-stoica\"}]}<\/script>\n<!-- \/ Yoast SEO plugin. -->","yoast_head_json":{"title":"Gute Aussichten f\u00fcr die rum\u00e4nische Wirtschaft - Radio Rum\u00e4nien International","robots":{"index":"index","follow":"follow","max-snippet":"max-snippet:-1","max-image-preview":"max-image-preview:large","max-video-preview":"max-video-preview:-1"},"canonical":"https:\/\/www.rri.ro\/de\/aktuell\/rri-aktuell\/gute-aussichten-fuer-die-rumaenische-wirtschaft-id457953.html","og_locale":"de_DE","og_type":"article","og_title":"Gute Aussichten f\u00fcr die rum\u00e4nische Wirtschaft - Radio Rum\u00e4nien International","og_description":"Der am Donnerstag, anl\u00e4\u00dflich der j\u00e4hrlichen Generalversammlung der Aktion\u00e4re der Europ\u00e4ischen Bank f\u00fcr Wiederaufbau und Entwicklung ver\u00f6ffentlichte Bericht enth\u00e4lt bessere Prognosen f\u00fcr die rum\u00e4nische Wirtschaft als die vorherigen.","og_url":"https:\/\/www.rri.ro\/de\/aktuell\/rri-aktuell\/gute-aussichten-fuer-die-rumaenische-wirtschaft-id457953.html","og_site_name":"Radio Rum\u00e4nien International","article_published_time":"2015-05-15T14:03:00+00:00","article_modified_time":"2024-02-19T18:09:44+00:00","og_image":[{"width":640,"height":480,"url":"https:\/\/www.rri.ro\/wp-content\/uploads\/2023\/10\/economie-cifre-640.png","type":"image\/png"}],"author":"\u015etefan Stoica","twitter_card":"summary_large_image","twitter_misc":{"Verfasst von":"\u015etefan Stoica","Gesch\u00e4tzte Lesezeit":"2\u00a0Minuten","Written by":"\u015etefan Stoica"},"schema":{"@context":"https:\/\/schema.org","@graph":[{"@type":"Article","@id":"https:\/\/www.rri.ro\/de\/aktuell\/rri-aktuell\/gute-aussichten-fuer-die-rumaenische-wirtschaft-id457953.html#article","isPartOf":{"@id":"https:\/\/www.rri.ro\/de\/aktuell\/rri-aktuell\/gute-aussichten-fuer-die-rumaenische-wirtschaft-id457953.html"},"author":{"name":"\u015etefan Stoica","@id":"https:\/\/www.rri.ro\/#\/schema\/person\/2d81d5dc94d44190d13245f64551d334"},"headline":"Gute Aussichten f\u00fcr die rum\u00e4nische Wirtschaft","datePublished":"2015-05-15T14:03:00+00:00","dateModified":"2024-02-19T18:09:44+00:00","mainEntityOfPage":{"@id":"https:\/\/www.rri.ro\/de\/aktuell\/rri-aktuell\/gute-aussichten-fuer-die-rumaenische-wirtschaft-id457953.html"},"wordCount":391,"image":{"@id":"https:\/\/www.rri.ro\/de\/aktuell\/rri-aktuell\/gute-aussichten-fuer-die-rumaenische-wirtschaft-id457953.html#primaryimage"},"thumbnailUrl":"https:\/\/www.rri.ro\/wp-content\/uploads\/2023\/10\/economie-cifre-640.png","keywords":["EBWE","Europ\u00e4ische Bank f\u00fcr Wiederaufbau und Entwicklung","Prognosen","Wirtschaftswachstum"],"articleSection":["RRI Aktuell"],"inLanguage":"de"},{"@type":"WebPage","@id":"https:\/\/www.rri.ro\/de\/aktuell\/rri-aktuell\/gute-aussichten-fuer-die-rumaenische-wirtschaft-id457953.html","url":"https:\/\/www.rri.ro\/de\/aktuell\/rri-aktuell\/gute-aussichten-fuer-die-rumaenische-wirtschaft-id457953.html","name":"Gute Aussichten f\u00fcr die rum\u00e4nische Wirtschaft - Radio Rum\u00e4nien International","isPartOf":{"@id":"https:\/\/www.rri.ro\/#website"},"primaryImageOfPage":{"@id":"https:\/\/www.rri.ro\/de\/aktuell\/rri-aktuell\/gute-aussichten-fuer-die-rumaenische-wirtschaft-id457953.html#primaryimage"},"image":{"@id":"https:\/\/www.rri.ro\/de\/aktuell\/rri-aktuell\/gute-aussichten-fuer-die-rumaenische-wirtschaft-id457953.html#primaryimage"},"thumbnailUrl":"https:\/\/www.rri.ro\/wp-content\/uploads\/2023\/10\/economie-cifre-640.png","datePublished":"2015-05-15T14:03:00+00:00","dateModified":"2024-02-19T18:09:44+00:00","author":{"@id":"https:\/\/www.rri.ro\/#\/schema\/person\/2d81d5dc94d44190d13245f64551d334"},"breadcrumb":{"@id":"https:\/\/www.rri.ro\/de\/aktuell\/rri-aktuell\/gute-aussichten-fuer-die-rumaenische-wirtschaft-id457953.html#breadcrumb"},"inLanguage":"de","potentialAction":[{"@type":"ReadAction","target":["https:\/\/www.rri.ro\/de\/aktuell\/rri-aktuell\/gute-aussichten-fuer-die-rumaenische-wirtschaft-id457953.html"]}]},{"@type":"ImageObject","inLanguage":"de","@id":"https:\/\/www.rri.ro\/de\/aktuell\/rri-aktuell\/gute-aussichten-fuer-die-rumaenische-wirtschaft-id457953.html#primaryimage","url":"https:\/\/www.rri.ro\/wp-content\/uploads\/2023\/10\/economie-cifre-640.png","contentUrl":"https:\/\/www.rri.ro\/wp-content\/uploads\/2023\/10\/economie-cifre-640.png","width":640,"height":480},{"@type":"BreadcrumbList","@id":"https:\/\/www.rri.ro\/de\/aktuell\/rri-aktuell\/gute-aussichten-fuer-die-rumaenische-wirtschaft-id457953.html#breadcrumb","itemListElement":[{"@type":"ListItem","position":1,"name":"Startseite","item":"https:\/\/www.rri.ro\/de"},{"@type":"ListItem","position":2,"name":"Aktuell","item":"https:\/\/www.rri.ro\/de\/aktuell"},{"@type":"ListItem","position":3,"name":"RRI Aktuell","item":"https:\/\/www.rri.ro\/de\/aktuell\/rri-aktuell"},{"@type":"ListItem","position":4,"name":"Gute Aussichten f\u00fcr die rum\u00e4nische Wirtschaft"}]},{"@type":"WebSite","@id":"https:\/\/www.rri.ro\/#website","url":"https:\/\/www.rri.ro\/","name":"Radio Rum\u00e4nien International","description":"Totul despre Rom\u00e2nia \u015fi rom\u00e2ni, \u00een 13 limbi\/dialecte!","inLanguage":"de"},{"@type":"Person","@id":"https:\/\/www.rri.ro\/#\/schema\/person\/2d81d5dc94d44190d13245f64551d334","name":"\u015etefan Stoica","url":"https:\/\/www.rri.ro\/de\/author\/stefan-stoica"}]}},"_links":{"self":[{"href":"https:\/\/www.rri.ro\/de\/wp-json\/wp\/v2\/posts\/457953","targetHints":{"allow":["GET"]}}],"collection":[{"href":"https:\/\/www.rri.ro\/de\/wp-json\/wp\/v2\/posts"}],"about":[{"href":"https:\/\/www.rri.ro\/de\/wp-json\/wp\/v2\/types\/post"}],"author":[{"embeddable":true,"href":"https:\/\/www.rri.ro\/de\/wp-json\/wp\/v2\/users\/110"}],"replies":[{"embeddable":true,"href":"https:\/\/www.rri.ro\/de\/wp-json\/wp\/v2\/comments?post=457953"}],"version-history":[{"count":0,"href":"https:\/\/www.rri.ro\/de\/wp-json\/wp\/v2\/posts\/457953\/revisions"}],"wp:featuredmedia":[{"embeddable":true,"href":"https:\/\/www.rri.ro\/de\/wp-json\/wp\/v2\/media\/63848"}],"wp:attachment":[{"href":"https:\/\/www.rri.ro\/de\/wp-json\/wp\/v2\/media?parent=457953"}],"wp:term":[{"taxonomy":"category","embeddable":true,"href":"https:\/\/www.rri.ro\/de\/wp-json\/wp\/v2\/categories?post=457953"},{"taxonomy":"post_tag","embeddable":true,"href":"https:\/\/www.rri.ro\/de\/wp-json\/wp\/v2\/tags?post=457953"},{"taxonomy":"author","embeddable":true,"href":"https:\/\/www.rri.ro\/de\/wp-json\/wp\/v2\/coauthors?post=457953"}],"curies":[{"name":"wp","href":"https:\/\/api.w.org\/{rel}","templated":true}]}}