{"id":457954,"date":"2013-08-09T15:36:00","date_gmt":"2013-08-09T12:36:00","guid":{"rendered":"http:\/\/devrri.freshlemon.ro\/aktuell\/festival-des-unabhaengigen-films-beginnt-im-donaudelta-id457954.html"},"modified":"2024-02-19T19:00:50","modified_gmt":"2024-02-19T17:00:50","slug":"festival-des-unabhaengigen-films-beginnt-im-donaudelta","status":"publish","type":"post","link":"https:\/\/www.rri.ro\/de\/aktuell\/rri-aktuell\/festival-des-unabhaengigen-films-beginnt-im-donaudelta-id457954.html","title":{"rendered":"Festival des unabh\u00e4ngigen Films beginnt im Donaudelta"},"content":{"rendered":"<p>Das internationale Filmfestival Anonimul\u201c blickt auf eine 10-j\u00e4hrige Geschichte zur\u00fcck. Eine gute Woche lang werden im beschaulichen Donaudelta-Dorf Sfantu Gheorghe sieben Spielfilme und vierzig Kurzfilme ins Rennen um den Hauptpreis einsteigen.<\/p>\n<p>&#13;<br \/>\n&#13;<\/p>\n<p>&#13;<br \/>\n&#13;<\/p>\n<p>In den vergangenen neun Jahren waren klanghafte Namen bei dem unabh\u00e4ngigen Filmfestival dabei: etwa die Regisseure Peter Greenaway, Ken Loach, Nuri Bilge Ceylan, aber auch oskargekr\u00f6nte Produzenten. Ehrengast des Anonimul\u201c ist in diesem Jahr der ungarische Regisseur Istvan Szabo. Er soll mit dem Festivalpreis f\u00fcr die gesamte Karriere ausgezeichnet werden. Das Publikum hat diese Woche die M\u00f6glichkeit, die wichtigsten Werke Szabos, in Anwesenheit des Regisseurs wiederzusehen. Auf dem Programm stehen etwa Mephisto\u201c, der 1982 den Oscar f\u00fcr den besten fremdsprachigen Film gewann, oder Oberst Redl\u201c, 1985 mit dem Preis der Jury in Cannes geehrt. Szabos neuester Film, The Door\u201c mit Helen Mirren in der Hauptrolle, hatte das Anonimul-Festival im vergangenen Jahr er\u00f6ffnet.<\/p>\n<p>&#13;<br \/>\n&#13;<\/p>\n<p>&#13;<br \/>\n&#13;<\/p>\n<p>F\u00fcr die diesj\u00e4hrige Er\u00f6ffnungsgala am Freitag haben die Veranstalter einen Film ausgew\u00e4hlt, der das Publikum der diesj\u00e4hrigen Berlinale \u00fcberraschte: The Grandmaster\u201c unter der Regie von Wong Kar Wai. F\u00fcr den Abschluss des Festivals im Donaudelta wurde mit Roxanne\u201c von Valentin Hotea das Deb\u00fctwerk eines rum\u00e4nischen Regisseurs ausgew\u00e4hlt.<\/p>\n<p>&#13;<br \/>\n&#13;<\/p>\n<p>&#13;<br \/>\n&#13;<\/p>\n<p><strong><em>\u201cDie von uns und ich glaube auch vom Publikum am meisten erwarteten Momente sind an die Ankunft Istvan Szabos gebunden. Ebenso gespannt bin ich auf den Film von Kar-Wai, der das Festival er\u00f6ffnet und auch die Berlinale im Winter er\u00f6ffnet hat. Einen Film w\u00fcrde ich gerne noch erw\u00e4hnen, den wir mit Spannung erwarten und der nur w\u00e4hrend des Festivals gesehen werden kann, es ist die Rede von\u201dBehind the Candelabra\u201d, unter der Regie von Steven Soderbergh<\/em><\/strong>.\u201d (Festivaldirektorin Miruna Berescu)<\/p>\n<p>&#13;<br \/>\n&#13;<\/p>\n<p>&#13;<br \/>\n&#13;<\/p>\n<p>Der einzige rum\u00e4nische Spielfilm im Wettbewerb ist Matei Bergarbeiterkind\u201c von Alexandra Gulea. Der Vater der Regisseurin, Stere Gulea, wird am selben Tag wie seine Tochter, allerdings au\u200e\u00dferhalb des Wettbewerbs pr\u00e4sentiert. Sein Film hei\u200e\u00dft Ich bin eine Kommunisten-Greisin\u201c, die Hauptrollen spielen Lumini\u0163a Gheorghiu und Ana Ularu.<\/p>\n<p>&#13;<br \/>\n&#13;<\/p>\n<p>&#13;<br \/>\n&#13;<\/p>\n<p>Die 10. Auflage des Festivals des Unabh\u00e4ngigen Films wird von der Stiftung Anonimul, mit Unterst\u00fctzung mehrerer Institutionen veranstaltet. Die Partner sind etwa das Nationale Filmzentrum, der Verband Rum\u00e4nischer Filmemacher, der Kreisrat Tulcea, das Rum\u00e4nische Kulturinstitut und das \u00f6ffentlich-rechtliche Fernsehen. Die Filmvorf\u00fchrungen finden sowohl unter freiem Himmel, als auch in einem Kinosaal statt. Der Eintritt ist w\u00e4hrend des gesamten Festivals frei.  F\u00fcr die Fahrt nach Sfantu Gheorge hat die staatliche Schifffahrtsgesellschaft NAVROM zus\u00e4tzliche Schiffe zur Verf\u00fcgung gestellt. Die Starth\u00e4fen sind Tulcea und Mahmudia.<\/p>\n<p>&#13;<\/p>\n","protected":false},"excerpt":{"rendered":"<p>In einer Ortschaft mit besonderem Flair (Sfantu Gheorghe) beginnt am Wochenende die 10. Auflage des Internationalen Festivals des Unabh\u00e4ngigen Films. Das Festival Anonimul\u201c ist ein Kinowettbewerb und ein Spektakel rum\u00e4nischer und internationaler Werte.<\/p>\n","protected":false},"author":111,"featured_media":44924,"comment_status":"closed","ping_status":"closed","sticky":false,"template":"","format":"standard","meta":{"_acf_changed":false,"footnotes":""},"categories":[99583],"tags":[155110,99974,99973,99589,99975],"coauthors":[],"class_list":["post-457954","post","type-post","status-publish","format-standard","has-post-thumbnail","hentry","category-rri-aktuell","tag-anonimul-de","tag-donaudelta","tag-filmfestival","tag-rumaenien","tag-sfantul-gheorghe"],"acf":[],"yoast_head":"<!-- This site is optimized with the Yoast SEO plugin v27.5 - https:\/\/yoast.com\/product\/yoast-seo-wordpress\/ -->\n<title>Festival des unabh\u00e4ngigen Films beginnt im Donaudelta - Radio Rum\u00e4nien International<\/title>\n<meta name=\"robots\" content=\"index, follow, max-snippet:-1, max-image-preview:large, max-video-preview:-1\" \/>\n<link rel=\"canonical\" href=\"https:\/\/www.rri.ro\/de\/aktuell\/rri-aktuell\/festival-des-unabhaengigen-films-beginnt-im-donaudelta-id457954.html\" \/>\n<meta property=\"og:locale\" content=\"de_DE\" \/>\n<meta property=\"og:type\" content=\"article\" \/>\n<meta property=\"og:title\" content=\"Festival des unabh\u00e4ngigen Films beginnt im Donaudelta - Radio Rum\u00e4nien International\" \/>\n<meta property=\"og:description\" content=\"In einer Ortschaft mit besonderem Flair (Sfantu Gheorghe) beginnt am Wochenende die 10. Auflage des Internationalen Festivals des Unabh\u00e4ngigen Films. Das Festival Anonimul\u201c ist ein Kinowettbewerb und ein Spektakel rum\u00e4nischer und internationaler Werte.\" \/>\n<meta property=\"og:url\" content=\"https:\/\/www.rri.ro\/de\/aktuell\/rri-aktuell\/festival-des-unabhaengigen-films-beginnt-im-donaudelta-id457954.html\" \/>\n<meta property=\"og:site_name\" content=\"Radio Rum\u00e4nien International\" \/>\n<meta property=\"article:published_time\" content=\"2013-08-09T12:36:00+00:00\" \/>\n<meta property=\"article:modified_time\" content=\"2024-02-19T17:00:50+00:00\" \/>\n<meta property=\"og:image\" content=\"https:\/\/www.rri.ro\/wp-content\/uploads\/2023\/10\/anonimul-fesival-2013.jpg\" \/>\n\t<meta property=\"og:image:width\" content=\"950\" \/>\n\t<meta property=\"og:image:height\" content=\"796\" \/>\n\t<meta property=\"og:image:type\" content=\"image\/jpeg\" \/>\n<meta name=\"author\" content=\"Valentin \u021aig\u0103u\" \/>\n<meta name=\"twitter:card\" content=\"summary_large_image\" \/>\n<meta name=\"twitter:label1\" content=\"Verfasst von\" \/>\n\t<meta name=\"twitter:data1\" content=\"Valentin \u021aig\u0103u\" \/>\n\t<meta name=\"twitter:label2\" content=\"Gesch\u00e4tzte Lesezeit\" \/>\n\t<meta name=\"twitter:data2\" content=\"2\u00a0Minuten\" \/>\n\t<meta name=\"twitter:label3\" content=\"Written by\" \/>\n\t<meta name=\"twitter:data3\" content=\"Valentin \u021aig\u0103u\" \/>\n<script type=\"application\/ld+json\" class=\"yoast-schema-graph\">{\"@context\":\"https:\\\/\\\/schema.org\",\"@graph\":[{\"@type\":\"Article\",\"@id\":\"https:\\\/\\\/www.rri.ro\\\/de\\\/aktuell\\\/rri-aktuell\\\/festival-des-unabhaengigen-films-beginnt-im-donaudelta-id457954.html#article\",\"isPartOf\":{\"@id\":\"https:\\\/\\\/www.rri.ro\\\/de\\\/aktuell\\\/rri-aktuell\\\/festival-des-unabhaengigen-films-beginnt-im-donaudelta-id457954.html\"},\"author\":{\"name\":\"Valentin \u021aig\u0103u\",\"@id\":\"https:\\\/\\\/www.rri.ro\\\/#\\\/schema\\\/person\\\/dd2e33092651deba594240e14c678732\"},\"headline\":\"Festival des unabh\u00e4ngigen Films beginnt im Donaudelta\",\"datePublished\":\"2013-08-09T12:36:00+00:00\",\"dateModified\":\"2024-02-19T17:00:50+00:00\",\"mainEntityOfPage\":{\"@id\":\"https:\\\/\\\/www.rri.ro\\\/de\\\/aktuell\\\/rri-aktuell\\\/festival-des-unabhaengigen-films-beginnt-im-donaudelta-id457954.html\"},\"wordCount\":438,\"image\":{\"@id\":\"https:\\\/\\\/www.rri.ro\\\/de\\\/aktuell\\\/rri-aktuell\\\/festival-des-unabhaengigen-films-beginnt-im-donaudelta-id457954.html#primaryimage\"},\"thumbnailUrl\":\"https:\\\/\\\/www.rri.ro\\\/wp-content\\\/uploads\\\/2023\\\/10\\\/anonimul-fesival-2013.jpg\",\"keywords\":[\"ANONIMUL\",\"Donaudelta\",\"Filmfestival\",\"Rum\u00e4nien\",\"Sfantul Gheorghe\"],\"articleSection\":[\"RRI Aktuell\"],\"inLanguage\":\"de\"},{\"@type\":\"WebPage\",\"@id\":\"https:\\\/\\\/www.rri.ro\\\/de\\\/aktuell\\\/rri-aktuell\\\/festival-des-unabhaengigen-films-beginnt-im-donaudelta-id457954.html\",\"url\":\"https:\\\/\\\/www.rri.ro\\\/de\\\/aktuell\\\/rri-aktuell\\\/festival-des-unabhaengigen-films-beginnt-im-donaudelta-id457954.html\",\"name\":\"Festival des unabh\u00e4ngigen Films beginnt im Donaudelta - Radio Rum\u00e4nien International\",\"isPartOf\":{\"@id\":\"https:\\\/\\\/www.rri.ro\\\/#website\"},\"primaryImageOfPage\":{\"@id\":\"https:\\\/\\\/www.rri.ro\\\/de\\\/aktuell\\\/rri-aktuell\\\/festival-des-unabhaengigen-films-beginnt-im-donaudelta-id457954.html#primaryimage\"},\"image\":{\"@id\":\"https:\\\/\\\/www.rri.ro\\\/de\\\/aktuell\\\/rri-aktuell\\\/festival-des-unabhaengigen-films-beginnt-im-donaudelta-id457954.html#primaryimage\"},\"thumbnailUrl\":\"https:\\\/\\\/www.rri.ro\\\/wp-content\\\/uploads\\\/2023\\\/10\\\/anonimul-fesival-2013.jpg\",\"datePublished\":\"2013-08-09T12:36:00+00:00\",\"dateModified\":\"2024-02-19T17:00:50+00:00\",\"author\":{\"@id\":\"https:\\\/\\\/www.rri.ro\\\/#\\\/schema\\\/person\\\/dd2e33092651deba594240e14c678732\"},\"breadcrumb\":{\"@id\":\"https:\\\/\\\/www.rri.ro\\\/de\\\/aktuell\\\/rri-aktuell\\\/festival-des-unabhaengigen-films-beginnt-im-donaudelta-id457954.html#breadcrumb\"},\"inLanguage\":\"de\",\"potentialAction\":[{\"@type\":\"ReadAction\",\"target\":[\"https:\\\/\\\/www.rri.ro\\\/de\\\/aktuell\\\/rri-aktuell\\\/festival-des-unabhaengigen-films-beginnt-im-donaudelta-id457954.html\"]}]},{\"@type\":\"ImageObject\",\"inLanguage\":\"de\",\"@id\":\"https:\\\/\\\/www.rri.ro\\\/de\\\/aktuell\\\/rri-aktuell\\\/festival-des-unabhaengigen-films-beginnt-im-donaudelta-id457954.html#primaryimage\",\"url\":\"https:\\\/\\\/www.rri.ro\\\/wp-content\\\/uploads\\\/2023\\\/10\\\/anonimul-fesival-2013.jpg\",\"contentUrl\":\"https:\\\/\\\/www.rri.ro\\\/wp-content\\\/uploads\\\/2023\\\/10\\\/anonimul-fesival-2013.jpg\",\"width\":950,\"height\":796},{\"@type\":\"BreadcrumbList\",\"@id\":\"https:\\\/\\\/www.rri.ro\\\/de\\\/aktuell\\\/rri-aktuell\\\/festival-des-unabhaengigen-films-beginnt-im-donaudelta-id457954.html#breadcrumb\",\"itemListElement\":[{\"@type\":\"ListItem\",\"position\":1,\"name\":\"Startseite\",\"item\":\"https:\\\/\\\/www.rri.ro\\\/de\"},{\"@type\":\"ListItem\",\"position\":2,\"name\":\"Aktuell\",\"item\":\"https:\\\/\\\/www.rri.ro\\\/de\\\/aktuell\"},{\"@type\":\"ListItem\",\"position\":3,\"name\":\"RRI Aktuell\",\"item\":\"https:\\\/\\\/www.rri.ro\\\/de\\\/aktuell\\\/rri-aktuell\"},{\"@type\":\"ListItem\",\"position\":4,\"name\":\"Festival des unabh\u00e4ngigen Films beginnt im Donaudelta\"}]},{\"@type\":\"WebSite\",\"@id\":\"https:\\\/\\\/www.rri.ro\\\/#website\",\"url\":\"https:\\\/\\\/www.rri.ro\\\/\",\"name\":\"Radio Rum\u00e4nien International\",\"description\":\"Totul despre Rom\u00e2nia \u015fi rom\u00e2ni, \u00een 13 limbi\\\/dialecte!\",\"inLanguage\":\"de\"},{\"@type\":\"Person\",\"@id\":\"https:\\\/\\\/www.rri.ro\\\/#\\\/schema\\\/person\\\/dd2e33092651deba594240e14c678732\",\"name\":\"Valentin \u021aig\u0103u\",\"url\":\"https:\\\/\\\/www.rri.ro\\\/de\\\/author\\\/valentin-tigau\"}]}<\/script>\n<!-- \/ Yoast SEO plugin. -->","yoast_head_json":{"title":"Festival des unabh\u00e4ngigen Films beginnt im Donaudelta - Radio Rum\u00e4nien International","robots":{"index":"index","follow":"follow","max-snippet":"max-snippet:-1","max-image-preview":"max-image-preview:large","max-video-preview":"max-video-preview:-1"},"canonical":"https:\/\/www.rri.ro\/de\/aktuell\/rri-aktuell\/festival-des-unabhaengigen-films-beginnt-im-donaudelta-id457954.html","og_locale":"de_DE","og_type":"article","og_title":"Festival des unabh\u00e4ngigen Films beginnt im Donaudelta - Radio Rum\u00e4nien International","og_description":"In einer Ortschaft mit besonderem Flair (Sfantu Gheorghe) beginnt am Wochenende die 10. Auflage des Internationalen Festivals des Unabh\u00e4ngigen Films. Das Festival Anonimul\u201c ist ein Kinowettbewerb und ein Spektakel rum\u00e4nischer und internationaler Werte.","og_url":"https:\/\/www.rri.ro\/de\/aktuell\/rri-aktuell\/festival-des-unabhaengigen-films-beginnt-im-donaudelta-id457954.html","og_site_name":"Radio Rum\u00e4nien International","article_published_time":"2013-08-09T12:36:00+00:00","article_modified_time":"2024-02-19T17:00:50+00:00","og_image":[{"width":950,"height":796,"url":"https:\/\/www.rri.ro\/wp-content\/uploads\/2023\/10\/anonimul-fesival-2013.jpg","type":"image\/jpeg"}],"author":"Valentin \u021aig\u0103u","twitter_card":"summary_large_image","twitter_misc":{"Verfasst von":"Valentin \u021aig\u0103u","Gesch\u00e4tzte Lesezeit":"2\u00a0Minuten","Written by":"Valentin \u021aig\u0103u"},"schema":{"@context":"https:\/\/schema.org","@graph":[{"@type":"Article","@id":"https:\/\/www.rri.ro\/de\/aktuell\/rri-aktuell\/festival-des-unabhaengigen-films-beginnt-im-donaudelta-id457954.html#article","isPartOf":{"@id":"https:\/\/www.rri.ro\/de\/aktuell\/rri-aktuell\/festival-des-unabhaengigen-films-beginnt-im-donaudelta-id457954.html"},"author":{"name":"Valentin \u021aig\u0103u","@id":"https:\/\/www.rri.ro\/#\/schema\/person\/dd2e33092651deba594240e14c678732"},"headline":"Festival des unabh\u00e4ngigen Films beginnt im Donaudelta","datePublished":"2013-08-09T12:36:00+00:00","dateModified":"2024-02-19T17:00:50+00:00","mainEntityOfPage":{"@id":"https:\/\/www.rri.ro\/de\/aktuell\/rri-aktuell\/festival-des-unabhaengigen-films-beginnt-im-donaudelta-id457954.html"},"wordCount":438,"image":{"@id":"https:\/\/www.rri.ro\/de\/aktuell\/rri-aktuell\/festival-des-unabhaengigen-films-beginnt-im-donaudelta-id457954.html#primaryimage"},"thumbnailUrl":"https:\/\/www.rri.ro\/wp-content\/uploads\/2023\/10\/anonimul-fesival-2013.jpg","keywords":["ANONIMUL","Donaudelta","Filmfestival","Rum\u00e4nien","Sfantul Gheorghe"],"articleSection":["RRI Aktuell"],"inLanguage":"de"},{"@type":"WebPage","@id":"https:\/\/www.rri.ro\/de\/aktuell\/rri-aktuell\/festival-des-unabhaengigen-films-beginnt-im-donaudelta-id457954.html","url":"https:\/\/www.rri.ro\/de\/aktuell\/rri-aktuell\/festival-des-unabhaengigen-films-beginnt-im-donaudelta-id457954.html","name":"Festival des unabh\u00e4ngigen Films beginnt im Donaudelta - Radio Rum\u00e4nien International","isPartOf":{"@id":"https:\/\/www.rri.ro\/#website"},"primaryImageOfPage":{"@id":"https:\/\/www.rri.ro\/de\/aktuell\/rri-aktuell\/festival-des-unabhaengigen-films-beginnt-im-donaudelta-id457954.html#primaryimage"},"image":{"@id":"https:\/\/www.rri.ro\/de\/aktuell\/rri-aktuell\/festival-des-unabhaengigen-films-beginnt-im-donaudelta-id457954.html#primaryimage"},"thumbnailUrl":"https:\/\/www.rri.ro\/wp-content\/uploads\/2023\/10\/anonimul-fesival-2013.jpg","datePublished":"2013-08-09T12:36:00+00:00","dateModified":"2024-02-19T17:00:50+00:00","author":{"@id":"https:\/\/www.rri.ro\/#\/schema\/person\/dd2e33092651deba594240e14c678732"},"breadcrumb":{"@id":"https:\/\/www.rri.ro\/de\/aktuell\/rri-aktuell\/festival-des-unabhaengigen-films-beginnt-im-donaudelta-id457954.html#breadcrumb"},"inLanguage":"de","potentialAction":[{"@type":"ReadAction","target":["https:\/\/www.rri.ro\/de\/aktuell\/rri-aktuell\/festival-des-unabhaengigen-films-beginnt-im-donaudelta-id457954.html"]}]},{"@type":"ImageObject","inLanguage":"de","@id":"https:\/\/www.rri.ro\/de\/aktuell\/rri-aktuell\/festival-des-unabhaengigen-films-beginnt-im-donaudelta-id457954.html#primaryimage","url":"https:\/\/www.rri.ro\/wp-content\/uploads\/2023\/10\/anonimul-fesival-2013.jpg","contentUrl":"https:\/\/www.rri.ro\/wp-content\/uploads\/2023\/10\/anonimul-fesival-2013.jpg","width":950,"height":796},{"@type":"BreadcrumbList","@id":"https:\/\/www.rri.ro\/de\/aktuell\/rri-aktuell\/festival-des-unabhaengigen-films-beginnt-im-donaudelta-id457954.html#breadcrumb","itemListElement":[{"@type":"ListItem","position":1,"name":"Startseite","item":"https:\/\/www.rri.ro\/de"},{"@type":"ListItem","position":2,"name":"Aktuell","item":"https:\/\/www.rri.ro\/de\/aktuell"},{"@type":"ListItem","position":3,"name":"RRI Aktuell","item":"https:\/\/www.rri.ro\/de\/aktuell\/rri-aktuell"},{"@type":"ListItem","position":4,"name":"Festival des unabh\u00e4ngigen Films beginnt im Donaudelta"}]},{"@type":"WebSite","@id":"https:\/\/www.rri.ro\/#website","url":"https:\/\/www.rri.ro\/","name":"Radio Rum\u00e4nien International","description":"Totul despre Rom\u00e2nia \u015fi rom\u00e2ni, \u00een 13 limbi\/dialecte!","inLanguage":"de"},{"@type":"Person","@id":"https:\/\/www.rri.ro\/#\/schema\/person\/dd2e33092651deba594240e14c678732","name":"Valentin \u021aig\u0103u","url":"https:\/\/www.rri.ro\/de\/author\/valentin-tigau"}]}},"_links":{"self":[{"href":"https:\/\/www.rri.ro\/de\/wp-json\/wp\/v2\/posts\/457954","targetHints":{"allow":["GET"]}}],"collection":[{"href":"https:\/\/www.rri.ro\/de\/wp-json\/wp\/v2\/posts"}],"about":[{"href":"https:\/\/www.rri.ro\/de\/wp-json\/wp\/v2\/types\/post"}],"author":[{"embeddable":true,"href":"https:\/\/www.rri.ro\/de\/wp-json\/wp\/v2\/users\/111"}],"replies":[{"embeddable":true,"href":"https:\/\/www.rri.ro\/de\/wp-json\/wp\/v2\/comments?post=457954"}],"version-history":[{"count":0,"href":"https:\/\/www.rri.ro\/de\/wp-json\/wp\/v2\/posts\/457954\/revisions"}],"wp:featuredmedia":[{"embeddable":true,"href":"https:\/\/www.rri.ro\/de\/wp-json\/wp\/v2\/media\/44924"}],"wp:attachment":[{"href":"https:\/\/www.rri.ro\/de\/wp-json\/wp\/v2\/media?parent=457954"}],"wp:term":[{"taxonomy":"category","embeddable":true,"href":"https:\/\/www.rri.ro\/de\/wp-json\/wp\/v2\/categories?post=457954"},{"taxonomy":"post_tag","embeddable":true,"href":"https:\/\/www.rri.ro\/de\/wp-json\/wp\/v2\/tags?post=457954"},{"taxonomy":"author","embeddable":true,"href":"https:\/\/www.rri.ro\/de\/wp-json\/wp\/v2\/coauthors?post=457954"}],"curies":[{"name":"wp","href":"https:\/\/api.w.org\/{rel}","templated":true}]}}