{"id":458058,"date":"2013-10-04T15:04:00","date_gmt":"2013-10-04T12:04:00","guid":{"rendered":"http:\/\/devrri.freshlemon.ro\/aktuell\/die-lage-der-rumaenischen-politik-spitzt-sich-zu-id458058.html"},"modified":"2024-02-19T19:03:35","modified_gmt":"2024-02-19T17:03:35","slug":"die-lage-der-rumaenischen-politik-spitzt-sich-zu","status":"publish","type":"post","link":"https:\/\/www.rri.ro\/de\/aktuell\/rri-aktuell\/die-lage-der-rumaenischen-politik-spitzt-sich-zu-id458058.html","title":{"rendered":"Die Lage der rum\u00e4nischen Politik spitzt sich zu"},"content":{"rendered":"<p>Im Sommer letzen Jahres wurde die Entlassung des rum\u00e4nischen Pr\u00e4sidenten Traian B\u0103sescu infolge eines Referendums, die von der sozialistischen und liberalen Parlamentsmehrheit angestrebt wurde, nur durch die Nichterreichung der Mindesbeteiligungsquote verhindert. Nach dem sich die Lage beruhigt hat, haben der Staatschef und der Ministerpr\u00e4sident Victor Ponta eine Kohabitationsvereinbarung unterzeichnet, wodurch sie sich verpflichtet haben, im Interesse des Landes, sich von \u00f6ffentlichen Disputen zu enthalten und sich auf die laufenden Verwaltungsfragen zu konzentrieren.<\/p>\n<p>&#13;<br \/>\n&#13;<\/p>\n<p>&#13;<br \/>\n&#13;<\/p>\n<p>Der kalte Krieg ist aber auf dem Weg sich wieder aufzuheizen. Die gegenseitigen Vorw\u00fcrfe beziehen sich auf vergangene Augenblicke, die \u00fcberwunden zu sein schienen. Der Pr\u00e4sident erkl\u00e4rte sich f\u00fcr besorgt, dass der Ministerpr\u00e4sident in den letzen Tagen auf eine Weise, wie nie zuvor seit dem EU-Beitritt Rum\u00e4niens 2007, in die Justiz eingegriffen habe. Der Vorwurf kommt nachdem der Generalstaatsanwalt Tiberiu Ni\u0163u einen der Chefs der Nationalen Antikorruptionsbeh\u00f6rde ersetzt hat. Basescu forderte sowohl Ni\u0163u, als auch Justizminister Robert Cazanciuc auf, die Satzung dieser Beh\u00f6rde einzuhalten. Der Pr\u00e4sident drohte auch mit der K\u00fcndigung der Vereinbarung mit dem Premierminister.<\/p>\n<p>&#13;<br \/>\n&#13;<\/p>\n<p>&#13;<br \/>\n&#13;<\/p>\n<p>Traian <em>B\u0103sescu Ich b\u00fcrge nicht mehr f\u00fcr Victor Ponta, denn er hat die Vereinbarung schwerwiegend verletzt. Er hat die Justiz mit den F\u00fc\u200e\u00dfen getreten.\u201c<\/em><\/p>\n<p>&#13;<br \/>\n&#13;<\/p>\n<p>&#13;<br \/>\n&#13;<\/p>\n<p>Als Antwort sagte Ponta, dass er die Vereinbarung nicht brechen wird, denn das Land brauche Stabilit\u00e4t. Der Regierungschef sagte, dass der betreffende Staatsanwalt nicht wegen der bearbeiteten Akten ersezt wurde, sondern weil sein Mandat abgelaufen sei.<\/p>\n<p>&#13;<br \/>\n&#13;<\/p>\n<p>&#13;<br \/>\n&#13;<\/p>\n<p>Victor Ponta: <em>Ich sage Ihnen noch einmal und ich mache den Herrn Pr\u00e4sidenten Traian Basescu darauf aufmerksam: wir haben einen Schritt nach vorne gemacht. Staatsanw\u00e4lte werden nicht ernannt, weil es Basescu oder Ponta sagen. So ist es nun mal, auch wenn es ihm nicht passt. So war er es in den vergangenen neun Jahren gew\u00f6hnt. Er hat unser Leben kontrolliert, indem er auf den Tisch gehauen hat. Die Unabh\u00e4ngigkeit der Justiz hat er so aufgefasst, dass er nur die Personen ernennt, die er haben will und die ihm gehorchen\u201c.<\/em><\/p>\n<p>&#13;<br \/>\n&#13;<\/p>\n<p>&#13;<br \/>\n&#13;<\/p>\n<p>Laut Kommentatoren k\u00f6nnte der neue Krieg zwischen den Staatsgewalten die Verwaltung erneut lahm legen. Au\u200e\u00dferdem, wird dieser unvermeindlich den Lauf der sogennanten Schweren Akten\u201d der Antikorruptionsbeh\u00f6rde beeintr\u00e4chtigen. Hauptdarsteller der besagten Akten sind gro\u200e\u00dfe Poltiker sowohl von der Regierung, als auch aus der Opposition.<\/p>\n<p>&#13;<\/p>\n","protected":false},"excerpt":{"rendered":"<p>Die Beziehung zwischen der Pr\u00e4sidentschaft und der Regierung in Bukarest, die bisher einem Kalten Krieg \u00e4hnelte, tendiert nun sich stark auszuspitzen. Thema diesmal ist die Funktion des rum\u00e4nischen Justizsystems.<\/p>\n","protected":false},"author":105,"featured_media":397089,"comment_status":"closed","ping_status":"closed","sticky":false,"template":"","format":"standard","meta":{"_acf_changed":false,"footnotes":""},"categories":[99583],"tags":[99671,99670,99625,29414,169260],"coauthors":[],"class_list":["post-458058","post","type-post","status-publish","format-standard","has-post-thumbnail","hentry","category-rri-aktuell","tag-antikorruptionsbehoerde","tag-generalstaatsanwaltschaft","tag-justiz","tag-traian-basescu","tag-victor-ponta-de"],"acf":[],"yoast_head":"<!-- This site is optimized with the Yoast SEO plugin v27.3 - https:\/\/yoast.com\/product\/yoast-seo-wordpress\/ -->\n<title>Die Lage der rum\u00e4nischen Politik spitzt sich zu - Radio Rum\u00e4nien International<\/title>\n<meta name=\"robots\" content=\"index, follow, max-snippet:-1, max-image-preview:large, max-video-preview:-1\" \/>\n<link rel=\"canonical\" href=\"https:\/\/www.rri.ro\/de\/aktuell\/rri-aktuell\/die-lage-der-rumaenischen-politik-spitzt-sich-zu-id458058.html\" \/>\n<meta property=\"og:locale\" content=\"de_DE\" \/>\n<meta property=\"og:type\" content=\"article\" \/>\n<meta property=\"og:title\" content=\"Die Lage der rum\u00e4nischen Politik spitzt sich zu - Radio Rum\u00e4nien International\" \/>\n<meta property=\"og:description\" content=\"Die Beziehung zwischen der Pr\u00e4sidentschaft und der Regierung in Bukarest, die bisher einem Kalten Krieg \u00e4hnelte, tendiert nun sich stark auszuspitzen. Thema diesmal ist die Funktion des rum\u00e4nischen Justizsystems.\" \/>\n<meta property=\"og:url\" content=\"https:\/\/www.rri.ro\/de\/aktuell\/rri-aktuell\/die-lage-der-rumaenischen-politik-spitzt-sich-zu-id458058.html\" \/>\n<meta property=\"og:site_name\" content=\"Radio Rum\u00e4nien International\" \/>\n<meta property=\"article:published_time\" content=\"2013-10-04T12:04:00+00:00\" \/>\n<meta property=\"article:modified_time\" content=\"2024-02-19T17:03:35+00:00\" \/>\n<meta property=\"og:image\" content=\"https:\/\/www.rri.ro\/wp-content\/uploads\/2023\/10\/Traian-Basescu-Cotroceni.jpg\" \/>\n\t<meta property=\"og:image:width\" content=\"450\" \/>\n\t<meta property=\"og:image:height\" content=\"337\" \/>\n\t<meta property=\"og:image:type\" content=\"image\/jpeg\" \/>\n<meta name=\"author\" content=\"Bogdan Matei\" \/>\n<meta name=\"twitter:card\" content=\"summary_large_image\" \/>\n<meta name=\"twitter:label1\" content=\"Verfasst von\" \/>\n\t<meta name=\"twitter:data1\" content=\"Bogdan Matei\" \/>\n\t<meta name=\"twitter:label2\" content=\"Gesch\u00e4tzte Lesezeit\" \/>\n\t<meta name=\"twitter:data2\" content=\"2\u00a0Minuten\" \/>\n\t<meta name=\"twitter:label3\" content=\"Written by\" \/>\n\t<meta name=\"twitter:data3\" content=\"Bogdan Matei\" \/>\n<script type=\"application\/ld+json\" class=\"yoast-schema-graph\">{\"@context\":\"https:\\\/\\\/schema.org\",\"@graph\":[{\"@type\":\"Article\",\"@id\":\"https:\\\/\\\/www.rri.ro\\\/de\\\/aktuell\\\/rri-aktuell\\\/die-lage-der-rumaenischen-politik-spitzt-sich-zu-id458058.html#article\",\"isPartOf\":{\"@id\":\"https:\\\/\\\/www.rri.ro\\\/de\\\/aktuell\\\/rri-aktuell\\\/die-lage-der-rumaenischen-politik-spitzt-sich-zu-id458058.html\"},\"author\":{\"name\":\"Bogdan Matei\",\"@id\":\"https:\\\/\\\/www.rri.ro\\\/#\\\/schema\\\/person\\\/0ed327d40678578e6dbb840527e3ba32\"},\"headline\":\"Die Lage der rum\u00e4nischen Politik spitzt sich zu\",\"datePublished\":\"2013-10-04T12:04:00+00:00\",\"dateModified\":\"2024-02-19T17:03:35+00:00\",\"mainEntityOfPage\":{\"@id\":\"https:\\\/\\\/www.rri.ro\\\/de\\\/aktuell\\\/rri-aktuell\\\/die-lage-der-rumaenischen-politik-spitzt-sich-zu-id458058.html\"},\"wordCount\":398,\"image\":{\"@id\":\"https:\\\/\\\/www.rri.ro\\\/de\\\/aktuell\\\/rri-aktuell\\\/die-lage-der-rumaenischen-politik-spitzt-sich-zu-id458058.html#primaryimage\"},\"thumbnailUrl\":\"https:\\\/\\\/www.rri.ro\\\/wp-content\\\/uploads\\\/2023\\\/10\\\/Traian-Basescu-Cotroceni.jpg\",\"keywords\":[\"Antikorruptionsbeh\u00f6rde\",\"Generalstaatsanwaltschaft\",\"Justiz\",\"Traian Basescu\",\"Victor Ponta\"],\"articleSection\":[\"RRI Aktuell\"],\"inLanguage\":\"de\"},{\"@type\":\"WebPage\",\"@id\":\"https:\\\/\\\/www.rri.ro\\\/de\\\/aktuell\\\/rri-aktuell\\\/die-lage-der-rumaenischen-politik-spitzt-sich-zu-id458058.html\",\"url\":\"https:\\\/\\\/www.rri.ro\\\/de\\\/aktuell\\\/rri-aktuell\\\/die-lage-der-rumaenischen-politik-spitzt-sich-zu-id458058.html\",\"name\":\"Die Lage der rum\u00e4nischen Politik spitzt sich zu - Radio Rum\u00e4nien International\",\"isPartOf\":{\"@id\":\"https:\\\/\\\/www.rri.ro\\\/#website\"},\"primaryImageOfPage\":{\"@id\":\"https:\\\/\\\/www.rri.ro\\\/de\\\/aktuell\\\/rri-aktuell\\\/die-lage-der-rumaenischen-politik-spitzt-sich-zu-id458058.html#primaryimage\"},\"image\":{\"@id\":\"https:\\\/\\\/www.rri.ro\\\/de\\\/aktuell\\\/rri-aktuell\\\/die-lage-der-rumaenischen-politik-spitzt-sich-zu-id458058.html#primaryimage\"},\"thumbnailUrl\":\"https:\\\/\\\/www.rri.ro\\\/wp-content\\\/uploads\\\/2023\\\/10\\\/Traian-Basescu-Cotroceni.jpg\",\"datePublished\":\"2013-10-04T12:04:00+00:00\",\"dateModified\":\"2024-02-19T17:03:35+00:00\",\"author\":{\"@id\":\"https:\\\/\\\/www.rri.ro\\\/#\\\/schema\\\/person\\\/0ed327d40678578e6dbb840527e3ba32\"},\"breadcrumb\":{\"@id\":\"https:\\\/\\\/www.rri.ro\\\/de\\\/aktuell\\\/rri-aktuell\\\/die-lage-der-rumaenischen-politik-spitzt-sich-zu-id458058.html#breadcrumb\"},\"inLanguage\":\"de\",\"potentialAction\":[{\"@type\":\"ReadAction\",\"target\":[\"https:\\\/\\\/www.rri.ro\\\/de\\\/aktuell\\\/rri-aktuell\\\/die-lage-der-rumaenischen-politik-spitzt-sich-zu-id458058.html\"]}]},{\"@type\":\"ImageObject\",\"inLanguage\":\"de\",\"@id\":\"https:\\\/\\\/www.rri.ro\\\/de\\\/aktuell\\\/rri-aktuell\\\/die-lage-der-rumaenischen-politik-spitzt-sich-zu-id458058.html#primaryimage\",\"url\":\"https:\\\/\\\/www.rri.ro\\\/wp-content\\\/uploads\\\/2023\\\/10\\\/Traian-Basescu-Cotroceni.jpg\",\"contentUrl\":\"https:\\\/\\\/www.rri.ro\\\/wp-content\\\/uploads\\\/2023\\\/10\\\/Traian-Basescu-Cotroceni.jpg\",\"width\":450,\"height\":337},{\"@type\":\"BreadcrumbList\",\"@id\":\"https:\\\/\\\/www.rri.ro\\\/de\\\/aktuell\\\/rri-aktuell\\\/die-lage-der-rumaenischen-politik-spitzt-sich-zu-id458058.html#breadcrumb\",\"itemListElement\":[{\"@type\":\"ListItem\",\"position\":1,\"name\":\"Startseite\",\"item\":\"https:\\\/\\\/www.rri.ro\\\/de\"},{\"@type\":\"ListItem\",\"position\":2,\"name\":\"Aktuell\",\"item\":\"https:\\\/\\\/www.rri.ro\\\/de\\\/aktuell\"},{\"@type\":\"ListItem\",\"position\":3,\"name\":\"RRI Aktuell\",\"item\":\"https:\\\/\\\/www.rri.ro\\\/de\\\/aktuell\\\/rri-aktuell\"},{\"@type\":\"ListItem\",\"position\":4,\"name\":\"Die Lage der rum\u00e4nischen Politik spitzt sich zu\"}]},{\"@type\":\"WebSite\",\"@id\":\"https:\\\/\\\/www.rri.ro\\\/#website\",\"url\":\"https:\\\/\\\/www.rri.ro\\\/\",\"name\":\"Radio Rum\u00e4nien International\",\"description\":\"Totul despre Rom\u00e2nia \u015fi rom\u00e2ni, \u00een 13 limbi\\\/dialecte!\",\"inLanguage\":\"de\"},{\"@type\":\"Person\",\"@id\":\"https:\\\/\\\/www.rri.ro\\\/#\\\/schema\\\/person\\\/0ed327d40678578e6dbb840527e3ba32\",\"name\":\"Bogdan Matei\",\"url\":\"https:\\\/\\\/www.rri.ro\\\/de\\\/author\\\/bogdan-matei\"}]}<\/script>\n<!-- \/ Yoast SEO plugin. -->","yoast_head_json":{"title":"Die Lage der rum\u00e4nischen Politik spitzt sich zu - Radio Rum\u00e4nien International","robots":{"index":"index","follow":"follow","max-snippet":"max-snippet:-1","max-image-preview":"max-image-preview:large","max-video-preview":"max-video-preview:-1"},"canonical":"https:\/\/www.rri.ro\/de\/aktuell\/rri-aktuell\/die-lage-der-rumaenischen-politik-spitzt-sich-zu-id458058.html","og_locale":"de_DE","og_type":"article","og_title":"Die Lage der rum\u00e4nischen Politik spitzt sich zu - Radio Rum\u00e4nien International","og_description":"Die Beziehung zwischen der Pr\u00e4sidentschaft und der Regierung in Bukarest, die bisher einem Kalten Krieg \u00e4hnelte, tendiert nun sich stark auszuspitzen. Thema diesmal ist die Funktion des rum\u00e4nischen Justizsystems.","og_url":"https:\/\/www.rri.ro\/de\/aktuell\/rri-aktuell\/die-lage-der-rumaenischen-politik-spitzt-sich-zu-id458058.html","og_site_name":"Radio Rum\u00e4nien International","article_published_time":"2013-10-04T12:04:00+00:00","article_modified_time":"2024-02-19T17:03:35+00:00","og_image":[{"width":450,"height":337,"url":"https:\/\/www.rri.ro\/wp-content\/uploads\/2023\/10\/Traian-Basescu-Cotroceni.jpg","type":"image\/jpeg"}],"author":"Bogdan Matei","twitter_card":"summary_large_image","twitter_misc":{"Verfasst von":"Bogdan Matei","Gesch\u00e4tzte Lesezeit":"2\u00a0Minuten","Written by":"Bogdan Matei"},"schema":{"@context":"https:\/\/schema.org","@graph":[{"@type":"Article","@id":"https:\/\/www.rri.ro\/de\/aktuell\/rri-aktuell\/die-lage-der-rumaenischen-politik-spitzt-sich-zu-id458058.html#article","isPartOf":{"@id":"https:\/\/www.rri.ro\/de\/aktuell\/rri-aktuell\/die-lage-der-rumaenischen-politik-spitzt-sich-zu-id458058.html"},"author":{"name":"Bogdan Matei","@id":"https:\/\/www.rri.ro\/#\/schema\/person\/0ed327d40678578e6dbb840527e3ba32"},"headline":"Die Lage der rum\u00e4nischen Politik spitzt sich zu","datePublished":"2013-10-04T12:04:00+00:00","dateModified":"2024-02-19T17:03:35+00:00","mainEntityOfPage":{"@id":"https:\/\/www.rri.ro\/de\/aktuell\/rri-aktuell\/die-lage-der-rumaenischen-politik-spitzt-sich-zu-id458058.html"},"wordCount":398,"image":{"@id":"https:\/\/www.rri.ro\/de\/aktuell\/rri-aktuell\/die-lage-der-rumaenischen-politik-spitzt-sich-zu-id458058.html#primaryimage"},"thumbnailUrl":"https:\/\/www.rri.ro\/wp-content\/uploads\/2023\/10\/Traian-Basescu-Cotroceni.jpg","keywords":["Antikorruptionsbeh\u00f6rde","Generalstaatsanwaltschaft","Justiz","Traian Basescu","Victor Ponta"],"articleSection":["RRI Aktuell"],"inLanguage":"de"},{"@type":"WebPage","@id":"https:\/\/www.rri.ro\/de\/aktuell\/rri-aktuell\/die-lage-der-rumaenischen-politik-spitzt-sich-zu-id458058.html","url":"https:\/\/www.rri.ro\/de\/aktuell\/rri-aktuell\/die-lage-der-rumaenischen-politik-spitzt-sich-zu-id458058.html","name":"Die Lage der rum\u00e4nischen Politik spitzt sich zu - Radio Rum\u00e4nien International","isPartOf":{"@id":"https:\/\/www.rri.ro\/#website"},"primaryImageOfPage":{"@id":"https:\/\/www.rri.ro\/de\/aktuell\/rri-aktuell\/die-lage-der-rumaenischen-politik-spitzt-sich-zu-id458058.html#primaryimage"},"image":{"@id":"https:\/\/www.rri.ro\/de\/aktuell\/rri-aktuell\/die-lage-der-rumaenischen-politik-spitzt-sich-zu-id458058.html#primaryimage"},"thumbnailUrl":"https:\/\/www.rri.ro\/wp-content\/uploads\/2023\/10\/Traian-Basescu-Cotroceni.jpg","datePublished":"2013-10-04T12:04:00+00:00","dateModified":"2024-02-19T17:03:35+00:00","author":{"@id":"https:\/\/www.rri.ro\/#\/schema\/person\/0ed327d40678578e6dbb840527e3ba32"},"breadcrumb":{"@id":"https:\/\/www.rri.ro\/de\/aktuell\/rri-aktuell\/die-lage-der-rumaenischen-politik-spitzt-sich-zu-id458058.html#breadcrumb"},"inLanguage":"de","potentialAction":[{"@type":"ReadAction","target":["https:\/\/www.rri.ro\/de\/aktuell\/rri-aktuell\/die-lage-der-rumaenischen-politik-spitzt-sich-zu-id458058.html"]}]},{"@type":"ImageObject","inLanguage":"de","@id":"https:\/\/www.rri.ro\/de\/aktuell\/rri-aktuell\/die-lage-der-rumaenischen-politik-spitzt-sich-zu-id458058.html#primaryimage","url":"https:\/\/www.rri.ro\/wp-content\/uploads\/2023\/10\/Traian-Basescu-Cotroceni.jpg","contentUrl":"https:\/\/www.rri.ro\/wp-content\/uploads\/2023\/10\/Traian-Basescu-Cotroceni.jpg","width":450,"height":337},{"@type":"BreadcrumbList","@id":"https:\/\/www.rri.ro\/de\/aktuell\/rri-aktuell\/die-lage-der-rumaenischen-politik-spitzt-sich-zu-id458058.html#breadcrumb","itemListElement":[{"@type":"ListItem","position":1,"name":"Startseite","item":"https:\/\/www.rri.ro\/de"},{"@type":"ListItem","position":2,"name":"Aktuell","item":"https:\/\/www.rri.ro\/de\/aktuell"},{"@type":"ListItem","position":3,"name":"RRI Aktuell","item":"https:\/\/www.rri.ro\/de\/aktuell\/rri-aktuell"},{"@type":"ListItem","position":4,"name":"Die Lage der rum\u00e4nischen Politik spitzt sich zu"}]},{"@type":"WebSite","@id":"https:\/\/www.rri.ro\/#website","url":"https:\/\/www.rri.ro\/","name":"Radio Rum\u00e4nien International","description":"Totul despre Rom\u00e2nia \u015fi rom\u00e2ni, \u00een 13 limbi\/dialecte!","inLanguage":"de"},{"@type":"Person","@id":"https:\/\/www.rri.ro\/#\/schema\/person\/0ed327d40678578e6dbb840527e3ba32","name":"Bogdan Matei","url":"https:\/\/www.rri.ro\/de\/author\/bogdan-matei"}]}},"_links":{"self":[{"href":"https:\/\/www.rri.ro\/de\/wp-json\/wp\/v2\/posts\/458058","targetHints":{"allow":["GET"]}}],"collection":[{"href":"https:\/\/www.rri.ro\/de\/wp-json\/wp\/v2\/posts"}],"about":[{"href":"https:\/\/www.rri.ro\/de\/wp-json\/wp\/v2\/types\/post"}],"author":[{"embeddable":true,"href":"https:\/\/www.rri.ro\/de\/wp-json\/wp\/v2\/users\/105"}],"replies":[{"embeddable":true,"href":"https:\/\/www.rri.ro\/de\/wp-json\/wp\/v2\/comments?post=458058"}],"version-history":[{"count":0,"href":"https:\/\/www.rri.ro\/de\/wp-json\/wp\/v2\/posts\/458058\/revisions"}],"wp:featuredmedia":[{"embeddable":true,"href":"https:\/\/www.rri.ro\/de\/wp-json\/wp\/v2\/media\/397089"}],"wp:attachment":[{"href":"https:\/\/www.rri.ro\/de\/wp-json\/wp\/v2\/media?parent=458058"}],"wp:term":[{"taxonomy":"category","embeddable":true,"href":"https:\/\/www.rri.ro\/de\/wp-json\/wp\/v2\/categories?post=458058"},{"taxonomy":"post_tag","embeddable":true,"href":"https:\/\/www.rri.ro\/de\/wp-json\/wp\/v2\/tags?post=458058"},{"taxonomy":"author","embeddable":true,"href":"https:\/\/www.rri.ro\/de\/wp-json\/wp\/v2\/coauthors?post=458058"}],"curies":[{"name":"wp","href":"https:\/\/api.w.org\/{rel}","templated":true}]}}