{"id":458118,"date":"2013-11-20T14:46:00","date_gmt":"2013-11-20T12:46:00","guid":{"rendered":"http:\/\/devrri.freshlemon.ro\/aktuell\/rumaenien-unterstuetzt-die-annaeherung-der-republik-moldau-an-eu-id458118.html"},"modified":"2024-02-19T19:11:18","modified_gmt":"2024-02-19T17:11:18","slug":"rumaenien-unterstuetzt-die-annaeherung-der-republik-moldau-an-eu","status":"publish","type":"post","link":"https:\/\/www.rri.ro\/de\/aktuell\/rri-aktuell\/rumaenien-unterstuetzt-die-annaeherung-der-republik-moldau-an-eu-id458118.html","title":{"rendered":"Rum\u00e4nien unterst\u00fctzt die Ann\u00e4herung der Republik Moldau an EU"},"content":{"rendered":"<p>Rum\u00e4nien ist ein konstanter Berf\u00fcrworter des europ\u00e4ischen Wegs der Republik Moldau. Die Bukarester Beh\u00f6rden betrachten die Ann\u00e4herung Chi\u015fin\u0103us an die Europ\u00e4ische Union als den einzigen m\u00f6glichen Weg des Nachbarlandes Rum\u00e4niens. Der rum\u00e4nische Aussenminister Titus Corl\u0103\u0163ean ist am Diestag mit seiner moldauischen Amtskollegin Natalia Gherman und mit Ministerpr\u00e4sidenten Iurie Leanc\u0103 zu Gespr\u00e4chen zusammengekommen.<\/p>\n<p>&#13;<br \/>\n&#13;<\/p>\n<p>&#13;<br \/>\n&#13;<\/p>\n<p>&#13;<br \/>\n&#13;<\/p>\n<p>Auf der Agenda der Diskussionen standen die bilaterale Kooperation, insbesondere im Energie, &#8211; Infrastruktur, &#8211; Bildungsbereich, sowie im Sektor der medizinischen Notversorgung. Die konkreten Ma\u200e\u00dfnahmen, die Rum\u00e4nien zur Unterst\u00fctzung der Republik Moldau auf ihrem europ\u00e4ischen Weg trifft kamen zudem zur Sprache. Der rum\u00e4nische Aussenminister bekr\u00e4ftigte die Unterst\u00fctzung Rum\u00e4niens zur EU-Integration seines Nachbarlandes und f\u00fcgte hinzu, Bukarest und Chi\u015fin\u0103u werden 2014 eine enge Zusammenarbeit  entwickeln, um dieses Ziel zu erreichen.<\/p>\n<p>&#13;<br \/>\n&#13;<\/p>\n<p>&#13;<br \/>\n&#13;<\/p>\n<p>&#13;<br \/>\n&#13;<\/p>\n<p>Am 28. und 29. November soll  Republik Moldau bei der Ostpartnerschaft in Vilnius das Assoziierungs-und Freihandelsabkommen mit der Europ\u00e4ischen Union unterzeichnen. Bei Gespr\u00e4chen in Chi\u015fin\u0103u zeigte sich der rum\u00e4nische Aussenminister von dem Erfolg der bevorstehenden Vernandlungen in Vilnius \u00fcberzeugt. Der Weg der Republik Moldau nach Westen sei offen, f\u00fcgte  Titus Corl\u0103\u0163ean hinzu:\u201d Rum\u00e4nien sieht die politische und wirtschaftliche Assoziierung der Republik Moldau mit EU als ersten Schritt des EU-Beitritts des Landes.\u201d<\/p>\n<p>&#13;<br \/>\n&#13;<\/p>\n<p>&#13;<br \/>\n&#13;<\/p>\n<p>&#13;<br \/>\n&#13;<\/p>\n<p>Der rum\u00e4nische Aussenminister begr\u00fc\u200e\u00dfte zudem den Aktionsplan der Regierung in Chi\u015fin\u0103u zur Visaliberalisierung. Das ist ein Riesenschritt der Republik Moldau\u201d, sagte Titus Corl\u0103\u0163ean. Der Bericht der Europ\u00e4ischen Kommission \u00fcber die Visaliberalisierung f\u00fcr moldauische B\u00fcrger und B\u00fcrgerinnen fiel positiv aus, eine politische Entscheidung soll vom EU-Rat und Europ\u00e4ischem Parlament voraussichtlich 2014 getroffen werden.<\/p>\n<p>&#13;<br \/>\n&#13;<\/p>\n<p>&#13;<br \/>\n&#13;<\/p>\n<p>&#13;<br \/>\n&#13;<\/p>\n<p>&#13;<br \/>\n&#13;<\/p>\n<p>Anfang 2014 werde Bukarest mit Hilfe Frankreichs ein Treffen der EU-Aussenminster in Chi\u015fin\u0103u organisieren, wobei die n\u00e4chsten Schritte zur Ann\u00e4herung der Republik Moldau an EU diskutiert werden sollen, sagte anschlie\u200e\u00dfend Titus Corl\u0103\u0163ean. In Chi\u015fin\u0103u kam der rum\u00e4nische Aussenminister zudem mit dem moldauischen Pr\u00e4sidenten Nicolae Timofti zu Gespr\u00e4chen zusammen. Corl\u0103\u0163ean und Timofti bekr\u00e4ftigten dabei die strategische Partnerschaft zwischen Rum\u00e4nien und Republik Moldau.<\/p>\n<p>&#13;<br \/>\n&#13;<\/p>\n<p>&#13;<br \/>\n&#13;<\/p>\n<p>&#13;<br \/>\n&#13;<\/p>\n<p>&#13;<br \/>\n&#13;<\/p>\n<p>Titus Corl\u0103\u0163ean betonte au\u200e\u00dferdem die Stellungnahme Rum\u00e4niens in der Transnistrien-Frage. Rum\u00e4nien dr\u00fccke sich erneut f\u00fcr die Wiederaufnahme des Dialogs, sowie f\u00fcr die strenge Beachtung der Souveranit\u00e4t, der territorialen Integrit\u00e4t und der Unverletzbarkeit der international anerkannten Grenzen der Republik Moldau aus, erkl\u00e4rte der rum\u00e4nische Aussenminister.<\/p>\n<p>&#13;<br \/>\n&#13;<\/p>\n<p>&#13;<\/p>\n","protected":false},"excerpt":{"rendered":"<p>Rum\u00e4niens Aussenminister Titus Corl\u0103\u0163ean hat neulich bei Gespr\u00e4chen in Chi\u015fin\u0103u die Unterst\u00fctzung Rum\u00e4niens f\u00fcr die Ann\u00e4herung der Republik Moldau an die Europ\u00e4ische Union bekr\u00e4ftigt.<\/p>\n","protected":false},"author":106,"featured_media":0,"comment_status":"closed","ping_status":"closed","sticky":false,"template":"","format":"standard","meta":{"_acf_changed":false,"footnotes":""},"categories":[99583],"tags":[100460,99874,100463,100461,99587,151607,134270,38020,99903,100116,99871,100115,99589,100464,100462,100185,100465,171305,100466],"coauthors":[],"class_list":["post-458118","post","type-post","status-publish","format-standard","hentry","category-rri-aktuell","tag-annaeherung","tag-assoziierungsabkommen","tag-aussenminister-titus-corlateansouveranitaet","tag-aussenministerin-natalia-gherman","tag-bukarest","tag-chisinau-de","tag-eu-de","tag-eu-integration","tag-kooperation","tag-ministerpraesident-iurie-leanca","tag-ostpartnerschaft","tag-republik-moldau","tag-rumaenien","tag-territoriale-integritaet","tag-transnistrien-frage","tag-unterstuetzung","tag-unverletzbarkeit","tag-vilnius-de","tag-visaliberalisierung"],"acf":[],"yoast_head":"<!-- This site is optimized with the Yoast SEO plugin v27.3 - https:\/\/yoast.com\/product\/yoast-seo-wordpress\/ -->\n<title>Rum\u00e4nien unterst\u00fctzt die Ann\u00e4herung der Republik Moldau an EU - Radio Rum\u00e4nien International<\/title>\n<meta name=\"robots\" content=\"index, follow, max-snippet:-1, max-image-preview:large, max-video-preview:-1\" \/>\n<link rel=\"canonical\" href=\"https:\/\/www.rri.ro\/de\/aktuell\/rri-aktuell\/rumaenien-unterstuetzt-die-annaeherung-der-republik-moldau-an-eu-id458118.html\" \/>\n<meta property=\"og:locale\" content=\"de_DE\" \/>\n<meta property=\"og:type\" content=\"article\" \/>\n<meta property=\"og:title\" content=\"Rum\u00e4nien unterst\u00fctzt die Ann\u00e4herung der Republik Moldau an EU - Radio Rum\u00e4nien International\" \/>\n<meta property=\"og:description\" content=\"Rum\u00e4niens Aussenminister Titus Corl\u0103\u0163ean hat neulich bei Gespr\u00e4chen in Chi\u015fin\u0103u die Unterst\u00fctzung Rum\u00e4niens f\u00fcr die Ann\u00e4herung der Republik Moldau an die Europ\u00e4ische Union bekr\u00e4ftigt.\" \/>\n<meta property=\"og:url\" content=\"https:\/\/www.rri.ro\/de\/aktuell\/rri-aktuell\/rumaenien-unterstuetzt-die-annaeherung-der-republik-moldau-an-eu-id458118.html\" \/>\n<meta property=\"og:site_name\" content=\"Radio Rum\u00e4nien International\" \/>\n<meta property=\"article:published_time\" content=\"2013-11-20T12:46:00+00:00\" \/>\n<meta property=\"article:modified_time\" content=\"2024-02-19T17:11:18+00:00\" \/>\n<meta name=\"author\" content=\"Mihai Pelin\" \/>\n<meta name=\"twitter:card\" content=\"summary_large_image\" \/>\n<meta name=\"twitter:label1\" content=\"Verfasst von\" \/>\n\t<meta name=\"twitter:data1\" content=\"Mihai Pelin\" \/>\n\t<meta name=\"twitter:label2\" content=\"Gesch\u00e4tzte Lesezeit\" \/>\n\t<meta name=\"twitter:data2\" content=\"2\u00a0Minuten\" \/>\n\t<meta name=\"twitter:label3\" content=\"Written by\" \/>\n\t<meta name=\"twitter:data3\" content=\"Mihai Pelin\" \/>\n<script type=\"application\/ld+json\" class=\"yoast-schema-graph\">{\"@context\":\"https:\\\/\\\/schema.org\",\"@graph\":[{\"@type\":\"Article\",\"@id\":\"https:\\\/\\\/www.rri.ro\\\/de\\\/aktuell\\\/rri-aktuell\\\/rumaenien-unterstuetzt-die-annaeherung-der-republik-moldau-an-eu-id458118.html#article\",\"isPartOf\":{\"@id\":\"https:\\\/\\\/www.rri.ro\\\/de\\\/aktuell\\\/rri-aktuell\\\/rumaenien-unterstuetzt-die-annaeherung-der-republik-moldau-an-eu-id458118.html\"},\"author\":{\"name\":\"Mihai Pelin\",\"@id\":\"https:\\\/\\\/www.rri.ro\\\/#\\\/schema\\\/person\\\/c6036c822534c855dc3aad41a484f05d\"},\"headline\":\"Rum\u00e4nien unterst\u00fctzt die Ann\u00e4herung der Republik Moldau an EU\",\"datePublished\":\"2013-11-20T12:46:00+00:00\",\"dateModified\":\"2024-02-19T17:11:18+00:00\",\"mainEntityOfPage\":{\"@id\":\"https:\\\/\\\/www.rri.ro\\\/de\\\/aktuell\\\/rri-aktuell\\\/rumaenien-unterstuetzt-die-annaeherung-der-republik-moldau-an-eu-id458118.html\"},\"wordCount\":424,\"keywords\":[\"Ann\u00e4herung\",\"Assoziierungsabkommen\",\"Aussenminister Titus Corl\u0103\u0163eanSouveranit\u00e4t\",\"Aussenministerin Natalia Gherman\",\"Bukarest\",\"chisinau\",\"EU\",\"EU integration\",\"Kooperation\",\"Ministerpr\u00e4sident Iurie Leanca\",\"Ostpartnerschaft\",\"Republik Moldau\",\"Rum\u00e4nien\",\"territoriale Integrit\u00e4t\",\"Transnistrien-Frage\",\"Unterst\u00fctzung\",\"Unverletzbarkeit\",\"Vilnius\",\"Visaliberalisierung\"],\"articleSection\":[\"RRI Aktuell\"],\"inLanguage\":\"de\"},{\"@type\":\"WebPage\",\"@id\":\"https:\\\/\\\/www.rri.ro\\\/de\\\/aktuell\\\/rri-aktuell\\\/rumaenien-unterstuetzt-die-annaeherung-der-republik-moldau-an-eu-id458118.html\",\"url\":\"https:\\\/\\\/www.rri.ro\\\/de\\\/aktuell\\\/rri-aktuell\\\/rumaenien-unterstuetzt-die-annaeherung-der-republik-moldau-an-eu-id458118.html\",\"name\":\"Rum\u00e4nien unterst\u00fctzt die Ann\u00e4herung der Republik Moldau an EU - Radio Rum\u00e4nien International\",\"isPartOf\":{\"@id\":\"https:\\\/\\\/www.rri.ro\\\/#website\"},\"datePublished\":\"2013-11-20T12:46:00+00:00\",\"dateModified\":\"2024-02-19T17:11:18+00:00\",\"author\":{\"@id\":\"https:\\\/\\\/www.rri.ro\\\/#\\\/schema\\\/person\\\/c6036c822534c855dc3aad41a484f05d\"},\"breadcrumb\":{\"@id\":\"https:\\\/\\\/www.rri.ro\\\/de\\\/aktuell\\\/rri-aktuell\\\/rumaenien-unterstuetzt-die-annaeherung-der-republik-moldau-an-eu-id458118.html#breadcrumb\"},\"inLanguage\":\"de\",\"potentialAction\":[{\"@type\":\"ReadAction\",\"target\":[\"https:\\\/\\\/www.rri.ro\\\/de\\\/aktuell\\\/rri-aktuell\\\/rumaenien-unterstuetzt-die-annaeherung-der-republik-moldau-an-eu-id458118.html\"]}]},{\"@type\":\"BreadcrumbList\",\"@id\":\"https:\\\/\\\/www.rri.ro\\\/de\\\/aktuell\\\/rri-aktuell\\\/rumaenien-unterstuetzt-die-annaeherung-der-republik-moldau-an-eu-id458118.html#breadcrumb\",\"itemListElement\":[{\"@type\":\"ListItem\",\"position\":1,\"name\":\"Startseite\",\"item\":\"https:\\\/\\\/www.rri.ro\\\/de\"},{\"@type\":\"ListItem\",\"position\":2,\"name\":\"Aktuell\",\"item\":\"https:\\\/\\\/www.rri.ro\\\/de\\\/aktuell\"},{\"@type\":\"ListItem\",\"position\":3,\"name\":\"RRI Aktuell\",\"item\":\"https:\\\/\\\/www.rri.ro\\\/de\\\/aktuell\\\/rri-aktuell\"},{\"@type\":\"ListItem\",\"position\":4,\"name\":\"Rum\u00e4nien unterst\u00fctzt die Ann\u00e4herung der Republik Moldau an EU\"}]},{\"@type\":\"WebSite\",\"@id\":\"https:\\\/\\\/www.rri.ro\\\/#website\",\"url\":\"https:\\\/\\\/www.rri.ro\\\/\",\"name\":\"Radio Rum\u00e4nien International\",\"description\":\"Totul despre Rom\u00e2nia \u015fi rom\u00e2ni, \u00een 13 limbi\\\/dialecte!\",\"inLanguage\":\"de\"},{\"@type\":\"Person\",\"@id\":\"https:\\\/\\\/www.rri.ro\\\/#\\\/schema\\\/person\\\/c6036c822534c855dc3aad41a484f05d\",\"name\":\"Mihai Pelin\",\"url\":\"https:\\\/\\\/www.rri.ro\\\/de\\\/author\\\/mihai-pelin\"}]}<\/script>\n<!-- \/ Yoast SEO plugin. -->","yoast_head_json":{"title":"Rum\u00e4nien unterst\u00fctzt die Ann\u00e4herung der Republik Moldau an EU - Radio Rum\u00e4nien International","robots":{"index":"index","follow":"follow","max-snippet":"max-snippet:-1","max-image-preview":"max-image-preview:large","max-video-preview":"max-video-preview:-1"},"canonical":"https:\/\/www.rri.ro\/de\/aktuell\/rri-aktuell\/rumaenien-unterstuetzt-die-annaeherung-der-republik-moldau-an-eu-id458118.html","og_locale":"de_DE","og_type":"article","og_title":"Rum\u00e4nien unterst\u00fctzt die Ann\u00e4herung der Republik Moldau an EU - Radio Rum\u00e4nien International","og_description":"Rum\u00e4niens Aussenminister Titus Corl\u0103\u0163ean hat neulich bei Gespr\u00e4chen in Chi\u015fin\u0103u die Unterst\u00fctzung Rum\u00e4niens f\u00fcr die Ann\u00e4herung der Republik Moldau an die Europ\u00e4ische Union bekr\u00e4ftigt.","og_url":"https:\/\/www.rri.ro\/de\/aktuell\/rri-aktuell\/rumaenien-unterstuetzt-die-annaeherung-der-republik-moldau-an-eu-id458118.html","og_site_name":"Radio Rum\u00e4nien International","article_published_time":"2013-11-20T12:46:00+00:00","article_modified_time":"2024-02-19T17:11:18+00:00","author":"Mihai Pelin","twitter_card":"summary_large_image","twitter_misc":{"Verfasst von":"Mihai Pelin","Gesch\u00e4tzte Lesezeit":"2\u00a0Minuten","Written by":"Mihai Pelin"},"schema":{"@context":"https:\/\/schema.org","@graph":[{"@type":"Article","@id":"https:\/\/www.rri.ro\/de\/aktuell\/rri-aktuell\/rumaenien-unterstuetzt-die-annaeherung-der-republik-moldau-an-eu-id458118.html#article","isPartOf":{"@id":"https:\/\/www.rri.ro\/de\/aktuell\/rri-aktuell\/rumaenien-unterstuetzt-die-annaeherung-der-republik-moldau-an-eu-id458118.html"},"author":{"name":"Mihai Pelin","@id":"https:\/\/www.rri.ro\/#\/schema\/person\/c6036c822534c855dc3aad41a484f05d"},"headline":"Rum\u00e4nien unterst\u00fctzt die Ann\u00e4herung der Republik Moldau an EU","datePublished":"2013-11-20T12:46:00+00:00","dateModified":"2024-02-19T17:11:18+00:00","mainEntityOfPage":{"@id":"https:\/\/www.rri.ro\/de\/aktuell\/rri-aktuell\/rumaenien-unterstuetzt-die-annaeherung-der-republik-moldau-an-eu-id458118.html"},"wordCount":424,"keywords":["Ann\u00e4herung","Assoziierungsabkommen","Aussenminister Titus Corl\u0103\u0163eanSouveranit\u00e4t","Aussenministerin Natalia Gherman","Bukarest","chisinau","EU","EU integration","Kooperation","Ministerpr\u00e4sident Iurie Leanca","Ostpartnerschaft","Republik Moldau","Rum\u00e4nien","territoriale Integrit\u00e4t","Transnistrien-Frage","Unterst\u00fctzung","Unverletzbarkeit","Vilnius","Visaliberalisierung"],"articleSection":["RRI Aktuell"],"inLanguage":"de"},{"@type":"WebPage","@id":"https:\/\/www.rri.ro\/de\/aktuell\/rri-aktuell\/rumaenien-unterstuetzt-die-annaeherung-der-republik-moldau-an-eu-id458118.html","url":"https:\/\/www.rri.ro\/de\/aktuell\/rri-aktuell\/rumaenien-unterstuetzt-die-annaeherung-der-republik-moldau-an-eu-id458118.html","name":"Rum\u00e4nien unterst\u00fctzt die Ann\u00e4herung der Republik Moldau an EU - Radio Rum\u00e4nien International","isPartOf":{"@id":"https:\/\/www.rri.ro\/#website"},"datePublished":"2013-11-20T12:46:00+00:00","dateModified":"2024-02-19T17:11:18+00:00","author":{"@id":"https:\/\/www.rri.ro\/#\/schema\/person\/c6036c822534c855dc3aad41a484f05d"},"breadcrumb":{"@id":"https:\/\/www.rri.ro\/de\/aktuell\/rri-aktuell\/rumaenien-unterstuetzt-die-annaeherung-der-republik-moldau-an-eu-id458118.html#breadcrumb"},"inLanguage":"de","potentialAction":[{"@type":"ReadAction","target":["https:\/\/www.rri.ro\/de\/aktuell\/rri-aktuell\/rumaenien-unterstuetzt-die-annaeherung-der-republik-moldau-an-eu-id458118.html"]}]},{"@type":"BreadcrumbList","@id":"https:\/\/www.rri.ro\/de\/aktuell\/rri-aktuell\/rumaenien-unterstuetzt-die-annaeherung-der-republik-moldau-an-eu-id458118.html#breadcrumb","itemListElement":[{"@type":"ListItem","position":1,"name":"Startseite","item":"https:\/\/www.rri.ro\/de"},{"@type":"ListItem","position":2,"name":"Aktuell","item":"https:\/\/www.rri.ro\/de\/aktuell"},{"@type":"ListItem","position":3,"name":"RRI Aktuell","item":"https:\/\/www.rri.ro\/de\/aktuell\/rri-aktuell"},{"@type":"ListItem","position":4,"name":"Rum\u00e4nien unterst\u00fctzt die Ann\u00e4herung der Republik Moldau an EU"}]},{"@type":"WebSite","@id":"https:\/\/www.rri.ro\/#website","url":"https:\/\/www.rri.ro\/","name":"Radio Rum\u00e4nien International","description":"Totul despre Rom\u00e2nia \u015fi rom\u00e2ni, \u00een 13 limbi\/dialecte!","inLanguage":"de"},{"@type":"Person","@id":"https:\/\/www.rri.ro\/#\/schema\/person\/c6036c822534c855dc3aad41a484f05d","name":"Mihai Pelin","url":"https:\/\/www.rri.ro\/de\/author\/mihai-pelin"}]}},"_links":{"self":[{"href":"https:\/\/www.rri.ro\/de\/wp-json\/wp\/v2\/posts\/458118","targetHints":{"allow":["GET"]}}],"collection":[{"href":"https:\/\/www.rri.ro\/de\/wp-json\/wp\/v2\/posts"}],"about":[{"href":"https:\/\/www.rri.ro\/de\/wp-json\/wp\/v2\/types\/post"}],"author":[{"embeddable":true,"href":"https:\/\/www.rri.ro\/de\/wp-json\/wp\/v2\/users\/106"}],"replies":[{"embeddable":true,"href":"https:\/\/www.rri.ro\/de\/wp-json\/wp\/v2\/comments?post=458118"}],"version-history":[{"count":0,"href":"https:\/\/www.rri.ro\/de\/wp-json\/wp\/v2\/posts\/458118\/revisions"}],"wp:attachment":[{"href":"https:\/\/www.rri.ro\/de\/wp-json\/wp\/v2\/media?parent=458118"}],"wp:term":[{"taxonomy":"category","embeddable":true,"href":"https:\/\/www.rri.ro\/de\/wp-json\/wp\/v2\/categories?post=458118"},{"taxonomy":"post_tag","embeddable":true,"href":"https:\/\/www.rri.ro\/de\/wp-json\/wp\/v2\/tags?post=458118"},{"taxonomy":"author","embeddable":true,"href":"https:\/\/www.rri.ro\/de\/wp-json\/wp\/v2\/coauthors?post=458118"}],"curies":[{"name":"wp","href":"https:\/\/api.w.org\/{rel}","templated":true}]}}