{"id":458224,"date":"2014-01-16T14:08:00","date_gmt":"2014-01-16T12:08:00","guid":{"rendered":"http:\/\/devrri.freshlemon.ro\/aktuell\/liberalisierung-des-grundstuecksverkaufs-in-rumaenien-id458224.html"},"modified":"2024-02-19T19:16:40","modified_gmt":"2024-02-19T17:16:40","slug":"liberalisierung-des-grundstuecksverkaufs-in-rumaenien","status":"publish","type":"post","link":"https:\/\/www.rri.ro\/de\/aktuell\/rri-aktuell\/liberalisierung-des-grundstuecksverkaufs-in-rumaenien-id458224.html","title":{"rendered":"Liberalisierung des Grundst\u00fccksverkaufs in Rum\u00e4nien"},"content":{"rendered":"<p>Rum\u00e4nien ist f\u00fcr ausl\u00e4ndische Investoren, die hierzulande Grundst\u00fccke erwerben wollen, attraktiv. Sein Boden hat \u00fcber 14 Millionen Ha landwirtschaftliche Fl\u00e4chen, die in Geld umgewandelt, ein Verm\u00f6gen von etwa 26 Milliarden Euro darstellen w\u00fcrden. Im Unterschied zu anderen europ\u00e4ischen Staaten, sind die Grundst\u00fcckspreise in Rum\u00e4nien recht niedrig.<\/p>\n<p>&#13;<br \/>\n&#13;<\/p>\n<p>&#13;<br \/>\n&#13;<\/p>\n<p>Laut dem EU-Beitrittsvertrag Rum\u00e4niens k\u00f6nnen die B\u00fcrger der Union seit Jahresanfang landwirtschaftliche Fl\u00e4chen ohne Einschr\u00e4nkungen erwerben. Da aber daf\u00fcr ein Rechtsrahmen erforderlich war, hat die Rum\u00e4nische Regierung ein Gesetz zum Verkauf von Grundst\u00fccken entworfen, das von Pr\u00e4sident Traian B\u0103sescu vor einer Woche zur\u00fcckgewiesen wurde.<\/p>\n<p>&#13;<br \/>\n&#13;<\/p>\n<p>&#13;<br \/>\n&#13;<\/p>\n<p>Unter diesen Umst\u00e4nden schl\u00e4gt die Regierung eine neue Fassung dieser Rechtsnorm vor. Diese sieht unter anderem vor, dass das betreffende Grundst\u00fcck nicht unter dem Angebotspreis verkauft werden kann. Au\u200e\u00dferdem soll die Transaktion der Fl\u00e4chen \u00fcber 30 Ha von einer speziell daf\u00fcr gegr\u00fcndeten Beh\u00f6rde genehmigt werden. Gleichzeitig bleibt die Agentur der Staatlichen Grundst\u00fccke bestehen und hat beim Erwerb vorrang.<\/p>\n<p>&#13;<br \/>\n&#13;<\/p>\n<p>&#13;<br \/>\n&#13;<\/p>\n<p>Laut den Bemerkungen des Pr\u00e4sidenten Traian B\u0103sescu soll  beispielsweise der Verkauf eines Grundst\u00fccks f\u00fcr nichtig erkl\u00e4rt werden, wenn die Transaktion zu einem besseren Preis oder unter besseren Bedingungen erfolgt, als es im Verkaufsangebot steht. Um Klarheit zu verschaffen soll auch der Titel des Gesetzes abge\u00e4ndert werden. Dieser soll sich auf die au\u200e\u00dfer\u00f6rtlichen Landfl\u00e4chen beziehen und sowohl f\u00fcr nat\u00fcrliche, als auch f\u00fcr juristische Personen gelten.<\/p>\n<p>&#13;<br \/>\n&#13;<\/p>\n<p>&#13;<br \/>\n&#13;<\/p>\n<p>Landwirtschaftsminister Daniel Constantin erkl\u00e4rte, dass er alles in die Wege geleitet hat, um die Verabschiedung des Gestezes durch das Parlament zu beschleunigen. Daniel Constantin: <em>Es ist ein \u00e4u\u200e\u00dferst wichtiges Thema von nationalem Interesse. Hauptsache wir verabschieden dieses Gesetz so schnell wie m\u00f6glich, damit die rum\u00e4nischen B\u00fcrger in den Lokalgemeinden die ersten sein k\u00f6nnen, die Zugang zum Erwerb von landwirtschaftlichen Fl\u00e4chen haben, sodass sie ihre bestehenden Anbaufl\u00e4chen konsolidieren k\u00f6nnen.\u201c<\/em><\/p>\n<p>&#13;<br \/>\n&#13;<\/p>\n<p>&#13;<br \/>\n&#13;<\/p>\n<p>Das neue Gesetz zum Verkauf von landwirtschaftlichen Fl\u00e4chen ist auch f\u00fcr die Regierung des benachbarten Ungarns interessant. Neulich hatte der Landwirtschaftsattache der Ungarischen Botschaft in Bukarest erkl\u00e4rt, der ungarische Staat habe ein Programm zum Erwerb von landwirtschaftlichen Fl\u00e4chen in Rum\u00e4nien erarbeitet. Diese \u00c4u\u200e\u00dferung sorgte f\u00fcr Kontroversen. Auch die Reaktion der europ\u00e4ischen Vertreter lie\u200e\u00df nicht auf sich warten.<\/p>\n<p>&#13;<br \/>\n&#13;<\/p>\n<p>&#13;<br \/>\n&#13;<\/p>\n<p>Der europ\u00e4ische Landwirtschaftskommissar, Rum\u00e4ne Dacian Ciolo\u015f unterstreichte, dass Rum\u00e4nien keine Grundst\u00fcckspolitik entwickeln wird, die auf ethnischer Diskriminierung basiert, denn soetwas sei vollkommen uneurop\u00e4isch. Er versicherte, dass der rum\u00e4nsiche Staat Mittel zur Verf\u00fcgung hat, um die Kontrolle \u00fcber die eigene Politik in puncto Grundst\u00fccks- und Landwirtschaftpolitik sowie l\u00e4ndliche Entwicklung zu behalten.<\/p>\n<p>&#13;<\/p>\n","protected":false},"excerpt":{"rendered":"<p>Vor einer Woche hat Pr\u00e4sident Traian B\u0103sescu das Gesetz zum Verkauf und Erwerb von au\u00dfer\u00f6rtlichen landwirtschaftlichen Fl\u00e4chen in Rum\u00e4nien durch Privatpersonen zur\u00fcckgewiesen. Die Rum\u00e4nische Regierung schl\u00e4gt eine neue Fassung der besagten Rechtsnorm vor.<\/p>\n","protected":false},"author":106,"featured_media":50152,"comment_status":"closed","ping_status":"closed","sticky":false,"template":"","format":"standard","meta":{"_acf_changed":false,"footnotes":""},"categories":[99583],"tags":[31786,100063,100895,99764,100739],"coauthors":[],"class_list":["post-458224","post","type-post","status-publish","format-standard","has-post-thumbnail","hentry","category-rri-aktuell","tag-daniel-constantin","tag-gesetz","tag-grundstuecksverkauf","tag-landwirtschaft","tag-liberalisierung"],"acf":[],"yoast_head":"<!-- This site is optimized with the Yoast SEO plugin v27.5 - https:\/\/yoast.com\/product\/yoast-seo-wordpress\/ -->\n<title>Liberalisierung des Grundst\u00fccksverkaufs in Rum\u00e4nien - Radio Rum\u00e4nien International<\/title>\n<meta name=\"robots\" content=\"index, follow, max-snippet:-1, max-image-preview:large, max-video-preview:-1\" \/>\n<link rel=\"canonical\" href=\"https:\/\/www.rri.ro\/de\/aktuell\/rri-aktuell\/liberalisierung-des-grundstuecksverkaufs-in-rumaenien-id458224.html\" \/>\n<meta property=\"og:locale\" content=\"de_DE\" \/>\n<meta property=\"og:type\" content=\"article\" \/>\n<meta property=\"og:title\" content=\"Liberalisierung des Grundst\u00fccksverkaufs in Rum\u00e4nien - Radio Rum\u00e4nien International\" \/>\n<meta property=\"og:description\" content=\"Vor einer Woche hat Pr\u00e4sident Traian B\u0103sescu das Gesetz zum Verkauf und Erwerb von au\u00dfer\u00f6rtlichen landwirtschaftlichen Fl\u00e4chen in Rum\u00e4nien durch Privatpersonen zur\u00fcckgewiesen. Die Rum\u00e4nische Regierung schl\u00e4gt eine neue Fassung der besagten Rechtsnorm vor.\" \/>\n<meta property=\"og:url\" content=\"https:\/\/www.rri.ro\/de\/aktuell\/rri-aktuell\/liberalisierung-des-grundstuecksverkaufs-in-rumaenien-id458224.html\" \/>\n<meta property=\"og:site_name\" content=\"Radio Rum\u00e4nien International\" \/>\n<meta property=\"article:published_time\" content=\"2014-01-16T12:08:00+00:00\" \/>\n<meta property=\"article:modified_time\" content=\"2024-02-19T17:16:40+00:00\" \/>\n<meta property=\"og:image\" content=\"https:\/\/www.rri.ro\/wp-content\/uploads\/2023\/10\/teren-agricol-case.png\" \/>\n\t<meta property=\"og:image:width\" content=\"640\" \/>\n\t<meta property=\"og:image:height\" content=\"479\" \/>\n\t<meta property=\"og:image:type\" content=\"image\/png\" \/>\n<meta name=\"author\" content=\"Mihai Pelin\" \/>\n<meta name=\"twitter:card\" content=\"summary_large_image\" \/>\n<meta name=\"twitter:label1\" content=\"Verfasst von\" \/>\n\t<meta name=\"twitter:data1\" content=\"Mihai Pelin\" \/>\n\t<meta name=\"twitter:label2\" content=\"Gesch\u00e4tzte Lesezeit\" \/>\n\t<meta name=\"twitter:data2\" content=\"2\u00a0Minuten\" \/>\n\t<meta name=\"twitter:label3\" content=\"Written by\" \/>\n\t<meta name=\"twitter:data3\" content=\"Mihai Pelin\" \/>\n<script type=\"application\/ld+json\" class=\"yoast-schema-graph\">{\"@context\":\"https:\\\/\\\/schema.org\",\"@graph\":[{\"@type\":\"Article\",\"@id\":\"https:\\\/\\\/www.rri.ro\\\/de\\\/aktuell\\\/rri-aktuell\\\/liberalisierung-des-grundstuecksverkaufs-in-rumaenien-id458224.html#article\",\"isPartOf\":{\"@id\":\"https:\\\/\\\/www.rri.ro\\\/de\\\/aktuell\\\/rri-aktuell\\\/liberalisierung-des-grundstuecksverkaufs-in-rumaenien-id458224.html\"},\"author\":{\"name\":\"Mihai Pelin\",\"@id\":\"https:\\\/\\\/www.rri.ro\\\/#\\\/schema\\\/person\\\/c6036c822534c855dc3aad41a484f05d\"},\"headline\":\"Liberalisierung des Grundst\u00fccksverkaufs in Rum\u00e4nien\",\"datePublished\":\"2014-01-16T12:08:00+00:00\",\"dateModified\":\"2024-02-19T17:16:40+00:00\",\"mainEntityOfPage\":{\"@id\":\"https:\\\/\\\/www.rri.ro\\\/de\\\/aktuell\\\/rri-aktuell\\\/liberalisierung-des-grundstuecksverkaufs-in-rumaenien-id458224.html\"},\"wordCount\":459,\"image\":{\"@id\":\"https:\\\/\\\/www.rri.ro\\\/de\\\/aktuell\\\/rri-aktuell\\\/liberalisierung-des-grundstuecksverkaufs-in-rumaenien-id458224.html#primaryimage\"},\"thumbnailUrl\":\"https:\\\/\\\/www.rri.ro\\\/wp-content\\\/uploads\\\/2023\\\/10\\\/teren-agricol-case.png\",\"keywords\":[\"Daniel Constantin\",\"Gesetz\",\"Grundstuecksverkauf\",\"Landwirtschaft\",\"Liberalisierung\"],\"articleSection\":[\"RRI Aktuell\"],\"inLanguage\":\"de\"},{\"@type\":\"WebPage\",\"@id\":\"https:\\\/\\\/www.rri.ro\\\/de\\\/aktuell\\\/rri-aktuell\\\/liberalisierung-des-grundstuecksverkaufs-in-rumaenien-id458224.html\",\"url\":\"https:\\\/\\\/www.rri.ro\\\/de\\\/aktuell\\\/rri-aktuell\\\/liberalisierung-des-grundstuecksverkaufs-in-rumaenien-id458224.html\",\"name\":\"Liberalisierung des Grundst\u00fccksverkaufs in Rum\u00e4nien - Radio Rum\u00e4nien International\",\"isPartOf\":{\"@id\":\"https:\\\/\\\/www.rri.ro\\\/#website\"},\"primaryImageOfPage\":{\"@id\":\"https:\\\/\\\/www.rri.ro\\\/de\\\/aktuell\\\/rri-aktuell\\\/liberalisierung-des-grundstuecksverkaufs-in-rumaenien-id458224.html#primaryimage\"},\"image\":{\"@id\":\"https:\\\/\\\/www.rri.ro\\\/de\\\/aktuell\\\/rri-aktuell\\\/liberalisierung-des-grundstuecksverkaufs-in-rumaenien-id458224.html#primaryimage\"},\"thumbnailUrl\":\"https:\\\/\\\/www.rri.ro\\\/wp-content\\\/uploads\\\/2023\\\/10\\\/teren-agricol-case.png\",\"datePublished\":\"2014-01-16T12:08:00+00:00\",\"dateModified\":\"2024-02-19T17:16:40+00:00\",\"author\":{\"@id\":\"https:\\\/\\\/www.rri.ro\\\/#\\\/schema\\\/person\\\/c6036c822534c855dc3aad41a484f05d\"},\"breadcrumb\":{\"@id\":\"https:\\\/\\\/www.rri.ro\\\/de\\\/aktuell\\\/rri-aktuell\\\/liberalisierung-des-grundstuecksverkaufs-in-rumaenien-id458224.html#breadcrumb\"},\"inLanguage\":\"de\",\"potentialAction\":[{\"@type\":\"ReadAction\",\"target\":[\"https:\\\/\\\/www.rri.ro\\\/de\\\/aktuell\\\/rri-aktuell\\\/liberalisierung-des-grundstuecksverkaufs-in-rumaenien-id458224.html\"]}]},{\"@type\":\"ImageObject\",\"inLanguage\":\"de\",\"@id\":\"https:\\\/\\\/www.rri.ro\\\/de\\\/aktuell\\\/rri-aktuell\\\/liberalisierung-des-grundstuecksverkaufs-in-rumaenien-id458224.html#primaryimage\",\"url\":\"https:\\\/\\\/www.rri.ro\\\/wp-content\\\/uploads\\\/2023\\\/10\\\/teren-agricol-case.png\",\"contentUrl\":\"https:\\\/\\\/www.rri.ro\\\/wp-content\\\/uploads\\\/2023\\\/10\\\/teren-agricol-case.png\",\"width\":640,\"height\":479},{\"@type\":\"BreadcrumbList\",\"@id\":\"https:\\\/\\\/www.rri.ro\\\/de\\\/aktuell\\\/rri-aktuell\\\/liberalisierung-des-grundstuecksverkaufs-in-rumaenien-id458224.html#breadcrumb\",\"itemListElement\":[{\"@type\":\"ListItem\",\"position\":1,\"name\":\"Startseite\",\"item\":\"https:\\\/\\\/www.rri.ro\\\/de\"},{\"@type\":\"ListItem\",\"position\":2,\"name\":\"Aktuell\",\"item\":\"https:\\\/\\\/www.rri.ro\\\/de\\\/aktuell\"},{\"@type\":\"ListItem\",\"position\":3,\"name\":\"RRI Aktuell\",\"item\":\"https:\\\/\\\/www.rri.ro\\\/de\\\/aktuell\\\/rri-aktuell\"},{\"@type\":\"ListItem\",\"position\":4,\"name\":\"Liberalisierung des Grundst\u00fccksverkaufs in Rum\u00e4nien\"}]},{\"@type\":\"WebSite\",\"@id\":\"https:\\\/\\\/www.rri.ro\\\/#website\",\"url\":\"https:\\\/\\\/www.rri.ro\\\/\",\"name\":\"Radio Rum\u00e4nien International\",\"description\":\"Totul despre Rom\u00e2nia \u015fi rom\u00e2ni, \u00een 13 limbi\\\/dialecte!\",\"inLanguage\":\"de\"},{\"@type\":\"Person\",\"@id\":\"https:\\\/\\\/www.rri.ro\\\/#\\\/schema\\\/person\\\/c6036c822534c855dc3aad41a484f05d\",\"name\":\"Mihai Pelin\",\"url\":\"https:\\\/\\\/www.rri.ro\\\/de\\\/author\\\/mihai-pelin\"}]}<\/script>\n<!-- \/ Yoast SEO plugin. -->","yoast_head_json":{"title":"Liberalisierung des Grundst\u00fccksverkaufs in Rum\u00e4nien - Radio Rum\u00e4nien International","robots":{"index":"index","follow":"follow","max-snippet":"max-snippet:-1","max-image-preview":"max-image-preview:large","max-video-preview":"max-video-preview:-1"},"canonical":"https:\/\/www.rri.ro\/de\/aktuell\/rri-aktuell\/liberalisierung-des-grundstuecksverkaufs-in-rumaenien-id458224.html","og_locale":"de_DE","og_type":"article","og_title":"Liberalisierung des Grundst\u00fccksverkaufs in Rum\u00e4nien - Radio Rum\u00e4nien International","og_description":"Vor einer Woche hat Pr\u00e4sident Traian B\u0103sescu das Gesetz zum Verkauf und Erwerb von au\u00dfer\u00f6rtlichen landwirtschaftlichen Fl\u00e4chen in Rum\u00e4nien durch Privatpersonen zur\u00fcckgewiesen. Die Rum\u00e4nische Regierung schl\u00e4gt eine neue Fassung der besagten Rechtsnorm vor.","og_url":"https:\/\/www.rri.ro\/de\/aktuell\/rri-aktuell\/liberalisierung-des-grundstuecksverkaufs-in-rumaenien-id458224.html","og_site_name":"Radio Rum\u00e4nien International","article_published_time":"2014-01-16T12:08:00+00:00","article_modified_time":"2024-02-19T17:16:40+00:00","og_image":[{"width":640,"height":479,"url":"https:\/\/www.rri.ro\/wp-content\/uploads\/2023\/10\/teren-agricol-case.png","type":"image\/png"}],"author":"Mihai Pelin","twitter_card":"summary_large_image","twitter_misc":{"Verfasst von":"Mihai Pelin","Gesch\u00e4tzte Lesezeit":"2\u00a0Minuten","Written by":"Mihai Pelin"},"schema":{"@context":"https:\/\/schema.org","@graph":[{"@type":"Article","@id":"https:\/\/www.rri.ro\/de\/aktuell\/rri-aktuell\/liberalisierung-des-grundstuecksverkaufs-in-rumaenien-id458224.html#article","isPartOf":{"@id":"https:\/\/www.rri.ro\/de\/aktuell\/rri-aktuell\/liberalisierung-des-grundstuecksverkaufs-in-rumaenien-id458224.html"},"author":{"name":"Mihai Pelin","@id":"https:\/\/www.rri.ro\/#\/schema\/person\/c6036c822534c855dc3aad41a484f05d"},"headline":"Liberalisierung des Grundst\u00fccksverkaufs in Rum\u00e4nien","datePublished":"2014-01-16T12:08:00+00:00","dateModified":"2024-02-19T17:16:40+00:00","mainEntityOfPage":{"@id":"https:\/\/www.rri.ro\/de\/aktuell\/rri-aktuell\/liberalisierung-des-grundstuecksverkaufs-in-rumaenien-id458224.html"},"wordCount":459,"image":{"@id":"https:\/\/www.rri.ro\/de\/aktuell\/rri-aktuell\/liberalisierung-des-grundstuecksverkaufs-in-rumaenien-id458224.html#primaryimage"},"thumbnailUrl":"https:\/\/www.rri.ro\/wp-content\/uploads\/2023\/10\/teren-agricol-case.png","keywords":["Daniel Constantin","Gesetz","Grundstuecksverkauf","Landwirtschaft","Liberalisierung"],"articleSection":["RRI Aktuell"],"inLanguage":"de"},{"@type":"WebPage","@id":"https:\/\/www.rri.ro\/de\/aktuell\/rri-aktuell\/liberalisierung-des-grundstuecksverkaufs-in-rumaenien-id458224.html","url":"https:\/\/www.rri.ro\/de\/aktuell\/rri-aktuell\/liberalisierung-des-grundstuecksverkaufs-in-rumaenien-id458224.html","name":"Liberalisierung des Grundst\u00fccksverkaufs in Rum\u00e4nien - Radio Rum\u00e4nien International","isPartOf":{"@id":"https:\/\/www.rri.ro\/#website"},"primaryImageOfPage":{"@id":"https:\/\/www.rri.ro\/de\/aktuell\/rri-aktuell\/liberalisierung-des-grundstuecksverkaufs-in-rumaenien-id458224.html#primaryimage"},"image":{"@id":"https:\/\/www.rri.ro\/de\/aktuell\/rri-aktuell\/liberalisierung-des-grundstuecksverkaufs-in-rumaenien-id458224.html#primaryimage"},"thumbnailUrl":"https:\/\/www.rri.ro\/wp-content\/uploads\/2023\/10\/teren-agricol-case.png","datePublished":"2014-01-16T12:08:00+00:00","dateModified":"2024-02-19T17:16:40+00:00","author":{"@id":"https:\/\/www.rri.ro\/#\/schema\/person\/c6036c822534c855dc3aad41a484f05d"},"breadcrumb":{"@id":"https:\/\/www.rri.ro\/de\/aktuell\/rri-aktuell\/liberalisierung-des-grundstuecksverkaufs-in-rumaenien-id458224.html#breadcrumb"},"inLanguage":"de","potentialAction":[{"@type":"ReadAction","target":["https:\/\/www.rri.ro\/de\/aktuell\/rri-aktuell\/liberalisierung-des-grundstuecksverkaufs-in-rumaenien-id458224.html"]}]},{"@type":"ImageObject","inLanguage":"de","@id":"https:\/\/www.rri.ro\/de\/aktuell\/rri-aktuell\/liberalisierung-des-grundstuecksverkaufs-in-rumaenien-id458224.html#primaryimage","url":"https:\/\/www.rri.ro\/wp-content\/uploads\/2023\/10\/teren-agricol-case.png","contentUrl":"https:\/\/www.rri.ro\/wp-content\/uploads\/2023\/10\/teren-agricol-case.png","width":640,"height":479},{"@type":"BreadcrumbList","@id":"https:\/\/www.rri.ro\/de\/aktuell\/rri-aktuell\/liberalisierung-des-grundstuecksverkaufs-in-rumaenien-id458224.html#breadcrumb","itemListElement":[{"@type":"ListItem","position":1,"name":"Startseite","item":"https:\/\/www.rri.ro\/de"},{"@type":"ListItem","position":2,"name":"Aktuell","item":"https:\/\/www.rri.ro\/de\/aktuell"},{"@type":"ListItem","position":3,"name":"RRI Aktuell","item":"https:\/\/www.rri.ro\/de\/aktuell\/rri-aktuell"},{"@type":"ListItem","position":4,"name":"Liberalisierung des Grundst\u00fccksverkaufs in Rum\u00e4nien"}]},{"@type":"WebSite","@id":"https:\/\/www.rri.ro\/#website","url":"https:\/\/www.rri.ro\/","name":"Radio Rum\u00e4nien International","description":"Totul despre Rom\u00e2nia \u015fi rom\u00e2ni, \u00een 13 limbi\/dialecte!","inLanguage":"de"},{"@type":"Person","@id":"https:\/\/www.rri.ro\/#\/schema\/person\/c6036c822534c855dc3aad41a484f05d","name":"Mihai Pelin","url":"https:\/\/www.rri.ro\/de\/author\/mihai-pelin"}]}},"_links":{"self":[{"href":"https:\/\/www.rri.ro\/de\/wp-json\/wp\/v2\/posts\/458224","targetHints":{"allow":["GET"]}}],"collection":[{"href":"https:\/\/www.rri.ro\/de\/wp-json\/wp\/v2\/posts"}],"about":[{"href":"https:\/\/www.rri.ro\/de\/wp-json\/wp\/v2\/types\/post"}],"author":[{"embeddable":true,"href":"https:\/\/www.rri.ro\/de\/wp-json\/wp\/v2\/users\/106"}],"replies":[{"embeddable":true,"href":"https:\/\/www.rri.ro\/de\/wp-json\/wp\/v2\/comments?post=458224"}],"version-history":[{"count":0,"href":"https:\/\/www.rri.ro\/de\/wp-json\/wp\/v2\/posts\/458224\/revisions"}],"wp:featuredmedia":[{"embeddable":true,"href":"https:\/\/www.rri.ro\/de\/wp-json\/wp\/v2\/media\/50152"}],"wp:attachment":[{"href":"https:\/\/www.rri.ro\/de\/wp-json\/wp\/v2\/media?parent=458224"}],"wp:term":[{"taxonomy":"category","embeddable":true,"href":"https:\/\/www.rri.ro\/de\/wp-json\/wp\/v2\/categories?post=458224"},{"taxonomy":"post_tag","embeddable":true,"href":"https:\/\/www.rri.ro\/de\/wp-json\/wp\/v2\/tags?post=458224"},{"taxonomy":"author","embeddable":true,"href":"https:\/\/www.rri.ro\/de\/wp-json\/wp\/v2\/coauthors?post=458224"}],"curies":[{"name":"wp","href":"https:\/\/api.w.org\/{rel}","templated":true}]}}