{"id":458275,"date":"2014-02-24T14:33:00","date_gmt":"2014-02-24T12:33:00","guid":{"rendered":"http:\/\/devrri.freshlemon.ro\/aktuell\/bukarest-begruesst-juengste-entwicklung-in-kiew-id458275.html"},"modified":"2024-02-19T19:19:03","modified_gmt":"2024-02-19T17:19:03","slug":"bukarest-begruesst-juengste-entwicklung-in-kiew","status":"publish","type":"post","link":"https:\/\/www.rri.ro\/de\/aktuell\/rri-aktuell\/bukarest-begruesst-juengste-entwicklung-in-kiew-id458275.html","title":{"rendered":"Bukarest begr\u00fc\u00dft j\u00fcngste Entwicklung in Kiew"},"content":{"rendered":"<p>Ruhe, Zur\u00fcckhaltung, Pragmatismus, Vorsicht, Bereitschaft zum Dialog und Offenheit empfiehlt der rum\u00e4nische Staatschef Traian B\u0103sescu den ukrainischen Entscheidungstr\u00e4gern nach dem j\u00fcngsten Regimewechsel. Pr\u00e4sident B\u0103sescu begr\u00fc\u200e\u00dft die j\u00fcngsten Entwicklungen im benachbarten Land Rum\u00e4niens und pl\u00e4diert f\u00fcr ein gegenseitiges Einvernehmen, das derzeit zur Stabilisierung der Situation in der Ukraine sowie zur Wiederankurbelung der ukrainischen Wirtschaft unentbehrlich sei.<\/p>\n<p>&#13;<br \/>\n&#13;<\/p>\n<p>&#13;<br \/>\n&#13;<\/p>\n<p>Rum\u00e4nien unterst\u00fctze als Nachbarland, EU- und NATO-Mitglied die Unabh\u00e4ngigkeit und die territoriale Integrit\u00e4t der Ukraine und diese sollen von der ganzen politischen Klasse der Ukraine sowie von der internationalen Staatengemeinschaft monitorisiert und garantiert werden, bekr\u00e4ftigten die rum\u00e4nischen Beh\u00f6rden anschlie\u200e\u00dfend. Die wirtschaftliche Ankurbelung der Ukraine, die durch direkte Unterts\u00fctzung der internationalen Gemeinschaft erzielt werden k\u00f6nne, sei zudem neben der politischen und sozialen Stabilit\u00e4t eines der wichtigsten kurz- und mittelfristigen Ziele, hei\u200e\u00dft es ferner in einer offiziellen Mitteilung Bukarests. Die j\u00fcngsten Ereignisse im benachbarten Land Rum\u00e4niens seien f\u00fcr die ganze Region ausschlaggebend, betonte der rum\u00e4nische Au\u200e\u00dfenminister Titus Corl\u0103\u0163ean in einem Interview mit dem britischen TV-Sender SkyNews.<\/p>\n<p>&#13;<br \/>\n&#13;<\/p>\n<p>&#13;<br \/>\n&#13;<\/p>\n<p>In der Ukraine seien derzeit neben der R\u00fcckkehr zur Verfassung von 2004 und der Bildung einer Regierung der nationalen Einheit gesetzlich geregelte vorgezogene Wahlen erforderlich, erkl\u00e4rte der rum\u00e4nische Au\u200e\u00dfenminister Corl\u0103\u0163ean, der anschlie\u200e\u00dfend die volle Unterst\u00fctzung Rum\u00e4niens f\u00fcr die europ\u00e4ische Perspektive der Ukraine bekr\u00e4ftigte. Die europ\u00e4ische Integration des Landes, die drei Monate lang tausende Menschen auf die Stra\u200e\u00dfe trieb, k\u00f6nne lediglich durch den souver\u00e4nen Willen des ukrainischen Volkes erzielt werden, und die europ\u00e4ischen Akteure sollen den Willen des Volkes beachten, betonte anschlie\u200e\u00dfend Au\u200e\u00dfenminister Corl\u0103\u0163ean.<\/p>\n<p>&#13;<br \/>\n&#13;<\/p>\n<p>&#13;<br \/>\n&#13;<\/p>\n<p>Nach Absetzung des Pr\u00e4sidenten Viktor Janukowitsch wurde unter anderem das Gesetz \u00fcber die Anerkennung der Regionalsprachen, einschlie\u200e\u00dflich der rum\u00e4nischen Sprache, aufgehoben. Das Bukarester Au\u200e\u00dfenministerium m\u00fcsse sich vornehmen, das Thema wieder in die Aufmerksamkeit der k\u00fcnftigen ukrainischen Partner zu bringen, sagte der Senatsvorsitzende Crin Antonescu:<\/p>\n<p>&#13;<br \/>\n&#13;<\/p>\n<p>&#13;<br \/>\n&#13;<\/p>\n<p><em>Es handelt sich um Sachen, die uns beunruhigen und die wir nicht akzeptieren werden. <span style=font-size: 13px; line-height: 1.6em;>Dieses Gesetz, das w\u00e4hrend des Regimes von Janu<\/span><span style=font-size: 13px; line-height: 1.6em;>kowitsch verabschiedet wurde, entspricht den Standards der europ\u00e4ischen Demokratie. Es gibt keine europ\u00e4ische Demokratie im vollen Sinne des Wortes ohne das Recht auf nationale Identit\u00e4t der anerkannten Minderheiten.<\/span>\u201c<span style=font-size: 13px; line-height: 1.6em;> <\/span><\/em><\/p>\n<p>&#13;<br \/>\n&#13;<\/p>\n<p>&#13;<br \/>\n&#13;<\/p>\n<p><span style=font-size: 13px; line-height: 1.6em;>Das Gesetz, das j\u00fcngst aufgehoben wurde, hatte der rum\u00e4nischen Sprache den Status einer Regionalsprache in einigen Ortschaften um Czernowitz und Transkarpatien verliehen. <\/span><\/p>\n<p>&#13;<\/p>\n","protected":false},"excerpt":{"rendered":"<p>Der Regimewechsel in Kiew setzt den schweren Unruhen im benachbarten Land Rum\u00e4niens ein Ende. Mehr als 80 Menschen sind dem Machtkampf in der Ukraine zum Opfer gefallen. Die Bukarester Beh\u00f6rden begr\u00fc\u00dfen die j\u00fcngsten Entwicklungen in Kiew.<\/p>\n","protected":false},"author":108,"featured_media":51613,"comment_status":"closed","ping_status":"closed","sticky":false,"template":"","format":"standard","meta":{"_acf_changed":false,"footnotes":""},"categories":[99583],"tags":[101152,101150,100023,99587,101156,101149,100500,101153,167747,101155,100634,101154,100710,101148,100464,134268,99739,100185,101151,100855,99757],"coauthors":[],"class_list":["post-458275","post","type-post","status-publish","format-standard","has-post-thumbnail","hentry","category-rri-aktuell","tag-absetzung","tag-ausschlaggebend","tag-aussenminister-titus-corlatean","tag-bukarest","tag-czernowitz","tag-eu-und-nato-mitglied","tag-kiew","tag-praesident-viktor-janukowitsch","tag-region-de","tag-regionalsprache","tag-rumaenisch","tag-senatsvorsitzende-crin-antonescu","tag-staatschef-traian-basescu","tag-stabilisierung","tag-territoriale-integritaet","tag-ukraine-de","tag-unabhaengigkeit","tag-unterstuetzung","tag-verfassung-2004","tag-wiederankurbelung","tag-wirtschaft"],"acf":[],"yoast_head":"<!-- This site is optimized with the Yoast SEO plugin v27.3 - https:\/\/yoast.com\/product\/yoast-seo-wordpress\/ -->\n<title>Bukarest begr\u00fc\u00dft j\u00fcngste Entwicklung in Kiew - Radio Rum\u00e4nien International<\/title>\n<meta name=\"robots\" content=\"index, follow, max-snippet:-1, max-image-preview:large, max-video-preview:-1\" \/>\n<link rel=\"canonical\" href=\"https:\/\/www.rri.ro\/de\/aktuell\/rri-aktuell\/bukarest-begruesst-juengste-entwicklung-in-kiew-id458275.html\" \/>\n<meta property=\"og:locale\" content=\"de_DE\" \/>\n<meta property=\"og:type\" content=\"article\" \/>\n<meta property=\"og:title\" content=\"Bukarest begr\u00fc\u00dft j\u00fcngste Entwicklung in Kiew - Radio Rum\u00e4nien International\" \/>\n<meta property=\"og:description\" content=\"Der Regimewechsel in Kiew setzt den schweren Unruhen im benachbarten Land Rum\u00e4niens ein Ende. Mehr als 80 Menschen sind dem Machtkampf in der Ukraine zum Opfer gefallen. Die Bukarester Beh\u00f6rden begr\u00fc\u00dfen die j\u00fcngsten Entwicklungen in Kiew.\" \/>\n<meta property=\"og:url\" content=\"https:\/\/www.rri.ro\/de\/aktuell\/rri-aktuell\/bukarest-begruesst-juengste-entwicklung-in-kiew-id458275.html\" \/>\n<meta property=\"og:site_name\" content=\"Radio Rum\u00e4nien International\" \/>\n<meta property=\"article:published_time\" content=\"2014-02-24T12:33:00+00:00\" \/>\n<meta property=\"article:modified_time\" content=\"2024-02-19T17:19:03+00:00\" \/>\n<meta property=\"og:image\" content=\"https:\/\/www.rri.ro\/wp-content\/uploads\/2023\/10\/ucraina-euromaidan-mash.png\" \/>\n\t<meta property=\"og:image:width\" content=\"640\" \/>\n\t<meta property=\"og:image:height\" content=\"476\" \/>\n\t<meta property=\"og:image:type\" content=\"image\/png\" \/>\n<meta name=\"author\" content=\"Corina Cristea\" \/>\n<meta name=\"twitter:card\" content=\"summary_large_image\" \/>\n<meta name=\"twitter:label1\" content=\"Verfasst von\" \/>\n\t<meta name=\"twitter:data1\" content=\"Corina Cristea\" \/>\n\t<meta name=\"twitter:label2\" content=\"Gesch\u00e4tzte Lesezeit\" \/>\n\t<meta name=\"twitter:data2\" content=\"2\u00a0Minuten\" \/>\n\t<meta name=\"twitter:label3\" content=\"Written by\" \/>\n\t<meta name=\"twitter:data3\" content=\"Corina Cristea\" \/>\n<script type=\"application\/ld+json\" class=\"yoast-schema-graph\">{\"@context\":\"https:\\\/\\\/schema.org\",\"@graph\":[{\"@type\":\"Article\",\"@id\":\"https:\\\/\\\/www.rri.ro\\\/de\\\/aktuell\\\/rri-aktuell\\\/bukarest-begruesst-juengste-entwicklung-in-kiew-id458275.html#article\",\"isPartOf\":{\"@id\":\"https:\\\/\\\/www.rri.ro\\\/de\\\/aktuell\\\/rri-aktuell\\\/bukarest-begruesst-juengste-entwicklung-in-kiew-id458275.html\"},\"author\":{\"name\":\"Corina Cristea\",\"@id\":\"https:\\\/\\\/www.rri.ro\\\/#\\\/schema\\\/person\\\/f9ab1cb3569dee1b2c033a814bb7f0fc\"},\"headline\":\"Bukarest begr\u00fc\u00dft j\u00fcngste Entwicklung in Kiew\",\"datePublished\":\"2014-02-24T12:33:00+00:00\",\"dateModified\":\"2024-02-19T17:19:03+00:00\",\"mainEntityOfPage\":{\"@id\":\"https:\\\/\\\/www.rri.ro\\\/de\\\/aktuell\\\/rri-aktuell\\\/bukarest-begruesst-juengste-entwicklung-in-kiew-id458275.html\"},\"wordCount\":426,\"image\":{\"@id\":\"https:\\\/\\\/www.rri.ro\\\/de\\\/aktuell\\\/rri-aktuell\\\/bukarest-begruesst-juengste-entwicklung-in-kiew-id458275.html#primaryimage\"},\"thumbnailUrl\":\"https:\\\/\\\/www.rri.ro\\\/wp-content\\\/uploads\\\/2023\\\/10\\\/ucraina-euromaidan-mash.png\",\"keywords\":[\"Absetzung\",\"ausschlaggebend\",\"Au\u00dfenminister Titus Corl\u0103\u0163ean\",\"Bukarest\",\"Czernowitz\",\"EU-und NATO-Mitglied\",\"Kiew\",\"Pr\u00e4sident Viktor Janukowitsch\",\"region\",\"Regionalsprache\",\"Rum\u00e4nisch\",\"Senatsvorsitzende Crin Antonescu\",\"Staatschef Traian B\u0103sescu\",\"Stabilisierung\",\"territoriale Integrit\u00e4t\",\"Ukraine\",\"Unabh\u00e4ngigkeit\",\"Unterst\u00fctzung\",\"Verfassung 2004\",\"Wiederankurbelung\",\"Wirtschaft\"],\"articleSection\":[\"RRI Aktuell\"],\"inLanguage\":\"de\"},{\"@type\":\"WebPage\",\"@id\":\"https:\\\/\\\/www.rri.ro\\\/de\\\/aktuell\\\/rri-aktuell\\\/bukarest-begruesst-juengste-entwicklung-in-kiew-id458275.html\",\"url\":\"https:\\\/\\\/www.rri.ro\\\/de\\\/aktuell\\\/rri-aktuell\\\/bukarest-begruesst-juengste-entwicklung-in-kiew-id458275.html\",\"name\":\"Bukarest begr\u00fc\u00dft j\u00fcngste Entwicklung in Kiew - Radio Rum\u00e4nien International\",\"isPartOf\":{\"@id\":\"https:\\\/\\\/www.rri.ro\\\/#website\"},\"primaryImageOfPage\":{\"@id\":\"https:\\\/\\\/www.rri.ro\\\/de\\\/aktuell\\\/rri-aktuell\\\/bukarest-begruesst-juengste-entwicklung-in-kiew-id458275.html#primaryimage\"},\"image\":{\"@id\":\"https:\\\/\\\/www.rri.ro\\\/de\\\/aktuell\\\/rri-aktuell\\\/bukarest-begruesst-juengste-entwicklung-in-kiew-id458275.html#primaryimage\"},\"thumbnailUrl\":\"https:\\\/\\\/www.rri.ro\\\/wp-content\\\/uploads\\\/2023\\\/10\\\/ucraina-euromaidan-mash.png\",\"datePublished\":\"2014-02-24T12:33:00+00:00\",\"dateModified\":\"2024-02-19T17:19:03+00:00\",\"author\":{\"@id\":\"https:\\\/\\\/www.rri.ro\\\/#\\\/schema\\\/person\\\/f9ab1cb3569dee1b2c033a814bb7f0fc\"},\"breadcrumb\":{\"@id\":\"https:\\\/\\\/www.rri.ro\\\/de\\\/aktuell\\\/rri-aktuell\\\/bukarest-begruesst-juengste-entwicklung-in-kiew-id458275.html#breadcrumb\"},\"inLanguage\":\"de\",\"potentialAction\":[{\"@type\":\"ReadAction\",\"target\":[\"https:\\\/\\\/www.rri.ro\\\/de\\\/aktuell\\\/rri-aktuell\\\/bukarest-begruesst-juengste-entwicklung-in-kiew-id458275.html\"]}]},{\"@type\":\"ImageObject\",\"inLanguage\":\"de\",\"@id\":\"https:\\\/\\\/www.rri.ro\\\/de\\\/aktuell\\\/rri-aktuell\\\/bukarest-begruesst-juengste-entwicklung-in-kiew-id458275.html#primaryimage\",\"url\":\"https:\\\/\\\/www.rri.ro\\\/wp-content\\\/uploads\\\/2023\\\/10\\\/ucraina-euromaidan-mash.png\",\"contentUrl\":\"https:\\\/\\\/www.rri.ro\\\/wp-content\\\/uploads\\\/2023\\\/10\\\/ucraina-euromaidan-mash.png\",\"width\":640,\"height\":476},{\"@type\":\"BreadcrumbList\",\"@id\":\"https:\\\/\\\/www.rri.ro\\\/de\\\/aktuell\\\/rri-aktuell\\\/bukarest-begruesst-juengste-entwicklung-in-kiew-id458275.html#breadcrumb\",\"itemListElement\":[{\"@type\":\"ListItem\",\"position\":1,\"name\":\"Startseite\",\"item\":\"https:\\\/\\\/www.rri.ro\\\/de\"},{\"@type\":\"ListItem\",\"position\":2,\"name\":\"Aktuell\",\"item\":\"https:\\\/\\\/www.rri.ro\\\/de\\\/aktuell\"},{\"@type\":\"ListItem\",\"position\":3,\"name\":\"RRI Aktuell\",\"item\":\"https:\\\/\\\/www.rri.ro\\\/de\\\/aktuell\\\/rri-aktuell\"},{\"@type\":\"ListItem\",\"position\":4,\"name\":\"Bukarest begr\u00fc\u00dft j\u00fcngste Entwicklung in Kiew\"}]},{\"@type\":\"WebSite\",\"@id\":\"https:\\\/\\\/www.rri.ro\\\/#website\",\"url\":\"https:\\\/\\\/www.rri.ro\\\/\",\"name\":\"Radio Rum\u00e4nien International\",\"description\":\"Totul despre Rom\u00e2nia \u015fi rom\u00e2ni, \u00een 13 limbi\\\/dialecte!\",\"inLanguage\":\"de\"},{\"@type\":\"Person\",\"@id\":\"https:\\\/\\\/www.rri.ro\\\/#\\\/schema\\\/person\\\/f9ab1cb3569dee1b2c033a814bb7f0fc\",\"name\":\"Corina Cristea\",\"url\":\"https:\\\/\\\/www.rri.ro\\\/de\\\/author\\\/corina-cristea\"}]}<\/script>\n<!-- \/ Yoast SEO plugin. -->","yoast_head_json":{"title":"Bukarest begr\u00fc\u00dft j\u00fcngste Entwicklung in Kiew - Radio Rum\u00e4nien International","robots":{"index":"index","follow":"follow","max-snippet":"max-snippet:-1","max-image-preview":"max-image-preview:large","max-video-preview":"max-video-preview:-1"},"canonical":"https:\/\/www.rri.ro\/de\/aktuell\/rri-aktuell\/bukarest-begruesst-juengste-entwicklung-in-kiew-id458275.html","og_locale":"de_DE","og_type":"article","og_title":"Bukarest begr\u00fc\u00dft j\u00fcngste Entwicklung in Kiew - Radio Rum\u00e4nien International","og_description":"Der Regimewechsel in Kiew setzt den schweren Unruhen im benachbarten Land Rum\u00e4niens ein Ende. Mehr als 80 Menschen sind dem Machtkampf in der Ukraine zum Opfer gefallen. Die Bukarester Beh\u00f6rden begr\u00fc\u00dfen die j\u00fcngsten Entwicklungen in Kiew.","og_url":"https:\/\/www.rri.ro\/de\/aktuell\/rri-aktuell\/bukarest-begruesst-juengste-entwicklung-in-kiew-id458275.html","og_site_name":"Radio Rum\u00e4nien International","article_published_time":"2014-02-24T12:33:00+00:00","article_modified_time":"2024-02-19T17:19:03+00:00","og_image":[{"width":640,"height":476,"url":"https:\/\/www.rri.ro\/wp-content\/uploads\/2023\/10\/ucraina-euromaidan-mash.png","type":"image\/png"}],"author":"Corina Cristea","twitter_card":"summary_large_image","twitter_misc":{"Verfasst von":"Corina Cristea","Gesch\u00e4tzte Lesezeit":"2\u00a0Minuten","Written by":"Corina Cristea"},"schema":{"@context":"https:\/\/schema.org","@graph":[{"@type":"Article","@id":"https:\/\/www.rri.ro\/de\/aktuell\/rri-aktuell\/bukarest-begruesst-juengste-entwicklung-in-kiew-id458275.html#article","isPartOf":{"@id":"https:\/\/www.rri.ro\/de\/aktuell\/rri-aktuell\/bukarest-begruesst-juengste-entwicklung-in-kiew-id458275.html"},"author":{"name":"Corina Cristea","@id":"https:\/\/www.rri.ro\/#\/schema\/person\/f9ab1cb3569dee1b2c033a814bb7f0fc"},"headline":"Bukarest begr\u00fc\u00dft j\u00fcngste Entwicklung in Kiew","datePublished":"2014-02-24T12:33:00+00:00","dateModified":"2024-02-19T17:19:03+00:00","mainEntityOfPage":{"@id":"https:\/\/www.rri.ro\/de\/aktuell\/rri-aktuell\/bukarest-begruesst-juengste-entwicklung-in-kiew-id458275.html"},"wordCount":426,"image":{"@id":"https:\/\/www.rri.ro\/de\/aktuell\/rri-aktuell\/bukarest-begruesst-juengste-entwicklung-in-kiew-id458275.html#primaryimage"},"thumbnailUrl":"https:\/\/www.rri.ro\/wp-content\/uploads\/2023\/10\/ucraina-euromaidan-mash.png","keywords":["Absetzung","ausschlaggebend","Au\u00dfenminister Titus Corl\u0103\u0163ean","Bukarest","Czernowitz","EU-und NATO-Mitglied","Kiew","Pr\u00e4sident Viktor Janukowitsch","region","Regionalsprache","Rum\u00e4nisch","Senatsvorsitzende Crin Antonescu","Staatschef Traian B\u0103sescu","Stabilisierung","territoriale Integrit\u00e4t","Ukraine","Unabh\u00e4ngigkeit","Unterst\u00fctzung","Verfassung 2004","Wiederankurbelung","Wirtschaft"],"articleSection":["RRI Aktuell"],"inLanguage":"de"},{"@type":"WebPage","@id":"https:\/\/www.rri.ro\/de\/aktuell\/rri-aktuell\/bukarest-begruesst-juengste-entwicklung-in-kiew-id458275.html","url":"https:\/\/www.rri.ro\/de\/aktuell\/rri-aktuell\/bukarest-begruesst-juengste-entwicklung-in-kiew-id458275.html","name":"Bukarest begr\u00fc\u00dft j\u00fcngste Entwicklung in Kiew - Radio Rum\u00e4nien International","isPartOf":{"@id":"https:\/\/www.rri.ro\/#website"},"primaryImageOfPage":{"@id":"https:\/\/www.rri.ro\/de\/aktuell\/rri-aktuell\/bukarest-begruesst-juengste-entwicklung-in-kiew-id458275.html#primaryimage"},"image":{"@id":"https:\/\/www.rri.ro\/de\/aktuell\/rri-aktuell\/bukarest-begruesst-juengste-entwicklung-in-kiew-id458275.html#primaryimage"},"thumbnailUrl":"https:\/\/www.rri.ro\/wp-content\/uploads\/2023\/10\/ucraina-euromaidan-mash.png","datePublished":"2014-02-24T12:33:00+00:00","dateModified":"2024-02-19T17:19:03+00:00","author":{"@id":"https:\/\/www.rri.ro\/#\/schema\/person\/f9ab1cb3569dee1b2c033a814bb7f0fc"},"breadcrumb":{"@id":"https:\/\/www.rri.ro\/de\/aktuell\/rri-aktuell\/bukarest-begruesst-juengste-entwicklung-in-kiew-id458275.html#breadcrumb"},"inLanguage":"de","potentialAction":[{"@type":"ReadAction","target":["https:\/\/www.rri.ro\/de\/aktuell\/rri-aktuell\/bukarest-begruesst-juengste-entwicklung-in-kiew-id458275.html"]}]},{"@type":"ImageObject","inLanguage":"de","@id":"https:\/\/www.rri.ro\/de\/aktuell\/rri-aktuell\/bukarest-begruesst-juengste-entwicklung-in-kiew-id458275.html#primaryimage","url":"https:\/\/www.rri.ro\/wp-content\/uploads\/2023\/10\/ucraina-euromaidan-mash.png","contentUrl":"https:\/\/www.rri.ro\/wp-content\/uploads\/2023\/10\/ucraina-euromaidan-mash.png","width":640,"height":476},{"@type":"BreadcrumbList","@id":"https:\/\/www.rri.ro\/de\/aktuell\/rri-aktuell\/bukarest-begruesst-juengste-entwicklung-in-kiew-id458275.html#breadcrumb","itemListElement":[{"@type":"ListItem","position":1,"name":"Startseite","item":"https:\/\/www.rri.ro\/de"},{"@type":"ListItem","position":2,"name":"Aktuell","item":"https:\/\/www.rri.ro\/de\/aktuell"},{"@type":"ListItem","position":3,"name":"RRI Aktuell","item":"https:\/\/www.rri.ro\/de\/aktuell\/rri-aktuell"},{"@type":"ListItem","position":4,"name":"Bukarest begr\u00fc\u00dft j\u00fcngste Entwicklung in Kiew"}]},{"@type":"WebSite","@id":"https:\/\/www.rri.ro\/#website","url":"https:\/\/www.rri.ro\/","name":"Radio Rum\u00e4nien International","description":"Totul despre Rom\u00e2nia \u015fi rom\u00e2ni, \u00een 13 limbi\/dialecte!","inLanguage":"de"},{"@type":"Person","@id":"https:\/\/www.rri.ro\/#\/schema\/person\/f9ab1cb3569dee1b2c033a814bb7f0fc","name":"Corina Cristea","url":"https:\/\/www.rri.ro\/de\/author\/corina-cristea"}]}},"_links":{"self":[{"href":"https:\/\/www.rri.ro\/de\/wp-json\/wp\/v2\/posts\/458275","targetHints":{"allow":["GET"]}}],"collection":[{"href":"https:\/\/www.rri.ro\/de\/wp-json\/wp\/v2\/posts"}],"about":[{"href":"https:\/\/www.rri.ro\/de\/wp-json\/wp\/v2\/types\/post"}],"author":[{"embeddable":true,"href":"https:\/\/www.rri.ro\/de\/wp-json\/wp\/v2\/users\/108"}],"replies":[{"embeddable":true,"href":"https:\/\/www.rri.ro\/de\/wp-json\/wp\/v2\/comments?post=458275"}],"version-history":[{"count":0,"href":"https:\/\/www.rri.ro\/de\/wp-json\/wp\/v2\/posts\/458275\/revisions"}],"wp:featuredmedia":[{"embeddable":true,"href":"https:\/\/www.rri.ro\/de\/wp-json\/wp\/v2\/media\/51613"}],"wp:attachment":[{"href":"https:\/\/www.rri.ro\/de\/wp-json\/wp\/v2\/media?parent=458275"}],"wp:term":[{"taxonomy":"category","embeddable":true,"href":"https:\/\/www.rri.ro\/de\/wp-json\/wp\/v2\/categories?post=458275"},{"taxonomy":"post_tag","embeddable":true,"href":"https:\/\/www.rri.ro\/de\/wp-json\/wp\/v2\/tags?post=458275"},{"taxonomy":"author","embeddable":true,"href":"https:\/\/www.rri.ro\/de\/wp-json\/wp\/v2\/coauthors?post=458275"}],"curies":[{"name":"wp","href":"https:\/\/api.w.org\/{rel}","templated":true}]}}