{"id":458298,"date":"2014-03-12T14:28:00","date_gmt":"2014-03-12T12:28:00","guid":{"rendered":"http:\/\/devrri.freshlemon.ro\/aktuell\/ungarische-extremisten-in-rumaenien-id458298.html"},"modified":"2024-02-19T19:21:59","modified_gmt":"2024-02-19T17:21:59","slug":"ungarische-extremisten-in-rumaenien","status":"publish","type":"post","link":"https:\/\/www.rri.ro\/de\/aktuell\/rri-aktuell\/ungarische-extremisten-in-rumaenien-id458298.html","title":{"rendered":"Ungarische Extremisten in Rum\u00e4nien"},"content":{"rendered":"<p>Am Montag ist in der Stadt Targu Mures (in der Mitte Rum\u00e4niens) ein nicht genehmigter Protestmarsch einiger rechtsxtremen Organisationen aus Ungarn, an dem auch Mitglieder der ungarischen Volksminderheit in Rum\u00e4nien teilgenommen haben, zu einem Konflikt mit den Ordnungskr\u00e4ften eskaliert. Etwa 4000 Menschen haben sich am Montag in Neumarkt\/T\u00e2rgu Mure\u015f  an einer Gedenkfeier f\u00fcr Szekler M\u00e4rtyrer beteiligt, der anschlie\u200e\u00dfend ein ungenehmigter Protestmarsch folgte, in dessen Verlauf es zeitweilig zu Gerangel mit den Ordnungsh\u00fctern kam. Vermummte Protestteilnehmer warfen Sprengk\u00f6rpern, drangen auf die Stra\u200e\u00dfe, provozierten die Gendarmen und skandierten rum\u00e4nienfeindliche Parolen. Sie forderten die territorielle Autonomie der sogenannten Szekler-Region in der Mitte Rum\u00e4niens. Diese ist die einzige Gegend Rum\u00e4niens, wo Ungarnst\u00e4mmige die Mehrheit der Bev\u00f6lkerung  bilden.<\/p>\n<p>&#13;<br \/>\n&#13;<\/p>\n<p>&#13;<br \/>\n&#13;<\/p>\n<p>Die Ausschreitungen am Montag in Targu Mures haben in ganz Rum\u00e4nien f\u00fcr Unruhe gesorgt; nicht weil sie gewaltt\u00e4tiger als die fast ritualischen Raufereien der letzten Jahre  zwischen den Gendarmen und den Fussball-Chaoten gewesen w\u00e4ren, sondern weil der Ort und die Zeit von traumatischen Erinnerungen gepr\u00e4gt sind. Marz 1990 eskalierten n\u00e4mlich in derselben Stadt Targu Mures die bereits brodelnden Spannungen zwischen den Rum\u00e4nen und den Ungarn der Region, die auch von ungarischen Irredentisten und Agenten der ehemaligen rum\u00e4nischen politischen Polizei angefeuert wurden, zu gewaltt\u00e4tigen Ausschreitungen und Stra\u200e\u00dfenk\u00e4mpfen. Infolge der damaligen Gewaltausschreitungen gab es Tote und Verletzte, Rum\u00e4nen und Ungarn. Jene traurige Episode der postkommunistischen \u00dcbergangszeit geschah etwa 3 Monate nach der rum\u00e4nischen Revolution vom Dezember 1989. Heute sind Rum\u00e4nien und Ungarn Alliierte innerhalb der NATO und Partner in der Europ\u00e4ischen Union, die Rum\u00e4nen und die Ungarn in Siebenb\u00fcrgen leben, wenn nicht gerade freundlich, doch friedlich zusammen und die wichtigste politische Gruppierung der Rum\u00e4nienungarn, der Demokratische Verband der Ungarn in Rum\u00e4nien, ist neulich der Bukarester Regierungskoalition beigetreten.<\/p>\n<p>&#13;<br \/>\n&#13;<\/p>\n<p>&#13;<br \/>\n&#13;<\/p>\n<p>Der offensichtlich durch die j\u00fcngsten Gewaltausschreitungen in Targu Mures irritierte rum\u00e4nische Staatspr\u00e4sident Traian Basescu forderte die Regierung und das Parlament auf, eine Rechtsnorm zu verabschieden, wodurch den Mitgliedern der ungarischen Partei Jobbik, die den Protestmarsch am Montag mitveranstaltet hatte, verboten werden sollte, sich in Rum\u00e4nien aufzuhalten. \u00dcber dieses Thema soll auch bei der n\u00e4chsten Sitzung des Landesverteidigungsrates diskutiert werden, so Traian Basescu:<\/p>\n<p>&#13;<br \/>\n&#13;<\/p>\n<p>&#13;<br \/>\n&#13;<\/p>\n<p><em>Die Freiheit, die Demokratie, das Recht auf Freiz\u00fcgigkeit, das Recht auf freie \u00c4\u00fc\u200e\u00dferung durfen nicht so weit gehen, da\u200e\u00df durch extremistisches Verhalten einiger Gruppierungen  andere Menschen zu Schaden kommen. Jobbik ist eine rechtsextreme Partei; sogar die Regierenden in Budapest sch\u00e4men sich ihretwegen und akzeptieren sie nicht in ihre Koalitionen. Ich sehe nicht, warum wir uns sch\u00e4men sollten, diese Gruppierung hinauszuwerfen oder ihr die Einreise nach Rum\u00e4nien zu verweigern.\u201d<\/em><\/p>\n<p>&#13;<br \/>\n&#13;<\/p>\n<p>&#13;<br \/>\n&#13;<\/p>\n<p>Nach den Konservativen und den Sozialisten ist Jobbik die drittgr\u00f6\u200e\u00dfte politische Gruppierung in Ungarn; es handelt sich um eine \u00e4u\u200e\u00dferst virulente rechtsextreme, ultranationalistische, irredentistische Partei. Der neulich in die Opposition getretene Vorsitzende der National-Liberalen Partei, Crin Antonescu, erkl\u00e4rte sich einverstanden mit der Forderung des Staatspr\u00e4sidenten Traian Basescu. Und der Demokratische Verband der Ungarn in Rum\u00e4nien distanzierte sich von allen gewaltt\u00e4tigen und extremistischen Auftritten. Der Vorsitzende des Ungarnverbandes und Vizepr\u00e4sident Rum\u00e4niens, Kelemen Hunor, dazu:<\/p>\n<p>&#13;<br \/>\n&#13;<\/p>\n<p>&#13;<br \/>\n&#13;<\/p>\n<p><em>Ich bin dagegen, da\u200e\u00df Leute aus Ungarn hierher kommen, um zu protestieren &#8212; weder in Targu Mures noch in anderen Ortschaften, weder Jobbik-Mitglieder noch von anderen Organisationen.\u201d<\/em><\/p>\n<p>&#13;<br \/>\n&#13;<\/p>\n<p>&#13;<br \/>\n&#13;<\/p>\n<p>Die Politkommentatoren erinnern daran, da\u200e\u00df in Ungarn bald die Europawahl und die Parlamentswahl stattfinden werden. Mit dem Anheizen der interethnischen Konflikte versucht Jobbik ganz einfach, W\u00e4hlerstimmen f\u00fcr sich zu gewinnen, meinen die Experten.<\/p>\n<p>&#13;<\/p>\n","protected":false},"excerpt":{"rendered":"<p>Nach den Ausschreitungen bei einer Demonstration der ungarischen rechtsextremen Partei Jobbik in der rum\u00e4nischen Stadt Targu Mures \u00fcberlegen die Bukarester Beh\u00f6rden eine Rechtsnorm, um den Jobbik-Mitgliedern den Aufenthalt in Rum\u00e4nien zu verbieten.<\/p>\n","protected":false},"author":105,"featured_media":52221,"comment_status":"closed","ping_status":"closed","sticky":false,"template":"","format":"standard","meta":{"_acf_changed":false,"footnotes":""},"categories":[99583],"tags":[161131,101232,58697,30219,101134,36425,58481,99992,101231,188147,161728,99586,164518,44253,99636],"coauthors":[],"class_list":["post-458298","post","type-post","status-publish","format-standard","has-post-thumbnail","hentry","category-rri-aktuell","tag-antonescu-de","tag-ausschreitungen","tag-autonomie","tag-basescu","tag-gewalt","tag-hunor","tag-jobbik","tag-konflikt","tag-marsch","tag-mures-de","tag-protest-de","tag-regierung","tag-szekler-de","tag-targu","tag-ungarn"],"acf":[],"yoast_head":"<!-- This site is optimized with the Yoast SEO plugin v27.3 - https:\/\/yoast.com\/product\/yoast-seo-wordpress\/ -->\n<title>Ungarische Extremisten in Rum\u00e4nien - Radio Rum\u00e4nien International<\/title>\n<meta name=\"robots\" content=\"index, follow, max-snippet:-1, max-image-preview:large, max-video-preview:-1\" \/>\n<link rel=\"canonical\" href=\"https:\/\/www.rri.ro\/de\/aktuell\/rri-aktuell\/ungarische-extremisten-in-rumaenien-id458298.html\" \/>\n<meta property=\"og:locale\" content=\"de_DE\" \/>\n<meta property=\"og:type\" content=\"article\" \/>\n<meta property=\"og:title\" content=\"Ungarische Extremisten in Rum\u00e4nien - Radio Rum\u00e4nien International\" \/>\n<meta property=\"og:description\" content=\"Nach den Ausschreitungen bei einer Demonstration der ungarischen rechtsextremen Partei Jobbik in der rum\u00e4nischen Stadt Targu Mures \u00fcberlegen die Bukarester Beh\u00f6rden eine Rechtsnorm, um den Jobbik-Mitgliedern den Aufenthalt in Rum\u00e4nien zu verbieten.\" \/>\n<meta property=\"og:url\" content=\"https:\/\/www.rri.ro\/de\/aktuell\/rri-aktuell\/ungarische-extremisten-in-rumaenien-id458298.html\" \/>\n<meta property=\"og:site_name\" content=\"Radio Rum\u00e4nien International\" \/>\n<meta property=\"article:published_time\" content=\"2014-03-12T12:28:00+00:00\" \/>\n<meta property=\"article:modified_time\" content=\"2024-02-19T17:21:59+00:00\" \/>\n<meta property=\"og:image\" content=\"https:\/\/www.rri.ro\/wp-content\/uploads\/2023\/10\/basescu-cotroceni-11-03-2014.png\" \/>\n\t<meta property=\"og:image:width\" content=\"640\" \/>\n\t<meta property=\"og:image:height\" content=\"426\" \/>\n\t<meta property=\"og:image:type\" content=\"image\/png\" \/>\n<meta name=\"author\" content=\"Bogdan Matei\" \/>\n<meta name=\"twitter:card\" content=\"summary_large_image\" \/>\n<meta name=\"twitter:label1\" content=\"Verfasst von\" \/>\n\t<meta name=\"twitter:data1\" content=\"Bogdan Matei\" \/>\n\t<meta name=\"twitter:label2\" content=\"Gesch\u00e4tzte Lesezeit\" \/>\n\t<meta name=\"twitter:data2\" content=\"3\u00a0Minuten\" \/>\n\t<meta name=\"twitter:label3\" content=\"Written by\" \/>\n\t<meta name=\"twitter:data3\" content=\"Bogdan Matei\" \/>\n<script type=\"application\/ld+json\" class=\"yoast-schema-graph\">{\"@context\":\"https:\\\/\\\/schema.org\",\"@graph\":[{\"@type\":\"Article\",\"@id\":\"https:\\\/\\\/www.rri.ro\\\/de\\\/aktuell\\\/rri-aktuell\\\/ungarische-extremisten-in-rumaenien-id458298.html#article\",\"isPartOf\":{\"@id\":\"https:\\\/\\\/www.rri.ro\\\/de\\\/aktuell\\\/rri-aktuell\\\/ungarische-extremisten-in-rumaenien-id458298.html\"},\"author\":{\"name\":\"Bogdan Matei\",\"@id\":\"https:\\\/\\\/www.rri.ro\\\/#\\\/schema\\\/person\\\/0ed327d40678578e6dbb840527e3ba32\"},\"headline\":\"Ungarische Extremisten in Rum\u00e4nien\",\"datePublished\":\"2014-03-12T12:28:00+00:00\",\"dateModified\":\"2024-02-19T17:21:59+00:00\",\"mainEntityOfPage\":{\"@id\":\"https:\\\/\\\/www.rri.ro\\\/de\\\/aktuell\\\/rri-aktuell\\\/ungarische-extremisten-in-rumaenien-id458298.html\"},\"wordCount\":596,\"image\":{\"@id\":\"https:\\\/\\\/www.rri.ro\\\/de\\\/aktuell\\\/rri-aktuell\\\/ungarische-extremisten-in-rumaenien-id458298.html#primaryimage\"},\"thumbnailUrl\":\"https:\\\/\\\/www.rri.ro\\\/wp-content\\\/uploads\\\/2023\\\/10\\\/basescu-cotroceni-11-03-2014.png\",\"keywords\":[\"Antonescu\",\"Ausschreitungen\",\"autonomie\",\"Basescu\",\"Gewalt\",\"Hunor\",\"Jobbik\",\"Konflikt\",\"Marsch\",\"Mures\",\"protest\",\"Regierung\",\"Szekler\",\"Targu\",\"Ungarn\"],\"articleSection\":[\"RRI Aktuell\"],\"inLanguage\":\"de\"},{\"@type\":\"WebPage\",\"@id\":\"https:\\\/\\\/www.rri.ro\\\/de\\\/aktuell\\\/rri-aktuell\\\/ungarische-extremisten-in-rumaenien-id458298.html\",\"url\":\"https:\\\/\\\/www.rri.ro\\\/de\\\/aktuell\\\/rri-aktuell\\\/ungarische-extremisten-in-rumaenien-id458298.html\",\"name\":\"Ungarische Extremisten in Rum\u00e4nien - Radio Rum\u00e4nien International\",\"isPartOf\":{\"@id\":\"https:\\\/\\\/www.rri.ro\\\/#website\"},\"primaryImageOfPage\":{\"@id\":\"https:\\\/\\\/www.rri.ro\\\/de\\\/aktuell\\\/rri-aktuell\\\/ungarische-extremisten-in-rumaenien-id458298.html#primaryimage\"},\"image\":{\"@id\":\"https:\\\/\\\/www.rri.ro\\\/de\\\/aktuell\\\/rri-aktuell\\\/ungarische-extremisten-in-rumaenien-id458298.html#primaryimage\"},\"thumbnailUrl\":\"https:\\\/\\\/www.rri.ro\\\/wp-content\\\/uploads\\\/2023\\\/10\\\/basescu-cotroceni-11-03-2014.png\",\"datePublished\":\"2014-03-12T12:28:00+00:00\",\"dateModified\":\"2024-02-19T17:21:59+00:00\",\"author\":{\"@id\":\"https:\\\/\\\/www.rri.ro\\\/#\\\/schema\\\/person\\\/0ed327d40678578e6dbb840527e3ba32\"},\"breadcrumb\":{\"@id\":\"https:\\\/\\\/www.rri.ro\\\/de\\\/aktuell\\\/rri-aktuell\\\/ungarische-extremisten-in-rumaenien-id458298.html#breadcrumb\"},\"inLanguage\":\"de\",\"potentialAction\":[{\"@type\":\"ReadAction\",\"target\":[\"https:\\\/\\\/www.rri.ro\\\/de\\\/aktuell\\\/rri-aktuell\\\/ungarische-extremisten-in-rumaenien-id458298.html\"]}]},{\"@type\":\"ImageObject\",\"inLanguage\":\"de\",\"@id\":\"https:\\\/\\\/www.rri.ro\\\/de\\\/aktuell\\\/rri-aktuell\\\/ungarische-extremisten-in-rumaenien-id458298.html#primaryimage\",\"url\":\"https:\\\/\\\/www.rri.ro\\\/wp-content\\\/uploads\\\/2023\\\/10\\\/basescu-cotroceni-11-03-2014.png\",\"contentUrl\":\"https:\\\/\\\/www.rri.ro\\\/wp-content\\\/uploads\\\/2023\\\/10\\\/basescu-cotroceni-11-03-2014.png\",\"width\":640,\"height\":426},{\"@type\":\"BreadcrumbList\",\"@id\":\"https:\\\/\\\/www.rri.ro\\\/de\\\/aktuell\\\/rri-aktuell\\\/ungarische-extremisten-in-rumaenien-id458298.html#breadcrumb\",\"itemListElement\":[{\"@type\":\"ListItem\",\"position\":1,\"name\":\"Startseite\",\"item\":\"https:\\\/\\\/www.rri.ro\\\/de\"},{\"@type\":\"ListItem\",\"position\":2,\"name\":\"Aktuell\",\"item\":\"https:\\\/\\\/www.rri.ro\\\/de\\\/aktuell\"},{\"@type\":\"ListItem\",\"position\":3,\"name\":\"RRI Aktuell\",\"item\":\"https:\\\/\\\/www.rri.ro\\\/de\\\/aktuell\\\/rri-aktuell\"},{\"@type\":\"ListItem\",\"position\":4,\"name\":\"Ungarische Extremisten in Rum\u00e4nien\"}]},{\"@type\":\"WebSite\",\"@id\":\"https:\\\/\\\/www.rri.ro\\\/#website\",\"url\":\"https:\\\/\\\/www.rri.ro\\\/\",\"name\":\"Radio Rum\u00e4nien International\",\"description\":\"Totul despre Rom\u00e2nia \u015fi rom\u00e2ni, \u00een 13 limbi\\\/dialecte!\",\"inLanguage\":\"de\"},{\"@type\":\"Person\",\"@id\":\"https:\\\/\\\/www.rri.ro\\\/#\\\/schema\\\/person\\\/0ed327d40678578e6dbb840527e3ba32\",\"name\":\"Bogdan Matei\",\"url\":\"https:\\\/\\\/www.rri.ro\\\/de\\\/author\\\/bogdan-matei\"}]}<\/script>\n<!-- \/ Yoast SEO plugin. -->","yoast_head_json":{"title":"Ungarische Extremisten in Rum\u00e4nien - Radio Rum\u00e4nien International","robots":{"index":"index","follow":"follow","max-snippet":"max-snippet:-1","max-image-preview":"max-image-preview:large","max-video-preview":"max-video-preview:-1"},"canonical":"https:\/\/www.rri.ro\/de\/aktuell\/rri-aktuell\/ungarische-extremisten-in-rumaenien-id458298.html","og_locale":"de_DE","og_type":"article","og_title":"Ungarische Extremisten in Rum\u00e4nien - Radio Rum\u00e4nien International","og_description":"Nach den Ausschreitungen bei einer Demonstration der ungarischen rechtsextremen Partei Jobbik in der rum\u00e4nischen Stadt Targu Mures \u00fcberlegen die Bukarester Beh\u00f6rden eine Rechtsnorm, um den Jobbik-Mitgliedern den Aufenthalt in Rum\u00e4nien zu verbieten.","og_url":"https:\/\/www.rri.ro\/de\/aktuell\/rri-aktuell\/ungarische-extremisten-in-rumaenien-id458298.html","og_site_name":"Radio Rum\u00e4nien International","article_published_time":"2014-03-12T12:28:00+00:00","article_modified_time":"2024-02-19T17:21:59+00:00","og_image":[{"width":640,"height":426,"url":"https:\/\/www.rri.ro\/wp-content\/uploads\/2023\/10\/basescu-cotroceni-11-03-2014.png","type":"image\/png"}],"author":"Bogdan Matei","twitter_card":"summary_large_image","twitter_misc":{"Verfasst von":"Bogdan Matei","Gesch\u00e4tzte Lesezeit":"3\u00a0Minuten","Written by":"Bogdan Matei"},"schema":{"@context":"https:\/\/schema.org","@graph":[{"@type":"Article","@id":"https:\/\/www.rri.ro\/de\/aktuell\/rri-aktuell\/ungarische-extremisten-in-rumaenien-id458298.html#article","isPartOf":{"@id":"https:\/\/www.rri.ro\/de\/aktuell\/rri-aktuell\/ungarische-extremisten-in-rumaenien-id458298.html"},"author":{"name":"Bogdan Matei","@id":"https:\/\/www.rri.ro\/#\/schema\/person\/0ed327d40678578e6dbb840527e3ba32"},"headline":"Ungarische Extremisten in Rum\u00e4nien","datePublished":"2014-03-12T12:28:00+00:00","dateModified":"2024-02-19T17:21:59+00:00","mainEntityOfPage":{"@id":"https:\/\/www.rri.ro\/de\/aktuell\/rri-aktuell\/ungarische-extremisten-in-rumaenien-id458298.html"},"wordCount":596,"image":{"@id":"https:\/\/www.rri.ro\/de\/aktuell\/rri-aktuell\/ungarische-extremisten-in-rumaenien-id458298.html#primaryimage"},"thumbnailUrl":"https:\/\/www.rri.ro\/wp-content\/uploads\/2023\/10\/basescu-cotroceni-11-03-2014.png","keywords":["Antonescu","Ausschreitungen","autonomie","Basescu","Gewalt","Hunor","Jobbik","Konflikt","Marsch","Mures","protest","Regierung","Szekler","Targu","Ungarn"],"articleSection":["RRI Aktuell"],"inLanguage":"de"},{"@type":"WebPage","@id":"https:\/\/www.rri.ro\/de\/aktuell\/rri-aktuell\/ungarische-extremisten-in-rumaenien-id458298.html","url":"https:\/\/www.rri.ro\/de\/aktuell\/rri-aktuell\/ungarische-extremisten-in-rumaenien-id458298.html","name":"Ungarische Extremisten in Rum\u00e4nien - Radio Rum\u00e4nien International","isPartOf":{"@id":"https:\/\/www.rri.ro\/#website"},"primaryImageOfPage":{"@id":"https:\/\/www.rri.ro\/de\/aktuell\/rri-aktuell\/ungarische-extremisten-in-rumaenien-id458298.html#primaryimage"},"image":{"@id":"https:\/\/www.rri.ro\/de\/aktuell\/rri-aktuell\/ungarische-extremisten-in-rumaenien-id458298.html#primaryimage"},"thumbnailUrl":"https:\/\/www.rri.ro\/wp-content\/uploads\/2023\/10\/basescu-cotroceni-11-03-2014.png","datePublished":"2014-03-12T12:28:00+00:00","dateModified":"2024-02-19T17:21:59+00:00","author":{"@id":"https:\/\/www.rri.ro\/#\/schema\/person\/0ed327d40678578e6dbb840527e3ba32"},"breadcrumb":{"@id":"https:\/\/www.rri.ro\/de\/aktuell\/rri-aktuell\/ungarische-extremisten-in-rumaenien-id458298.html#breadcrumb"},"inLanguage":"de","potentialAction":[{"@type":"ReadAction","target":["https:\/\/www.rri.ro\/de\/aktuell\/rri-aktuell\/ungarische-extremisten-in-rumaenien-id458298.html"]}]},{"@type":"ImageObject","inLanguage":"de","@id":"https:\/\/www.rri.ro\/de\/aktuell\/rri-aktuell\/ungarische-extremisten-in-rumaenien-id458298.html#primaryimage","url":"https:\/\/www.rri.ro\/wp-content\/uploads\/2023\/10\/basescu-cotroceni-11-03-2014.png","contentUrl":"https:\/\/www.rri.ro\/wp-content\/uploads\/2023\/10\/basescu-cotroceni-11-03-2014.png","width":640,"height":426},{"@type":"BreadcrumbList","@id":"https:\/\/www.rri.ro\/de\/aktuell\/rri-aktuell\/ungarische-extremisten-in-rumaenien-id458298.html#breadcrumb","itemListElement":[{"@type":"ListItem","position":1,"name":"Startseite","item":"https:\/\/www.rri.ro\/de"},{"@type":"ListItem","position":2,"name":"Aktuell","item":"https:\/\/www.rri.ro\/de\/aktuell"},{"@type":"ListItem","position":3,"name":"RRI Aktuell","item":"https:\/\/www.rri.ro\/de\/aktuell\/rri-aktuell"},{"@type":"ListItem","position":4,"name":"Ungarische Extremisten in Rum\u00e4nien"}]},{"@type":"WebSite","@id":"https:\/\/www.rri.ro\/#website","url":"https:\/\/www.rri.ro\/","name":"Radio Rum\u00e4nien International","description":"Totul despre Rom\u00e2nia \u015fi rom\u00e2ni, \u00een 13 limbi\/dialecte!","inLanguage":"de"},{"@type":"Person","@id":"https:\/\/www.rri.ro\/#\/schema\/person\/0ed327d40678578e6dbb840527e3ba32","name":"Bogdan Matei","url":"https:\/\/www.rri.ro\/de\/author\/bogdan-matei"}]}},"_links":{"self":[{"href":"https:\/\/www.rri.ro\/de\/wp-json\/wp\/v2\/posts\/458298","targetHints":{"allow":["GET"]}}],"collection":[{"href":"https:\/\/www.rri.ro\/de\/wp-json\/wp\/v2\/posts"}],"about":[{"href":"https:\/\/www.rri.ro\/de\/wp-json\/wp\/v2\/types\/post"}],"author":[{"embeddable":true,"href":"https:\/\/www.rri.ro\/de\/wp-json\/wp\/v2\/users\/105"}],"replies":[{"embeddable":true,"href":"https:\/\/www.rri.ro\/de\/wp-json\/wp\/v2\/comments?post=458298"}],"version-history":[{"count":0,"href":"https:\/\/www.rri.ro\/de\/wp-json\/wp\/v2\/posts\/458298\/revisions"}],"wp:featuredmedia":[{"embeddable":true,"href":"https:\/\/www.rri.ro\/de\/wp-json\/wp\/v2\/media\/52221"}],"wp:attachment":[{"href":"https:\/\/www.rri.ro\/de\/wp-json\/wp\/v2\/media?parent=458298"}],"wp:term":[{"taxonomy":"category","embeddable":true,"href":"https:\/\/www.rri.ro\/de\/wp-json\/wp\/v2\/categories?post=458298"},{"taxonomy":"post_tag","embeddable":true,"href":"https:\/\/www.rri.ro\/de\/wp-json\/wp\/v2\/tags?post=458298"},{"taxonomy":"author","embeddable":true,"href":"https:\/\/www.rri.ro\/de\/wp-json\/wp\/v2\/coauthors?post=458298"}],"curies":[{"name":"wp","href":"https:\/\/api.w.org\/{rel}","templated":true}]}}