{"id":458302,"date":"2014-03-14T15:22:00","date_gmt":"2014-03-14T13:22:00","guid":{"rendered":"http:\/\/devrri.freshlemon.ro\/aktuell\/praesident-traian-basescu-promulgiert-energie-gesetz-id458302.html"},"modified":"2024-02-19T19:22:02","modified_gmt":"2024-02-19T17:22:02","slug":"praesident-traian-basescu-promulgiert-energie-gesetz","status":"publish","type":"post","link":"https:\/\/www.rri.ro\/de\/aktuell\/rri-aktuell\/praesident-traian-basescu-promulgiert-energie-gesetz-id458302.html","title":{"rendered":"Pr\u00e4sident Traian B\u0103sescu promulgiert Energie-Gesetz"},"content":{"rendered":"<p>Rum\u00e4nien hat ein mittel- und langrfristiges Unterst\u00fctzungsprogramm der gr\u00fcnen Energieerzeugung eingef\u00fchrt. Dadurch m\u00f6chte man mehr Strom aus erneuerbaren Quellen auf dem Markt haben. Eine der F\u00f6rderma\u200e\u00dfnahmen f\u00fcr die Erzeugung von gr\u00fcner Energie sind die gr\u00fcnen Zertifikate. Abh\u00e4ngig von der Art der gr\u00fcnen Energie und der angewandten Technik, erhalten die Energieerzeuger ein Anzahl von gr\u00fcnen Zertifikaten f\u00fcr jede eingespeiste MWh. Diese Wertpapiere k\u00f6nnen getrennt vor Energiemenge, der sie entsprechen, an einer organisierten B\u00f6rse gehandelt werden.<\/p>\n<p>&#13;<br \/>\n&#13;<\/p>\n<p>&#13;<br \/>\n&#13;<\/p>\n<p>Die Zertifikate werden von den Energieerzeugern und Strombetreibern zur Deckung des Eigenverbrauchs gekauft. Diese Energiepolitik hat in letzter Zeit Proteste der Gewerkschaftler der Metallurgie verursacht. Dieser Industriezweig bleibt weiterhin ein gro\u200e\u00dfer Energieverbraucher und leistet somit eine gro\u200e\u00dfen Beitrag zu den gr\u00fcnen Zertifikaten. Die Gewerkschaftler forderten in Bukarest die unmittelbare Promulgation des Gesetzes zur Billigung der Regierungsverordnung bez\u00fcglich der gr\u00fcnen Zertifikate. Sie behaupten, dass sonst der Preis, den die gro\u200e\u00dfen Industrieverbraucher f\u00fcr Strom zahlen, derma\u200e\u00dfen in die H\u00f6he schie\u200e\u00dfen w\u00fcrde, dass die ihre T\u00e4tigkeit einstellen m\u00fcssten.<\/p>\n<p>&#13;<br \/>\n&#13;<\/p>\n<p>&#13;<br \/>\n&#13;<\/p>\n<p>Pr\u00e4sident Traian B\u0103sescu hat dieses Gesetz promulgiert um zu beweisen, dass er sich f\u00fcr die vermeintliche Preissteigerung bei Strom nicht verantwortlich macht, so wie ihm Ministerpr\u00e4sident Victor Ponta vorgeworfen hatte. Traian B\u0103sescu: <em>Ich wollte der Demagogie ein Ende setzen. Ich muss sagen, es war nicht leicht dies zu tun, aber ich habe verstanden warum er diese Kampagne gestartet hat: Der elektrische Strom wird um 50% teuerer wenn der Pr\u00e4sident das Gesetz zur Billigung der Regierungsverordnung nicht promulgiert. Ich habe es folglich getan. Ich bin \u00fcberzeugt, dass die Regierung jetzt erl\u00e4utern wird, wie der Strom um 50% billiger wird.\u201c<\/em><\/p>\n<p>&#13;<br \/>\n&#13;<\/p>\n<p>&#13;<br \/>\n&#13;<\/p>\n<p>Laut der besagten Rechtsnorm werden die Erzeuger von erneuerbarer Energie nur ein Teil der ihnen zustehenden gr\u00fcnen Zertifikate erhalten. Die restlichen sollen sie nach drei Jahren zur\u00fcckgewinnen. Die letzten Tage hatten der Pr\u00e4sident und der Premierminister mehrere Auseinandersetzungen am Rande der Auswirkungen, die eine Versp\u00e4tung der Promulgation des besagten Gesetzes hervorrufen w\u00fcrde. Victor Ponta behauptet, dass man durch dieses Gesetz Preissteigerungen bei Energie f\u00fcr die Wirtschaft und die Verbraucher vermeiden w\u00fcrde.<\/p>\n<p>&#13;<br \/>\n&#13;<\/p>\n<p>&#13;<br \/>\n&#13;<\/p>\n<p>Der Pr\u00e4sident widersprach aber dem Premierminister. Er lie\u200e\u00df das Gesetz beim Verfassungsgericht anfechten, vor dem Hintergrund, dass die rum\u00e4nische Regierung die Europ\u00e4ische Kommission vor dessen Erarbeitung nicht benachrichtigt hat. Regierungsvertreter meinen aber, sie h\u00f6tten alle Verfahrensweisen eingehalten. Der Konflikt zwischen dem Premierminister und dem Pr\u00e4sidenten soll am Mittwoch vom Verfassungsgericht geschlichtet werden.<\/p>\n<p>&#13;<\/p>\n","protected":false},"excerpt":{"rendered":"<p>\u00dcber eintausend Gewerkschaftler aus der Industrie haben in Bukarest die Reduzierung der gr\u00fcnen Zertifikate gefordert. Sie meinen, diese belasten die gro\u00dfen energieverbrauchenden Unternehmen, besonders in der Metallurgie.<\/p>\n","protected":false},"author":106,"featured_media":52343,"comment_status":"closed","ping_status":"closed","sticky":false,"template":"","format":"standard","meta":{"_acf_changed":false,"footnotes":""},"categories":[99583],"tags":[101263,101264,89289,100028,101265,34573,143895],"coauthors":[],"class_list":["post-458302","post","type-post","status-publish","format-standard","has-post-thumbnail","hentry","category-rri-aktuell","tag-energie-gesetz","tag-gruene-zertifikate","tag-metallurgie","tag-ministerpraesident-victor-ponta","tag-praesident-traian-basescu","tag-promulgation","tag-proteste-de"],"acf":[],"yoast_head":"<!-- This site is optimized with the Yoast SEO plugin v27.3 - https:\/\/yoast.com\/product\/yoast-seo-wordpress\/ -->\n<title>Pr\u00e4sident Traian B\u0103sescu promulgiert Energie-Gesetz - Radio Rum\u00e4nien International<\/title>\n<meta name=\"robots\" content=\"index, follow, max-snippet:-1, max-image-preview:large, max-video-preview:-1\" \/>\n<link rel=\"canonical\" href=\"https:\/\/www.rri.ro\/de\/aktuell\/rri-aktuell\/praesident-traian-basescu-promulgiert-energie-gesetz-id458302.html\" \/>\n<meta property=\"og:locale\" content=\"de_DE\" \/>\n<meta property=\"og:type\" content=\"article\" \/>\n<meta property=\"og:title\" content=\"Pr\u00e4sident Traian B\u0103sescu promulgiert Energie-Gesetz - Radio Rum\u00e4nien International\" \/>\n<meta property=\"og:description\" content=\"\u00dcber eintausend Gewerkschaftler aus der Industrie haben in Bukarest die Reduzierung der gr\u00fcnen Zertifikate gefordert. Sie meinen, diese belasten die gro\u00dfen energieverbrauchenden Unternehmen, besonders in der Metallurgie.\" \/>\n<meta property=\"og:url\" content=\"https:\/\/www.rri.ro\/de\/aktuell\/rri-aktuell\/praesident-traian-basescu-promulgiert-energie-gesetz-id458302.html\" \/>\n<meta property=\"og:site_name\" content=\"Radio Rum\u00e4nien International\" \/>\n<meta property=\"article:published_time\" content=\"2014-03-14T13:22:00+00:00\" \/>\n<meta property=\"article:modified_time\" content=\"2024-02-19T17:22:02+00:00\" \/>\n<meta property=\"og:image\" content=\"https:\/\/www.rri.ro\/wp-content\/uploads\/2023\/10\/bec-certificate-verzi-640.png\" \/>\n\t<meta property=\"og:image:width\" content=\"640\" \/>\n\t<meta property=\"og:image:height\" content=\"480\" \/>\n\t<meta property=\"og:image:type\" content=\"image\/png\" \/>\n<meta name=\"author\" content=\"Mihai Pelin\" \/>\n<meta name=\"twitter:card\" content=\"summary_large_image\" \/>\n<meta name=\"twitter:label1\" content=\"Verfasst von\" \/>\n\t<meta name=\"twitter:data1\" content=\"Mihai Pelin\" \/>\n\t<meta name=\"twitter:label2\" content=\"Gesch\u00e4tzte Lesezeit\" \/>\n\t<meta name=\"twitter:data2\" content=\"2\u00a0Minuten\" \/>\n\t<meta name=\"twitter:label3\" content=\"Written by\" \/>\n\t<meta name=\"twitter:data3\" content=\"Mihai Pelin\" \/>\n<script type=\"application\/ld+json\" class=\"yoast-schema-graph\">{\"@context\":\"https:\\\/\\\/schema.org\",\"@graph\":[{\"@type\":\"Article\",\"@id\":\"https:\\\/\\\/www.rri.ro\\\/de\\\/aktuell\\\/rri-aktuell\\\/praesident-traian-basescu-promulgiert-energie-gesetz-id458302.html#article\",\"isPartOf\":{\"@id\":\"https:\\\/\\\/www.rri.ro\\\/de\\\/aktuell\\\/rri-aktuell\\\/praesident-traian-basescu-promulgiert-energie-gesetz-id458302.html\"},\"author\":{\"name\":\"Mihai Pelin\",\"@id\":\"https:\\\/\\\/www.rri.ro\\\/#\\\/schema\\\/person\\\/c6036c822534c855dc3aad41a484f05d\"},\"headline\":\"Pr\u00e4sident Traian B\u0103sescu promulgiert Energie-Gesetz\",\"datePublished\":\"2014-03-14T13:22:00+00:00\",\"dateModified\":\"2024-02-19T17:22:02+00:00\",\"mainEntityOfPage\":{\"@id\":\"https:\\\/\\\/www.rri.ro\\\/de\\\/aktuell\\\/rri-aktuell\\\/praesident-traian-basescu-promulgiert-energie-gesetz-id458302.html\"},\"wordCount\":433,\"image\":{\"@id\":\"https:\\\/\\\/www.rri.ro\\\/de\\\/aktuell\\\/rri-aktuell\\\/praesident-traian-basescu-promulgiert-energie-gesetz-id458302.html#primaryimage\"},\"thumbnailUrl\":\"https:\\\/\\\/www.rri.ro\\\/wp-content\\\/uploads\\\/2023\\\/10\\\/bec-certificate-verzi-640.png\",\"keywords\":[\"Energie-Gesetz\",\"gr\u00fcne Zertifikate\",\"m\u00e9tallurgie\",\"Ministerpr\u00e4sident Victor Ponta\",\"Pr\u00e4sident Traian Basescu\",\"promulgation\",\"proteste\"],\"articleSection\":[\"RRI Aktuell\"],\"inLanguage\":\"de\"},{\"@type\":\"WebPage\",\"@id\":\"https:\\\/\\\/www.rri.ro\\\/de\\\/aktuell\\\/rri-aktuell\\\/praesident-traian-basescu-promulgiert-energie-gesetz-id458302.html\",\"url\":\"https:\\\/\\\/www.rri.ro\\\/de\\\/aktuell\\\/rri-aktuell\\\/praesident-traian-basescu-promulgiert-energie-gesetz-id458302.html\",\"name\":\"Pr\u00e4sident Traian B\u0103sescu promulgiert Energie-Gesetz - Radio Rum\u00e4nien International\",\"isPartOf\":{\"@id\":\"https:\\\/\\\/www.rri.ro\\\/#website\"},\"primaryImageOfPage\":{\"@id\":\"https:\\\/\\\/www.rri.ro\\\/de\\\/aktuell\\\/rri-aktuell\\\/praesident-traian-basescu-promulgiert-energie-gesetz-id458302.html#primaryimage\"},\"image\":{\"@id\":\"https:\\\/\\\/www.rri.ro\\\/de\\\/aktuell\\\/rri-aktuell\\\/praesident-traian-basescu-promulgiert-energie-gesetz-id458302.html#primaryimage\"},\"thumbnailUrl\":\"https:\\\/\\\/www.rri.ro\\\/wp-content\\\/uploads\\\/2023\\\/10\\\/bec-certificate-verzi-640.png\",\"datePublished\":\"2014-03-14T13:22:00+00:00\",\"dateModified\":\"2024-02-19T17:22:02+00:00\",\"author\":{\"@id\":\"https:\\\/\\\/www.rri.ro\\\/#\\\/schema\\\/person\\\/c6036c822534c855dc3aad41a484f05d\"},\"breadcrumb\":{\"@id\":\"https:\\\/\\\/www.rri.ro\\\/de\\\/aktuell\\\/rri-aktuell\\\/praesident-traian-basescu-promulgiert-energie-gesetz-id458302.html#breadcrumb\"},\"inLanguage\":\"de\",\"potentialAction\":[{\"@type\":\"ReadAction\",\"target\":[\"https:\\\/\\\/www.rri.ro\\\/de\\\/aktuell\\\/rri-aktuell\\\/praesident-traian-basescu-promulgiert-energie-gesetz-id458302.html\"]}]},{\"@type\":\"ImageObject\",\"inLanguage\":\"de\",\"@id\":\"https:\\\/\\\/www.rri.ro\\\/de\\\/aktuell\\\/rri-aktuell\\\/praesident-traian-basescu-promulgiert-energie-gesetz-id458302.html#primaryimage\",\"url\":\"https:\\\/\\\/www.rri.ro\\\/wp-content\\\/uploads\\\/2023\\\/10\\\/bec-certificate-verzi-640.png\",\"contentUrl\":\"https:\\\/\\\/www.rri.ro\\\/wp-content\\\/uploads\\\/2023\\\/10\\\/bec-certificate-verzi-640.png\",\"width\":640,\"height\":480},{\"@type\":\"BreadcrumbList\",\"@id\":\"https:\\\/\\\/www.rri.ro\\\/de\\\/aktuell\\\/rri-aktuell\\\/praesident-traian-basescu-promulgiert-energie-gesetz-id458302.html#breadcrumb\",\"itemListElement\":[{\"@type\":\"ListItem\",\"position\":1,\"name\":\"Startseite\",\"item\":\"https:\\\/\\\/www.rri.ro\\\/de\"},{\"@type\":\"ListItem\",\"position\":2,\"name\":\"Aktuell\",\"item\":\"https:\\\/\\\/www.rri.ro\\\/de\\\/aktuell\"},{\"@type\":\"ListItem\",\"position\":3,\"name\":\"RRI Aktuell\",\"item\":\"https:\\\/\\\/www.rri.ro\\\/de\\\/aktuell\\\/rri-aktuell\"},{\"@type\":\"ListItem\",\"position\":4,\"name\":\"Pr\u00e4sident Traian B\u0103sescu promulgiert Energie-Gesetz\"}]},{\"@type\":\"WebSite\",\"@id\":\"https:\\\/\\\/www.rri.ro\\\/#website\",\"url\":\"https:\\\/\\\/www.rri.ro\\\/\",\"name\":\"Radio Rum\u00e4nien International\",\"description\":\"Totul despre Rom\u00e2nia \u015fi rom\u00e2ni, \u00een 13 limbi\\\/dialecte!\",\"inLanguage\":\"de\"},{\"@type\":\"Person\",\"@id\":\"https:\\\/\\\/www.rri.ro\\\/#\\\/schema\\\/person\\\/c6036c822534c855dc3aad41a484f05d\",\"name\":\"Mihai Pelin\",\"url\":\"https:\\\/\\\/www.rri.ro\\\/de\\\/author\\\/mihai-pelin\"}]}<\/script>\n<!-- \/ Yoast SEO plugin. -->","yoast_head_json":{"title":"Pr\u00e4sident Traian B\u0103sescu promulgiert Energie-Gesetz - Radio Rum\u00e4nien International","robots":{"index":"index","follow":"follow","max-snippet":"max-snippet:-1","max-image-preview":"max-image-preview:large","max-video-preview":"max-video-preview:-1"},"canonical":"https:\/\/www.rri.ro\/de\/aktuell\/rri-aktuell\/praesident-traian-basescu-promulgiert-energie-gesetz-id458302.html","og_locale":"de_DE","og_type":"article","og_title":"Pr\u00e4sident Traian B\u0103sescu promulgiert Energie-Gesetz - Radio Rum\u00e4nien International","og_description":"\u00dcber eintausend Gewerkschaftler aus der Industrie haben in Bukarest die Reduzierung der gr\u00fcnen Zertifikate gefordert. Sie meinen, diese belasten die gro\u00dfen energieverbrauchenden Unternehmen, besonders in der Metallurgie.","og_url":"https:\/\/www.rri.ro\/de\/aktuell\/rri-aktuell\/praesident-traian-basescu-promulgiert-energie-gesetz-id458302.html","og_site_name":"Radio Rum\u00e4nien International","article_published_time":"2014-03-14T13:22:00+00:00","article_modified_time":"2024-02-19T17:22:02+00:00","og_image":[{"width":640,"height":480,"url":"https:\/\/www.rri.ro\/wp-content\/uploads\/2023\/10\/bec-certificate-verzi-640.png","type":"image\/png"}],"author":"Mihai Pelin","twitter_card":"summary_large_image","twitter_misc":{"Verfasst von":"Mihai Pelin","Gesch\u00e4tzte Lesezeit":"2\u00a0Minuten","Written by":"Mihai Pelin"},"schema":{"@context":"https:\/\/schema.org","@graph":[{"@type":"Article","@id":"https:\/\/www.rri.ro\/de\/aktuell\/rri-aktuell\/praesident-traian-basescu-promulgiert-energie-gesetz-id458302.html#article","isPartOf":{"@id":"https:\/\/www.rri.ro\/de\/aktuell\/rri-aktuell\/praesident-traian-basescu-promulgiert-energie-gesetz-id458302.html"},"author":{"name":"Mihai Pelin","@id":"https:\/\/www.rri.ro\/#\/schema\/person\/c6036c822534c855dc3aad41a484f05d"},"headline":"Pr\u00e4sident Traian B\u0103sescu promulgiert Energie-Gesetz","datePublished":"2014-03-14T13:22:00+00:00","dateModified":"2024-02-19T17:22:02+00:00","mainEntityOfPage":{"@id":"https:\/\/www.rri.ro\/de\/aktuell\/rri-aktuell\/praesident-traian-basescu-promulgiert-energie-gesetz-id458302.html"},"wordCount":433,"image":{"@id":"https:\/\/www.rri.ro\/de\/aktuell\/rri-aktuell\/praesident-traian-basescu-promulgiert-energie-gesetz-id458302.html#primaryimage"},"thumbnailUrl":"https:\/\/www.rri.ro\/wp-content\/uploads\/2023\/10\/bec-certificate-verzi-640.png","keywords":["Energie-Gesetz","gr\u00fcne Zertifikate","m\u00e9tallurgie","Ministerpr\u00e4sident Victor Ponta","Pr\u00e4sident Traian Basescu","promulgation","proteste"],"articleSection":["RRI Aktuell"],"inLanguage":"de"},{"@type":"WebPage","@id":"https:\/\/www.rri.ro\/de\/aktuell\/rri-aktuell\/praesident-traian-basescu-promulgiert-energie-gesetz-id458302.html","url":"https:\/\/www.rri.ro\/de\/aktuell\/rri-aktuell\/praesident-traian-basescu-promulgiert-energie-gesetz-id458302.html","name":"Pr\u00e4sident Traian B\u0103sescu promulgiert Energie-Gesetz - Radio Rum\u00e4nien International","isPartOf":{"@id":"https:\/\/www.rri.ro\/#website"},"primaryImageOfPage":{"@id":"https:\/\/www.rri.ro\/de\/aktuell\/rri-aktuell\/praesident-traian-basescu-promulgiert-energie-gesetz-id458302.html#primaryimage"},"image":{"@id":"https:\/\/www.rri.ro\/de\/aktuell\/rri-aktuell\/praesident-traian-basescu-promulgiert-energie-gesetz-id458302.html#primaryimage"},"thumbnailUrl":"https:\/\/www.rri.ro\/wp-content\/uploads\/2023\/10\/bec-certificate-verzi-640.png","datePublished":"2014-03-14T13:22:00+00:00","dateModified":"2024-02-19T17:22:02+00:00","author":{"@id":"https:\/\/www.rri.ro\/#\/schema\/person\/c6036c822534c855dc3aad41a484f05d"},"breadcrumb":{"@id":"https:\/\/www.rri.ro\/de\/aktuell\/rri-aktuell\/praesident-traian-basescu-promulgiert-energie-gesetz-id458302.html#breadcrumb"},"inLanguage":"de","potentialAction":[{"@type":"ReadAction","target":["https:\/\/www.rri.ro\/de\/aktuell\/rri-aktuell\/praesident-traian-basescu-promulgiert-energie-gesetz-id458302.html"]}]},{"@type":"ImageObject","inLanguage":"de","@id":"https:\/\/www.rri.ro\/de\/aktuell\/rri-aktuell\/praesident-traian-basescu-promulgiert-energie-gesetz-id458302.html#primaryimage","url":"https:\/\/www.rri.ro\/wp-content\/uploads\/2023\/10\/bec-certificate-verzi-640.png","contentUrl":"https:\/\/www.rri.ro\/wp-content\/uploads\/2023\/10\/bec-certificate-verzi-640.png","width":640,"height":480},{"@type":"BreadcrumbList","@id":"https:\/\/www.rri.ro\/de\/aktuell\/rri-aktuell\/praesident-traian-basescu-promulgiert-energie-gesetz-id458302.html#breadcrumb","itemListElement":[{"@type":"ListItem","position":1,"name":"Startseite","item":"https:\/\/www.rri.ro\/de"},{"@type":"ListItem","position":2,"name":"Aktuell","item":"https:\/\/www.rri.ro\/de\/aktuell"},{"@type":"ListItem","position":3,"name":"RRI Aktuell","item":"https:\/\/www.rri.ro\/de\/aktuell\/rri-aktuell"},{"@type":"ListItem","position":4,"name":"Pr\u00e4sident Traian B\u0103sescu promulgiert Energie-Gesetz"}]},{"@type":"WebSite","@id":"https:\/\/www.rri.ro\/#website","url":"https:\/\/www.rri.ro\/","name":"Radio Rum\u00e4nien International","description":"Totul despre Rom\u00e2nia \u015fi rom\u00e2ni, \u00een 13 limbi\/dialecte!","inLanguage":"de"},{"@type":"Person","@id":"https:\/\/www.rri.ro\/#\/schema\/person\/c6036c822534c855dc3aad41a484f05d","name":"Mihai Pelin","url":"https:\/\/www.rri.ro\/de\/author\/mihai-pelin"}]}},"_links":{"self":[{"href":"https:\/\/www.rri.ro\/de\/wp-json\/wp\/v2\/posts\/458302","targetHints":{"allow":["GET"]}}],"collection":[{"href":"https:\/\/www.rri.ro\/de\/wp-json\/wp\/v2\/posts"}],"about":[{"href":"https:\/\/www.rri.ro\/de\/wp-json\/wp\/v2\/types\/post"}],"author":[{"embeddable":true,"href":"https:\/\/www.rri.ro\/de\/wp-json\/wp\/v2\/users\/106"}],"replies":[{"embeddable":true,"href":"https:\/\/www.rri.ro\/de\/wp-json\/wp\/v2\/comments?post=458302"}],"version-history":[{"count":0,"href":"https:\/\/www.rri.ro\/de\/wp-json\/wp\/v2\/posts\/458302\/revisions"}],"wp:featuredmedia":[{"embeddable":true,"href":"https:\/\/www.rri.ro\/de\/wp-json\/wp\/v2\/media\/52343"}],"wp:attachment":[{"href":"https:\/\/www.rri.ro\/de\/wp-json\/wp\/v2\/media?parent=458302"}],"wp:term":[{"taxonomy":"category","embeddable":true,"href":"https:\/\/www.rri.ro\/de\/wp-json\/wp\/v2\/categories?post=458302"},{"taxonomy":"post_tag","embeddable":true,"href":"https:\/\/www.rri.ro\/de\/wp-json\/wp\/v2\/tags?post=458302"},{"taxonomy":"author","embeddable":true,"href":"https:\/\/www.rri.ro\/de\/wp-json\/wp\/v2\/coauthors?post=458302"}],"curies":[{"name":"wp","href":"https:\/\/api.w.org\/{rel}","templated":true}]}}