{"id":458333,"date":"2014-04-07T14:10:00","date_gmt":"2014-04-07T11:10:00","guid":{"rendered":"http:\/\/devrri.freshlemon.ro\/aktuell\/fuenf-jahre-seit-antikommunistischen-protesten-in-chisinau-id458333.html"},"modified":"2024-02-19T19:23:49","modified_gmt":"2024-02-19T17:23:49","slug":"fuenf-jahre-seit-antikommunistischen-protesten-in-chisinau","status":"publish","type":"post","link":"https:\/\/www.rri.ro\/de\/aktuell\/rri-aktuell\/fuenf-jahre-seit-antikommunistischen-protesten-in-chisinau-id458333.html","title":{"rendered":"F\u00fcnf Jahre seit antikommunistischen Protesten in Chi\u015fin\u0103u"},"content":{"rendered":"<p>Vor f\u00fcnf Jahren sind in der benachbarten Republik Moldau Dutzende tausend Menschen auf die Stra\u200e\u00dfe gegangen. Dabei kam es zu schweren Ausschreitungen und zahlreiche Demonstranten wurden verletzt.  Ausl\u00f6ser der Unruhen in der Hauptstadt Chi\u015fin\u0103u war die F\u00e4lschung der 2009 Parlamentswahlen von den Kommunisten an der Macht. Infolge der Protesten blockierten die Oppositionsparteien zweimal die Wahl im Parlament des kommunistischen Kandidaten zur Pr\u00e4sidentschaftswahlen. Dies f\u00fchrte zur Aufl\u00f6sung der Legislative und zur Organisierung von vorgezogenen Wahlen Juli 2009.<\/p>\n<p>&#13;<br \/>\n&#13;<\/p>\n<p>&#13;<br \/>\n&#13;<\/p>\n<p>&#13;<br \/>\n&#13;<\/p>\n<p>&#13;<br \/>\n&#13;<\/p>\n<p>Dabei gelang es den Kommunisten nicht mehr, die Mehrheit zu erreichen und sahen sich gezwungen, einem B\u00fcndnis der demokratischen Parteien die Chance zu geben, an die Macht zu kommen. Viele Aspekte in Bezug auf die am 7. April 2009 ausgel\u00f6sten Unruhen seien immer noch ungewiss, sagt der Radio Rum\u00e4nien Korrespondent in Chi\u015fin\u0103u. Die Kommunisten betrachten die 2009 Proteste als Staatsstreich\u201c. Rum\u00e4nien und die westlichen M\u00e4chte seien f\u00fcr den versuchten Staatsstreich verantwortlich,  sagte damals der moldaische Pr\u00e4sident Vladimir Voronin.<\/p>\n<p>&#13;<br \/>\n&#13;<\/p>\n<p>&#13;<br \/>\n&#13;<\/p>\n<p>&#13;<br \/>\n&#13;<\/p>\n<p>&#13;<br \/>\n&#13;<\/p>\n<p>&#13;<br \/>\n&#13;<\/p>\n<p>Rum\u00e4nien wies die Anschuldigungen kategorisch zur\u00fcck. Die Polizeibeh\u00f6rden setzen heute noch die Untersuchungen zum Tod drei moldauischer B\u00fcrger bei Krawallen zwischen Demonstranten und Sicherheitskr\u00e4ften fort. 300 Demonstranten wurden verletzt. Unter Protestlern waren \u00fcberwiegend junge Leute. Leiter des Informations-und Sicherheitsdienstes Mihai B\u0103lan dazu: \u201dEin gesamtes Bild der Aktion und Interaktion aller Elemente dieses subversiven Szenarios, der Rolle und des Platzes des einen oder des anderen Akteurs, der Mechanismen und Taktiken ist sehr schwer zu schaffen.\u201d<\/p>\n<p>&#13;<br \/>\n&#13;<\/p>\n<p>&#13;<br \/>\n&#13;<\/p>\n<p>&#13;<br \/>\n&#13;<\/p>\n<p>&#13;<br \/>\n&#13;<\/p>\n<p>F\u00fcnf Jahre nach den antikommunistischen Protesten in Chi\u015fin\u0103u, best\u00e4tigt das rum\u00e4nischsprachige Land seinen europ\u00e4ischen Weg. Die ehemalige sowjetische Republik soll bis Juni 2014 das EU-Assoziierungs-und Freihandelsabkommen unterzeichnen. Rum\u00e4nien bef\u00fcrwortet heute genau wie fr\u00fcher die Ann\u00e4herung der Republik Moldau an die Europ\u00e4ischen Union. Rum\u00e4niens Ministerpr\u00e4sident Victor Ponta dazu: \u201cIch w\u00fcnsche mir sehr, dass es in der Republik Moldau Wohlstand, Ruhe und Sicherheit gibt und dass 2019, wenn Rum\u00e4nien die EU-Ratspr\u00e4sidentschaft innehaben wird am Tisch der EU-Staaten auch der moldauische Vertreter sitzt\u201c.<\/p>\n<p>&#13;<br \/>\n&#13;<\/p>\n<p>&#13;<br \/>\n&#13;<\/p>\n<p>&#13;<br \/>\n&#13;<\/p>\n<p>&#13;<br \/>\n&#13;<\/p>\n<p>Vor dem Hintergrund der geopolitischen Risiken, die die Krise in der benachbarten Ukraine ausl\u00f6st und des Konfliktherdes Transnistrien k\u00f6nnte die proeurop\u00e4ische Option der Republik Moldau nicht nur bei den November Parlamentswahlen, sondern auch langfristig eine ausschlaggebende Rolle spielen.<\/p>\n<p>&#13;<br \/>\n&#13;<\/p>\n<p>&#13;<br \/>\n&#13;<\/p>\n<p>&#13;<br \/>\n&#13;<\/p>\n<p>&#13;<br \/>\n&#13;<\/p>\n<p>&#13;<br \/>\n&#13;<\/p>\n<p>&#13;<br \/>\n&#13;<\/p>\n<p>&#13;<br \/>\n&#13;<\/p>\n<p>&#13;<br \/>\n&#13;<\/p>\n<p>&#13;<br \/>\n&#13;<\/p>\n<p>&#13;<br \/>\n&#13;<\/p>\n<p>&#13;<br \/>\n&#13;<\/p>\n<p>&#13;<br \/>\n&#13;<\/p>\n<p>&#13;<br \/>\n&#13;<\/p>\n<p>&#13;<br \/>\n&#13;<\/p>\n<p>&#13;<br \/>\n&#13;<\/p>\n<p>&#13;<br \/>\n&#13;<\/p>\n<p>&#13;<\/p>\n","protected":false},"excerpt":{"rendered":"<p>Das Jahr 2009 hat das Schicksal der benachbarten Republik Moldau ausschlaggebend ge\u00e4ndert. Wir wollen nach Europa skandierten am 7. April 2009 in der Hauptstadt Chi\u015fin\u0103u Demonstranten, die gegen das kommunistische Regime auf die Stra\u00dfe gingen.<\/p>\n","protected":false},"author":111,"featured_media":53154,"comment_status":"closed","ping_status":"closed","sticky":false,"template":"","format":"standard","meta":{"_acf_changed":false,"footnotes":""},"categories":[99583],"tags":[100460,101416,101232,151607,100722,101417,99931,101412,101413,100028,101411,101415,100115,99589,100758,101414],"coauthors":[],"class_list":["post-458333","post","type-post","status-publish","format-standard","has-post-thumbnail","hentry","category-rri-aktuell","tag-annaeherung","tag-anschuldigungen","tag-ausschreitungen","tag-chisinau-de","tag-demonstranten","tag-eu-assoziierungs-und-freihandelsabkommen","tag-europaeische-union","tag-faelschung","tag-kommunisten","tag-ministerpraesident-victor-ponta","tag-parlamentswahlen","tag-praesident-vladimir-voronin","tag-republik-moldau","tag-rumaenien","tag-staatsstreich","tag-vorgezogene-wahlen"],"acf":[],"yoast_head":"<!-- This site is optimized with the Yoast SEO plugin v27.3 - https:\/\/yoast.com\/product\/yoast-seo-wordpress\/ -->\n<title>F\u00fcnf Jahre seit antikommunistischen Protesten in Chi\u015fin\u0103u - Radio Rum\u00e4nien International<\/title>\n<meta name=\"robots\" content=\"index, follow, max-snippet:-1, max-image-preview:large, max-video-preview:-1\" \/>\n<link rel=\"canonical\" href=\"https:\/\/www.rri.ro\/de\/aktuell\/rri-aktuell\/fuenf-jahre-seit-antikommunistischen-protesten-in-chisinau-id458333.html\" \/>\n<meta property=\"og:locale\" content=\"de_DE\" \/>\n<meta property=\"og:type\" content=\"article\" \/>\n<meta property=\"og:title\" content=\"F\u00fcnf Jahre seit antikommunistischen Protesten in Chi\u015fin\u0103u - Radio Rum\u00e4nien International\" \/>\n<meta property=\"og:description\" content=\"Das Jahr 2009 hat das Schicksal der benachbarten Republik Moldau ausschlaggebend ge\u00e4ndert. Wir wollen nach Europa skandierten am 7. April 2009 in der Hauptstadt Chi\u015fin\u0103u Demonstranten, die gegen das kommunistische Regime auf die Stra\u00dfe gingen.\" \/>\n<meta property=\"og:url\" content=\"https:\/\/www.rri.ro\/de\/aktuell\/rri-aktuell\/fuenf-jahre-seit-antikommunistischen-protesten-in-chisinau-id458333.html\" \/>\n<meta property=\"og:site_name\" content=\"Radio Rum\u00e4nien International\" \/>\n<meta property=\"article:published_time\" content=\"2014-04-07T11:10:00+00:00\" \/>\n<meta property=\"article:modified_time\" content=\"2024-02-19T17:23:49+00:00\" \/>\n<meta property=\"og:image\" content=\"https:\/\/www.rri.ro\/wp-content\/uploads\/2023\/10\/Chisinau-2009-proteste.png\" \/>\n\t<meta property=\"og:image:width\" content=\"640\" \/>\n\t<meta property=\"og:image:height\" content=\"425\" \/>\n\t<meta property=\"og:image:type\" content=\"image\/png\" \/>\n<meta name=\"author\" content=\"Valentin \u021aig\u0103u\" \/>\n<meta name=\"twitter:card\" content=\"summary_large_image\" \/>\n<meta name=\"twitter:label1\" content=\"Verfasst von\" \/>\n\t<meta name=\"twitter:data1\" content=\"Valentin \u021aig\u0103u\" \/>\n\t<meta name=\"twitter:label2\" content=\"Gesch\u00e4tzte Lesezeit\" \/>\n\t<meta name=\"twitter:data2\" content=\"2\u00a0Minuten\" \/>\n\t<meta name=\"twitter:label3\" content=\"Written by\" \/>\n\t<meta name=\"twitter:data3\" content=\"Valentin \u021aig\u0103u\" \/>\n<script type=\"application\/ld+json\" class=\"yoast-schema-graph\">{\"@context\":\"https:\\\/\\\/schema.org\",\"@graph\":[{\"@type\":\"Article\",\"@id\":\"https:\\\/\\\/www.rri.ro\\\/de\\\/aktuell\\\/rri-aktuell\\\/fuenf-jahre-seit-antikommunistischen-protesten-in-chisinau-id458333.html#article\",\"isPartOf\":{\"@id\":\"https:\\\/\\\/www.rri.ro\\\/de\\\/aktuell\\\/rri-aktuell\\\/fuenf-jahre-seit-antikommunistischen-protesten-in-chisinau-id458333.html\"},\"author\":{\"name\":\"Valentin \u021aig\u0103u\",\"@id\":\"https:\\\/\\\/www.rri.ro\\\/#\\\/schema\\\/person\\\/dd2e33092651deba594240e14c678732\"},\"headline\":\"F\u00fcnf Jahre seit antikommunistischen Protesten in Chi\u015fin\u0103u\",\"datePublished\":\"2014-04-07T11:10:00+00:00\",\"dateModified\":\"2024-02-19T17:23:49+00:00\",\"mainEntityOfPage\":{\"@id\":\"https:\\\/\\\/www.rri.ro\\\/de\\\/aktuell\\\/rri-aktuell\\\/fuenf-jahre-seit-antikommunistischen-protesten-in-chisinau-id458333.html\"},\"wordCount\":391,\"image\":{\"@id\":\"https:\\\/\\\/www.rri.ro\\\/de\\\/aktuell\\\/rri-aktuell\\\/fuenf-jahre-seit-antikommunistischen-protesten-in-chisinau-id458333.html#primaryimage\"},\"thumbnailUrl\":\"https:\\\/\\\/www.rri.ro\\\/wp-content\\\/uploads\\\/2023\\\/10\\\/Chisinau-2009-proteste.png\",\"keywords\":[\"Ann\u00e4herung\",\"Anschuldigungen\",\"Ausschreitungen\",\"chisinau\",\"Demonstranten\",\"EU-Assoziierungs-und Freihandelsabkommen\",\"Europ\u00e4ische Union\",\"F\u00e4lschung\",\"Kommunisten\",\"Ministerpr\u00e4sident Victor Ponta\",\"Parlamentswahlen\",\"Pr\u00e4sident Vladimir Voronin\",\"Republik Moldau\",\"Rum\u00e4nien\",\"Staatsstreich\",\"vorgezogene Wahlen\"],\"articleSection\":[\"RRI Aktuell\"],\"inLanguage\":\"de\"},{\"@type\":\"WebPage\",\"@id\":\"https:\\\/\\\/www.rri.ro\\\/de\\\/aktuell\\\/rri-aktuell\\\/fuenf-jahre-seit-antikommunistischen-protesten-in-chisinau-id458333.html\",\"url\":\"https:\\\/\\\/www.rri.ro\\\/de\\\/aktuell\\\/rri-aktuell\\\/fuenf-jahre-seit-antikommunistischen-protesten-in-chisinau-id458333.html\",\"name\":\"F\u00fcnf Jahre seit antikommunistischen Protesten in Chi\u015fin\u0103u - Radio Rum\u00e4nien International\",\"isPartOf\":{\"@id\":\"https:\\\/\\\/www.rri.ro\\\/#website\"},\"primaryImageOfPage\":{\"@id\":\"https:\\\/\\\/www.rri.ro\\\/de\\\/aktuell\\\/rri-aktuell\\\/fuenf-jahre-seit-antikommunistischen-protesten-in-chisinau-id458333.html#primaryimage\"},\"image\":{\"@id\":\"https:\\\/\\\/www.rri.ro\\\/de\\\/aktuell\\\/rri-aktuell\\\/fuenf-jahre-seit-antikommunistischen-protesten-in-chisinau-id458333.html#primaryimage\"},\"thumbnailUrl\":\"https:\\\/\\\/www.rri.ro\\\/wp-content\\\/uploads\\\/2023\\\/10\\\/Chisinau-2009-proteste.png\",\"datePublished\":\"2014-04-07T11:10:00+00:00\",\"dateModified\":\"2024-02-19T17:23:49+00:00\",\"author\":{\"@id\":\"https:\\\/\\\/www.rri.ro\\\/#\\\/schema\\\/person\\\/dd2e33092651deba594240e14c678732\"},\"breadcrumb\":{\"@id\":\"https:\\\/\\\/www.rri.ro\\\/de\\\/aktuell\\\/rri-aktuell\\\/fuenf-jahre-seit-antikommunistischen-protesten-in-chisinau-id458333.html#breadcrumb\"},\"inLanguage\":\"de\",\"potentialAction\":[{\"@type\":\"ReadAction\",\"target\":[\"https:\\\/\\\/www.rri.ro\\\/de\\\/aktuell\\\/rri-aktuell\\\/fuenf-jahre-seit-antikommunistischen-protesten-in-chisinau-id458333.html\"]}]},{\"@type\":\"ImageObject\",\"inLanguage\":\"de\",\"@id\":\"https:\\\/\\\/www.rri.ro\\\/de\\\/aktuell\\\/rri-aktuell\\\/fuenf-jahre-seit-antikommunistischen-protesten-in-chisinau-id458333.html#primaryimage\",\"url\":\"https:\\\/\\\/www.rri.ro\\\/wp-content\\\/uploads\\\/2023\\\/10\\\/Chisinau-2009-proteste.png\",\"contentUrl\":\"https:\\\/\\\/www.rri.ro\\\/wp-content\\\/uploads\\\/2023\\\/10\\\/Chisinau-2009-proteste.png\",\"width\":640,\"height\":425},{\"@type\":\"BreadcrumbList\",\"@id\":\"https:\\\/\\\/www.rri.ro\\\/de\\\/aktuell\\\/rri-aktuell\\\/fuenf-jahre-seit-antikommunistischen-protesten-in-chisinau-id458333.html#breadcrumb\",\"itemListElement\":[{\"@type\":\"ListItem\",\"position\":1,\"name\":\"Startseite\",\"item\":\"https:\\\/\\\/www.rri.ro\\\/de\"},{\"@type\":\"ListItem\",\"position\":2,\"name\":\"Aktuell\",\"item\":\"https:\\\/\\\/www.rri.ro\\\/de\\\/aktuell\"},{\"@type\":\"ListItem\",\"position\":3,\"name\":\"RRI Aktuell\",\"item\":\"https:\\\/\\\/www.rri.ro\\\/de\\\/aktuell\\\/rri-aktuell\"},{\"@type\":\"ListItem\",\"position\":4,\"name\":\"F\u00fcnf Jahre seit antikommunistischen Protesten in Chi\u015fin\u0103u\"}]},{\"@type\":\"WebSite\",\"@id\":\"https:\\\/\\\/www.rri.ro\\\/#website\",\"url\":\"https:\\\/\\\/www.rri.ro\\\/\",\"name\":\"Radio Rum\u00e4nien International\",\"description\":\"Totul despre Rom\u00e2nia \u015fi rom\u00e2ni, \u00een 13 limbi\\\/dialecte!\",\"inLanguage\":\"de\"},{\"@type\":\"Person\",\"@id\":\"https:\\\/\\\/www.rri.ro\\\/#\\\/schema\\\/person\\\/dd2e33092651deba594240e14c678732\",\"name\":\"Valentin \u021aig\u0103u\",\"url\":\"https:\\\/\\\/www.rri.ro\\\/de\\\/author\\\/valentin-tigau\"}]}<\/script>\n<!-- \/ Yoast SEO plugin. -->","yoast_head_json":{"title":"F\u00fcnf Jahre seit antikommunistischen Protesten in Chi\u015fin\u0103u - Radio Rum\u00e4nien International","robots":{"index":"index","follow":"follow","max-snippet":"max-snippet:-1","max-image-preview":"max-image-preview:large","max-video-preview":"max-video-preview:-1"},"canonical":"https:\/\/www.rri.ro\/de\/aktuell\/rri-aktuell\/fuenf-jahre-seit-antikommunistischen-protesten-in-chisinau-id458333.html","og_locale":"de_DE","og_type":"article","og_title":"F\u00fcnf Jahre seit antikommunistischen Protesten in Chi\u015fin\u0103u - Radio Rum\u00e4nien International","og_description":"Das Jahr 2009 hat das Schicksal der benachbarten Republik Moldau ausschlaggebend ge\u00e4ndert. Wir wollen nach Europa skandierten am 7. April 2009 in der Hauptstadt Chi\u015fin\u0103u Demonstranten, die gegen das kommunistische Regime auf die Stra\u00dfe gingen.","og_url":"https:\/\/www.rri.ro\/de\/aktuell\/rri-aktuell\/fuenf-jahre-seit-antikommunistischen-protesten-in-chisinau-id458333.html","og_site_name":"Radio Rum\u00e4nien International","article_published_time":"2014-04-07T11:10:00+00:00","article_modified_time":"2024-02-19T17:23:49+00:00","og_image":[{"width":640,"height":425,"url":"https:\/\/www.rri.ro\/wp-content\/uploads\/2023\/10\/Chisinau-2009-proteste.png","type":"image\/png"}],"author":"Valentin \u021aig\u0103u","twitter_card":"summary_large_image","twitter_misc":{"Verfasst von":"Valentin \u021aig\u0103u","Gesch\u00e4tzte Lesezeit":"2\u00a0Minuten","Written by":"Valentin \u021aig\u0103u"},"schema":{"@context":"https:\/\/schema.org","@graph":[{"@type":"Article","@id":"https:\/\/www.rri.ro\/de\/aktuell\/rri-aktuell\/fuenf-jahre-seit-antikommunistischen-protesten-in-chisinau-id458333.html#article","isPartOf":{"@id":"https:\/\/www.rri.ro\/de\/aktuell\/rri-aktuell\/fuenf-jahre-seit-antikommunistischen-protesten-in-chisinau-id458333.html"},"author":{"name":"Valentin \u021aig\u0103u","@id":"https:\/\/www.rri.ro\/#\/schema\/person\/dd2e33092651deba594240e14c678732"},"headline":"F\u00fcnf Jahre seit antikommunistischen Protesten in Chi\u015fin\u0103u","datePublished":"2014-04-07T11:10:00+00:00","dateModified":"2024-02-19T17:23:49+00:00","mainEntityOfPage":{"@id":"https:\/\/www.rri.ro\/de\/aktuell\/rri-aktuell\/fuenf-jahre-seit-antikommunistischen-protesten-in-chisinau-id458333.html"},"wordCount":391,"image":{"@id":"https:\/\/www.rri.ro\/de\/aktuell\/rri-aktuell\/fuenf-jahre-seit-antikommunistischen-protesten-in-chisinau-id458333.html#primaryimage"},"thumbnailUrl":"https:\/\/www.rri.ro\/wp-content\/uploads\/2023\/10\/Chisinau-2009-proteste.png","keywords":["Ann\u00e4herung","Anschuldigungen","Ausschreitungen","chisinau","Demonstranten","EU-Assoziierungs-und Freihandelsabkommen","Europ\u00e4ische Union","F\u00e4lschung","Kommunisten","Ministerpr\u00e4sident Victor Ponta","Parlamentswahlen","Pr\u00e4sident Vladimir Voronin","Republik Moldau","Rum\u00e4nien","Staatsstreich","vorgezogene Wahlen"],"articleSection":["RRI Aktuell"],"inLanguage":"de"},{"@type":"WebPage","@id":"https:\/\/www.rri.ro\/de\/aktuell\/rri-aktuell\/fuenf-jahre-seit-antikommunistischen-protesten-in-chisinau-id458333.html","url":"https:\/\/www.rri.ro\/de\/aktuell\/rri-aktuell\/fuenf-jahre-seit-antikommunistischen-protesten-in-chisinau-id458333.html","name":"F\u00fcnf Jahre seit antikommunistischen Protesten in Chi\u015fin\u0103u - Radio Rum\u00e4nien International","isPartOf":{"@id":"https:\/\/www.rri.ro\/#website"},"primaryImageOfPage":{"@id":"https:\/\/www.rri.ro\/de\/aktuell\/rri-aktuell\/fuenf-jahre-seit-antikommunistischen-protesten-in-chisinau-id458333.html#primaryimage"},"image":{"@id":"https:\/\/www.rri.ro\/de\/aktuell\/rri-aktuell\/fuenf-jahre-seit-antikommunistischen-protesten-in-chisinau-id458333.html#primaryimage"},"thumbnailUrl":"https:\/\/www.rri.ro\/wp-content\/uploads\/2023\/10\/Chisinau-2009-proteste.png","datePublished":"2014-04-07T11:10:00+00:00","dateModified":"2024-02-19T17:23:49+00:00","author":{"@id":"https:\/\/www.rri.ro\/#\/schema\/person\/dd2e33092651deba594240e14c678732"},"breadcrumb":{"@id":"https:\/\/www.rri.ro\/de\/aktuell\/rri-aktuell\/fuenf-jahre-seit-antikommunistischen-protesten-in-chisinau-id458333.html#breadcrumb"},"inLanguage":"de","potentialAction":[{"@type":"ReadAction","target":["https:\/\/www.rri.ro\/de\/aktuell\/rri-aktuell\/fuenf-jahre-seit-antikommunistischen-protesten-in-chisinau-id458333.html"]}]},{"@type":"ImageObject","inLanguage":"de","@id":"https:\/\/www.rri.ro\/de\/aktuell\/rri-aktuell\/fuenf-jahre-seit-antikommunistischen-protesten-in-chisinau-id458333.html#primaryimage","url":"https:\/\/www.rri.ro\/wp-content\/uploads\/2023\/10\/Chisinau-2009-proteste.png","contentUrl":"https:\/\/www.rri.ro\/wp-content\/uploads\/2023\/10\/Chisinau-2009-proteste.png","width":640,"height":425},{"@type":"BreadcrumbList","@id":"https:\/\/www.rri.ro\/de\/aktuell\/rri-aktuell\/fuenf-jahre-seit-antikommunistischen-protesten-in-chisinau-id458333.html#breadcrumb","itemListElement":[{"@type":"ListItem","position":1,"name":"Startseite","item":"https:\/\/www.rri.ro\/de"},{"@type":"ListItem","position":2,"name":"Aktuell","item":"https:\/\/www.rri.ro\/de\/aktuell"},{"@type":"ListItem","position":3,"name":"RRI Aktuell","item":"https:\/\/www.rri.ro\/de\/aktuell\/rri-aktuell"},{"@type":"ListItem","position":4,"name":"F\u00fcnf Jahre seit antikommunistischen Protesten in Chi\u015fin\u0103u"}]},{"@type":"WebSite","@id":"https:\/\/www.rri.ro\/#website","url":"https:\/\/www.rri.ro\/","name":"Radio Rum\u00e4nien International","description":"Totul despre Rom\u00e2nia \u015fi rom\u00e2ni, \u00een 13 limbi\/dialecte!","inLanguage":"de"},{"@type":"Person","@id":"https:\/\/www.rri.ro\/#\/schema\/person\/dd2e33092651deba594240e14c678732","name":"Valentin \u021aig\u0103u","url":"https:\/\/www.rri.ro\/de\/author\/valentin-tigau"}]}},"_links":{"self":[{"href":"https:\/\/www.rri.ro\/de\/wp-json\/wp\/v2\/posts\/458333","targetHints":{"allow":["GET"]}}],"collection":[{"href":"https:\/\/www.rri.ro\/de\/wp-json\/wp\/v2\/posts"}],"about":[{"href":"https:\/\/www.rri.ro\/de\/wp-json\/wp\/v2\/types\/post"}],"author":[{"embeddable":true,"href":"https:\/\/www.rri.ro\/de\/wp-json\/wp\/v2\/users\/111"}],"replies":[{"embeddable":true,"href":"https:\/\/www.rri.ro\/de\/wp-json\/wp\/v2\/comments?post=458333"}],"version-history":[{"count":0,"href":"https:\/\/www.rri.ro\/de\/wp-json\/wp\/v2\/posts\/458333\/revisions"}],"wp:featuredmedia":[{"embeddable":true,"href":"https:\/\/www.rri.ro\/de\/wp-json\/wp\/v2\/media\/53154"}],"wp:attachment":[{"href":"https:\/\/www.rri.ro\/de\/wp-json\/wp\/v2\/media?parent=458333"}],"wp:term":[{"taxonomy":"category","embeddable":true,"href":"https:\/\/www.rri.ro\/de\/wp-json\/wp\/v2\/categories?post=458333"},{"taxonomy":"post_tag","embeddable":true,"href":"https:\/\/www.rri.ro\/de\/wp-json\/wp\/v2\/tags?post=458333"},{"taxonomy":"author","embeddable":true,"href":"https:\/\/www.rri.ro\/de\/wp-json\/wp\/v2\/coauthors?post=458333"}],"curies":[{"name":"wp","href":"https:\/\/api.w.org\/{rel}","templated":true}]}}