{"id":458478,"date":"2014-06-23T13:04:00","date_gmt":"2014-06-23T10:04:00","guid":{"rendered":"http:\/\/devrri.freshlemon.ro\/aktuell\/rumaenien-unterstuetzt-die-eu-erweiterung-id458478.html"},"modified":"2024-02-19T19:33:16","modified_gmt":"2024-02-19T17:33:16","slug":"rumaenien-unterstuetzt-die-eu-erweiterung","status":"publish","type":"post","link":"https:\/\/www.rri.ro\/de\/aktuell\/rri-aktuell\/rumaenien-unterstuetzt-die-eu-erweiterung-id458478.html","title":{"rendered":"Rum\u00e4nien unterst\u00fctzt die EU-Erweiterung"},"content":{"rendered":"<p>Als \u00f6stlicher St\u00fctzpunkt der Europ\u00e4ischen Union und der NATO ist Rum\u00e4nien direkt an der Osterweiterung dieser R\u00e4ume der Freiheit und der Sicherheit interessiert. Durch die Stimme der Pr\u00e4sidentschaft, der Regierung, des Au\u200e\u00dfenministriums ist Bukarest immer ein stetiger Bef\u00fcrworter der Ann\u00e4herung der Ex-Sowjetrepubliken gewesen, die sich f\u00fcr die Entkoppelung von Moskau und den Anschluss an die westlichen Werte, an die europ\u00e4ischen und euroatlantischen Strukturen entschlossen haben. Vergleichbares Interesse hat die rum\u00e4nische Diplomatie auch f\u00fcr den Westbalkan gezeigt, der vor zwei Jahrzehnten von den blutigen Kriegen in Ex-Jugoslawien heimgesucht wurde. Nun scheint die Lage hier sich zu normalisieren.<\/p>\n<p>&#13;<br \/>\n&#13;<\/p>\n<p>&#13;<br \/>\n&#13;<\/p>\n<p>Als virtueller Pr\u00e4sidentschaftskandidat \u00fcbt sich Ministerpr\u00e4sident Victor Ponta bereits in gro\u200e\u00dfen Akten der Au\u200e\u00dfenpolitik, ein \u00fcbliches Vorrecht des Staatschefs. Am vergangengen Wochenende hat er seine Amstkollegen aus drei Antw\u00e4rterstaaten zum EU-Beitritt, der mehrheitlich rum\u00e4nischsprachigen Ex-Sowjetrepublik Moldau, Iurie Leanc\u0103, Georgien, Irakli Garibaschwili, Serbien, Alexandar Vu\u010di\u0107, und aus zwei Mitgliedsstaaten, der Slowakei, Robert Fico, und Tschechien, Bohuslav Sobotka, eingeladen. Unangek\u00fcndigt und recht \u00fcberraschend, war besagtes Treffen eine Einleitung der geplanten Unterzeichnung am 27. Juni, in Chi\u015fin\u0103u, Tiflis und Kiew der Assoziierungs- und Freihandelsabkommen mit der EU. Die Gespr\u00e4che im Delta fokussierten sich auf die Ostpartnerschaft der Union und auf die konkrete Weise, wie die Mitgliedsstaaten die europ\u00e4ische Route der Kandidaten unterst\u00fctzen k\u00f6nnen.<\/p>\n<p>&#13;<br \/>\n&#13;<\/p>\n<p>&#13;<br \/>\n&#13;<\/p>\n<p>Gastgeber Victor Ponta betont, dass: <strong style=line-height: 1.6em;><em>Rum\u00e4nien, wie andere EU-Mitglieder der Region auch, unterst\u00fctzt fest und mit aller Kraft den europ\u00e4ischen und demokratischen Weg der Moldau, Georgiens und der Ukraine. Es gibt sehr Vieles, das wir gemeinsam \u00fcber die europ\u00e4ische Integration besprechen k\u00f6nnen, ausgehend von dem, was wir gut gemacht haben, aber auch von dem, was wir falsch gemacht haben und unsere Freunde in der Region hoffentlich vermeiden werden.\u201c<\/em><\/strong><\/p>\n<p>&#13;<br \/>\n&#13;<\/p>\n<p>&#13;<br \/>\n&#13;<\/p>\n<p>Im Namen der prowestlichen Regierung in Chi\u015fin\u0103u bedankte sich der moldauische Ministerpr\u00e4sident Iurie Leanc\u0103 bei der Bukarester Regierung f\u00fcr die konsequente Unterst\u00fctzung:<\/p>\n<p>&#13;<br \/>\n&#13;<\/p>\n<p>&#13;<br \/>\n&#13;<\/p>\n<p><strong style=line-height: 1.6em;><em>Die Tatsache, dass wir uns fast zwei Tage hier aufgehalten haben, verleiht uns positive Energie aber bietet uns auch sehr n\u00fctzliche Diskussionen. Somit werden wir, wenn wir am 27. Juni in Br\u00fcssel ankommen, nicht nur das Assoziierungsabkommen unterzeichnen, sondern wir werden auch genug positive Energie und Kraft haben, um in die n\u00e4chste Phase voranzuschreiten: Die Umsetzung der Klauseln dieses f\u00fcr die Zukunft der Republik Moldau ungeheuer wichtigen Abkommens.\u201c<\/em><\/strong><\/p>\n<p>&#13;<br \/>\n&#13;<\/p>\n<p>&#13;<br \/>\n&#13;<\/p>\n<p>Kr\u00e4ftigend f\u00fcr die ex-sowjetischen Kandidaten, hilft die Unterst\u00fctzung der ex-kommunistischen Mitglieder, l\u00f6st aber deren Beitrittsakte nicht von selbst. Diese wird nicht im Donaudelta und auch nicht in Br\u00fcssel geschlichtet, sondern durch die Reformen, die in Chi\u015fin\u0103u, Kiew und Tiflis durchgef\u00fchrt werden.<\/p>\n<p>&#13;<\/p>\n","protected":false},"excerpt":{"rendered":"<p>Ex-kommunistische Staaten, die im letzten Jahrzehnt in die Europ\u00e4ische Union aufgenommen wurden, Tschechien, die Slowakei und Rum\u00e4nien teilen die Erfahrung der Integration mit den neuen Beitrittsanw\u00e4rtern.<\/p>\n","protected":false},"author":105,"featured_media":0,"comment_status":"closed","ping_status":"closed","sticky":false,"template":"","format":"standard","meta":{"_acf_changed":false,"footnotes":""},"categories":[99583],"tags":[101699,101702,99974,100453,101698,33167,101697,100115,147672,99759,101700,100274,101701,169260],"coauthors":[],"class_list":["post-458478","post","type-post","status-publish","format-standard","hentry","category-rri-aktuell","tag-alexandar-vucic","tag-bohuslav-sobotka","tag-donaudelta","tag-georgien","tag-irakli-garibashvili","tag-iurie-leanca","tag-osterweiterung","tag-republik-moldau","tag-robert-fico-de","tag-serbien","tag-slowakei","tag-treffen","tag-tschechien","tag-victor-ponta-de"],"acf":[],"yoast_head":"<!-- This site is optimized with the Yoast SEO plugin v27.3 - https:\/\/yoast.com\/product\/yoast-seo-wordpress\/ -->\n<title>Rum\u00e4nien unterst\u00fctzt die EU-Erweiterung - Radio Rum\u00e4nien International<\/title>\n<meta name=\"robots\" content=\"index, follow, max-snippet:-1, max-image-preview:large, max-video-preview:-1\" \/>\n<link rel=\"canonical\" href=\"https:\/\/www.rri.ro\/de\/aktuell\/rri-aktuell\/rumaenien-unterstuetzt-die-eu-erweiterung-id458478.html\" \/>\n<meta property=\"og:locale\" content=\"de_DE\" \/>\n<meta property=\"og:type\" content=\"article\" \/>\n<meta property=\"og:title\" content=\"Rum\u00e4nien unterst\u00fctzt die EU-Erweiterung - Radio Rum\u00e4nien International\" \/>\n<meta property=\"og:description\" content=\"Ex-kommunistische Staaten, die im letzten Jahrzehnt in die Europ\u00e4ische Union aufgenommen wurden, Tschechien, die Slowakei und Rum\u00e4nien teilen die Erfahrung der Integration mit den neuen Beitrittsanw\u00e4rtern.\" \/>\n<meta property=\"og:url\" content=\"https:\/\/www.rri.ro\/de\/aktuell\/rri-aktuell\/rumaenien-unterstuetzt-die-eu-erweiterung-id458478.html\" \/>\n<meta property=\"og:site_name\" content=\"Radio Rum\u00e4nien International\" \/>\n<meta property=\"article:published_time\" content=\"2014-06-23T10:04:00+00:00\" \/>\n<meta property=\"article:modified_time\" content=\"2024-02-19T17:33:16+00:00\" \/>\n<meta name=\"author\" content=\"Bogdan Matei\" \/>\n<meta name=\"twitter:card\" content=\"summary_large_image\" \/>\n<meta name=\"twitter:label1\" content=\"Verfasst von\" \/>\n\t<meta name=\"twitter:data1\" content=\"Bogdan Matei\" \/>\n\t<meta name=\"twitter:label2\" content=\"Gesch\u00e4tzte Lesezeit\" \/>\n\t<meta name=\"twitter:data2\" content=\"2\u00a0Minuten\" \/>\n\t<meta name=\"twitter:label3\" content=\"Written by\" \/>\n\t<meta name=\"twitter:data3\" content=\"Bogdan Matei\" \/>\n<script type=\"application\/ld+json\" class=\"yoast-schema-graph\">{\"@context\":\"https:\\\/\\\/schema.org\",\"@graph\":[{\"@type\":\"Article\",\"@id\":\"https:\\\/\\\/www.rri.ro\\\/de\\\/aktuell\\\/rri-aktuell\\\/rumaenien-unterstuetzt-die-eu-erweiterung-id458478.html#article\",\"isPartOf\":{\"@id\":\"https:\\\/\\\/www.rri.ro\\\/de\\\/aktuell\\\/rri-aktuell\\\/rumaenien-unterstuetzt-die-eu-erweiterung-id458478.html\"},\"author\":{\"name\":\"Bogdan Matei\",\"@id\":\"https:\\\/\\\/www.rri.ro\\\/#\\\/schema\\\/person\\\/0ed327d40678578e6dbb840527e3ba32\"},\"headline\":\"Rum\u00e4nien unterst\u00fctzt die EU-Erweiterung\",\"datePublished\":\"2014-06-23T10:04:00+00:00\",\"dateModified\":\"2024-02-19T17:33:16+00:00\",\"mainEntityOfPage\":{\"@id\":\"https:\\\/\\\/www.rri.ro\\\/de\\\/aktuell\\\/rri-aktuell\\\/rumaenien-unterstuetzt-die-eu-erweiterung-id458478.html\"},\"wordCount\":457,\"keywords\":[\"Alexandar Vucic\",\"Bohuslav Sobotka\",\"Donaudelta\",\"Georgien\",\"Irakli Garibashvili\",\"Iurie Leanca\",\"Osterweiterung\",\"Republik Moldau\",\"Robert Fico\",\"Serbien\",\"Slowakei\",\"Treffen\",\"Tschechien\",\"Victor Ponta\"],\"articleSection\":[\"RRI Aktuell\"],\"inLanguage\":\"de\"},{\"@type\":\"WebPage\",\"@id\":\"https:\\\/\\\/www.rri.ro\\\/de\\\/aktuell\\\/rri-aktuell\\\/rumaenien-unterstuetzt-die-eu-erweiterung-id458478.html\",\"url\":\"https:\\\/\\\/www.rri.ro\\\/de\\\/aktuell\\\/rri-aktuell\\\/rumaenien-unterstuetzt-die-eu-erweiterung-id458478.html\",\"name\":\"Rum\u00e4nien unterst\u00fctzt die EU-Erweiterung - Radio Rum\u00e4nien International\",\"isPartOf\":{\"@id\":\"https:\\\/\\\/www.rri.ro\\\/#website\"},\"datePublished\":\"2014-06-23T10:04:00+00:00\",\"dateModified\":\"2024-02-19T17:33:16+00:00\",\"author\":{\"@id\":\"https:\\\/\\\/www.rri.ro\\\/#\\\/schema\\\/person\\\/0ed327d40678578e6dbb840527e3ba32\"},\"breadcrumb\":{\"@id\":\"https:\\\/\\\/www.rri.ro\\\/de\\\/aktuell\\\/rri-aktuell\\\/rumaenien-unterstuetzt-die-eu-erweiterung-id458478.html#breadcrumb\"},\"inLanguage\":\"de\",\"potentialAction\":[{\"@type\":\"ReadAction\",\"target\":[\"https:\\\/\\\/www.rri.ro\\\/de\\\/aktuell\\\/rri-aktuell\\\/rumaenien-unterstuetzt-die-eu-erweiterung-id458478.html\"]}]},{\"@type\":\"BreadcrumbList\",\"@id\":\"https:\\\/\\\/www.rri.ro\\\/de\\\/aktuell\\\/rri-aktuell\\\/rumaenien-unterstuetzt-die-eu-erweiterung-id458478.html#breadcrumb\",\"itemListElement\":[{\"@type\":\"ListItem\",\"position\":1,\"name\":\"Startseite\",\"item\":\"https:\\\/\\\/www.rri.ro\\\/de\"},{\"@type\":\"ListItem\",\"position\":2,\"name\":\"Aktuell\",\"item\":\"https:\\\/\\\/www.rri.ro\\\/de\\\/aktuell\"},{\"@type\":\"ListItem\",\"position\":3,\"name\":\"RRI Aktuell\",\"item\":\"https:\\\/\\\/www.rri.ro\\\/de\\\/aktuell\\\/rri-aktuell\"},{\"@type\":\"ListItem\",\"position\":4,\"name\":\"Rum\u00e4nien unterst\u00fctzt die EU-Erweiterung\"}]},{\"@type\":\"WebSite\",\"@id\":\"https:\\\/\\\/www.rri.ro\\\/#website\",\"url\":\"https:\\\/\\\/www.rri.ro\\\/\",\"name\":\"Radio Rum\u00e4nien International\",\"description\":\"Totul despre Rom\u00e2nia \u015fi rom\u00e2ni, \u00een 13 limbi\\\/dialecte!\",\"inLanguage\":\"de\"},{\"@type\":\"Person\",\"@id\":\"https:\\\/\\\/www.rri.ro\\\/#\\\/schema\\\/person\\\/0ed327d40678578e6dbb840527e3ba32\",\"name\":\"Bogdan Matei\",\"url\":\"https:\\\/\\\/www.rri.ro\\\/de\\\/author\\\/bogdan-matei\"}]}<\/script>\n<!-- \/ Yoast SEO plugin. -->","yoast_head_json":{"title":"Rum\u00e4nien unterst\u00fctzt die EU-Erweiterung - Radio Rum\u00e4nien International","robots":{"index":"index","follow":"follow","max-snippet":"max-snippet:-1","max-image-preview":"max-image-preview:large","max-video-preview":"max-video-preview:-1"},"canonical":"https:\/\/www.rri.ro\/de\/aktuell\/rri-aktuell\/rumaenien-unterstuetzt-die-eu-erweiterung-id458478.html","og_locale":"de_DE","og_type":"article","og_title":"Rum\u00e4nien unterst\u00fctzt die EU-Erweiterung - Radio Rum\u00e4nien International","og_description":"Ex-kommunistische Staaten, die im letzten Jahrzehnt in die Europ\u00e4ische Union aufgenommen wurden, Tschechien, die Slowakei und Rum\u00e4nien teilen die Erfahrung der Integration mit den neuen Beitrittsanw\u00e4rtern.","og_url":"https:\/\/www.rri.ro\/de\/aktuell\/rri-aktuell\/rumaenien-unterstuetzt-die-eu-erweiterung-id458478.html","og_site_name":"Radio Rum\u00e4nien International","article_published_time":"2014-06-23T10:04:00+00:00","article_modified_time":"2024-02-19T17:33:16+00:00","author":"Bogdan Matei","twitter_card":"summary_large_image","twitter_misc":{"Verfasst von":"Bogdan Matei","Gesch\u00e4tzte Lesezeit":"2\u00a0Minuten","Written by":"Bogdan Matei"},"schema":{"@context":"https:\/\/schema.org","@graph":[{"@type":"Article","@id":"https:\/\/www.rri.ro\/de\/aktuell\/rri-aktuell\/rumaenien-unterstuetzt-die-eu-erweiterung-id458478.html#article","isPartOf":{"@id":"https:\/\/www.rri.ro\/de\/aktuell\/rri-aktuell\/rumaenien-unterstuetzt-die-eu-erweiterung-id458478.html"},"author":{"name":"Bogdan Matei","@id":"https:\/\/www.rri.ro\/#\/schema\/person\/0ed327d40678578e6dbb840527e3ba32"},"headline":"Rum\u00e4nien unterst\u00fctzt die EU-Erweiterung","datePublished":"2014-06-23T10:04:00+00:00","dateModified":"2024-02-19T17:33:16+00:00","mainEntityOfPage":{"@id":"https:\/\/www.rri.ro\/de\/aktuell\/rri-aktuell\/rumaenien-unterstuetzt-die-eu-erweiterung-id458478.html"},"wordCount":457,"keywords":["Alexandar Vucic","Bohuslav Sobotka","Donaudelta","Georgien","Irakli Garibashvili","Iurie Leanca","Osterweiterung","Republik Moldau","Robert Fico","Serbien","Slowakei","Treffen","Tschechien","Victor Ponta"],"articleSection":["RRI Aktuell"],"inLanguage":"de"},{"@type":"WebPage","@id":"https:\/\/www.rri.ro\/de\/aktuell\/rri-aktuell\/rumaenien-unterstuetzt-die-eu-erweiterung-id458478.html","url":"https:\/\/www.rri.ro\/de\/aktuell\/rri-aktuell\/rumaenien-unterstuetzt-die-eu-erweiterung-id458478.html","name":"Rum\u00e4nien unterst\u00fctzt die EU-Erweiterung - Radio Rum\u00e4nien International","isPartOf":{"@id":"https:\/\/www.rri.ro\/#website"},"datePublished":"2014-06-23T10:04:00+00:00","dateModified":"2024-02-19T17:33:16+00:00","author":{"@id":"https:\/\/www.rri.ro\/#\/schema\/person\/0ed327d40678578e6dbb840527e3ba32"},"breadcrumb":{"@id":"https:\/\/www.rri.ro\/de\/aktuell\/rri-aktuell\/rumaenien-unterstuetzt-die-eu-erweiterung-id458478.html#breadcrumb"},"inLanguage":"de","potentialAction":[{"@type":"ReadAction","target":["https:\/\/www.rri.ro\/de\/aktuell\/rri-aktuell\/rumaenien-unterstuetzt-die-eu-erweiterung-id458478.html"]}]},{"@type":"BreadcrumbList","@id":"https:\/\/www.rri.ro\/de\/aktuell\/rri-aktuell\/rumaenien-unterstuetzt-die-eu-erweiterung-id458478.html#breadcrumb","itemListElement":[{"@type":"ListItem","position":1,"name":"Startseite","item":"https:\/\/www.rri.ro\/de"},{"@type":"ListItem","position":2,"name":"Aktuell","item":"https:\/\/www.rri.ro\/de\/aktuell"},{"@type":"ListItem","position":3,"name":"RRI Aktuell","item":"https:\/\/www.rri.ro\/de\/aktuell\/rri-aktuell"},{"@type":"ListItem","position":4,"name":"Rum\u00e4nien unterst\u00fctzt die EU-Erweiterung"}]},{"@type":"WebSite","@id":"https:\/\/www.rri.ro\/#website","url":"https:\/\/www.rri.ro\/","name":"Radio Rum\u00e4nien International","description":"Totul despre Rom\u00e2nia \u015fi rom\u00e2ni, \u00een 13 limbi\/dialecte!","inLanguage":"de"},{"@type":"Person","@id":"https:\/\/www.rri.ro\/#\/schema\/person\/0ed327d40678578e6dbb840527e3ba32","name":"Bogdan Matei","url":"https:\/\/www.rri.ro\/de\/author\/bogdan-matei"}]}},"_links":{"self":[{"href":"https:\/\/www.rri.ro\/de\/wp-json\/wp\/v2\/posts\/458478","targetHints":{"allow":["GET"]}}],"collection":[{"href":"https:\/\/www.rri.ro\/de\/wp-json\/wp\/v2\/posts"}],"about":[{"href":"https:\/\/www.rri.ro\/de\/wp-json\/wp\/v2\/types\/post"}],"author":[{"embeddable":true,"href":"https:\/\/www.rri.ro\/de\/wp-json\/wp\/v2\/users\/105"}],"replies":[{"embeddable":true,"href":"https:\/\/www.rri.ro\/de\/wp-json\/wp\/v2\/comments?post=458478"}],"version-history":[{"count":0,"href":"https:\/\/www.rri.ro\/de\/wp-json\/wp\/v2\/posts\/458478\/revisions"}],"wp:attachment":[{"href":"https:\/\/www.rri.ro\/de\/wp-json\/wp\/v2\/media?parent=458478"}],"wp:term":[{"taxonomy":"category","embeddable":true,"href":"https:\/\/www.rri.ro\/de\/wp-json\/wp\/v2\/categories?post=458478"},{"taxonomy":"post_tag","embeddable":true,"href":"https:\/\/www.rri.ro\/de\/wp-json\/wp\/v2\/tags?post=458478"},{"taxonomy":"author","embeddable":true,"href":"https:\/\/www.rri.ro\/de\/wp-json\/wp\/v2\/coauthors?post=458478"}],"curies":[{"name":"wp","href":"https:\/\/api.w.org\/{rel}","templated":true}]}}