{"id":458486,"date":"2014-06-30T14:58:00","date_gmt":"2014-06-30T11:58:00","guid":{"rendered":"http:\/\/devrri.freshlemon.ro\/aktuell\/republik-moldau-rueckt-naeher-an-europa-id458486.html"},"modified":"2024-02-19T19:34:45","modified_gmt":"2024-02-19T17:34:45","slug":"republik-moldau-rueckt-naeher-an-europa","status":"publish","type":"post","link":"https:\/\/www.rri.ro\/de\/aktuell\/rri-aktuell\/republik-moldau-rueckt-naeher-an-europa-id458486.html","title":{"rendered":"Republik Moldau r\u00fcckt n\u00e4her an Europa"},"content":{"rendered":"<p>Die rum\u00e4nischsprachige Moldaurepublik, die am ihrem proeurop\u00e4ischen Kurs festh\u00e4lt, hat am Freitag das Assoziierungsabkommen mit der Europ\u00f6ischen Union geschlossen. Die damit verkn\u00fcpften Freihandelsabkommen gew\u00e4hren dem benachbarten Land Rum\u00e4niens einen verbesserten Zugang zum EU-Markt, dem weltweit gr\u00f6\u200e\u00dften Binnenmarkt.  Das Abkommen st\u00e4rkt die wirtschaftlichen und politischen Beziehungen zu den EU-Staaten, sieht unter anderem eine Zusammenarbeit in Handel und Energie vor und f\u00f6rdert eine unabh\u00e4ngige Justiz sowie den Kampf gegen Korruption.<\/p>\n<p>&#13;<br \/>\n&#13;<\/p>\n<p>&#13;<br \/>\n&#13;<\/p>\n<p>&#13;<br \/>\n&#13;<\/p>\n<p>&#13;<br \/>\n&#13;<\/p>\n<p>Republik Moldau habe das Assoziierungsabkommen trotz der Bem\u00fchungen Russlands abgeschlossen, diesem Prozess durch Handelsembargos, Gasstreite und Milit\u00e4raggression Hindernisse in den Weg zu legen, schreibt die unabh\u00e4ngige Onlinezeitung EUObserver, die ferner hinzuf\u00fcgt: diesmal r\u00e4umte die europ\u00e4ische Diplomatie alle Hindernisse aus ihrem Weg. Die Bem\u00fchungen Chi\u015fin\u0103us, der dynamischen moldauischen Gesellschaft, die mit der konsequenten Unterst\u00fctzung Bukarests nachhaltige Reformen umgesetzt haben, wurden am Freitag von dem von EU-Kommissionspr\u00e4sidenten Jose Manuel Barosso als historisch\u201c bezeichneten Abkommen anerkannt.<\/p>\n<p>&#13;<br \/>\n&#13;<\/p>\n<p>&#13;<br \/>\n&#13;<\/p>\n<p>&#13;<br \/>\n&#13;<\/p>\n<p>&#13;<br \/>\n&#13;<\/p>\n<p>Dadurch machten sowohl Republik Moldau, als auch Georgien und die Ukraine einen riesigen Schritt in Richtung Westen. Barosso machte dennoch die Vertreter besagter Staaten darauf aufmerksam dass die Dokumente als solche kein Allheilmittel seien. Deren erfolgreiche Umsetzung h\u00e4nge mit der Fortsetzung der Reformen zusammen, nur so k\u00f6nnten die drei ehemaligen Republiken der Sowjetunion aus politischer, wirtschaftlicher und kultureller Sicht n\u00e4her an Europa  r\u00fccken, betonte anschlie\u200e\u00dfend Barosso. <\/p>\n<p>&#13;<br \/>\n&#13;<\/p>\n<p>&#13;<br \/>\n&#13;<\/p>\n<p>&#13;<br \/>\n&#13;<\/p>\n<p>&#13;<br \/>\n&#13;<\/p>\n<p>Der moldauische Ministrepr\u00e4sident Iurie Leanc\u0103 erkl\u00e4rte, die Chi\u015fin\u0103u Beh\u00f6rden seien bereit, das EU-Assoziierungsabkommen, eine wesentliche Etappe auf dem Weg zum EU-Beitritt seines Landes wirksam umzusetzen. Sollte die pro-russische Opposition im Herbst die Legislativwahlen gewinnen, setzt sie sich hingegen zum Ziel, die Partnerschaft mit Russland wieder aufbauen. Moskau warnte bereits vor strengen Ma\u200e\u00dfnahmen, die den Innenmarkt vor den als negativ\u201c bezeichneten Auswirkungen der EU-Integration  ehemaliger Sowjetrepubliken sch\u00fctzen sollen.<\/p>\n<p>&#13;<br \/>\n&#13;<\/p>\n<p>&#13;<br \/>\n&#13;<\/p>\n<p>&#13;<br \/>\n&#13;<\/p>\n<p>&#13;<br \/>\n&#13;<\/p>\n<p>Der russische Aussenminister erkl\u00e4rte diesbez\u00fcglich, die von Republik Moldau, Ukraine und Georgien unterzeichneten EU-Assoziierungsabkommen k\u00f6nnten sich angesichts der Unterbrechung der Kooperation im Handelsbereich negativ auf die russische Wirtschaft auswirken lassen. Am Tag der Unterzeichnung des Assoziierungsabkommens k\u00fcndigten die russischen Flugbeh\u00f6rden an, alle von der moldauischen Fluggesellschaft Air Moldova durchgef\u00fchrten Fl\u00fcge zwischen Moskau und Chi\u015fin\u0103u seien verboten.<\/p>\n<p>&#13;<br \/>\n&#13;<\/p>\n<p>&#13;<br \/>\n&#13;<\/p>\n<p>&#13;<br \/>\n&#13;<\/p>\n<p>&#13;<br \/>\n&#13;<\/p>\n<p>Chi\u015fin\u0103u gehe laut Politikbeobachtern ein hohes Wirtschaftsrisiko ein. Das US-Institut Stratfor, das Analysen und Berichte zur Geopolitik in der Welt anbietet, spricht von m\u00f6glichen Sanktionen Russlands gegen Republik Moldau, Georgien und die Ukraine. Die Ma\u200e\u00dfnahmen werden dennoch die Wirtschaften der besagten L\u00e4nder nicht beeintr\u00e4chtigen, sondern erlauben den Moskau-Beh\u00f6rden, den postsowjetischen Staaten neue Hindernisse in den Weg zum EU-Beitritt zu legen, f\u00fcgt Stratfor hinzu.<\/p>\n<p>&#13;<\/p>\n","protected":false},"excerpt":{"rendered":"<p>Die rum\u00e4nischsprachige Republik Moldau, Georgien und die Ukraine haben am Freitag mit der Unterzeichnung des EU-Assoziierungsabkommens einen wichtigen Schritt auf dem Weg zum EU-Beitritt gemacht.<\/p>\n","protected":false},"author":105,"featured_media":55398,"comment_status":"closed","ping_status":"closed","sticky":false,"template":"","format":"standard","meta":{"_acf_changed":false,"footnotes":""},"categories":[99583],"tags":[99874,151607,38020,101718,100501,100453,101716,58620,101717,101714,100115,29695,134268,101715,101719],"coauthors":[],"class_list":["post-458486","post","type-post","status-publish","format-standard","has-post-thumbnail","hentry","category-rri-aktuell","tag-assoziierungsabkommen","tag-chisinau-de","tag-eu-integration","tag-fluggesellschaft-air-moldova","tag-freihandelsabkommen","tag-georgien","tag-handelsembargos","tag-jose-manuel-barosso","tag-ministrepraesident-iurie-leanca","tag-proeuropaeischer-kurs","tag-republik-moldau","tag-stratfor","tag-ukraine-de","tag-wirtschaftliche-und-politische-beziehungen","tag-wirtschaftsrisiko"],"acf":[],"yoast_head":"<!-- This site is optimized with the Yoast SEO plugin v27.3 - https:\/\/yoast.com\/product\/yoast-seo-wordpress\/ -->\n<title>Republik Moldau r\u00fcckt n\u00e4her an Europa - Radio Rum\u00e4nien International<\/title>\n<meta name=\"robots\" content=\"index, follow, max-snippet:-1, max-image-preview:large, max-video-preview:-1\" \/>\n<link rel=\"canonical\" href=\"https:\/\/www.rri.ro\/de\/aktuell\/rri-aktuell\/republik-moldau-rueckt-naeher-an-europa-id458486.html\" \/>\n<meta property=\"og:locale\" content=\"de_DE\" \/>\n<meta property=\"og:type\" content=\"article\" \/>\n<meta property=\"og:title\" content=\"Republik Moldau r\u00fcckt n\u00e4her an Europa - Radio Rum\u00e4nien International\" \/>\n<meta property=\"og:description\" content=\"Die rum\u00e4nischsprachige Republik Moldau, Georgien und die Ukraine haben am Freitag mit der Unterzeichnung des EU-Assoziierungsabkommens einen wichtigen Schritt auf dem Weg zum EU-Beitritt gemacht.\" \/>\n<meta property=\"og:url\" content=\"https:\/\/www.rri.ro\/de\/aktuell\/rri-aktuell\/republik-moldau-rueckt-naeher-an-europa-id458486.html\" \/>\n<meta property=\"og:site_name\" content=\"Radio Rum\u00e4nien International\" \/>\n<meta property=\"article:published_time\" content=\"2014-06-30T11:58:00+00:00\" \/>\n<meta property=\"article:modified_time\" content=\"2024-02-19T17:34:45+00:00\" \/>\n<meta property=\"og:image\" content=\"https:\/\/www.rri.ro\/wp-content\/uploads\/2023\/10\/semnare-acord-Moldova-UE.png\" \/>\n\t<meta property=\"og:image:width\" content=\"640\" \/>\n\t<meta property=\"og:image:height\" content=\"427\" \/>\n\t<meta property=\"og:image:type\" content=\"image\/png\" \/>\n<meta name=\"author\" content=\"Bogdan Matei\" \/>\n<meta name=\"twitter:card\" content=\"summary_large_image\" \/>\n<meta name=\"twitter:label1\" content=\"Verfasst von\" \/>\n\t<meta name=\"twitter:data1\" content=\"Bogdan Matei\" \/>\n\t<meta name=\"twitter:label2\" content=\"Gesch\u00e4tzte Lesezeit\" \/>\n\t<meta name=\"twitter:data2\" content=\"2\u00a0Minuten\" \/>\n\t<meta name=\"twitter:label3\" content=\"Written by\" \/>\n\t<meta name=\"twitter:data3\" content=\"Bogdan Matei\" \/>\n<script type=\"application\/ld+json\" class=\"yoast-schema-graph\">{\"@context\":\"https:\\\/\\\/schema.org\",\"@graph\":[{\"@type\":\"Article\",\"@id\":\"https:\\\/\\\/www.rri.ro\\\/de\\\/aktuell\\\/rri-aktuell\\\/republik-moldau-rueckt-naeher-an-europa-id458486.html#article\",\"isPartOf\":{\"@id\":\"https:\\\/\\\/www.rri.ro\\\/de\\\/aktuell\\\/rri-aktuell\\\/republik-moldau-rueckt-naeher-an-europa-id458486.html\"},\"author\":{\"name\":\"Bogdan Matei\",\"@id\":\"https:\\\/\\\/www.rri.ro\\\/#\\\/schema\\\/person\\\/0ed327d40678578e6dbb840527e3ba32\"},\"headline\":\"Republik Moldau r\u00fcckt n\u00e4her an Europa\",\"datePublished\":\"2014-06-30T11:58:00+00:00\",\"dateModified\":\"2024-02-19T17:34:45+00:00\",\"mainEntityOfPage\":{\"@id\":\"https:\\\/\\\/www.rri.ro\\\/de\\\/aktuell\\\/rri-aktuell\\\/republik-moldau-rueckt-naeher-an-europa-id458486.html\"},\"wordCount\":452,\"image\":{\"@id\":\"https:\\\/\\\/www.rri.ro\\\/de\\\/aktuell\\\/rri-aktuell\\\/republik-moldau-rueckt-naeher-an-europa-id458486.html#primaryimage\"},\"thumbnailUrl\":\"https:\\\/\\\/www.rri.ro\\\/wp-content\\\/uploads\\\/2023\\\/10\\\/semnare-acord-Moldova-UE.png\",\"keywords\":[\"Assoziierungsabkommen\",\"chisinau\",\"EU integration\",\"Fluggesellschaft Air Moldova\",\"Freihandelsabkommen\",\"Georgien\",\"Handelsembargos\",\"Jose Manuel Barosso\",\"Ministrepr\u00e4sident Iurie Leanc\u0103\",\"proeurop\u00e4ischer Kurs\",\"Republik Moldau\",\"Stratfor\",\"Ukraine\",\"wirtschaftliche und politische Beziehungen\",\"Wirtschaftsrisiko\"],\"articleSection\":[\"RRI Aktuell\"],\"inLanguage\":\"de\"},{\"@type\":\"WebPage\",\"@id\":\"https:\\\/\\\/www.rri.ro\\\/de\\\/aktuell\\\/rri-aktuell\\\/republik-moldau-rueckt-naeher-an-europa-id458486.html\",\"url\":\"https:\\\/\\\/www.rri.ro\\\/de\\\/aktuell\\\/rri-aktuell\\\/republik-moldau-rueckt-naeher-an-europa-id458486.html\",\"name\":\"Republik Moldau r\u00fcckt n\u00e4her an Europa - Radio Rum\u00e4nien International\",\"isPartOf\":{\"@id\":\"https:\\\/\\\/www.rri.ro\\\/#website\"},\"primaryImageOfPage\":{\"@id\":\"https:\\\/\\\/www.rri.ro\\\/de\\\/aktuell\\\/rri-aktuell\\\/republik-moldau-rueckt-naeher-an-europa-id458486.html#primaryimage\"},\"image\":{\"@id\":\"https:\\\/\\\/www.rri.ro\\\/de\\\/aktuell\\\/rri-aktuell\\\/republik-moldau-rueckt-naeher-an-europa-id458486.html#primaryimage\"},\"thumbnailUrl\":\"https:\\\/\\\/www.rri.ro\\\/wp-content\\\/uploads\\\/2023\\\/10\\\/semnare-acord-Moldova-UE.png\",\"datePublished\":\"2014-06-30T11:58:00+00:00\",\"dateModified\":\"2024-02-19T17:34:45+00:00\",\"author\":{\"@id\":\"https:\\\/\\\/www.rri.ro\\\/#\\\/schema\\\/person\\\/0ed327d40678578e6dbb840527e3ba32\"},\"breadcrumb\":{\"@id\":\"https:\\\/\\\/www.rri.ro\\\/de\\\/aktuell\\\/rri-aktuell\\\/republik-moldau-rueckt-naeher-an-europa-id458486.html#breadcrumb\"},\"inLanguage\":\"de\",\"potentialAction\":[{\"@type\":\"ReadAction\",\"target\":[\"https:\\\/\\\/www.rri.ro\\\/de\\\/aktuell\\\/rri-aktuell\\\/republik-moldau-rueckt-naeher-an-europa-id458486.html\"]}]},{\"@type\":\"ImageObject\",\"inLanguage\":\"de\",\"@id\":\"https:\\\/\\\/www.rri.ro\\\/de\\\/aktuell\\\/rri-aktuell\\\/republik-moldau-rueckt-naeher-an-europa-id458486.html#primaryimage\",\"url\":\"https:\\\/\\\/www.rri.ro\\\/wp-content\\\/uploads\\\/2023\\\/10\\\/semnare-acord-Moldova-UE.png\",\"contentUrl\":\"https:\\\/\\\/www.rri.ro\\\/wp-content\\\/uploads\\\/2023\\\/10\\\/semnare-acord-Moldova-UE.png\",\"width\":640,\"height\":427},{\"@type\":\"BreadcrumbList\",\"@id\":\"https:\\\/\\\/www.rri.ro\\\/de\\\/aktuell\\\/rri-aktuell\\\/republik-moldau-rueckt-naeher-an-europa-id458486.html#breadcrumb\",\"itemListElement\":[{\"@type\":\"ListItem\",\"position\":1,\"name\":\"Startseite\",\"item\":\"https:\\\/\\\/www.rri.ro\\\/de\"},{\"@type\":\"ListItem\",\"position\":2,\"name\":\"Aktuell\",\"item\":\"https:\\\/\\\/www.rri.ro\\\/de\\\/aktuell\"},{\"@type\":\"ListItem\",\"position\":3,\"name\":\"RRI Aktuell\",\"item\":\"https:\\\/\\\/www.rri.ro\\\/de\\\/aktuell\\\/rri-aktuell\"},{\"@type\":\"ListItem\",\"position\":4,\"name\":\"Republik Moldau r\u00fcckt n\u00e4her an Europa\"}]},{\"@type\":\"WebSite\",\"@id\":\"https:\\\/\\\/www.rri.ro\\\/#website\",\"url\":\"https:\\\/\\\/www.rri.ro\\\/\",\"name\":\"Radio Rum\u00e4nien International\",\"description\":\"Totul despre Rom\u00e2nia \u015fi rom\u00e2ni, \u00een 13 limbi\\\/dialecte!\",\"inLanguage\":\"de\"},{\"@type\":\"Person\",\"@id\":\"https:\\\/\\\/www.rri.ro\\\/#\\\/schema\\\/person\\\/0ed327d40678578e6dbb840527e3ba32\",\"name\":\"Bogdan Matei\",\"url\":\"https:\\\/\\\/www.rri.ro\\\/de\\\/author\\\/bogdan-matei\"}]}<\/script>\n<!-- \/ Yoast SEO plugin. -->","yoast_head_json":{"title":"Republik Moldau r\u00fcckt n\u00e4her an Europa - Radio Rum\u00e4nien International","robots":{"index":"index","follow":"follow","max-snippet":"max-snippet:-1","max-image-preview":"max-image-preview:large","max-video-preview":"max-video-preview:-1"},"canonical":"https:\/\/www.rri.ro\/de\/aktuell\/rri-aktuell\/republik-moldau-rueckt-naeher-an-europa-id458486.html","og_locale":"de_DE","og_type":"article","og_title":"Republik Moldau r\u00fcckt n\u00e4her an Europa - Radio Rum\u00e4nien International","og_description":"Die rum\u00e4nischsprachige Republik Moldau, Georgien und die Ukraine haben am Freitag mit der Unterzeichnung des EU-Assoziierungsabkommens einen wichtigen Schritt auf dem Weg zum EU-Beitritt gemacht.","og_url":"https:\/\/www.rri.ro\/de\/aktuell\/rri-aktuell\/republik-moldau-rueckt-naeher-an-europa-id458486.html","og_site_name":"Radio Rum\u00e4nien International","article_published_time":"2014-06-30T11:58:00+00:00","article_modified_time":"2024-02-19T17:34:45+00:00","og_image":[{"width":640,"height":427,"url":"https:\/\/www.rri.ro\/wp-content\/uploads\/2023\/10\/semnare-acord-Moldova-UE.png","type":"image\/png"}],"author":"Bogdan Matei","twitter_card":"summary_large_image","twitter_misc":{"Verfasst von":"Bogdan Matei","Gesch\u00e4tzte Lesezeit":"2\u00a0Minuten","Written by":"Bogdan Matei"},"schema":{"@context":"https:\/\/schema.org","@graph":[{"@type":"Article","@id":"https:\/\/www.rri.ro\/de\/aktuell\/rri-aktuell\/republik-moldau-rueckt-naeher-an-europa-id458486.html#article","isPartOf":{"@id":"https:\/\/www.rri.ro\/de\/aktuell\/rri-aktuell\/republik-moldau-rueckt-naeher-an-europa-id458486.html"},"author":{"name":"Bogdan Matei","@id":"https:\/\/www.rri.ro\/#\/schema\/person\/0ed327d40678578e6dbb840527e3ba32"},"headline":"Republik Moldau r\u00fcckt n\u00e4her an Europa","datePublished":"2014-06-30T11:58:00+00:00","dateModified":"2024-02-19T17:34:45+00:00","mainEntityOfPage":{"@id":"https:\/\/www.rri.ro\/de\/aktuell\/rri-aktuell\/republik-moldau-rueckt-naeher-an-europa-id458486.html"},"wordCount":452,"image":{"@id":"https:\/\/www.rri.ro\/de\/aktuell\/rri-aktuell\/republik-moldau-rueckt-naeher-an-europa-id458486.html#primaryimage"},"thumbnailUrl":"https:\/\/www.rri.ro\/wp-content\/uploads\/2023\/10\/semnare-acord-Moldova-UE.png","keywords":["Assoziierungsabkommen","chisinau","EU integration","Fluggesellschaft Air Moldova","Freihandelsabkommen","Georgien","Handelsembargos","Jose Manuel Barosso","Ministrepr\u00e4sident Iurie Leanc\u0103","proeurop\u00e4ischer Kurs","Republik Moldau","Stratfor","Ukraine","wirtschaftliche und politische Beziehungen","Wirtschaftsrisiko"],"articleSection":["RRI Aktuell"],"inLanguage":"de"},{"@type":"WebPage","@id":"https:\/\/www.rri.ro\/de\/aktuell\/rri-aktuell\/republik-moldau-rueckt-naeher-an-europa-id458486.html","url":"https:\/\/www.rri.ro\/de\/aktuell\/rri-aktuell\/republik-moldau-rueckt-naeher-an-europa-id458486.html","name":"Republik Moldau r\u00fcckt n\u00e4her an Europa - Radio Rum\u00e4nien International","isPartOf":{"@id":"https:\/\/www.rri.ro\/#website"},"primaryImageOfPage":{"@id":"https:\/\/www.rri.ro\/de\/aktuell\/rri-aktuell\/republik-moldau-rueckt-naeher-an-europa-id458486.html#primaryimage"},"image":{"@id":"https:\/\/www.rri.ro\/de\/aktuell\/rri-aktuell\/republik-moldau-rueckt-naeher-an-europa-id458486.html#primaryimage"},"thumbnailUrl":"https:\/\/www.rri.ro\/wp-content\/uploads\/2023\/10\/semnare-acord-Moldova-UE.png","datePublished":"2014-06-30T11:58:00+00:00","dateModified":"2024-02-19T17:34:45+00:00","author":{"@id":"https:\/\/www.rri.ro\/#\/schema\/person\/0ed327d40678578e6dbb840527e3ba32"},"breadcrumb":{"@id":"https:\/\/www.rri.ro\/de\/aktuell\/rri-aktuell\/republik-moldau-rueckt-naeher-an-europa-id458486.html#breadcrumb"},"inLanguage":"de","potentialAction":[{"@type":"ReadAction","target":["https:\/\/www.rri.ro\/de\/aktuell\/rri-aktuell\/republik-moldau-rueckt-naeher-an-europa-id458486.html"]}]},{"@type":"ImageObject","inLanguage":"de","@id":"https:\/\/www.rri.ro\/de\/aktuell\/rri-aktuell\/republik-moldau-rueckt-naeher-an-europa-id458486.html#primaryimage","url":"https:\/\/www.rri.ro\/wp-content\/uploads\/2023\/10\/semnare-acord-Moldova-UE.png","contentUrl":"https:\/\/www.rri.ro\/wp-content\/uploads\/2023\/10\/semnare-acord-Moldova-UE.png","width":640,"height":427},{"@type":"BreadcrumbList","@id":"https:\/\/www.rri.ro\/de\/aktuell\/rri-aktuell\/republik-moldau-rueckt-naeher-an-europa-id458486.html#breadcrumb","itemListElement":[{"@type":"ListItem","position":1,"name":"Startseite","item":"https:\/\/www.rri.ro\/de"},{"@type":"ListItem","position":2,"name":"Aktuell","item":"https:\/\/www.rri.ro\/de\/aktuell"},{"@type":"ListItem","position":3,"name":"RRI Aktuell","item":"https:\/\/www.rri.ro\/de\/aktuell\/rri-aktuell"},{"@type":"ListItem","position":4,"name":"Republik Moldau r\u00fcckt n\u00e4her an Europa"}]},{"@type":"WebSite","@id":"https:\/\/www.rri.ro\/#website","url":"https:\/\/www.rri.ro\/","name":"Radio Rum\u00e4nien International","description":"Totul despre Rom\u00e2nia \u015fi rom\u00e2ni, \u00een 13 limbi\/dialecte!","inLanguage":"de"},{"@type":"Person","@id":"https:\/\/www.rri.ro\/#\/schema\/person\/0ed327d40678578e6dbb840527e3ba32","name":"Bogdan Matei","url":"https:\/\/www.rri.ro\/de\/author\/bogdan-matei"}]}},"_links":{"self":[{"href":"https:\/\/www.rri.ro\/de\/wp-json\/wp\/v2\/posts\/458486","targetHints":{"allow":["GET"]}}],"collection":[{"href":"https:\/\/www.rri.ro\/de\/wp-json\/wp\/v2\/posts"}],"about":[{"href":"https:\/\/www.rri.ro\/de\/wp-json\/wp\/v2\/types\/post"}],"author":[{"embeddable":true,"href":"https:\/\/www.rri.ro\/de\/wp-json\/wp\/v2\/users\/105"}],"replies":[{"embeddable":true,"href":"https:\/\/www.rri.ro\/de\/wp-json\/wp\/v2\/comments?post=458486"}],"version-history":[{"count":0,"href":"https:\/\/www.rri.ro\/de\/wp-json\/wp\/v2\/posts\/458486\/revisions"}],"wp:featuredmedia":[{"embeddable":true,"href":"https:\/\/www.rri.ro\/de\/wp-json\/wp\/v2\/media\/55398"}],"wp:attachment":[{"href":"https:\/\/www.rri.ro\/de\/wp-json\/wp\/v2\/media?parent=458486"}],"wp:term":[{"taxonomy":"category","embeddable":true,"href":"https:\/\/www.rri.ro\/de\/wp-json\/wp\/v2\/categories?post=458486"},{"taxonomy":"post_tag","embeddable":true,"href":"https:\/\/www.rri.ro\/de\/wp-json\/wp\/v2\/tags?post=458486"},{"taxonomy":"author","embeddable":true,"href":"https:\/\/www.rri.ro\/de\/wp-json\/wp\/v2\/coauthors?post=458486"}],"curies":[{"name":"wp","href":"https:\/\/api.w.org\/{rel}","templated":true}]}}