{"id":458488,"date":"2014-07-01T15:04:00","date_gmt":"2014-07-01T12:04:00","guid":{"rendered":"http:\/\/devrri.freshlemon.ro\/aktuell\/ab-dem-1-juli-sind-preisaenderungen-in-kraft-getreten-id458488.html"},"modified":"2024-02-19T19:35:11","modified_gmt":"2024-02-19T17:35:11","slug":"ab-dem-1-juli-sind-preisaenderungen-in-kraft-getreten","status":"publish","type":"post","link":"https:\/\/www.rri.ro\/de\/aktuell\/rri-aktuell\/ab-dem-1-juli-sind-preisaenderungen-in-kraft-getreten-id458488.html","title":{"rendered":"Ab dem 1. Juli sind Preis\u00e4nderungen in Kraft getreten"},"content":{"rendered":"<p>Wie jedes Jahr sind ab dem 1. Juli neue Preis\u00e4nderungen in Kraft getreten. Die Rum\u00e4nen werden ab diesem Datum um 2,5% mehr f\u00fcr Naturgas zahlen. Die Preiserh\u00f6hung ist auf den h\u00f6heren Anteil vom Importgas zur\u00fcckzuf\u00fchren. Dieser wird 10% vom internen Verbrauch erreichen. Die durchschnittlichen Gaspreise f\u00fcr Privatverbrauch in Rum\u00e4nien waren Ende des vorigen Jahres im EU-Vergleich die niedrigsten.<\/p>\n<p>&#13;<br \/>\n&#13;<\/p>\n<p>&#13;<br \/>\n&#13;<\/p>\n<p>&#13;<br \/>\n&#13;<\/p>\n<p>Die Energiepreise werden hingegen um 2,6% sinken. Ab dem 1. Juli soll zudem der Mindestlohn von 850 auf 900 erh\u00f6ht werden. Diese Ma\u200e\u00dfnahme soll  960.000 Rum\u00e4nen betreffen. Damit verbunden sind aber auch die Strafen, da ein Strafpunkt 10% vom Brutto-Mindestlohn darstellt. Mit einem Mindestlohn von umgerechent 200 Euro rangiert Rum\u00e4nien auf dem vorletzten Platz in Europa. Die Zahl und der Wert von Steuern und Abgaben erreichten bislang in Rum\u00e4nien einen Rekordwert. Ab dem 1. Juli werden 92 Steuern und sonstige steuer\u00e4hnliche Abgaben abgeschafft oder zusammengelegt.<\/p>\n<p>&#13;<br \/>\n&#13;<\/p>\n<p>&#13;<br \/>\n&#13;<\/p>\n<p>&#13;<br \/>\n&#13;<\/p>\n<p>&#13;<br \/>\n&#13;<\/p>\n<p>Das Verfahren wurde bereits Monat Mai eingef\u00fchrt, als infolge einer Dringlichkeitsverordnung zehn Steuern und nichtsteuerliche Abgaben abgeschafft und weitere siebzehn zusammengelegt wurden. Die anderen (bis 92 insgesamt) wurden durch Ministerverordnungen reduziert oder abgeschafft. Zu den Abgaben die abgeschafft werden geh\u00f6ren die Tarife zur Ausstellung eines vorl\u00e4ufigen Reisepasses, zur Beratung und Erstellung von statistischen Daten f\u00fcr Unternehmen sowie weitere Tarife zur Ausstellung von Zulassungsbescheinigungen und Lizenzen oder Zugang zu \u00f6ffentlichen Urkunden.<\/p>\n<p>&#13;<br \/>\n&#13;<\/p>\n<p>&#13;<br \/>\n&#13;<\/p>\n<p>&#13;<br \/>\n&#13;<\/p>\n<p>&#13;<br \/>\n&#13;<\/p>\n<p>Die Fehlbetr\u00e4ge im \u00f6ffentlichen Haushalt werden infolgedessen bei \u00fcber 900.000 Lei liegen. Die Abschaffung der Verwaltungskosten f\u00fcr Steuern und sonstige steuer\u00e4hnliche Abgaben wird dennoch positive Auswirkungen mit sich bringen. Nicht zuletzt wird die Handy-Nutzung im EU-Ausland ab dem 1. Juli billiger. Durch die europaweite Senkung der Roaming-Geb\u00fchren werden die rum\u00e4nischen Handy-Nutzer um 20% bis 55% weniger zahlen. Die gr\u00f6\u200e\u00dften Preissenkungen betreffen den Zugriff auf das mobile Internet.<\/p>\n<p>&#13;<br \/>\n&#13;<\/p>\n<p>&#13;<\/p>\n","protected":false},"excerpt":{"rendered":"<p>Die durchschnittlichen Gaspreise f\u00fcr Privatverbrauch werden in Rum\u00e4nien ab dem 1. Juli h\u00f6her, die Energiepreise werden hingegen um 2,6% sinken.<\/p>\n","protected":false},"author":109,"featured_media":66333,"comment_status":"closed","ping_status":"closed","sticky":false,"template":"","format":"standard","meta":{"_acf_changed":false,"footnotes":""},"categories":[99583],"tags":[101020,101726,100261,101724,99610,101723,101722,101725,101729,101727,53145,101728],"coauthors":[],"class_list":["post-458488","post","type-post","status-publish","format-standard","has-post-thumbnail","hentry","category-rri-aktuell","tag-dringlichkeitsverordnung","tag-eu-vergleich","tag-haushalt","tag-importgas","tag-mindestlohn","tag-naturgas","tag-preisaenderungen","tag-privatverbrauch","tag-roaming-gebuehren","tag-steueraehnliche-abgaben","tag-tarife","tag-zulassungsbescheinigunge"],"acf":[],"yoast_head":"<!-- This site is optimized with the Yoast SEO plugin v27.3 - https:\/\/yoast.com\/product\/yoast-seo-wordpress\/ -->\n<title>Ab dem 1. Juli sind Preis\u00e4nderungen in Kraft getreten - Radio Rum\u00e4nien International<\/title>\n<meta name=\"robots\" content=\"index, follow, max-snippet:-1, max-image-preview:large, max-video-preview:-1\" \/>\n<link rel=\"canonical\" href=\"https:\/\/www.rri.ro\/de\/aktuell\/rri-aktuell\/ab-dem-1-juli-sind-preisaenderungen-in-kraft-getreten-id458488.html\" \/>\n<meta property=\"og:locale\" content=\"de_DE\" \/>\n<meta property=\"og:type\" content=\"article\" \/>\n<meta property=\"og:title\" content=\"Ab dem 1. Juli sind Preis\u00e4nderungen in Kraft getreten - Radio Rum\u00e4nien International\" \/>\n<meta property=\"og:description\" content=\"Die durchschnittlichen Gaspreise f\u00fcr Privatverbrauch werden in Rum\u00e4nien ab dem 1. Juli h\u00f6her, die Energiepreise werden hingegen um 2,6% sinken.\" \/>\n<meta property=\"og:url\" content=\"https:\/\/www.rri.ro\/de\/aktuell\/rri-aktuell\/ab-dem-1-juli-sind-preisaenderungen-in-kraft-getreten-id458488.html\" \/>\n<meta property=\"og:site_name\" content=\"Radio Rum\u00e4nien International\" \/>\n<meta property=\"article:published_time\" content=\"2014-07-01T12:04:00+00:00\" \/>\n<meta property=\"article:modified_time\" content=\"2024-02-19T17:35:11+00:00\" \/>\n<meta property=\"og:image\" content=\"https:\/\/www.rri.ro\/wp-content\/uploads\/2023\/10\/bani-lei-640.png\" \/>\n\t<meta property=\"og:image:width\" content=\"640\" \/>\n\t<meta property=\"og:image:height\" content=\"480\" \/>\n\t<meta property=\"og:image:type\" content=\"image\/png\" \/>\n<meta name=\"author\" content=\"Roxana Vasile\" \/>\n<meta name=\"twitter:card\" content=\"summary_large_image\" \/>\n<meta name=\"twitter:label1\" content=\"Verfasst von\" \/>\n\t<meta name=\"twitter:data1\" content=\"Roxana Vasile\" \/>\n\t<meta name=\"twitter:label2\" content=\"Gesch\u00e4tzte Lesezeit\" \/>\n\t<meta name=\"twitter:data2\" content=\"1\u00a0Minute\" \/>\n\t<meta name=\"twitter:label3\" content=\"Written by\" \/>\n\t<meta name=\"twitter:data3\" content=\"Roxana Vasile\" \/>\n<script type=\"application\/ld+json\" class=\"yoast-schema-graph\">{\"@context\":\"https:\\\/\\\/schema.org\",\"@graph\":[{\"@type\":\"Article\",\"@id\":\"https:\\\/\\\/www.rri.ro\\\/de\\\/aktuell\\\/rri-aktuell\\\/ab-dem-1-juli-sind-preisaenderungen-in-kraft-getreten-id458488.html#article\",\"isPartOf\":{\"@id\":\"https:\\\/\\\/www.rri.ro\\\/de\\\/aktuell\\\/rri-aktuell\\\/ab-dem-1-juli-sind-preisaenderungen-in-kraft-getreten-id458488.html\"},\"author\":{\"name\":\"Roxana Vasile\",\"@id\":\"https:\\\/\\\/www.rri.ro\\\/#\\\/schema\\\/person\\\/0745b519f2d1287783422f162c4112af\"},\"headline\":\"Ab dem 1. Juli sind Preis\u00e4nderungen in Kraft getreten\",\"datePublished\":\"2014-07-01T12:04:00+00:00\",\"dateModified\":\"2024-02-19T17:35:11+00:00\",\"mainEntityOfPage\":{\"@id\":\"https:\\\/\\\/www.rri.ro\\\/de\\\/aktuell\\\/rri-aktuell\\\/ab-dem-1-juli-sind-preisaenderungen-in-kraft-getreten-id458488.html\"},\"wordCount\":297,\"image\":{\"@id\":\"https:\\\/\\\/www.rri.ro\\\/de\\\/aktuell\\\/rri-aktuell\\\/ab-dem-1-juli-sind-preisaenderungen-in-kraft-getreten-id458488.html#primaryimage\"},\"thumbnailUrl\":\"https:\\\/\\\/www.rri.ro\\\/wp-content\\\/uploads\\\/2023\\\/10\\\/bani-lei-640.png\",\"keywords\":[\"Dringlichkeitsverordnung\",\"EU-Vergleich\",\"Haushalt\",\"Importgas\",\"Mindestlohn\",\"Naturgas\",\"Preis\u00e4nderungen\",\"Privatverbrauch\",\"Roaming-Geb\u00fchren\",\"steuer\u00e4hnliche Abgaben\",\"tarife\",\"Zulassungsbescheinigunge\"],\"articleSection\":[\"RRI Aktuell\"],\"inLanguage\":\"de\"},{\"@type\":\"WebPage\",\"@id\":\"https:\\\/\\\/www.rri.ro\\\/de\\\/aktuell\\\/rri-aktuell\\\/ab-dem-1-juli-sind-preisaenderungen-in-kraft-getreten-id458488.html\",\"url\":\"https:\\\/\\\/www.rri.ro\\\/de\\\/aktuell\\\/rri-aktuell\\\/ab-dem-1-juli-sind-preisaenderungen-in-kraft-getreten-id458488.html\",\"name\":\"Ab dem 1. Juli sind Preis\u00e4nderungen in Kraft getreten - Radio Rum\u00e4nien International\",\"isPartOf\":{\"@id\":\"https:\\\/\\\/www.rri.ro\\\/#website\"},\"primaryImageOfPage\":{\"@id\":\"https:\\\/\\\/www.rri.ro\\\/de\\\/aktuell\\\/rri-aktuell\\\/ab-dem-1-juli-sind-preisaenderungen-in-kraft-getreten-id458488.html#primaryimage\"},\"image\":{\"@id\":\"https:\\\/\\\/www.rri.ro\\\/de\\\/aktuell\\\/rri-aktuell\\\/ab-dem-1-juli-sind-preisaenderungen-in-kraft-getreten-id458488.html#primaryimage\"},\"thumbnailUrl\":\"https:\\\/\\\/www.rri.ro\\\/wp-content\\\/uploads\\\/2023\\\/10\\\/bani-lei-640.png\",\"datePublished\":\"2014-07-01T12:04:00+00:00\",\"dateModified\":\"2024-02-19T17:35:11+00:00\",\"author\":{\"@id\":\"https:\\\/\\\/www.rri.ro\\\/#\\\/schema\\\/person\\\/0745b519f2d1287783422f162c4112af\"},\"breadcrumb\":{\"@id\":\"https:\\\/\\\/www.rri.ro\\\/de\\\/aktuell\\\/rri-aktuell\\\/ab-dem-1-juli-sind-preisaenderungen-in-kraft-getreten-id458488.html#breadcrumb\"},\"inLanguage\":\"de\",\"potentialAction\":[{\"@type\":\"ReadAction\",\"target\":[\"https:\\\/\\\/www.rri.ro\\\/de\\\/aktuell\\\/rri-aktuell\\\/ab-dem-1-juli-sind-preisaenderungen-in-kraft-getreten-id458488.html\"]}]},{\"@type\":\"ImageObject\",\"inLanguage\":\"de\",\"@id\":\"https:\\\/\\\/www.rri.ro\\\/de\\\/aktuell\\\/rri-aktuell\\\/ab-dem-1-juli-sind-preisaenderungen-in-kraft-getreten-id458488.html#primaryimage\",\"url\":\"https:\\\/\\\/www.rri.ro\\\/wp-content\\\/uploads\\\/2023\\\/10\\\/bani-lei-640.png\",\"contentUrl\":\"https:\\\/\\\/www.rri.ro\\\/wp-content\\\/uploads\\\/2023\\\/10\\\/bani-lei-640.png\",\"width\":640,\"height\":480},{\"@type\":\"BreadcrumbList\",\"@id\":\"https:\\\/\\\/www.rri.ro\\\/de\\\/aktuell\\\/rri-aktuell\\\/ab-dem-1-juli-sind-preisaenderungen-in-kraft-getreten-id458488.html#breadcrumb\",\"itemListElement\":[{\"@type\":\"ListItem\",\"position\":1,\"name\":\"Startseite\",\"item\":\"https:\\\/\\\/www.rri.ro\\\/de\"},{\"@type\":\"ListItem\",\"position\":2,\"name\":\"Aktuell\",\"item\":\"https:\\\/\\\/www.rri.ro\\\/de\\\/aktuell\"},{\"@type\":\"ListItem\",\"position\":3,\"name\":\"RRI Aktuell\",\"item\":\"https:\\\/\\\/www.rri.ro\\\/de\\\/aktuell\\\/rri-aktuell\"},{\"@type\":\"ListItem\",\"position\":4,\"name\":\"Ab dem 1. Juli sind Preis\u00e4nderungen in Kraft getreten\"}]},{\"@type\":\"WebSite\",\"@id\":\"https:\\\/\\\/www.rri.ro\\\/#website\",\"url\":\"https:\\\/\\\/www.rri.ro\\\/\",\"name\":\"Radio Rum\u00e4nien International\",\"description\":\"Totul despre Rom\u00e2nia \u015fi rom\u00e2ni, \u00een 13 limbi\\\/dialecte!\",\"inLanguage\":\"de\"},{\"@type\":\"Person\",\"@id\":\"https:\\\/\\\/www.rri.ro\\\/#\\\/schema\\\/person\\\/0745b519f2d1287783422f162c4112af\",\"name\":\"Roxana Vasile\",\"url\":\"https:\\\/\\\/www.rri.ro\\\/de\\\/author\\\/roxana-vasile\"}]}<\/script>\n<!-- \/ Yoast SEO plugin. -->","yoast_head_json":{"title":"Ab dem 1. Juli sind Preis\u00e4nderungen in Kraft getreten - Radio Rum\u00e4nien International","robots":{"index":"index","follow":"follow","max-snippet":"max-snippet:-1","max-image-preview":"max-image-preview:large","max-video-preview":"max-video-preview:-1"},"canonical":"https:\/\/www.rri.ro\/de\/aktuell\/rri-aktuell\/ab-dem-1-juli-sind-preisaenderungen-in-kraft-getreten-id458488.html","og_locale":"de_DE","og_type":"article","og_title":"Ab dem 1. Juli sind Preis\u00e4nderungen in Kraft getreten - Radio Rum\u00e4nien International","og_description":"Die durchschnittlichen Gaspreise f\u00fcr Privatverbrauch werden in Rum\u00e4nien ab dem 1. Juli h\u00f6her, die Energiepreise werden hingegen um 2,6% sinken.","og_url":"https:\/\/www.rri.ro\/de\/aktuell\/rri-aktuell\/ab-dem-1-juli-sind-preisaenderungen-in-kraft-getreten-id458488.html","og_site_name":"Radio Rum\u00e4nien International","article_published_time":"2014-07-01T12:04:00+00:00","article_modified_time":"2024-02-19T17:35:11+00:00","og_image":[{"width":640,"height":480,"url":"https:\/\/www.rri.ro\/wp-content\/uploads\/2023\/10\/bani-lei-640.png","type":"image\/png"}],"author":"Roxana Vasile","twitter_card":"summary_large_image","twitter_misc":{"Verfasst von":"Roxana Vasile","Gesch\u00e4tzte Lesezeit":"1\u00a0Minute","Written by":"Roxana Vasile"},"schema":{"@context":"https:\/\/schema.org","@graph":[{"@type":"Article","@id":"https:\/\/www.rri.ro\/de\/aktuell\/rri-aktuell\/ab-dem-1-juli-sind-preisaenderungen-in-kraft-getreten-id458488.html#article","isPartOf":{"@id":"https:\/\/www.rri.ro\/de\/aktuell\/rri-aktuell\/ab-dem-1-juli-sind-preisaenderungen-in-kraft-getreten-id458488.html"},"author":{"name":"Roxana Vasile","@id":"https:\/\/www.rri.ro\/#\/schema\/person\/0745b519f2d1287783422f162c4112af"},"headline":"Ab dem 1. Juli sind Preis\u00e4nderungen in Kraft getreten","datePublished":"2014-07-01T12:04:00+00:00","dateModified":"2024-02-19T17:35:11+00:00","mainEntityOfPage":{"@id":"https:\/\/www.rri.ro\/de\/aktuell\/rri-aktuell\/ab-dem-1-juli-sind-preisaenderungen-in-kraft-getreten-id458488.html"},"wordCount":297,"image":{"@id":"https:\/\/www.rri.ro\/de\/aktuell\/rri-aktuell\/ab-dem-1-juli-sind-preisaenderungen-in-kraft-getreten-id458488.html#primaryimage"},"thumbnailUrl":"https:\/\/www.rri.ro\/wp-content\/uploads\/2023\/10\/bani-lei-640.png","keywords":["Dringlichkeitsverordnung","EU-Vergleich","Haushalt","Importgas","Mindestlohn","Naturgas","Preis\u00e4nderungen","Privatverbrauch","Roaming-Geb\u00fchren","steuer\u00e4hnliche Abgaben","tarife","Zulassungsbescheinigunge"],"articleSection":["RRI Aktuell"],"inLanguage":"de"},{"@type":"WebPage","@id":"https:\/\/www.rri.ro\/de\/aktuell\/rri-aktuell\/ab-dem-1-juli-sind-preisaenderungen-in-kraft-getreten-id458488.html","url":"https:\/\/www.rri.ro\/de\/aktuell\/rri-aktuell\/ab-dem-1-juli-sind-preisaenderungen-in-kraft-getreten-id458488.html","name":"Ab dem 1. Juli sind Preis\u00e4nderungen in Kraft getreten - Radio Rum\u00e4nien International","isPartOf":{"@id":"https:\/\/www.rri.ro\/#website"},"primaryImageOfPage":{"@id":"https:\/\/www.rri.ro\/de\/aktuell\/rri-aktuell\/ab-dem-1-juli-sind-preisaenderungen-in-kraft-getreten-id458488.html#primaryimage"},"image":{"@id":"https:\/\/www.rri.ro\/de\/aktuell\/rri-aktuell\/ab-dem-1-juli-sind-preisaenderungen-in-kraft-getreten-id458488.html#primaryimage"},"thumbnailUrl":"https:\/\/www.rri.ro\/wp-content\/uploads\/2023\/10\/bani-lei-640.png","datePublished":"2014-07-01T12:04:00+00:00","dateModified":"2024-02-19T17:35:11+00:00","author":{"@id":"https:\/\/www.rri.ro\/#\/schema\/person\/0745b519f2d1287783422f162c4112af"},"breadcrumb":{"@id":"https:\/\/www.rri.ro\/de\/aktuell\/rri-aktuell\/ab-dem-1-juli-sind-preisaenderungen-in-kraft-getreten-id458488.html#breadcrumb"},"inLanguage":"de","potentialAction":[{"@type":"ReadAction","target":["https:\/\/www.rri.ro\/de\/aktuell\/rri-aktuell\/ab-dem-1-juli-sind-preisaenderungen-in-kraft-getreten-id458488.html"]}]},{"@type":"ImageObject","inLanguage":"de","@id":"https:\/\/www.rri.ro\/de\/aktuell\/rri-aktuell\/ab-dem-1-juli-sind-preisaenderungen-in-kraft-getreten-id458488.html#primaryimage","url":"https:\/\/www.rri.ro\/wp-content\/uploads\/2023\/10\/bani-lei-640.png","contentUrl":"https:\/\/www.rri.ro\/wp-content\/uploads\/2023\/10\/bani-lei-640.png","width":640,"height":480},{"@type":"BreadcrumbList","@id":"https:\/\/www.rri.ro\/de\/aktuell\/rri-aktuell\/ab-dem-1-juli-sind-preisaenderungen-in-kraft-getreten-id458488.html#breadcrumb","itemListElement":[{"@type":"ListItem","position":1,"name":"Startseite","item":"https:\/\/www.rri.ro\/de"},{"@type":"ListItem","position":2,"name":"Aktuell","item":"https:\/\/www.rri.ro\/de\/aktuell"},{"@type":"ListItem","position":3,"name":"RRI Aktuell","item":"https:\/\/www.rri.ro\/de\/aktuell\/rri-aktuell"},{"@type":"ListItem","position":4,"name":"Ab dem 1. Juli sind Preis\u00e4nderungen in Kraft getreten"}]},{"@type":"WebSite","@id":"https:\/\/www.rri.ro\/#website","url":"https:\/\/www.rri.ro\/","name":"Radio Rum\u00e4nien International","description":"Totul despre Rom\u00e2nia \u015fi rom\u00e2ni, \u00een 13 limbi\/dialecte!","inLanguage":"de"},{"@type":"Person","@id":"https:\/\/www.rri.ro\/#\/schema\/person\/0745b519f2d1287783422f162c4112af","name":"Roxana Vasile","url":"https:\/\/www.rri.ro\/de\/author\/roxana-vasile"}]}},"_links":{"self":[{"href":"https:\/\/www.rri.ro\/de\/wp-json\/wp\/v2\/posts\/458488","targetHints":{"allow":["GET"]}}],"collection":[{"href":"https:\/\/www.rri.ro\/de\/wp-json\/wp\/v2\/posts"}],"about":[{"href":"https:\/\/www.rri.ro\/de\/wp-json\/wp\/v2\/types\/post"}],"author":[{"embeddable":true,"href":"https:\/\/www.rri.ro\/de\/wp-json\/wp\/v2\/users\/109"}],"replies":[{"embeddable":true,"href":"https:\/\/www.rri.ro\/de\/wp-json\/wp\/v2\/comments?post=458488"}],"version-history":[{"count":0,"href":"https:\/\/www.rri.ro\/de\/wp-json\/wp\/v2\/posts\/458488\/revisions"}],"wp:featuredmedia":[{"embeddable":true,"href":"https:\/\/www.rri.ro\/de\/wp-json\/wp\/v2\/media\/66333"}],"wp:attachment":[{"href":"https:\/\/www.rri.ro\/de\/wp-json\/wp\/v2\/media?parent=458488"}],"wp:term":[{"taxonomy":"category","embeddable":true,"href":"https:\/\/www.rri.ro\/de\/wp-json\/wp\/v2\/categories?post=458488"},{"taxonomy":"post_tag","embeddable":true,"href":"https:\/\/www.rri.ro\/de\/wp-json\/wp\/v2\/tags?post=458488"},{"taxonomy":"author","embeddable":true,"href":"https:\/\/www.rri.ro\/de\/wp-json\/wp\/v2\/coauthors?post=458488"}],"curies":[{"name":"wp","href":"https:\/\/api.w.org\/{rel}","templated":true}]}}