{"id":458497,"date":"2014-07-14T15:14:00","date_gmt":"2014-07-14T12:14:00","guid":{"rendered":"http:\/\/devrri.freshlemon.ro\/aktuell\/die-eu-blickt-nach-osten-id458497.html"},"modified":"2024-02-19T19:36:27","modified_gmt":"2024-02-19T17:36:27","slug":"die-eu-blickt-nach-osten","status":"publish","type":"post","link":"https:\/\/www.rri.ro\/de\/aktuell\/rri-aktuell\/die-eu-blickt-nach-osten-id458497.html","title":{"rendered":"Die EU blickt nach Osten"},"content":{"rendered":"<p>Ende letzten Monats sind die Moldaurepublik, Georgien und die Ukraine der EU n\u00e4her ger\u00fcckt, nachdem diese L\u00e4nder das Assoziierungs-und Freihandelsabkommen mit der EU unterzeichnet haben. Die Ukraine unterzeichnete jetzt auch den wirtschaftlichen Teil des EU-Assoziierungsabkommens. EU-Kommissionspr\u00e4sident Jose Manuel Barosso bezeichnete die Abkommen als historisch. Deren Erfolg h\u00e4nge jedoch von der Fortsetzung der Reformen in den drei ehemaligen sowjetischen Republiken ab. Die Reformen sollen diese politisch, wirtschaftlich und kulturell n\u00e4her an Europa bringen.<\/p>\n<p>&#13;<br \/>\n&#13;<\/p>\n<p>&#13;<br \/>\n&#13;<\/p>\n<p>&#13;<br \/>\n&#13;<\/p>\n<p>Rum\u00e4nien hat die Bestrebungen der ernannten L\u00e4nder klar unterst\u00fctzt und als erstes EU-Land auch die Ratifizierung der Abkommen abgeschlossen.  Die EU-Erweiterung in S\u00fcdosteuropa muss weiter eine Priorit\u00e4t auf der EU-Agenda darstellen, auch nach der Bestimmung der neuen institutionellen Konfiguration der EU, bei der Bildung der neuen Kommission und bei der Erstellung der Priorit\u00e4ten-Agenda der Union f\u00fcr die n\u00e4chsten Jahre.\u201d Das erkl\u00e4rte Rum\u00e4niens Aussenminister Tituts Corlatean letzte Woche in Dubrovnik, beim Koratien Forum-Konferenz.<\/p>\n<p>&#13;<br \/>\n&#13;<\/p>\n<p>&#13;<br \/>\n&#13;<\/p>\n<p>&#13;<br \/>\n&#13;<\/p>\n<p>Aufgrund der steigenden Europhobie und der zunehmenden EU-Skepsis m\u00fcsse man die S\u00fcdost-Erweiterung f\u00f6rdern, so Corlatean. Die Konferenz in Dubrovnik hatte als Hauptthema die EU-Integrierung der Westbalkan-Staaten. Sie brachte zusammen hohe EU-Vertreter, EU-Aussenminister und Aussenminister der Westbalkan-L\u00e4nder, sowie auch G\u00e4ste aus China, Japan, den USA und Neuseeland.<\/p>\n<p>&#13;<br \/>\n&#13;<\/p>\n<p>&#13;<br \/>\n&#13;<\/p>\n<p>&#13;<br \/>\n&#13;<\/p>\n<p>\u201cDie Erweiterung hatte und wir weiter eine wichtige Rolle in der Best\u00e4tigung der Bedeutung der EU als globaler Akteur spielen\u201c, erkl\u00e4rte Rum\u00e4niens Chefdiplomat in seiner Rede und hob die Vorteile der EU-Erweiterung f\u00fcr die ganze Union und f\u00fcr die beitretenden L\u00e4nder hervor.  Rum\u00e4nien stelle ein erfolgreiches Beispiel der Erweiterungs-Politik dar, auch wenn wir uns die Wirtschaftsleistungen der letzten Jahre anschauen, so Titus Corlatean.<\/p>\n<p>&#13;<br \/>\n&#13;<\/p>\n<p>&#13;<br \/>\n&#13;<\/p>\n<p>&#13;<br \/>\n&#13;<\/p>\n<p>Die Ratifizierung des Assoziierungsabkommens zwischen der Ukraine und der EU wurde auch vom ukrainischen Staatschef Petro Poroschenko begr\u00fcsst. In einem Telefongespr\u00e4ch mit dem rum\u00e4nischen Pr\u00e4sidenten Traian Basescu  bedankte er sich f\u00fcr die Unterst\u00fctzung f\u00fcr sein Land. Traian Basescu erkl\u00e4rte seinerseits, Rum\u00e4nien und die rum\u00e4nische Minderheit in der Ukraine w\u00fcrden die Integrit\u00e4t der ukrainischen Grenzen, sowie auch die Bem\u00fchungen des Pr\u00e4sidenten Petro Poroschenko den Konflikt in der Ostukraine zu l\u00f6sen, unterst\u00fctzen.<\/p>\n<p>&#13;<\/p>\n","protected":false},"excerpt":{"rendered":"<p>Drei ex-sowjetische Republiken \u2013 die Moldaurepublik, Georgien und die Ukraine wollen der EU beitreten. Ein erster Schritt in diese Richtung erfolgte Ende Juni. Auch die Westbalkan-Staaten befinden sich auf diesem Weg.<\/p>\n","protected":false},"author":108,"featured_media":48983,"comment_status":"closed","ping_status":"closed","sticky":false,"template":"","format":"standard","meta":{"_acf_changed":false,"footnotes":""},"categories":[99583],"tags":[94785,100644,100501,100453,99678,101697,101771,28905,101378],"coauthors":[],"class_list":["post-458497","post","type-post","status-publish","format-standard","has-post-thumbnail","hentry","category-rri-aktuell","tag-croatia-forum","tag-eu-assoziierungsabkommen","tag-freihandelsabkommen","tag-georgien","tag-moldaurepublik","tag-osterweiterung","tag-ostukraine","tag-ukraine","tag-westbalkan"],"acf":[],"yoast_head":"<!-- This site is optimized with the Yoast SEO plugin v27.5 - https:\/\/yoast.com\/product\/yoast-seo-wordpress\/ -->\n<title>Die EU blickt nach Osten - Radio Rum\u00e4nien International<\/title>\n<meta name=\"robots\" content=\"index, follow, max-snippet:-1, max-image-preview:large, max-video-preview:-1\" \/>\n<link rel=\"canonical\" href=\"https:\/\/www.rri.ro\/de\/aktuell\/rri-aktuell\/die-eu-blickt-nach-osten-id458497.html\" \/>\n<meta property=\"og:locale\" content=\"de_DE\" \/>\n<meta property=\"og:type\" content=\"article\" \/>\n<meta property=\"og:title\" content=\"Die EU blickt nach Osten - Radio Rum\u00e4nien International\" \/>\n<meta property=\"og:description\" content=\"Drei ex-sowjetische Republiken \u2013 die Moldaurepublik, Georgien und die Ukraine wollen der EU beitreten. Ein erster Schritt in diese Richtung erfolgte Ende Juni. Auch die Westbalkan-Staaten befinden sich auf diesem Weg.\" \/>\n<meta property=\"og:url\" content=\"https:\/\/www.rri.ro\/de\/aktuell\/rri-aktuell\/die-eu-blickt-nach-osten-id458497.html\" \/>\n<meta property=\"og:site_name\" content=\"Radio Rum\u00e4nien International\" \/>\n<meta property=\"article:published_time\" content=\"2014-07-14T12:14:00+00:00\" \/>\n<meta property=\"article:modified_time\" content=\"2024-02-19T17:36:27+00:00\" \/>\n<meta property=\"og:image\" content=\"https:\/\/www.rri.ro\/wp-content\/uploads\/2023\/10\/steag-eu-ukraine-640.png\" \/>\n\t<meta property=\"og:image:width\" content=\"640\" \/>\n\t<meta property=\"og:image:height\" content=\"480\" \/>\n\t<meta property=\"og:image:type\" content=\"image\/png\" \/>\n<meta name=\"author\" content=\"Corina Cristea\" \/>\n<meta name=\"twitter:card\" content=\"summary_large_image\" \/>\n<meta name=\"twitter:label1\" content=\"Verfasst von\" \/>\n\t<meta name=\"twitter:data1\" content=\"Corina Cristea\" \/>\n\t<meta name=\"twitter:label2\" content=\"Gesch\u00e4tzte Lesezeit\" \/>\n\t<meta name=\"twitter:data2\" content=\"2\u00a0Minuten\" \/>\n\t<meta name=\"twitter:label3\" content=\"Written by\" \/>\n\t<meta name=\"twitter:data3\" content=\"Corina Cristea\" \/>\n<script type=\"application\/ld+json\" class=\"yoast-schema-graph\">{\"@context\":\"https:\\\/\\\/schema.org\",\"@graph\":[{\"@type\":\"Article\",\"@id\":\"https:\\\/\\\/www.rri.ro\\\/de\\\/aktuell\\\/rri-aktuell\\\/die-eu-blickt-nach-osten-id458497.html#article\",\"isPartOf\":{\"@id\":\"https:\\\/\\\/www.rri.ro\\\/de\\\/aktuell\\\/rri-aktuell\\\/die-eu-blickt-nach-osten-id458497.html\"},\"author\":{\"name\":\"Corina Cristea\",\"@id\":\"https:\\\/\\\/www.rri.ro\\\/#\\\/schema\\\/person\\\/f9ab1cb3569dee1b2c033a814bb7f0fc\"},\"headline\":\"Die EU blickt nach Osten\",\"datePublished\":\"2014-07-14T12:14:00+00:00\",\"dateModified\":\"2024-02-19T17:36:27+00:00\",\"mainEntityOfPage\":{\"@id\":\"https:\\\/\\\/www.rri.ro\\\/de\\\/aktuell\\\/rri-aktuell\\\/die-eu-blickt-nach-osten-id458497.html\"},\"wordCount\":372,\"image\":{\"@id\":\"https:\\\/\\\/www.rri.ro\\\/de\\\/aktuell\\\/rri-aktuell\\\/die-eu-blickt-nach-osten-id458497.html#primaryimage\"},\"thumbnailUrl\":\"https:\\\/\\\/www.rri.ro\\\/wp-content\\\/uploads\\\/2023\\\/10\\\/steag-eu-ukraine-640.png\",\"keywords\":[\"Croatia Forum\",\"EU-Assoziierungsabkommen\",\"Freihandelsabkommen\",\"Georgien\",\"Moldaurepublik\",\"Osterweiterung\",\"Ostukraine\",\"Ukraine\",\"Westbalkan\"],\"articleSection\":[\"RRI Aktuell\"],\"inLanguage\":\"de\"},{\"@type\":\"WebPage\",\"@id\":\"https:\\\/\\\/www.rri.ro\\\/de\\\/aktuell\\\/rri-aktuell\\\/die-eu-blickt-nach-osten-id458497.html\",\"url\":\"https:\\\/\\\/www.rri.ro\\\/de\\\/aktuell\\\/rri-aktuell\\\/die-eu-blickt-nach-osten-id458497.html\",\"name\":\"Die EU blickt nach Osten - Radio Rum\u00e4nien International\",\"isPartOf\":{\"@id\":\"https:\\\/\\\/www.rri.ro\\\/#website\"},\"primaryImageOfPage\":{\"@id\":\"https:\\\/\\\/www.rri.ro\\\/de\\\/aktuell\\\/rri-aktuell\\\/die-eu-blickt-nach-osten-id458497.html#primaryimage\"},\"image\":{\"@id\":\"https:\\\/\\\/www.rri.ro\\\/de\\\/aktuell\\\/rri-aktuell\\\/die-eu-blickt-nach-osten-id458497.html#primaryimage\"},\"thumbnailUrl\":\"https:\\\/\\\/www.rri.ro\\\/wp-content\\\/uploads\\\/2023\\\/10\\\/steag-eu-ukraine-640.png\",\"datePublished\":\"2014-07-14T12:14:00+00:00\",\"dateModified\":\"2024-02-19T17:36:27+00:00\",\"author\":{\"@id\":\"https:\\\/\\\/www.rri.ro\\\/#\\\/schema\\\/person\\\/f9ab1cb3569dee1b2c033a814bb7f0fc\"},\"breadcrumb\":{\"@id\":\"https:\\\/\\\/www.rri.ro\\\/de\\\/aktuell\\\/rri-aktuell\\\/die-eu-blickt-nach-osten-id458497.html#breadcrumb\"},\"inLanguage\":\"de\",\"potentialAction\":[{\"@type\":\"ReadAction\",\"target\":[\"https:\\\/\\\/www.rri.ro\\\/de\\\/aktuell\\\/rri-aktuell\\\/die-eu-blickt-nach-osten-id458497.html\"]}]},{\"@type\":\"ImageObject\",\"inLanguage\":\"de\",\"@id\":\"https:\\\/\\\/www.rri.ro\\\/de\\\/aktuell\\\/rri-aktuell\\\/die-eu-blickt-nach-osten-id458497.html#primaryimage\",\"url\":\"https:\\\/\\\/www.rri.ro\\\/wp-content\\\/uploads\\\/2023\\\/10\\\/steag-eu-ukraine-640.png\",\"contentUrl\":\"https:\\\/\\\/www.rri.ro\\\/wp-content\\\/uploads\\\/2023\\\/10\\\/steag-eu-ukraine-640.png\",\"width\":640,\"height\":480},{\"@type\":\"BreadcrumbList\",\"@id\":\"https:\\\/\\\/www.rri.ro\\\/de\\\/aktuell\\\/rri-aktuell\\\/die-eu-blickt-nach-osten-id458497.html#breadcrumb\",\"itemListElement\":[{\"@type\":\"ListItem\",\"position\":1,\"name\":\"Startseite\",\"item\":\"https:\\\/\\\/www.rri.ro\\\/de\"},{\"@type\":\"ListItem\",\"position\":2,\"name\":\"Aktuell\",\"item\":\"https:\\\/\\\/www.rri.ro\\\/de\\\/aktuell\"},{\"@type\":\"ListItem\",\"position\":3,\"name\":\"RRI Aktuell\",\"item\":\"https:\\\/\\\/www.rri.ro\\\/de\\\/aktuell\\\/rri-aktuell\"},{\"@type\":\"ListItem\",\"position\":4,\"name\":\"Die EU blickt nach Osten\"}]},{\"@type\":\"WebSite\",\"@id\":\"https:\\\/\\\/www.rri.ro\\\/#website\",\"url\":\"https:\\\/\\\/www.rri.ro\\\/\",\"name\":\"Radio Rum\u00e4nien International\",\"description\":\"Totul despre Rom\u00e2nia \u015fi rom\u00e2ni, \u00een 13 limbi\\\/dialecte!\",\"inLanguage\":\"de\"},{\"@type\":\"Person\",\"@id\":\"https:\\\/\\\/www.rri.ro\\\/#\\\/schema\\\/person\\\/f9ab1cb3569dee1b2c033a814bb7f0fc\",\"name\":\"Corina Cristea\",\"url\":\"https:\\\/\\\/www.rri.ro\\\/de\\\/author\\\/corina-cristea\"}]}<\/script>\n<!-- \/ Yoast SEO plugin. -->","yoast_head_json":{"title":"Die EU blickt nach Osten - Radio Rum\u00e4nien International","robots":{"index":"index","follow":"follow","max-snippet":"max-snippet:-1","max-image-preview":"max-image-preview:large","max-video-preview":"max-video-preview:-1"},"canonical":"https:\/\/www.rri.ro\/de\/aktuell\/rri-aktuell\/die-eu-blickt-nach-osten-id458497.html","og_locale":"de_DE","og_type":"article","og_title":"Die EU blickt nach Osten - Radio Rum\u00e4nien International","og_description":"Drei ex-sowjetische Republiken \u2013 die Moldaurepublik, Georgien und die Ukraine wollen der EU beitreten. Ein erster Schritt in diese Richtung erfolgte Ende Juni. Auch die Westbalkan-Staaten befinden sich auf diesem Weg.","og_url":"https:\/\/www.rri.ro\/de\/aktuell\/rri-aktuell\/die-eu-blickt-nach-osten-id458497.html","og_site_name":"Radio Rum\u00e4nien International","article_published_time":"2014-07-14T12:14:00+00:00","article_modified_time":"2024-02-19T17:36:27+00:00","og_image":[{"width":640,"height":480,"url":"https:\/\/www.rri.ro\/wp-content\/uploads\/2023\/10\/steag-eu-ukraine-640.png","type":"image\/png"}],"author":"Corina Cristea","twitter_card":"summary_large_image","twitter_misc":{"Verfasst von":"Corina Cristea","Gesch\u00e4tzte Lesezeit":"2\u00a0Minuten","Written by":"Corina Cristea"},"schema":{"@context":"https:\/\/schema.org","@graph":[{"@type":"Article","@id":"https:\/\/www.rri.ro\/de\/aktuell\/rri-aktuell\/die-eu-blickt-nach-osten-id458497.html#article","isPartOf":{"@id":"https:\/\/www.rri.ro\/de\/aktuell\/rri-aktuell\/die-eu-blickt-nach-osten-id458497.html"},"author":{"name":"Corina Cristea","@id":"https:\/\/www.rri.ro\/#\/schema\/person\/f9ab1cb3569dee1b2c033a814bb7f0fc"},"headline":"Die EU blickt nach Osten","datePublished":"2014-07-14T12:14:00+00:00","dateModified":"2024-02-19T17:36:27+00:00","mainEntityOfPage":{"@id":"https:\/\/www.rri.ro\/de\/aktuell\/rri-aktuell\/die-eu-blickt-nach-osten-id458497.html"},"wordCount":372,"image":{"@id":"https:\/\/www.rri.ro\/de\/aktuell\/rri-aktuell\/die-eu-blickt-nach-osten-id458497.html#primaryimage"},"thumbnailUrl":"https:\/\/www.rri.ro\/wp-content\/uploads\/2023\/10\/steag-eu-ukraine-640.png","keywords":["Croatia Forum","EU-Assoziierungsabkommen","Freihandelsabkommen","Georgien","Moldaurepublik","Osterweiterung","Ostukraine","Ukraine","Westbalkan"],"articleSection":["RRI Aktuell"],"inLanguage":"de"},{"@type":"WebPage","@id":"https:\/\/www.rri.ro\/de\/aktuell\/rri-aktuell\/die-eu-blickt-nach-osten-id458497.html","url":"https:\/\/www.rri.ro\/de\/aktuell\/rri-aktuell\/die-eu-blickt-nach-osten-id458497.html","name":"Die EU blickt nach Osten - Radio Rum\u00e4nien International","isPartOf":{"@id":"https:\/\/www.rri.ro\/#website"},"primaryImageOfPage":{"@id":"https:\/\/www.rri.ro\/de\/aktuell\/rri-aktuell\/die-eu-blickt-nach-osten-id458497.html#primaryimage"},"image":{"@id":"https:\/\/www.rri.ro\/de\/aktuell\/rri-aktuell\/die-eu-blickt-nach-osten-id458497.html#primaryimage"},"thumbnailUrl":"https:\/\/www.rri.ro\/wp-content\/uploads\/2023\/10\/steag-eu-ukraine-640.png","datePublished":"2014-07-14T12:14:00+00:00","dateModified":"2024-02-19T17:36:27+00:00","author":{"@id":"https:\/\/www.rri.ro\/#\/schema\/person\/f9ab1cb3569dee1b2c033a814bb7f0fc"},"breadcrumb":{"@id":"https:\/\/www.rri.ro\/de\/aktuell\/rri-aktuell\/die-eu-blickt-nach-osten-id458497.html#breadcrumb"},"inLanguage":"de","potentialAction":[{"@type":"ReadAction","target":["https:\/\/www.rri.ro\/de\/aktuell\/rri-aktuell\/die-eu-blickt-nach-osten-id458497.html"]}]},{"@type":"ImageObject","inLanguage":"de","@id":"https:\/\/www.rri.ro\/de\/aktuell\/rri-aktuell\/die-eu-blickt-nach-osten-id458497.html#primaryimage","url":"https:\/\/www.rri.ro\/wp-content\/uploads\/2023\/10\/steag-eu-ukraine-640.png","contentUrl":"https:\/\/www.rri.ro\/wp-content\/uploads\/2023\/10\/steag-eu-ukraine-640.png","width":640,"height":480},{"@type":"BreadcrumbList","@id":"https:\/\/www.rri.ro\/de\/aktuell\/rri-aktuell\/die-eu-blickt-nach-osten-id458497.html#breadcrumb","itemListElement":[{"@type":"ListItem","position":1,"name":"Startseite","item":"https:\/\/www.rri.ro\/de"},{"@type":"ListItem","position":2,"name":"Aktuell","item":"https:\/\/www.rri.ro\/de\/aktuell"},{"@type":"ListItem","position":3,"name":"RRI Aktuell","item":"https:\/\/www.rri.ro\/de\/aktuell\/rri-aktuell"},{"@type":"ListItem","position":4,"name":"Die EU blickt nach Osten"}]},{"@type":"WebSite","@id":"https:\/\/www.rri.ro\/#website","url":"https:\/\/www.rri.ro\/","name":"Radio Rum\u00e4nien International","description":"Totul despre Rom\u00e2nia \u015fi rom\u00e2ni, \u00een 13 limbi\/dialecte!","inLanguage":"de"},{"@type":"Person","@id":"https:\/\/www.rri.ro\/#\/schema\/person\/f9ab1cb3569dee1b2c033a814bb7f0fc","name":"Corina Cristea","url":"https:\/\/www.rri.ro\/de\/author\/corina-cristea"}]}},"_links":{"self":[{"href":"https:\/\/www.rri.ro\/de\/wp-json\/wp\/v2\/posts\/458497","targetHints":{"allow":["GET"]}}],"collection":[{"href":"https:\/\/www.rri.ro\/de\/wp-json\/wp\/v2\/posts"}],"about":[{"href":"https:\/\/www.rri.ro\/de\/wp-json\/wp\/v2\/types\/post"}],"author":[{"embeddable":true,"href":"https:\/\/www.rri.ro\/de\/wp-json\/wp\/v2\/users\/108"}],"replies":[{"embeddable":true,"href":"https:\/\/www.rri.ro\/de\/wp-json\/wp\/v2\/comments?post=458497"}],"version-history":[{"count":0,"href":"https:\/\/www.rri.ro\/de\/wp-json\/wp\/v2\/posts\/458497\/revisions"}],"wp:featuredmedia":[{"embeddable":true,"href":"https:\/\/www.rri.ro\/de\/wp-json\/wp\/v2\/media\/48983"}],"wp:attachment":[{"href":"https:\/\/www.rri.ro\/de\/wp-json\/wp\/v2\/media?parent=458497"}],"wp:term":[{"taxonomy":"category","embeddable":true,"href":"https:\/\/www.rri.ro\/de\/wp-json\/wp\/v2\/categories?post=458497"},{"taxonomy":"post_tag","embeddable":true,"href":"https:\/\/www.rri.ro\/de\/wp-json\/wp\/v2\/tags?post=458497"},{"taxonomy":"author","embeddable":true,"href":"https:\/\/www.rri.ro\/de\/wp-json\/wp\/v2\/coauthors?post=458497"}],"curies":[{"name":"wp","href":"https:\/\/api.w.org\/{rel}","templated":true}]}}