{"id":458508,"date":"2014-07-29T15:30:00","date_gmt":"2014-07-29T12:30:00","guid":{"rendered":"http:\/\/devrri.freshlemon.ro\/aktuell\/der-sueden-rumaeniens-wird-von-unwetter-heimgesucht-id458508.html"},"modified":"2024-02-19T19:37:04","modified_gmt":"2024-02-19T17:37:04","slug":"der-sueden-rumaeniens-wird-von-unwetter-heimgesucht","status":"publish","type":"post","link":"https:\/\/www.rri.ro\/de\/aktuell\/rri-aktuell\/der-sueden-rumaeniens-wird-von-unwetter-heimgesucht-id458508.html","title":{"rendered":"Der S\u00fcden Rum\u00e4niens wird von Unwetter heimgesucht"},"content":{"rendered":"<p>Im S\u00fcden und S\u00fcdwesten Rum\u00e4niens wurden in den letzten Tagen Wetterwarnungen Stufe Gelb und Orange ausgerufen &#8212; das bedeutet starke Regenschauer, Gewitter, Windb\u00f6en und \u00dcberschwemmungen. Die Kommunalbeh\u00f6rden in den Zonen mit erh\u00f6hter \u00dcberschwemmungsgefahr bleiben in Bereitschaft, um sofort intervenieren zu k\u00f6nnen. Die am schwersten heimgesuchten Regionen waren die Landkreise Mehedin\u0163i, V\u00e2lcea, Gorj, Dolj, Olt und Arge\u015f, wo die Regenwassermengen manchmal 80 Liter\/qm \u00fcberstiegen haben. Mehrere Fl\u00fcsse und B\u00e4che sind \u00fcber die Ufer getreten, Hunderte H\u00e4user und Geh\u00f6fte, Hunderte Ha Ackerland stehen uner Wasser. Weite Teile von Landstra\u200e\u00dfen und viele Br\u00fccken wurden zerst\u00f6rt. Einige Tausend Menschen sind ohne Strom geblieben, nachdem mehrere Stromm\u00e4ste durch den starken Wind gest\u00fcrzt waren. In den betroffenen Regionen waren zahlreiche Feuerwehrleute und Angestellte der Inspektoraten fur Notsituationen mit Pumpen und anderen Maschinen im Einsatz, um das Wasser aus den H\u00e4usern und Geh\u00f6ften zu entfernen; au\u200e\u00dferdem haben sie den Einwohnern geholfen, ihr Hab und Gut zu retten. An erster Stelle stand aber die Rettung der Menschen; dort, wo die Situation besonders gef\u00e4hrlich war, wurden die Leute evakuiert und in sichere Gebiete geschickt. In Bukarest hat Vizeministerpr\u00e4sident Liviu Dragnea den Generalstab f\u00fcr Notsituationen einberufen; die Stabsmitglieder  bleiben st\u00e4ndig in Bereitschaft, um sofort zu intervenieren, wenn die Kommunalbeh\u00f6rden und die Situation vor Ort dies fordern. Liviu Dragnea:<\/p>\n<p>&#13;<br \/>\n&#13;<\/p>\n<p>&#13;<br \/>\n&#13;<\/p>\n<p>Alle Lokalkomitees f\u00fcr Notsituationen und die B\u00fcrgermeister der betroffenen Ortschaften  m\u00fcssen in Alarmbereitschaft bleiben. Alle Strukturen des Innenministeriums stehen schon bereit zum Einsatz und k\u00f6nnen jede Zeit zus\u00e4tzliches Personal mobil machen. Wenn Sie Hilfe von anderen Landkreisen brauchen, z\u00f6gern Sie nicht, sagen Sie uns Bescheid, und Sie werden Hilfe bekommen.\u201d<\/p>\n<p>&#13;<br \/>\n&#13;<\/p>\n<p>&#13;<br \/>\n&#13;<\/p>\n<p>Vorhin hatte der Staatssekret\u00e4r im Innenministerium, Raed Arafat, bekanntgegeben, da\u200e\u00df die operativen Einheiten des Generalinspektorats f\u00fcr Notsituationen in den Landkreisen, die unter Wetterwarnung Gelb und Orange stehen, bereits aktiv seien. Es wurden 1.100 Personen und 500 Interventionsmittel mobil gemacht, so Raed Arafat. Sollte es notwendig sein, werden diese Kr\u00e4fte mit Mitgliedern der Polizei, der Gendarmerie und des Verteidigungsministeriums aufgestockt, sagte noch der Staatssekret\u00e4r. Leider l\u00e4\u200e\u00dft das gute Wetter auf sich warten; laut Wettervorhersage mu\u200e\u00df man in den n\u00e4chsten Tagen mit weiteren starken Regenschauern und Gewittern mit Windb\u00f6en rechnen, die sich \u00fcber den ganzen S\u00fcden und die Mitte des Landes erstrecken werden.<\/p>\n<p>&#13;<\/p>\n","protected":false},"excerpt":{"rendered":"<p>In den letzten Tagen wurden mehrere Regionen in der S\u00fcdh\u00e4lfte Rum\u00e4niens von starken Regenschauern, Gewittern und \u00dcberschwemmungen heimgesucht. Die Meteorologen haben Wetteralarm Stufe Gelb und Orange ausgerufen.<\/p>\n","protected":false},"author":2,"featured_media":53357,"comment_status":"closed","ping_status":"closed","sticky":false,"template":"","format":"standard","meta":{"_acf_changed":false,"footnotes":""},"categories":[99583],"tags":[101810,100682,101528,101488,101489,101809,101808,101527,40451,101583,101807,101806,177569],"coauthors":[],"class_list":["post-458508","post","type-post","status-publish","format-standard","has-post-thumbnail","hentry","category-rri-aktuell","tag-bereitschaft","tag-einsatz","tag-gewitter","tag-hilfe","tag-innenministerium","tag-inspektorat","tag-not","tag-regen","tag-situation","tag-ueberschwemmung","tag-wasser","tag-wetter","tag-wind-de"],"acf":[],"yoast_head":"<!-- This site is optimized with the Yoast SEO plugin v27.5 - https:\/\/yoast.com\/product\/yoast-seo-wordpress\/ -->\n<title>Der S\u00fcden Rum\u00e4niens wird von Unwetter heimgesucht - Radio Rum\u00e4nien International<\/title>\n<meta name=\"robots\" content=\"index, follow, max-snippet:-1, max-image-preview:large, max-video-preview:-1\" \/>\n<link rel=\"canonical\" href=\"https:\/\/www.rri.ro\/de\/aktuell\/rri-aktuell\/der-sueden-rumaeniens-wird-von-unwetter-heimgesucht-id458508.html\" \/>\n<meta property=\"og:locale\" content=\"de_DE\" \/>\n<meta property=\"og:type\" content=\"article\" \/>\n<meta property=\"og:title\" content=\"Der S\u00fcden Rum\u00e4niens wird von Unwetter heimgesucht - Radio Rum\u00e4nien International\" \/>\n<meta property=\"og:description\" content=\"In den letzten Tagen wurden mehrere Regionen in der S\u00fcdh\u00e4lfte Rum\u00e4niens von starken Regenschauern, Gewittern und \u00dcberschwemmungen heimgesucht. Die Meteorologen haben Wetteralarm Stufe Gelb und Orange ausgerufen.\" \/>\n<meta property=\"og:url\" content=\"https:\/\/www.rri.ro\/de\/aktuell\/rri-aktuell\/der-sueden-rumaeniens-wird-von-unwetter-heimgesucht-id458508.html\" \/>\n<meta property=\"og:site_name\" content=\"Radio Rum\u00e4nien International\" \/>\n<meta property=\"article:published_time\" content=\"2014-07-29T12:30:00+00:00\" \/>\n<meta property=\"article:modified_time\" content=\"2024-02-19T17:37:04+00:00\" \/>\n<meta property=\"og:image\" content=\"https:\/\/www.rri.ro\/wp-content\/uploads\/2023\/10\/inundatii-jandarmi.png\" \/>\n\t<meta property=\"og:image:width\" content=\"640\" \/>\n\t<meta property=\"og:image:height\" content=\"443\" \/>\n\t<meta property=\"og:image:type\" content=\"image\/png\" \/>\n<meta name=\"author\" content=\"Rom\u00e2nia Interna\u021bional\" \/>\n<meta name=\"twitter:card\" content=\"summary_large_image\" \/>\n<meta name=\"twitter:label1\" content=\"Verfasst von\" \/>\n\t<meta name=\"twitter:data1\" content=\"Rom\u00e2nia Interna\u021bional\" \/>\n\t<meta name=\"twitter:label2\" content=\"Gesch\u00e4tzte Lesezeit\" \/>\n\t<meta name=\"twitter:data2\" content=\"2\u00a0Minuten\" \/>\n\t<meta name=\"twitter:label3\" content=\"Written by\" \/>\n\t<meta name=\"twitter:data3\" content=\"Rom\u00e2nia Interna\u021bional\" \/>\n<script type=\"application\/ld+json\" class=\"yoast-schema-graph\">{\"@context\":\"https:\\\/\\\/schema.org\",\"@graph\":[{\"@type\":\"Article\",\"@id\":\"https:\\\/\\\/www.rri.ro\\\/de\\\/aktuell\\\/rri-aktuell\\\/der-sueden-rumaeniens-wird-von-unwetter-heimgesucht-id458508.html#article\",\"isPartOf\":{\"@id\":\"https:\\\/\\\/www.rri.ro\\\/de\\\/aktuell\\\/rri-aktuell\\\/der-sueden-rumaeniens-wird-von-unwetter-heimgesucht-id458508.html\"},\"author\":{\"name\":\"Rom\u00e2nia Interna\u021bional\",\"@id\":\"https:\\\/\\\/www.rri.ro\\\/#\\\/schema\\\/person\\\/18fac491bccbfe149b92aea77ad60abd\"},\"headline\":\"Der S\u00fcden Rum\u00e4niens wird von Unwetter heimgesucht\",\"datePublished\":\"2014-07-29T12:30:00+00:00\",\"dateModified\":\"2024-02-19T17:37:04+00:00\",\"mainEntityOfPage\":{\"@id\":\"https:\\\/\\\/www.rri.ro\\\/de\\\/aktuell\\\/rri-aktuell\\\/der-sueden-rumaeniens-wird-von-unwetter-heimgesucht-id458508.html\"},\"wordCount\":406,\"image\":{\"@id\":\"https:\\\/\\\/www.rri.ro\\\/de\\\/aktuell\\\/rri-aktuell\\\/der-sueden-rumaeniens-wird-von-unwetter-heimgesucht-id458508.html#primaryimage\"},\"thumbnailUrl\":\"https:\\\/\\\/www.rri.ro\\\/wp-content\\\/uploads\\\/2023\\\/10\\\/inundatii-jandarmi.png\",\"keywords\":[\"Bereitschaft\",\"Einsatz\",\"Gewitter\",\"Hilfe\",\"Innenministerium\",\"Inspektorat\",\"Not\",\"Regen\",\"situation\",\"\u00dcberschwemmung\",\"Wasser\",\"Wetter\",\"wind\"],\"articleSection\":[\"RRI Aktuell\"],\"inLanguage\":\"de\"},{\"@type\":\"WebPage\",\"@id\":\"https:\\\/\\\/www.rri.ro\\\/de\\\/aktuell\\\/rri-aktuell\\\/der-sueden-rumaeniens-wird-von-unwetter-heimgesucht-id458508.html\",\"url\":\"https:\\\/\\\/www.rri.ro\\\/de\\\/aktuell\\\/rri-aktuell\\\/der-sueden-rumaeniens-wird-von-unwetter-heimgesucht-id458508.html\",\"name\":\"Der S\u00fcden Rum\u00e4niens wird von Unwetter heimgesucht - Radio Rum\u00e4nien International\",\"isPartOf\":{\"@id\":\"https:\\\/\\\/www.rri.ro\\\/#website\"},\"primaryImageOfPage\":{\"@id\":\"https:\\\/\\\/www.rri.ro\\\/de\\\/aktuell\\\/rri-aktuell\\\/der-sueden-rumaeniens-wird-von-unwetter-heimgesucht-id458508.html#primaryimage\"},\"image\":{\"@id\":\"https:\\\/\\\/www.rri.ro\\\/de\\\/aktuell\\\/rri-aktuell\\\/der-sueden-rumaeniens-wird-von-unwetter-heimgesucht-id458508.html#primaryimage\"},\"thumbnailUrl\":\"https:\\\/\\\/www.rri.ro\\\/wp-content\\\/uploads\\\/2023\\\/10\\\/inundatii-jandarmi.png\",\"datePublished\":\"2014-07-29T12:30:00+00:00\",\"dateModified\":\"2024-02-19T17:37:04+00:00\",\"author\":{\"@id\":\"https:\\\/\\\/www.rri.ro\\\/#\\\/schema\\\/person\\\/18fac491bccbfe149b92aea77ad60abd\"},\"breadcrumb\":{\"@id\":\"https:\\\/\\\/www.rri.ro\\\/de\\\/aktuell\\\/rri-aktuell\\\/der-sueden-rumaeniens-wird-von-unwetter-heimgesucht-id458508.html#breadcrumb\"},\"inLanguage\":\"de\",\"potentialAction\":[{\"@type\":\"ReadAction\",\"target\":[\"https:\\\/\\\/www.rri.ro\\\/de\\\/aktuell\\\/rri-aktuell\\\/der-sueden-rumaeniens-wird-von-unwetter-heimgesucht-id458508.html\"]}]},{\"@type\":\"ImageObject\",\"inLanguage\":\"de\",\"@id\":\"https:\\\/\\\/www.rri.ro\\\/de\\\/aktuell\\\/rri-aktuell\\\/der-sueden-rumaeniens-wird-von-unwetter-heimgesucht-id458508.html#primaryimage\",\"url\":\"https:\\\/\\\/www.rri.ro\\\/wp-content\\\/uploads\\\/2023\\\/10\\\/inundatii-jandarmi.png\",\"contentUrl\":\"https:\\\/\\\/www.rri.ro\\\/wp-content\\\/uploads\\\/2023\\\/10\\\/inundatii-jandarmi.png\",\"width\":640,\"height\":443},{\"@type\":\"BreadcrumbList\",\"@id\":\"https:\\\/\\\/www.rri.ro\\\/de\\\/aktuell\\\/rri-aktuell\\\/der-sueden-rumaeniens-wird-von-unwetter-heimgesucht-id458508.html#breadcrumb\",\"itemListElement\":[{\"@type\":\"ListItem\",\"position\":1,\"name\":\"Startseite\",\"item\":\"https:\\\/\\\/www.rri.ro\\\/de\"},{\"@type\":\"ListItem\",\"position\":2,\"name\":\"Aktuell\",\"item\":\"https:\\\/\\\/www.rri.ro\\\/de\\\/aktuell\"},{\"@type\":\"ListItem\",\"position\":3,\"name\":\"RRI Aktuell\",\"item\":\"https:\\\/\\\/www.rri.ro\\\/de\\\/aktuell\\\/rri-aktuell\"},{\"@type\":\"ListItem\",\"position\":4,\"name\":\"Der S\u00fcden Rum\u00e4niens wird von Unwetter heimgesucht\"}]},{\"@type\":\"WebSite\",\"@id\":\"https:\\\/\\\/www.rri.ro\\\/#website\",\"url\":\"https:\\\/\\\/www.rri.ro\\\/\",\"name\":\"Radio Rum\u00e4nien International\",\"description\":\"Totul despre Rom\u00e2nia \u015fi rom\u00e2ni, \u00een 13 limbi\\\/dialecte!\",\"inLanguage\":\"de\"},{\"@type\":\"Person\",\"@id\":\"https:\\\/\\\/www.rri.ro\\\/#\\\/schema\\\/person\\\/18fac491bccbfe149b92aea77ad60abd\",\"name\":\"Rom\u00e2nia Interna\u021bional\",\"url\":\"https:\\\/\\\/www.rri.ro\\\/de\\\/author\\\/redactia\"}]}<\/script>\n<!-- \/ Yoast SEO plugin. -->","yoast_head_json":{"title":"Der S\u00fcden Rum\u00e4niens wird von Unwetter heimgesucht - Radio Rum\u00e4nien International","robots":{"index":"index","follow":"follow","max-snippet":"max-snippet:-1","max-image-preview":"max-image-preview:large","max-video-preview":"max-video-preview:-1"},"canonical":"https:\/\/www.rri.ro\/de\/aktuell\/rri-aktuell\/der-sueden-rumaeniens-wird-von-unwetter-heimgesucht-id458508.html","og_locale":"de_DE","og_type":"article","og_title":"Der S\u00fcden Rum\u00e4niens wird von Unwetter heimgesucht - Radio Rum\u00e4nien International","og_description":"In den letzten Tagen wurden mehrere Regionen in der S\u00fcdh\u00e4lfte Rum\u00e4niens von starken Regenschauern, Gewittern und \u00dcberschwemmungen heimgesucht. Die Meteorologen haben Wetteralarm Stufe Gelb und Orange ausgerufen.","og_url":"https:\/\/www.rri.ro\/de\/aktuell\/rri-aktuell\/der-sueden-rumaeniens-wird-von-unwetter-heimgesucht-id458508.html","og_site_name":"Radio Rum\u00e4nien International","article_published_time":"2014-07-29T12:30:00+00:00","article_modified_time":"2024-02-19T17:37:04+00:00","og_image":[{"width":640,"height":443,"url":"https:\/\/www.rri.ro\/wp-content\/uploads\/2023\/10\/inundatii-jandarmi.png","type":"image\/png"}],"author":"Rom\u00e2nia Interna\u021bional","twitter_card":"summary_large_image","twitter_misc":{"Verfasst von":"Rom\u00e2nia Interna\u021bional","Gesch\u00e4tzte Lesezeit":"2\u00a0Minuten","Written by":"Rom\u00e2nia Interna\u021bional"},"schema":{"@context":"https:\/\/schema.org","@graph":[{"@type":"Article","@id":"https:\/\/www.rri.ro\/de\/aktuell\/rri-aktuell\/der-sueden-rumaeniens-wird-von-unwetter-heimgesucht-id458508.html#article","isPartOf":{"@id":"https:\/\/www.rri.ro\/de\/aktuell\/rri-aktuell\/der-sueden-rumaeniens-wird-von-unwetter-heimgesucht-id458508.html"},"author":{"name":"Rom\u00e2nia Interna\u021bional","@id":"https:\/\/www.rri.ro\/#\/schema\/person\/18fac491bccbfe149b92aea77ad60abd"},"headline":"Der S\u00fcden Rum\u00e4niens wird von Unwetter heimgesucht","datePublished":"2014-07-29T12:30:00+00:00","dateModified":"2024-02-19T17:37:04+00:00","mainEntityOfPage":{"@id":"https:\/\/www.rri.ro\/de\/aktuell\/rri-aktuell\/der-sueden-rumaeniens-wird-von-unwetter-heimgesucht-id458508.html"},"wordCount":406,"image":{"@id":"https:\/\/www.rri.ro\/de\/aktuell\/rri-aktuell\/der-sueden-rumaeniens-wird-von-unwetter-heimgesucht-id458508.html#primaryimage"},"thumbnailUrl":"https:\/\/www.rri.ro\/wp-content\/uploads\/2023\/10\/inundatii-jandarmi.png","keywords":["Bereitschaft","Einsatz","Gewitter","Hilfe","Innenministerium","Inspektorat","Not","Regen","situation","\u00dcberschwemmung","Wasser","Wetter","wind"],"articleSection":["RRI Aktuell"],"inLanguage":"de"},{"@type":"WebPage","@id":"https:\/\/www.rri.ro\/de\/aktuell\/rri-aktuell\/der-sueden-rumaeniens-wird-von-unwetter-heimgesucht-id458508.html","url":"https:\/\/www.rri.ro\/de\/aktuell\/rri-aktuell\/der-sueden-rumaeniens-wird-von-unwetter-heimgesucht-id458508.html","name":"Der S\u00fcden Rum\u00e4niens wird von Unwetter heimgesucht - Radio Rum\u00e4nien International","isPartOf":{"@id":"https:\/\/www.rri.ro\/#website"},"primaryImageOfPage":{"@id":"https:\/\/www.rri.ro\/de\/aktuell\/rri-aktuell\/der-sueden-rumaeniens-wird-von-unwetter-heimgesucht-id458508.html#primaryimage"},"image":{"@id":"https:\/\/www.rri.ro\/de\/aktuell\/rri-aktuell\/der-sueden-rumaeniens-wird-von-unwetter-heimgesucht-id458508.html#primaryimage"},"thumbnailUrl":"https:\/\/www.rri.ro\/wp-content\/uploads\/2023\/10\/inundatii-jandarmi.png","datePublished":"2014-07-29T12:30:00+00:00","dateModified":"2024-02-19T17:37:04+00:00","author":{"@id":"https:\/\/www.rri.ro\/#\/schema\/person\/18fac491bccbfe149b92aea77ad60abd"},"breadcrumb":{"@id":"https:\/\/www.rri.ro\/de\/aktuell\/rri-aktuell\/der-sueden-rumaeniens-wird-von-unwetter-heimgesucht-id458508.html#breadcrumb"},"inLanguage":"de","potentialAction":[{"@type":"ReadAction","target":["https:\/\/www.rri.ro\/de\/aktuell\/rri-aktuell\/der-sueden-rumaeniens-wird-von-unwetter-heimgesucht-id458508.html"]}]},{"@type":"ImageObject","inLanguage":"de","@id":"https:\/\/www.rri.ro\/de\/aktuell\/rri-aktuell\/der-sueden-rumaeniens-wird-von-unwetter-heimgesucht-id458508.html#primaryimage","url":"https:\/\/www.rri.ro\/wp-content\/uploads\/2023\/10\/inundatii-jandarmi.png","contentUrl":"https:\/\/www.rri.ro\/wp-content\/uploads\/2023\/10\/inundatii-jandarmi.png","width":640,"height":443},{"@type":"BreadcrumbList","@id":"https:\/\/www.rri.ro\/de\/aktuell\/rri-aktuell\/der-sueden-rumaeniens-wird-von-unwetter-heimgesucht-id458508.html#breadcrumb","itemListElement":[{"@type":"ListItem","position":1,"name":"Startseite","item":"https:\/\/www.rri.ro\/de"},{"@type":"ListItem","position":2,"name":"Aktuell","item":"https:\/\/www.rri.ro\/de\/aktuell"},{"@type":"ListItem","position":3,"name":"RRI Aktuell","item":"https:\/\/www.rri.ro\/de\/aktuell\/rri-aktuell"},{"@type":"ListItem","position":4,"name":"Der S\u00fcden Rum\u00e4niens wird von Unwetter heimgesucht"}]},{"@type":"WebSite","@id":"https:\/\/www.rri.ro\/#website","url":"https:\/\/www.rri.ro\/","name":"Radio Rum\u00e4nien International","description":"Totul despre Rom\u00e2nia \u015fi rom\u00e2ni, \u00een 13 limbi\/dialecte!","inLanguage":"de"},{"@type":"Person","@id":"https:\/\/www.rri.ro\/#\/schema\/person\/18fac491bccbfe149b92aea77ad60abd","name":"Rom\u00e2nia Interna\u021bional","url":"https:\/\/www.rri.ro\/de\/author\/redactia"}]}},"_links":{"self":[{"href":"https:\/\/www.rri.ro\/de\/wp-json\/wp\/v2\/posts\/458508","targetHints":{"allow":["GET"]}}],"collection":[{"href":"https:\/\/www.rri.ro\/de\/wp-json\/wp\/v2\/posts"}],"about":[{"href":"https:\/\/www.rri.ro\/de\/wp-json\/wp\/v2\/types\/post"}],"author":[{"embeddable":true,"href":"https:\/\/www.rri.ro\/de\/wp-json\/wp\/v2\/users\/2"}],"replies":[{"embeddable":true,"href":"https:\/\/www.rri.ro\/de\/wp-json\/wp\/v2\/comments?post=458508"}],"version-history":[{"count":0,"href":"https:\/\/www.rri.ro\/de\/wp-json\/wp\/v2\/posts\/458508\/revisions"}],"wp:featuredmedia":[{"embeddable":true,"href":"https:\/\/www.rri.ro\/de\/wp-json\/wp\/v2\/media\/53357"}],"wp:attachment":[{"href":"https:\/\/www.rri.ro\/de\/wp-json\/wp\/v2\/media?parent=458508"}],"wp:term":[{"taxonomy":"category","embeddable":true,"href":"https:\/\/www.rri.ro\/de\/wp-json\/wp\/v2\/categories?post=458508"},{"taxonomy":"post_tag","embeddable":true,"href":"https:\/\/www.rri.ro\/de\/wp-json\/wp\/v2\/tags?post=458508"},{"taxonomy":"author","embeddable":true,"href":"https:\/\/www.rri.ro\/de\/wp-json\/wp\/v2\/coauthors?post=458508"}],"curies":[{"name":"wp","href":"https:\/\/api.w.org\/{rel}","templated":true}]}}