{"id":458514,"date":"2014-08-06T15:10:00","date_gmt":"2014-08-06T12:10:00","guid":{"rendered":"http:\/\/devrri.freshlemon.ro\/aktuell\/nach-russischem-embargo-moldau-orientiert-sich-richtung-eu-binnenmarkt-id458514.html"},"modified":"2024-02-19T19:37:45","modified_gmt":"2024-02-19T17:37:45","slug":"nach-russischem-embargo-moldau-orientiert-sich-richtung-eu-binnenmarkt","status":"publish","type":"post","link":"https:\/\/www.rri.ro\/de\/aktuell\/rri-aktuell\/nach-russischem-embargo-moldau-orientiert-sich-richtung-eu-binnenmarkt-id458514.html","title":{"rendered":"Nach russischem Embargo: Moldau orientiert sich Richtung EU-Binnenmarkt"},"content":{"rendered":"<p>Die Wirtschaftst\u00e4tigkeit der Moldaurepublik ist verst\u00e4rkt Richtung EU-Binnenmarkt orientiert. In den ersten f\u00fcnf Monaten des Jahres nahmen die moldauischen Exporte in die EU um mehr als 22% zu. Indes wurden um fast 19% weniger G\u00fcter und Dienstleistungen in die GUS-Staaten ausgefahren. Dennoch bleiben diese Staaten der Hauptabsatzmarkt der moldauischen Erzeugnisse.<\/p>\n<p>&#13;<br \/>\n&#13;<\/p>\n<p>&#13;<br \/>\n&#13;<\/p>\n<p>Rum\u00e4nien bietet dem Nachbarland derzeit praktische Unterst\u00fctzung an, um die wirtschaftlichen Folgen des russischen Embargos zu mildern. Das erkl\u00e4rte der stellvertretende Landwirtschaftsminister in Chi\u015fin\u0103u, Vladimir Loghin, der vom Radio-Rum\u00e4nien Korrespondenten zitiert wird. In Vorbereitung sei ein Programm zur Unterst\u00fctzung der Obst- und Gem\u00fcsebauern. Bukarest hat der Wirtschaftsmission in der Moldaurepublik den direkten Kontakt zu Vertretern der gro\u200e\u00dfen Handelsketten, Besuche bei Unternehmen und Verkaufszentren f\u00fcr landwirtschaftliche Erzeugnisse vermittelt.<\/p>\n<p>&#13;<br \/>\n&#13;<\/p>\n<p>&#13;<br \/>\n&#13;<\/p>\n<p>Die Europ\u00e4ische Union ist infolge der Initiative ihrer Landwirtschafts-, Handels-, und Erweiterungskommissare, Dacian Ciolo\u015f, Karel de Gucht und Stefan F\u00fcle, ebenfalls t\u00e4tig geworden: Ab dem 1. August sollen der Moldaurepublik die Zollgeb\u00fchren auf exportierte \u00c4pfel, Pflaumen und Tafeltrauben r\u00fcckerstattet werden. Die Geb\u00fchrens\u00e4tze waren vor einiger Zeit verdoppelt worden.<\/p>\n<p>&#13;<br \/>\n&#13;<\/p>\n<p>&#13;<br \/>\n&#13;<\/p>\n<p>Russland hatte der Moldaurepublik mehrere Handelsbeschr\u00e4nkungen auferlegt. Im September vergangenen Jahres hatte Moskau die Einfuhr von moldauischen Weinen untersagt, seit Kurzem betrifft das Einfuhrverbot auch verarbeitetes Fleisch aus der Moldau. Ab dem 21. Juli d\u00fcrfen zudem kein Obst und Gem\u00fcse importiert werden. Die Unterzeichnung und das Inkrafttreten des Assoziierungsabkommens zwischen der Moldau und der EU erzeuge Widerspr\u00fcche zwischen dem Gemeinschaftsmarkt und dem Markt der GUS-Staaten, verlautete es aus dem Kreml. Die EU habe allerdings nie die Moldau aufgefordert, Russland Handelsbeschr\u00e4nkungen aufzuerlegen, sagt Pirkka Tapiola, der Leiter der EU-Delegation in Chi\u015fin\u0103u. Das Assoziierungs- und Freihandelsabkommen sei n\u00e4mlich mit dem Freihandelsabkommen mit den GUS-Staaten voll und ganz vereinbar, so Tapiola. Die Handelsbeschr\u00e4nkungen w\u00fcrden lediglich eine der Waffen Moskaus darstellen.<\/p>\n<p>&#13;<br \/>\n&#13;<\/p>\n<p>&#13;<br \/>\n&#13;<\/p>\n<p>Unterdessen droht Russland Europa mit h\u00f6heren Energiepreisen, einem weiteren bevorzugten politischen Instrument des Kreml zur Schw\u00e4chung der Solidarit\u00e4t innerhalb der EU. Die wirtschaftlichen Vergeltungsschl\u00e4ge Moskaus betreffen nicht nur die Moldaurepublik, sondern auch L\u00e4nder wie Polen, die Ukraine, Rum\u00e4nien und sogar die USA. Sie erfolgen vor dem Hintergrund einer Reihe von Sanktionen, die die USA und die EU gegen Russland aufgrund des Eingriffs in den bewaffneten Konflikt im Osten der Ukraine verh\u00e4ngt haben. Eine dritte Sanktionsstufe war beinahe gleichzeitig von der EU und den USA beschlossen worden. Man erwartet sich davon tiefgr\u00fcndige und schnelle Konsequenzen f\u00fcr die russische Wirtschaft. <\/p>\n<p>&#13;<\/p>\n","protected":false},"excerpt":{"rendered":"<p>Nach den neuesten Wirtschaftssanktionen Moskaus gegen die Republik Moldau sucht Chi\u015fin\u0103u nach L\u00f6sungen zur Erholung und orientiert sich somit Richtung EU und Rum\u00e4nien.<\/p>\n","protected":false},"author":111,"featured_media":51855,"comment_status":"closed","ping_status":"closed","sticky":false,"template":"","format":"standard","meta":{"_acf_changed":false,"footnotes":""},"categories":[99583],"tags":[99874,100506,40577,134270,101099,101832,100576,99678,101833,99589,99824,100141],"coauthors":[],"class_list":["post-458514","post","type-post","status-publish","format-standard","has-post-thumbnail","hentry","category-rri-aktuell","tag-assoziierungsabkommen","tag-binnenmarkt","tag-embargo","tag-eu-de","tag-exporte","tag-handelsbeschraenkungen","tag-moldau","tag-moldaurepublik","tag-obst","tag-rumaenien","tag-russland","tag-wein"],"acf":[],"yoast_head":"<!-- This site is optimized with the Yoast SEO plugin v27.3 - https:\/\/yoast.com\/product\/yoast-seo-wordpress\/ -->\n<title>Nach russischem Embargo: Moldau orientiert sich Richtung EU-Binnenmarkt - Radio Rum\u00e4nien International<\/title>\n<meta name=\"robots\" content=\"index, follow, max-snippet:-1, max-image-preview:large, max-video-preview:-1\" \/>\n<link rel=\"canonical\" href=\"https:\/\/www.rri.ro\/de\/aktuell\/rri-aktuell\/nach-russischem-embargo-moldau-orientiert-sich-richtung-eu-binnenmarkt-id458514.html\" \/>\n<meta property=\"og:locale\" content=\"de_DE\" \/>\n<meta property=\"og:type\" content=\"article\" \/>\n<meta property=\"og:title\" content=\"Nach russischem Embargo: Moldau orientiert sich Richtung EU-Binnenmarkt - Radio Rum\u00e4nien International\" \/>\n<meta property=\"og:description\" content=\"Nach den neuesten Wirtschaftssanktionen Moskaus gegen die Republik Moldau sucht Chi\u015fin\u0103u nach L\u00f6sungen zur Erholung und orientiert sich somit Richtung EU und Rum\u00e4nien.\" \/>\n<meta property=\"og:url\" content=\"https:\/\/www.rri.ro\/de\/aktuell\/rri-aktuell\/nach-russischem-embargo-moldau-orientiert-sich-richtung-eu-binnenmarkt-id458514.html\" \/>\n<meta property=\"og:site_name\" content=\"Radio Rum\u00e4nien International\" \/>\n<meta property=\"article:published_time\" content=\"2014-08-06T12:10:00+00:00\" \/>\n<meta property=\"article:modified_time\" content=\"2024-02-19T17:37:45+00:00\" \/>\n<meta property=\"og:image\" content=\"https:\/\/www.rri.ro\/wp-content\/uploads\/2023\/10\/steag-ue-moldova-640.png\" \/>\n\t<meta property=\"og:image:width\" content=\"640\" \/>\n\t<meta property=\"og:image:height\" content=\"480\" \/>\n\t<meta property=\"og:image:type\" content=\"image\/png\" \/>\n<meta name=\"author\" content=\"Valentin \u021aig\u0103u\" \/>\n<meta name=\"twitter:card\" content=\"summary_large_image\" \/>\n<meta name=\"twitter:label1\" content=\"Verfasst von\" \/>\n\t<meta name=\"twitter:data1\" content=\"Valentin \u021aig\u0103u\" \/>\n\t<meta name=\"twitter:label2\" content=\"Gesch\u00e4tzte Lesezeit\" \/>\n\t<meta name=\"twitter:data2\" content=\"2\u00a0Minuten\" \/>\n\t<meta name=\"twitter:label3\" content=\"Written by\" \/>\n\t<meta name=\"twitter:data3\" content=\"Valentin \u021aig\u0103u\" \/>\n<script type=\"application\/ld+json\" class=\"yoast-schema-graph\">{\"@context\":\"https:\\\/\\\/schema.org\",\"@graph\":[{\"@type\":\"Article\",\"@id\":\"https:\\\/\\\/www.rri.ro\\\/de\\\/aktuell\\\/rri-aktuell\\\/nach-russischem-embargo-moldau-orientiert-sich-richtung-eu-binnenmarkt-id458514.html#article\",\"isPartOf\":{\"@id\":\"https:\\\/\\\/www.rri.ro\\\/de\\\/aktuell\\\/rri-aktuell\\\/nach-russischem-embargo-moldau-orientiert-sich-richtung-eu-binnenmarkt-id458514.html\"},\"author\":{\"name\":\"Valentin \u021aig\u0103u\",\"@id\":\"https:\\\/\\\/www.rri.ro\\\/#\\\/schema\\\/person\\\/dd2e33092651deba594240e14c678732\"},\"headline\":\"Nach russischem Embargo: Moldau orientiert sich Richtung EU-Binnenmarkt\",\"datePublished\":\"2014-08-06T12:10:00+00:00\",\"dateModified\":\"2024-02-19T17:37:45+00:00\",\"mainEntityOfPage\":{\"@id\":\"https:\\\/\\\/www.rri.ro\\\/de\\\/aktuell\\\/rri-aktuell\\\/nach-russischem-embargo-moldau-orientiert-sich-richtung-eu-binnenmarkt-id458514.html\"},\"wordCount\":424,\"image\":{\"@id\":\"https:\\\/\\\/www.rri.ro\\\/de\\\/aktuell\\\/rri-aktuell\\\/nach-russischem-embargo-moldau-orientiert-sich-richtung-eu-binnenmarkt-id458514.html#primaryimage\"},\"thumbnailUrl\":\"https:\\\/\\\/www.rri.ro\\\/wp-content\\\/uploads\\\/2023\\\/10\\\/steag-ue-moldova-640.png\",\"keywords\":[\"Assoziierungsabkommen\",\"Binnenmarkt\",\"embargo\",\"EU\",\"Exporte\",\"Handelsbeschr\u00e4nkungen\",\"Moldau\",\"Moldaurepublik\",\"Obst\",\"Rum\u00e4nien\",\"Russland\",\"Wein\"],\"articleSection\":[\"RRI Aktuell\"],\"inLanguage\":\"de\"},{\"@type\":\"WebPage\",\"@id\":\"https:\\\/\\\/www.rri.ro\\\/de\\\/aktuell\\\/rri-aktuell\\\/nach-russischem-embargo-moldau-orientiert-sich-richtung-eu-binnenmarkt-id458514.html\",\"url\":\"https:\\\/\\\/www.rri.ro\\\/de\\\/aktuell\\\/rri-aktuell\\\/nach-russischem-embargo-moldau-orientiert-sich-richtung-eu-binnenmarkt-id458514.html\",\"name\":\"Nach russischem Embargo: Moldau orientiert sich Richtung EU-Binnenmarkt - Radio Rum\u00e4nien International\",\"isPartOf\":{\"@id\":\"https:\\\/\\\/www.rri.ro\\\/#website\"},\"primaryImageOfPage\":{\"@id\":\"https:\\\/\\\/www.rri.ro\\\/de\\\/aktuell\\\/rri-aktuell\\\/nach-russischem-embargo-moldau-orientiert-sich-richtung-eu-binnenmarkt-id458514.html#primaryimage\"},\"image\":{\"@id\":\"https:\\\/\\\/www.rri.ro\\\/de\\\/aktuell\\\/rri-aktuell\\\/nach-russischem-embargo-moldau-orientiert-sich-richtung-eu-binnenmarkt-id458514.html#primaryimage\"},\"thumbnailUrl\":\"https:\\\/\\\/www.rri.ro\\\/wp-content\\\/uploads\\\/2023\\\/10\\\/steag-ue-moldova-640.png\",\"datePublished\":\"2014-08-06T12:10:00+00:00\",\"dateModified\":\"2024-02-19T17:37:45+00:00\",\"author\":{\"@id\":\"https:\\\/\\\/www.rri.ro\\\/#\\\/schema\\\/person\\\/dd2e33092651deba594240e14c678732\"},\"breadcrumb\":{\"@id\":\"https:\\\/\\\/www.rri.ro\\\/de\\\/aktuell\\\/rri-aktuell\\\/nach-russischem-embargo-moldau-orientiert-sich-richtung-eu-binnenmarkt-id458514.html#breadcrumb\"},\"inLanguage\":\"de\",\"potentialAction\":[{\"@type\":\"ReadAction\",\"target\":[\"https:\\\/\\\/www.rri.ro\\\/de\\\/aktuell\\\/rri-aktuell\\\/nach-russischem-embargo-moldau-orientiert-sich-richtung-eu-binnenmarkt-id458514.html\"]}]},{\"@type\":\"ImageObject\",\"inLanguage\":\"de\",\"@id\":\"https:\\\/\\\/www.rri.ro\\\/de\\\/aktuell\\\/rri-aktuell\\\/nach-russischem-embargo-moldau-orientiert-sich-richtung-eu-binnenmarkt-id458514.html#primaryimage\",\"url\":\"https:\\\/\\\/www.rri.ro\\\/wp-content\\\/uploads\\\/2023\\\/10\\\/steag-ue-moldova-640.png\",\"contentUrl\":\"https:\\\/\\\/www.rri.ro\\\/wp-content\\\/uploads\\\/2023\\\/10\\\/steag-ue-moldova-640.png\",\"width\":640,\"height\":480},{\"@type\":\"BreadcrumbList\",\"@id\":\"https:\\\/\\\/www.rri.ro\\\/de\\\/aktuell\\\/rri-aktuell\\\/nach-russischem-embargo-moldau-orientiert-sich-richtung-eu-binnenmarkt-id458514.html#breadcrumb\",\"itemListElement\":[{\"@type\":\"ListItem\",\"position\":1,\"name\":\"Startseite\",\"item\":\"https:\\\/\\\/www.rri.ro\\\/de\"},{\"@type\":\"ListItem\",\"position\":2,\"name\":\"Aktuell\",\"item\":\"https:\\\/\\\/www.rri.ro\\\/de\\\/aktuell\"},{\"@type\":\"ListItem\",\"position\":3,\"name\":\"RRI Aktuell\",\"item\":\"https:\\\/\\\/www.rri.ro\\\/de\\\/aktuell\\\/rri-aktuell\"},{\"@type\":\"ListItem\",\"position\":4,\"name\":\"Nach russischem Embargo: Moldau orientiert sich Richtung EU-Binnenmarkt\"}]},{\"@type\":\"WebSite\",\"@id\":\"https:\\\/\\\/www.rri.ro\\\/#website\",\"url\":\"https:\\\/\\\/www.rri.ro\\\/\",\"name\":\"Radio Rum\u00e4nien International\",\"description\":\"Totul despre Rom\u00e2nia \u015fi rom\u00e2ni, \u00een 13 limbi\\\/dialecte!\",\"inLanguage\":\"de\"},{\"@type\":\"Person\",\"@id\":\"https:\\\/\\\/www.rri.ro\\\/#\\\/schema\\\/person\\\/dd2e33092651deba594240e14c678732\",\"name\":\"Valentin \u021aig\u0103u\",\"url\":\"https:\\\/\\\/www.rri.ro\\\/de\\\/author\\\/valentin-tigau\"}]}<\/script>\n<!-- \/ Yoast SEO plugin. -->","yoast_head_json":{"title":"Nach russischem Embargo: Moldau orientiert sich Richtung EU-Binnenmarkt - Radio Rum\u00e4nien International","robots":{"index":"index","follow":"follow","max-snippet":"max-snippet:-1","max-image-preview":"max-image-preview:large","max-video-preview":"max-video-preview:-1"},"canonical":"https:\/\/www.rri.ro\/de\/aktuell\/rri-aktuell\/nach-russischem-embargo-moldau-orientiert-sich-richtung-eu-binnenmarkt-id458514.html","og_locale":"de_DE","og_type":"article","og_title":"Nach russischem Embargo: Moldau orientiert sich Richtung EU-Binnenmarkt - Radio Rum\u00e4nien International","og_description":"Nach den neuesten Wirtschaftssanktionen Moskaus gegen die Republik Moldau sucht Chi\u015fin\u0103u nach L\u00f6sungen zur Erholung und orientiert sich somit Richtung EU und Rum\u00e4nien.","og_url":"https:\/\/www.rri.ro\/de\/aktuell\/rri-aktuell\/nach-russischem-embargo-moldau-orientiert-sich-richtung-eu-binnenmarkt-id458514.html","og_site_name":"Radio Rum\u00e4nien International","article_published_time":"2014-08-06T12:10:00+00:00","article_modified_time":"2024-02-19T17:37:45+00:00","og_image":[{"width":640,"height":480,"url":"https:\/\/www.rri.ro\/wp-content\/uploads\/2023\/10\/steag-ue-moldova-640.png","type":"image\/png"}],"author":"Valentin \u021aig\u0103u","twitter_card":"summary_large_image","twitter_misc":{"Verfasst von":"Valentin \u021aig\u0103u","Gesch\u00e4tzte Lesezeit":"2\u00a0Minuten","Written by":"Valentin \u021aig\u0103u"},"schema":{"@context":"https:\/\/schema.org","@graph":[{"@type":"Article","@id":"https:\/\/www.rri.ro\/de\/aktuell\/rri-aktuell\/nach-russischem-embargo-moldau-orientiert-sich-richtung-eu-binnenmarkt-id458514.html#article","isPartOf":{"@id":"https:\/\/www.rri.ro\/de\/aktuell\/rri-aktuell\/nach-russischem-embargo-moldau-orientiert-sich-richtung-eu-binnenmarkt-id458514.html"},"author":{"name":"Valentin \u021aig\u0103u","@id":"https:\/\/www.rri.ro\/#\/schema\/person\/dd2e33092651deba594240e14c678732"},"headline":"Nach russischem Embargo: Moldau orientiert sich Richtung EU-Binnenmarkt","datePublished":"2014-08-06T12:10:00+00:00","dateModified":"2024-02-19T17:37:45+00:00","mainEntityOfPage":{"@id":"https:\/\/www.rri.ro\/de\/aktuell\/rri-aktuell\/nach-russischem-embargo-moldau-orientiert-sich-richtung-eu-binnenmarkt-id458514.html"},"wordCount":424,"image":{"@id":"https:\/\/www.rri.ro\/de\/aktuell\/rri-aktuell\/nach-russischem-embargo-moldau-orientiert-sich-richtung-eu-binnenmarkt-id458514.html#primaryimage"},"thumbnailUrl":"https:\/\/www.rri.ro\/wp-content\/uploads\/2023\/10\/steag-ue-moldova-640.png","keywords":["Assoziierungsabkommen","Binnenmarkt","embargo","EU","Exporte","Handelsbeschr\u00e4nkungen","Moldau","Moldaurepublik","Obst","Rum\u00e4nien","Russland","Wein"],"articleSection":["RRI Aktuell"],"inLanguage":"de"},{"@type":"WebPage","@id":"https:\/\/www.rri.ro\/de\/aktuell\/rri-aktuell\/nach-russischem-embargo-moldau-orientiert-sich-richtung-eu-binnenmarkt-id458514.html","url":"https:\/\/www.rri.ro\/de\/aktuell\/rri-aktuell\/nach-russischem-embargo-moldau-orientiert-sich-richtung-eu-binnenmarkt-id458514.html","name":"Nach russischem Embargo: Moldau orientiert sich Richtung EU-Binnenmarkt - Radio Rum\u00e4nien International","isPartOf":{"@id":"https:\/\/www.rri.ro\/#website"},"primaryImageOfPage":{"@id":"https:\/\/www.rri.ro\/de\/aktuell\/rri-aktuell\/nach-russischem-embargo-moldau-orientiert-sich-richtung-eu-binnenmarkt-id458514.html#primaryimage"},"image":{"@id":"https:\/\/www.rri.ro\/de\/aktuell\/rri-aktuell\/nach-russischem-embargo-moldau-orientiert-sich-richtung-eu-binnenmarkt-id458514.html#primaryimage"},"thumbnailUrl":"https:\/\/www.rri.ro\/wp-content\/uploads\/2023\/10\/steag-ue-moldova-640.png","datePublished":"2014-08-06T12:10:00+00:00","dateModified":"2024-02-19T17:37:45+00:00","author":{"@id":"https:\/\/www.rri.ro\/#\/schema\/person\/dd2e33092651deba594240e14c678732"},"breadcrumb":{"@id":"https:\/\/www.rri.ro\/de\/aktuell\/rri-aktuell\/nach-russischem-embargo-moldau-orientiert-sich-richtung-eu-binnenmarkt-id458514.html#breadcrumb"},"inLanguage":"de","potentialAction":[{"@type":"ReadAction","target":["https:\/\/www.rri.ro\/de\/aktuell\/rri-aktuell\/nach-russischem-embargo-moldau-orientiert-sich-richtung-eu-binnenmarkt-id458514.html"]}]},{"@type":"ImageObject","inLanguage":"de","@id":"https:\/\/www.rri.ro\/de\/aktuell\/rri-aktuell\/nach-russischem-embargo-moldau-orientiert-sich-richtung-eu-binnenmarkt-id458514.html#primaryimage","url":"https:\/\/www.rri.ro\/wp-content\/uploads\/2023\/10\/steag-ue-moldova-640.png","contentUrl":"https:\/\/www.rri.ro\/wp-content\/uploads\/2023\/10\/steag-ue-moldova-640.png","width":640,"height":480},{"@type":"BreadcrumbList","@id":"https:\/\/www.rri.ro\/de\/aktuell\/rri-aktuell\/nach-russischem-embargo-moldau-orientiert-sich-richtung-eu-binnenmarkt-id458514.html#breadcrumb","itemListElement":[{"@type":"ListItem","position":1,"name":"Startseite","item":"https:\/\/www.rri.ro\/de"},{"@type":"ListItem","position":2,"name":"Aktuell","item":"https:\/\/www.rri.ro\/de\/aktuell"},{"@type":"ListItem","position":3,"name":"RRI Aktuell","item":"https:\/\/www.rri.ro\/de\/aktuell\/rri-aktuell"},{"@type":"ListItem","position":4,"name":"Nach russischem Embargo: Moldau orientiert sich Richtung EU-Binnenmarkt"}]},{"@type":"WebSite","@id":"https:\/\/www.rri.ro\/#website","url":"https:\/\/www.rri.ro\/","name":"Radio Rum\u00e4nien International","description":"Totul despre Rom\u00e2nia \u015fi rom\u00e2ni, \u00een 13 limbi\/dialecte!","inLanguage":"de"},{"@type":"Person","@id":"https:\/\/www.rri.ro\/#\/schema\/person\/dd2e33092651deba594240e14c678732","name":"Valentin \u021aig\u0103u","url":"https:\/\/www.rri.ro\/de\/author\/valentin-tigau"}]}},"_links":{"self":[{"href":"https:\/\/www.rri.ro\/de\/wp-json\/wp\/v2\/posts\/458514","targetHints":{"allow":["GET"]}}],"collection":[{"href":"https:\/\/www.rri.ro\/de\/wp-json\/wp\/v2\/posts"}],"about":[{"href":"https:\/\/www.rri.ro\/de\/wp-json\/wp\/v2\/types\/post"}],"author":[{"embeddable":true,"href":"https:\/\/www.rri.ro\/de\/wp-json\/wp\/v2\/users\/111"}],"replies":[{"embeddable":true,"href":"https:\/\/www.rri.ro\/de\/wp-json\/wp\/v2\/comments?post=458514"}],"version-history":[{"count":0,"href":"https:\/\/www.rri.ro\/de\/wp-json\/wp\/v2\/posts\/458514\/revisions"}],"wp:featuredmedia":[{"embeddable":true,"href":"https:\/\/www.rri.ro\/de\/wp-json\/wp\/v2\/media\/51855"}],"wp:attachment":[{"href":"https:\/\/www.rri.ro\/de\/wp-json\/wp\/v2\/media?parent=458514"}],"wp:term":[{"taxonomy":"category","embeddable":true,"href":"https:\/\/www.rri.ro\/de\/wp-json\/wp\/v2\/categories?post=458514"},{"taxonomy":"post_tag","embeddable":true,"href":"https:\/\/www.rri.ro\/de\/wp-json\/wp\/v2\/tags?post=458514"},{"taxonomy":"author","embeddable":true,"href":"https:\/\/www.rri.ro\/de\/wp-json\/wp\/v2\/coauthors?post=458514"}],"curies":[{"name":"wp","href":"https:\/\/api.w.org\/{rel}","templated":true}]}}