{"id":458526,"date":"2014-08-26T14:52:00","date_gmt":"2014-08-26T11:52:00","guid":{"rendered":"http:\/\/devrri.freshlemon.ro\/aktuell\/rumaenien-unterstuetzt-die-territoriale-integritaet-der-ukraine-id458526.html"},"modified":"2024-02-19T19:38:41","modified_gmt":"2024-02-19T17:38:41","slug":"rumaenien-unterstuetzt-die-territoriale-integritaet-der-ukraine","status":"publish","type":"post","link":"https:\/\/www.rri.ro\/de\/aktuell\/rri-aktuell\/rumaenien-unterstuetzt-die-territoriale-integritaet-der-ukraine-id458526.html","title":{"rendered":"Rum\u00e4nien unterst\u00fctzt die territoriale Integrit\u00e4t der Ukraine"},"content":{"rendered":"<p>Die rum\u00e4nische Gemeinschaft in der Ukraine betr\u00e4gt ca. eine halbe Million Menschen und befindet sich gr\u00f6\u200e\u00dftenteils im Westen des Landes. Dieses ist ein ehemals rum\u00e4nisches Gebiet, welches 1940 von der Sowjetunion annektiert und im Jahr 1991 der Ukraine zugesprochen wurde. F\u00fcr diese Gemeinschaft wird in September dieses Jahres der seit 2010 geschlossene Grenz\u00fcbergangspunkt in Vicov wieder er\u00f6ffnet. Der rum\u00e4nischen Gemeinschaft soll diese Ma\u200e\u00dfnahme zugutekommen, da sich auf diese Weise der Weg zwischen dem ukrainischen Ort Cern\u0103u\u0163i, zu deutsch Czernowitz, und der rum\u00e4nischen Stadt Putna um 100 Kilometer verk\u00fcrzt.<\/p>\n<p>&#13;<br \/>\n&#13;<\/p>\n<p>&#13;<br \/>\n&#13;<\/p>\n<p><span style=font-size: 13px; line-height: 1.6em;>Nicht nur Worte, sondern auch Taten, wenn auch kleiner, aber daf\u00fcr konkreter Ma\u200e\u00dfnahmen bedarf es,\u201d sagte der Vorsitzende der Sozialdemokraten, Victor Ponta. Gestern sicherte er der Ukraine seine vollste Unterst\u00fctzung f\u00fcr ihre Souver\u00e4nit\u00e4t und ihre territoriale Integrit\u00e4t zu. Er erinnerte daran, dass Rum\u00e4nien alle wirtschaftlichen Sanktionen gegen Russland unterst\u00fctzt hat und sagte dann:Die Positionierung Rum\u00e4niens, der EU und der USA sind sehr einheitlich und unmissverst\u00e4ndlich. Sie setzen sich f\u00fcr die Souver\u00e4nit\u00e4t und territoriale Integrit\u00e4t der Ukraine ein. F\u00fcr Rum\u00e4nien ist die sofortige Einstellung jeder Art der Unterst\u00fctzung der Separatisten im Osten der Ukraine sowie die Unterst\u00fczung aus Russland ein grundlegendes Ziel.\u201d<\/span><\/p>\n<p>&#13;<br \/>\n&#13;<\/p>\n<p>&#13;<br \/>\n&#13;<\/p>\n<p><span style=font-size: 13px; line-height: 1.6em;>Moskaus Bef\u00fcrwortung einer F\u00f6deralisierung der Ukraine st\u00f6\u200e\u00dft allerdings in Bukarest auf Ablehnung. Zur M\u00f6glichkeit der F\u00f6deralisierung \u00e4u\u200e\u00dferte sich der Chefdiplomat Titus Corl\u0103\u0163ean: Das k\u00f6nnte dazu f\u00fchren, dass sich das Land noch mehr dezentralisiert. Die Lokalbeh\u00f6rden k\u00f6nnten zwar mehrere Zust\u00e4ndigkeiten erhalten, aber das ist eine innenpolitische Entscheidung der Ukraine. Wir glauben nicht, dass Vorschl\u00e4ge und Unterst\u00fctzung von Au\u200e\u00dfen eine echte Hilfe f\u00fcr diesen politischen Prozess w\u00e4ren. Dieser politische Prozess h\u00e4ngt von der internen Souver\u00e4nit\u00e4t der Ukraine ab.\u201d<\/span><\/p>\n<p>&#13;<br \/>\n&#13;<\/p>\n<p>&#13;<br \/>\n&#13;<\/p>\n<p><span style=font-size: 13px; line-height: 1.6em;>Auf der anderen Seite k\u00f6nnte der interne politische Prozess nur dann in die G\u00e4nge kommen, wenn Russland seine politische und milit\u00e4rische Unterst\u00fctzung der Separatisten stoppt &#8212; betonen die rum\u00e4nischen Beh\u00f6rden. Die ukrainische Armee hat in den letzten Wochen bedeutende Fortschritte in ihrem Kampf gegen die Rebellen gemacht. Darauf haben diese angek\u00fcndigt, dass sie einen Gegenangriff eingeleitet haben. Die USA haben ein noch intensiveres milit\u00e4risches Eingreifen Russlands angeprangert.<\/span><\/p>\n<p>&#13;<br \/>\n&#13;<\/p>\n<p>&#13;<br \/>\n&#13;<\/p>\n<p><span style=font-size: 13px; line-height: 1.6em;>Der ukrainische Staatspr\u00e4sident Petro Poroschenko hat w\u00e4hrendessen das Parlament in Kiew aufgel\u00f6st. Dieses bestand zum Teil aus Abgeordneten, welche wohl mehr oder weniger offensichtlich die Rebellen unterst\u00fctzten. F\u00fcr den 26. Oktober hat Poroschenko neue Wahlen angesetzt. Er hofft, dass bis dahin die Situation im Osten des Landes stabil sein wird, sodass die Wahl eine pro-europ\u00e4ische Politik hervorbringen kann. In den vier Monaten des Konflikts in der Ukraine sind \u00fcber 2200 Menschen gestorben, tausende wurden verletzt und mussten ihre H\u00e4user verlassen.<\/span><\/p>\n<p>&#13;<\/p>\n","protected":false},"excerpt":{"rendered":"<p>Rum\u00e4nien unterst\u00fctzt vollkommen und bedingungslos die Souver\u00e4nitat und territoriale Integrit\u00e4t der Ukraine.<\/p>\n","protected":false},"author":109,"featured_media":42540,"comment_status":"closed","ping_status":"closed","sticky":false,"template":"","format":"standard","meta":{"_acf_changed":false,"footnotes":""},"categories":[99583],"tags":[101156,101866,99992,100447,100378,99589,99824,101459,100643,101867,100464,33056,134268,101865],"coauthors":[],"class_list":["post-458526","post","type-post","status-publish","format-standard","has-post-thumbnail","hentry","category-rri-aktuell","tag-czernowitz","tag-gegenangriff","tag-konflikt","tag-lokalbehoerden","tag-massnahmen","tag-rumaenien","tag-russland","tag-souveraenitaet","tag-sowjetunion","tag-staatspraesident-petro-poroschenko","tag-territoriale-integritaet","tag-titus-corlatean","tag-ukraine-de","tag-zustaendigkeiten"],"acf":[],"yoast_head":"<!-- This site is optimized with the Yoast SEO plugin v27.3 - https:\/\/yoast.com\/product\/yoast-seo-wordpress\/ -->\n<title>Rum\u00e4nien unterst\u00fctzt die territoriale Integrit\u00e4t der Ukraine - Radio Rum\u00e4nien International<\/title>\n<meta name=\"robots\" content=\"index, follow, max-snippet:-1, max-image-preview:large, max-video-preview:-1\" \/>\n<link rel=\"canonical\" href=\"https:\/\/www.rri.ro\/de\/aktuell\/rri-aktuell\/rumaenien-unterstuetzt-die-territoriale-integritaet-der-ukraine-id458526.html\" \/>\n<meta property=\"og:locale\" content=\"de_DE\" \/>\n<meta property=\"og:type\" content=\"article\" \/>\n<meta property=\"og:title\" content=\"Rum\u00e4nien unterst\u00fctzt die territoriale Integrit\u00e4t der Ukraine - Radio Rum\u00e4nien International\" \/>\n<meta property=\"og:description\" content=\"Rum\u00e4nien unterst\u00fctzt vollkommen und bedingungslos die Souver\u00e4nitat und territoriale Integrit\u00e4t der Ukraine.\" \/>\n<meta property=\"og:url\" content=\"https:\/\/www.rri.ro\/de\/aktuell\/rri-aktuell\/rumaenien-unterstuetzt-die-territoriale-integritaet-der-ukraine-id458526.html\" \/>\n<meta property=\"og:site_name\" content=\"Radio Rum\u00e4nien International\" \/>\n<meta property=\"article:published_time\" content=\"2014-08-26T11:52:00+00:00\" \/>\n<meta property=\"article:modified_time\" content=\"2024-02-19T17:38:41+00:00\" \/>\n<meta property=\"og:image\" content=\"https:\/\/www.rri.ro\/wp-content\/uploads\/2023\/10\/ponta-corlatean-mae.jpg\" \/>\n\t<meta property=\"og:image:width\" content=\"450\" \/>\n\t<meta property=\"og:image:height\" content=\"300\" \/>\n\t<meta property=\"og:image:type\" content=\"image\/jpeg\" \/>\n<meta name=\"author\" content=\"Roxana Vasile\" \/>\n<meta name=\"twitter:card\" content=\"summary_large_image\" \/>\n<meta name=\"twitter:label1\" content=\"Verfasst von\" \/>\n\t<meta name=\"twitter:data1\" content=\"Roxana Vasile\" \/>\n\t<meta name=\"twitter:label2\" content=\"Gesch\u00e4tzte Lesezeit\" \/>\n\t<meta name=\"twitter:data2\" content=\"2\u00a0Minuten\" \/>\n\t<meta name=\"twitter:label3\" content=\"Written by\" \/>\n\t<meta name=\"twitter:data3\" content=\"Roxana Vasile\" \/>\n<script type=\"application\/ld+json\" class=\"yoast-schema-graph\">{\"@context\":\"https:\\\/\\\/schema.org\",\"@graph\":[{\"@type\":\"Article\",\"@id\":\"https:\\\/\\\/www.rri.ro\\\/de\\\/aktuell\\\/rri-aktuell\\\/rumaenien-unterstuetzt-die-territoriale-integritaet-der-ukraine-id458526.html#article\",\"isPartOf\":{\"@id\":\"https:\\\/\\\/www.rri.ro\\\/de\\\/aktuell\\\/rri-aktuell\\\/rumaenien-unterstuetzt-die-territoriale-integritaet-der-ukraine-id458526.html\"},\"author\":{\"name\":\"Roxana Vasile\",\"@id\":\"https:\\\/\\\/www.rri.ro\\\/#\\\/schema\\\/person\\\/0745b519f2d1287783422f162c4112af\"},\"headline\":\"Rum\u00e4nien unterst\u00fctzt die territoriale Integrit\u00e4t der Ukraine\",\"datePublished\":\"2014-08-26T11:52:00+00:00\",\"dateModified\":\"2024-02-19T17:38:41+00:00\",\"mainEntityOfPage\":{\"@id\":\"https:\\\/\\\/www.rri.ro\\\/de\\\/aktuell\\\/rri-aktuell\\\/rumaenien-unterstuetzt-die-territoriale-integritaet-der-ukraine-id458526.html\"},\"wordCount\":484,\"image\":{\"@id\":\"https:\\\/\\\/www.rri.ro\\\/de\\\/aktuell\\\/rri-aktuell\\\/rumaenien-unterstuetzt-die-territoriale-integritaet-der-ukraine-id458526.html#primaryimage\"},\"thumbnailUrl\":\"https:\\\/\\\/www.rri.ro\\\/wp-content\\\/uploads\\\/2023\\\/10\\\/ponta-corlatean-mae.jpg\",\"keywords\":[\"Czernowitz\",\"Gegenangriff\",\"Konflikt\",\"Lokalbeh\u00f6rden\",\"Ma\u00dfnahmen\",\"Rum\u00e4nien\",\"Russland\",\"Souver\u00e4nit\u00e4t\",\"Sowjetunion\",\"Staatspr\u00e4sident Petro Poroschenko\",\"territoriale Integrit\u00e4t\",\"Titus Corlatean\",\"Ukraine\",\"Zust\u00e4ndigkeiten\"],\"articleSection\":[\"RRI Aktuell\"],\"inLanguage\":\"de\"},{\"@type\":\"WebPage\",\"@id\":\"https:\\\/\\\/www.rri.ro\\\/de\\\/aktuell\\\/rri-aktuell\\\/rumaenien-unterstuetzt-die-territoriale-integritaet-der-ukraine-id458526.html\",\"url\":\"https:\\\/\\\/www.rri.ro\\\/de\\\/aktuell\\\/rri-aktuell\\\/rumaenien-unterstuetzt-die-territoriale-integritaet-der-ukraine-id458526.html\",\"name\":\"Rum\u00e4nien unterst\u00fctzt die territoriale Integrit\u00e4t der Ukraine - Radio Rum\u00e4nien International\",\"isPartOf\":{\"@id\":\"https:\\\/\\\/www.rri.ro\\\/#website\"},\"primaryImageOfPage\":{\"@id\":\"https:\\\/\\\/www.rri.ro\\\/de\\\/aktuell\\\/rri-aktuell\\\/rumaenien-unterstuetzt-die-territoriale-integritaet-der-ukraine-id458526.html#primaryimage\"},\"image\":{\"@id\":\"https:\\\/\\\/www.rri.ro\\\/de\\\/aktuell\\\/rri-aktuell\\\/rumaenien-unterstuetzt-die-territoriale-integritaet-der-ukraine-id458526.html#primaryimage\"},\"thumbnailUrl\":\"https:\\\/\\\/www.rri.ro\\\/wp-content\\\/uploads\\\/2023\\\/10\\\/ponta-corlatean-mae.jpg\",\"datePublished\":\"2014-08-26T11:52:00+00:00\",\"dateModified\":\"2024-02-19T17:38:41+00:00\",\"author\":{\"@id\":\"https:\\\/\\\/www.rri.ro\\\/#\\\/schema\\\/person\\\/0745b519f2d1287783422f162c4112af\"},\"breadcrumb\":{\"@id\":\"https:\\\/\\\/www.rri.ro\\\/de\\\/aktuell\\\/rri-aktuell\\\/rumaenien-unterstuetzt-die-territoriale-integritaet-der-ukraine-id458526.html#breadcrumb\"},\"inLanguage\":\"de\",\"potentialAction\":[{\"@type\":\"ReadAction\",\"target\":[\"https:\\\/\\\/www.rri.ro\\\/de\\\/aktuell\\\/rri-aktuell\\\/rumaenien-unterstuetzt-die-territoriale-integritaet-der-ukraine-id458526.html\"]}]},{\"@type\":\"ImageObject\",\"inLanguage\":\"de\",\"@id\":\"https:\\\/\\\/www.rri.ro\\\/de\\\/aktuell\\\/rri-aktuell\\\/rumaenien-unterstuetzt-die-territoriale-integritaet-der-ukraine-id458526.html#primaryimage\",\"url\":\"https:\\\/\\\/www.rri.ro\\\/wp-content\\\/uploads\\\/2023\\\/10\\\/ponta-corlatean-mae.jpg\",\"contentUrl\":\"https:\\\/\\\/www.rri.ro\\\/wp-content\\\/uploads\\\/2023\\\/10\\\/ponta-corlatean-mae.jpg\",\"width\":450,\"height\":300},{\"@type\":\"BreadcrumbList\",\"@id\":\"https:\\\/\\\/www.rri.ro\\\/de\\\/aktuell\\\/rri-aktuell\\\/rumaenien-unterstuetzt-die-territoriale-integritaet-der-ukraine-id458526.html#breadcrumb\",\"itemListElement\":[{\"@type\":\"ListItem\",\"position\":1,\"name\":\"Startseite\",\"item\":\"https:\\\/\\\/www.rri.ro\\\/de\"},{\"@type\":\"ListItem\",\"position\":2,\"name\":\"Aktuell\",\"item\":\"https:\\\/\\\/www.rri.ro\\\/de\\\/aktuell\"},{\"@type\":\"ListItem\",\"position\":3,\"name\":\"RRI Aktuell\",\"item\":\"https:\\\/\\\/www.rri.ro\\\/de\\\/aktuell\\\/rri-aktuell\"},{\"@type\":\"ListItem\",\"position\":4,\"name\":\"Rum\u00e4nien unterst\u00fctzt die territoriale Integrit\u00e4t der Ukraine\"}]},{\"@type\":\"WebSite\",\"@id\":\"https:\\\/\\\/www.rri.ro\\\/#website\",\"url\":\"https:\\\/\\\/www.rri.ro\\\/\",\"name\":\"Radio Rum\u00e4nien International\",\"description\":\"Totul despre Rom\u00e2nia \u015fi rom\u00e2ni, \u00een 13 limbi\\\/dialecte!\",\"inLanguage\":\"de\"},{\"@type\":\"Person\",\"@id\":\"https:\\\/\\\/www.rri.ro\\\/#\\\/schema\\\/person\\\/0745b519f2d1287783422f162c4112af\",\"name\":\"Roxana Vasile\",\"url\":\"https:\\\/\\\/www.rri.ro\\\/de\\\/author\\\/roxana-vasile\"}]}<\/script>\n<!-- \/ Yoast SEO plugin. -->","yoast_head_json":{"title":"Rum\u00e4nien unterst\u00fctzt die territoriale Integrit\u00e4t der Ukraine - Radio Rum\u00e4nien International","robots":{"index":"index","follow":"follow","max-snippet":"max-snippet:-1","max-image-preview":"max-image-preview:large","max-video-preview":"max-video-preview:-1"},"canonical":"https:\/\/www.rri.ro\/de\/aktuell\/rri-aktuell\/rumaenien-unterstuetzt-die-territoriale-integritaet-der-ukraine-id458526.html","og_locale":"de_DE","og_type":"article","og_title":"Rum\u00e4nien unterst\u00fctzt die territoriale Integrit\u00e4t der Ukraine - Radio Rum\u00e4nien International","og_description":"Rum\u00e4nien unterst\u00fctzt vollkommen und bedingungslos die Souver\u00e4nitat und territoriale Integrit\u00e4t der Ukraine.","og_url":"https:\/\/www.rri.ro\/de\/aktuell\/rri-aktuell\/rumaenien-unterstuetzt-die-territoriale-integritaet-der-ukraine-id458526.html","og_site_name":"Radio Rum\u00e4nien International","article_published_time":"2014-08-26T11:52:00+00:00","article_modified_time":"2024-02-19T17:38:41+00:00","og_image":[{"width":450,"height":300,"url":"https:\/\/www.rri.ro\/wp-content\/uploads\/2023\/10\/ponta-corlatean-mae.jpg","type":"image\/jpeg"}],"author":"Roxana Vasile","twitter_card":"summary_large_image","twitter_misc":{"Verfasst von":"Roxana Vasile","Gesch\u00e4tzte Lesezeit":"2\u00a0Minuten","Written by":"Roxana Vasile"},"schema":{"@context":"https:\/\/schema.org","@graph":[{"@type":"Article","@id":"https:\/\/www.rri.ro\/de\/aktuell\/rri-aktuell\/rumaenien-unterstuetzt-die-territoriale-integritaet-der-ukraine-id458526.html#article","isPartOf":{"@id":"https:\/\/www.rri.ro\/de\/aktuell\/rri-aktuell\/rumaenien-unterstuetzt-die-territoriale-integritaet-der-ukraine-id458526.html"},"author":{"name":"Roxana Vasile","@id":"https:\/\/www.rri.ro\/#\/schema\/person\/0745b519f2d1287783422f162c4112af"},"headline":"Rum\u00e4nien unterst\u00fctzt die territoriale Integrit\u00e4t der Ukraine","datePublished":"2014-08-26T11:52:00+00:00","dateModified":"2024-02-19T17:38:41+00:00","mainEntityOfPage":{"@id":"https:\/\/www.rri.ro\/de\/aktuell\/rri-aktuell\/rumaenien-unterstuetzt-die-territoriale-integritaet-der-ukraine-id458526.html"},"wordCount":484,"image":{"@id":"https:\/\/www.rri.ro\/de\/aktuell\/rri-aktuell\/rumaenien-unterstuetzt-die-territoriale-integritaet-der-ukraine-id458526.html#primaryimage"},"thumbnailUrl":"https:\/\/www.rri.ro\/wp-content\/uploads\/2023\/10\/ponta-corlatean-mae.jpg","keywords":["Czernowitz","Gegenangriff","Konflikt","Lokalbeh\u00f6rden","Ma\u00dfnahmen","Rum\u00e4nien","Russland","Souver\u00e4nit\u00e4t","Sowjetunion","Staatspr\u00e4sident Petro Poroschenko","territoriale Integrit\u00e4t","Titus Corlatean","Ukraine","Zust\u00e4ndigkeiten"],"articleSection":["RRI Aktuell"],"inLanguage":"de"},{"@type":"WebPage","@id":"https:\/\/www.rri.ro\/de\/aktuell\/rri-aktuell\/rumaenien-unterstuetzt-die-territoriale-integritaet-der-ukraine-id458526.html","url":"https:\/\/www.rri.ro\/de\/aktuell\/rri-aktuell\/rumaenien-unterstuetzt-die-territoriale-integritaet-der-ukraine-id458526.html","name":"Rum\u00e4nien unterst\u00fctzt die territoriale Integrit\u00e4t der Ukraine - Radio Rum\u00e4nien International","isPartOf":{"@id":"https:\/\/www.rri.ro\/#website"},"primaryImageOfPage":{"@id":"https:\/\/www.rri.ro\/de\/aktuell\/rri-aktuell\/rumaenien-unterstuetzt-die-territoriale-integritaet-der-ukraine-id458526.html#primaryimage"},"image":{"@id":"https:\/\/www.rri.ro\/de\/aktuell\/rri-aktuell\/rumaenien-unterstuetzt-die-territoriale-integritaet-der-ukraine-id458526.html#primaryimage"},"thumbnailUrl":"https:\/\/www.rri.ro\/wp-content\/uploads\/2023\/10\/ponta-corlatean-mae.jpg","datePublished":"2014-08-26T11:52:00+00:00","dateModified":"2024-02-19T17:38:41+00:00","author":{"@id":"https:\/\/www.rri.ro\/#\/schema\/person\/0745b519f2d1287783422f162c4112af"},"breadcrumb":{"@id":"https:\/\/www.rri.ro\/de\/aktuell\/rri-aktuell\/rumaenien-unterstuetzt-die-territoriale-integritaet-der-ukraine-id458526.html#breadcrumb"},"inLanguage":"de","potentialAction":[{"@type":"ReadAction","target":["https:\/\/www.rri.ro\/de\/aktuell\/rri-aktuell\/rumaenien-unterstuetzt-die-territoriale-integritaet-der-ukraine-id458526.html"]}]},{"@type":"ImageObject","inLanguage":"de","@id":"https:\/\/www.rri.ro\/de\/aktuell\/rri-aktuell\/rumaenien-unterstuetzt-die-territoriale-integritaet-der-ukraine-id458526.html#primaryimage","url":"https:\/\/www.rri.ro\/wp-content\/uploads\/2023\/10\/ponta-corlatean-mae.jpg","contentUrl":"https:\/\/www.rri.ro\/wp-content\/uploads\/2023\/10\/ponta-corlatean-mae.jpg","width":450,"height":300},{"@type":"BreadcrumbList","@id":"https:\/\/www.rri.ro\/de\/aktuell\/rri-aktuell\/rumaenien-unterstuetzt-die-territoriale-integritaet-der-ukraine-id458526.html#breadcrumb","itemListElement":[{"@type":"ListItem","position":1,"name":"Startseite","item":"https:\/\/www.rri.ro\/de"},{"@type":"ListItem","position":2,"name":"Aktuell","item":"https:\/\/www.rri.ro\/de\/aktuell"},{"@type":"ListItem","position":3,"name":"RRI Aktuell","item":"https:\/\/www.rri.ro\/de\/aktuell\/rri-aktuell"},{"@type":"ListItem","position":4,"name":"Rum\u00e4nien unterst\u00fctzt die territoriale Integrit\u00e4t der Ukraine"}]},{"@type":"WebSite","@id":"https:\/\/www.rri.ro\/#website","url":"https:\/\/www.rri.ro\/","name":"Radio Rum\u00e4nien International","description":"Totul despre Rom\u00e2nia \u015fi rom\u00e2ni, \u00een 13 limbi\/dialecte!","inLanguage":"de"},{"@type":"Person","@id":"https:\/\/www.rri.ro\/#\/schema\/person\/0745b519f2d1287783422f162c4112af","name":"Roxana Vasile","url":"https:\/\/www.rri.ro\/de\/author\/roxana-vasile"}]}},"_links":{"self":[{"href":"https:\/\/www.rri.ro\/de\/wp-json\/wp\/v2\/posts\/458526","targetHints":{"allow":["GET"]}}],"collection":[{"href":"https:\/\/www.rri.ro\/de\/wp-json\/wp\/v2\/posts"}],"about":[{"href":"https:\/\/www.rri.ro\/de\/wp-json\/wp\/v2\/types\/post"}],"author":[{"embeddable":true,"href":"https:\/\/www.rri.ro\/de\/wp-json\/wp\/v2\/users\/109"}],"replies":[{"embeddable":true,"href":"https:\/\/www.rri.ro\/de\/wp-json\/wp\/v2\/comments?post=458526"}],"version-history":[{"count":0,"href":"https:\/\/www.rri.ro\/de\/wp-json\/wp\/v2\/posts\/458526\/revisions"}],"wp:featuredmedia":[{"embeddable":true,"href":"https:\/\/www.rri.ro\/de\/wp-json\/wp\/v2\/media\/42540"}],"wp:attachment":[{"href":"https:\/\/www.rri.ro\/de\/wp-json\/wp\/v2\/media?parent=458526"}],"wp:term":[{"taxonomy":"category","embeddable":true,"href":"https:\/\/www.rri.ro\/de\/wp-json\/wp\/v2\/categories?post=458526"},{"taxonomy":"post_tag","embeddable":true,"href":"https:\/\/www.rri.ro\/de\/wp-json\/wp\/v2\/tags?post=458526"},{"taxonomy":"author","embeddable":true,"href":"https:\/\/www.rri.ro\/de\/wp-json\/wp\/v2\/coauthors?post=458526"}],"curies":[{"name":"wp","href":"https:\/\/api.w.org\/{rel}","templated":true}]}}