{"id":458593,"date":"2014-10-21T14:46:00","date_gmt":"2014-10-21T11:46:00","guid":{"rendered":"http:\/\/devrri.freshlemon.ro\/aktuell\/korruption-psd-fraktionschef-stellt-sich-der-justiz-id458593.html"},"modified":"2024-02-19T19:46:37","modified_gmt":"2024-02-19T17:46:37","slug":"korruption-psd-fraktionschef-stellt-sich-der-justiz","status":"publish","type":"post","link":"https:\/\/www.rri.ro\/de\/aktuell\/rri-aktuell\/korruption-psd-fraktionschef-stellt-sich-der-justiz-id458593.html","title":{"rendered":"Korruption: PSD-Fraktionschef stellt sich der Justiz"},"content":{"rendered":"<p>Korruptionsskandale am Flie\u200e\u00dfband kurz vor der Pr\u00e4sidentenwahl in Rum\u00e4nien! Die Nationale Antikorruptionsbeh\u00f6rde (DNA) hat als spezialisierte Staatsanwaltschaft die Einleitung neuer Strafermittlungsverfahren angek\u00fcndigt. Als gro\u200e\u00dfe Belastung f\u00fcr die mitregierenden Sozialdemokraten im Wahlkampf erweist sich der Abgeordnete und Fraktionschef Viorel Hrebenciuc. Er trat am Dienstag aus dem Parlament zur\u00fcck, um sich in einem neuen vermuteten Korruptionsfall den Justizbeh\u00f6rden zu stellen. Zu den Hauptdarstellern in dieser Akte geh\u00f6ren ferner der Sprecher der PSD, der Senator Dan \u015eova, sowie der ehemalige Leiter des Schutz- und Wachdienstes, Dumitru Iliescu. Staatsanw\u00e4lte verd\u00e4chtigen Viorel Hrebenciuc der Vorteilsgew\u00e4hrung, der Vorteilsannahme und der Anstiftung zur Verbreitung vertraulicher Daten.  <\/p>\n<p>&#13;<br \/>\n&#13;<\/p>\n<p>&#13;<br \/>\n&#13;<\/p>\n<p>Die Staatsanwaltschaft behauptet, dass Hrebenciuc vergangene Woche  versucht habe, \u015eova hinsichtlich der Verabschiedung eines Amnestiegesetzes f\u00fcr Korruptionsf\u00e4lle zu beeinflussen. Im Gegenzug sei \u015eova das Amt des Parteivorsitzenden der Sozialdemokraten in Aussicht gestellt worden. Hrebenciuc soll au\u200e\u00dferdem seinen Einfluss geltend gemacht haben, um Dumitru Iliescu unzul\u00e4ssige Vorteile anzubieten. Der Fraktionschef der Sozialdemokraten habe den Parteikollegen und Abgeordneten \u00fcber die gegen diesen laufenden Strafverfahren der DNA, sowie \u00fcber die laufende Telefon-Abh\u00f6rung informiert.  <\/p>\n<p>&#13;<br \/>\n&#13;<\/p>\n<p>&#13;<br \/>\n&#13;<\/p>\n<p>Au\u200e\u00dferdem sei Hrebenciuc in eine Aff\u00e4re um die illegale R\u00fcckgabe von \u00fcber 40.000 Hektar Wald verwickelt. In diesem Fall wird, neben sozialdemokratischen Parlamentsmitgliedern, auch gegen mehrere Unternehmer und sogar gegen Prinz Paul ermittelt, den illegitimen Erbfolger von Carol II., des ehemaligen K\u00f6nigs von Rum\u00e4nien und seiner Gattin. Durch die illegale R\u00fcckgabe von Waldfl\u00e4chen sei ein Schaden von \u00fcber 300 Millionen Euro f\u00fcr die Nationale Forstverwaltung entstanden. In diesem Fall hatte die Nationale Antikorruptionsbeh\u00f6rde beim Parlament um die Erlaubnis f\u00fcr die Festnahme von Hrebenciuc und die eines weiteren Abgeordneten, Ioan Adam, angefragt.  <\/p>\n<p>&#13;<br \/>\n&#13;<\/p>\n<p>&#13;<br \/>\n&#13;<\/p>\n<p>Damit ist der bereits vor mehreren Wochen entfachte Microsoft-Skandal\u201c wom\u00f6glich f\u00fcr einige Zeit in den Hintergrund geraten. Hier hatte die DNA Verfahren gegen eine beeindruckende Anzahl von ehemaligen Regierungsmitgliedern (insgesamt 9) aus dem linken und rechten Lager eingeleitet. Sie sollen bei Ausschreibungen f\u00fcr den Erwerb von Software die Vergabe zugunsten bestimmter Hersteller beeinflusst haben. Pr\u00e4sident B\u0103sescu hatte in dieser Akte gr\u00fcnes Licht f\u00fcr die Strafverfolgung von f\u00fcnf der verd\u00e4chtigten Ex-Minister gegeben. Der Bukarester Senat soll laut geltenden Regelungen bei weiteren zwei \u00fcber die Aufhebung der Immunit\u00e4t entscheiden und schlie\u200e\u00dflich kommt diese Aufgabe auch dem Europ\u00e4ischen Parlament im Falle eines inzwischen zum Euroabgeordneten gew\u00e4hlten Ex-Minister zu. <\/p>\n<p>&#13;<\/p>\n","protected":false},"excerpt":{"rendered":"<p>Ein neuer Korruptionsskandal ersch\u00fcttert die politische B\u00fchne in Rum\u00e4nien. Betroffen ist unter anderem der Fraktionschef der mitregierenden Sozialdemokratischen Partei.<\/p>\n","protected":false},"author":109,"featured_media":57768,"comment_status":"closed","ping_status":"closed","sticky":false,"template":"","format":"standard","meta":{"_acf_changed":false,"footnotes":""},"categories":[99583],"tags":[29554,164787,102029,102028,99702,143776,100933,99589,101139,100538,99919,58763,100833,101299],"coauthors":[],"class_list":["post-458593","post","type-post","status-publish","format-standard","has-post-thumbnail","hentry","category-rri-aktuell","tag-dan-sova","tag-dna-de","tag-ermittlung","tag-fraktionschef","tag-korruption","tag-psd-de","tag-ruecktritt","tag-rumaenien","tag-sozialdemokraten","tag-sprecher","tag-staatsanwaltschaft","tag-viorel-hrebenciuc","tag-vorteilsgewaehrung","tag-wahlkampf"],"acf":[],"yoast_head":"<!-- This site is optimized with the Yoast SEO plugin v27.5 - https:\/\/yoast.com\/product\/yoast-seo-wordpress\/ -->\n<title>Korruption: PSD-Fraktionschef stellt sich der Justiz - Radio Rum\u00e4nien International<\/title>\n<meta name=\"robots\" content=\"index, follow, max-snippet:-1, max-image-preview:large, max-video-preview:-1\" \/>\n<link rel=\"canonical\" href=\"https:\/\/www.rri.ro\/de\/aktuell\/rri-aktuell\/korruption-psd-fraktionschef-stellt-sich-der-justiz-id458593.html\" \/>\n<meta property=\"og:locale\" content=\"de_DE\" \/>\n<meta property=\"og:type\" content=\"article\" \/>\n<meta property=\"og:title\" content=\"Korruption: PSD-Fraktionschef stellt sich der Justiz - Radio Rum\u00e4nien International\" \/>\n<meta property=\"og:description\" content=\"Ein neuer Korruptionsskandal ersch\u00fcttert die politische B\u00fchne in Rum\u00e4nien. Betroffen ist unter anderem der Fraktionschef der mitregierenden Sozialdemokratischen Partei.\" \/>\n<meta property=\"og:url\" content=\"https:\/\/www.rri.ro\/de\/aktuell\/rri-aktuell\/korruption-psd-fraktionschef-stellt-sich-der-justiz-id458593.html\" \/>\n<meta property=\"og:site_name\" content=\"Radio Rum\u00e4nien International\" \/>\n<meta property=\"article:published_time\" content=\"2014-10-21T11:46:00+00:00\" \/>\n<meta property=\"article:modified_time\" content=\"2024-02-19T17:46:37+00:00\" \/>\n<meta property=\"og:image\" content=\"https:\/\/www.rri.ro\/wp-content\/uploads\/2023\/10\/hrebenciuc-zgonea-delegatie.png\" \/>\n\t<meta property=\"og:image:width\" content=\"640\" \/>\n\t<meta property=\"og:image:height\" content=\"480\" \/>\n\t<meta property=\"og:image:type\" content=\"image\/png\" \/>\n<meta name=\"author\" content=\"Roxana Vasile\" \/>\n<meta name=\"twitter:card\" content=\"summary_large_image\" \/>\n<meta name=\"twitter:label1\" content=\"Verfasst von\" \/>\n\t<meta name=\"twitter:data1\" content=\"Roxana Vasile\" \/>\n\t<meta name=\"twitter:label2\" content=\"Gesch\u00e4tzte Lesezeit\" \/>\n\t<meta name=\"twitter:data2\" content=\"2\u00a0Minuten\" \/>\n\t<meta name=\"twitter:label3\" content=\"Written by\" \/>\n\t<meta name=\"twitter:data3\" content=\"Roxana Vasile\" \/>\n<script type=\"application\/ld+json\" class=\"yoast-schema-graph\">{\"@context\":\"https:\\\/\\\/schema.org\",\"@graph\":[{\"@type\":\"Article\",\"@id\":\"https:\\\/\\\/www.rri.ro\\\/de\\\/aktuell\\\/rri-aktuell\\\/korruption-psd-fraktionschef-stellt-sich-der-justiz-id458593.html#article\",\"isPartOf\":{\"@id\":\"https:\\\/\\\/www.rri.ro\\\/de\\\/aktuell\\\/rri-aktuell\\\/korruption-psd-fraktionschef-stellt-sich-der-justiz-id458593.html\"},\"author\":{\"name\":\"Roxana Vasile\",\"@id\":\"https:\\\/\\\/www.rri.ro\\\/#\\\/schema\\\/person\\\/0745b519f2d1287783422f162c4112af\"},\"headline\":\"Korruption: PSD-Fraktionschef stellt sich der Justiz\",\"datePublished\":\"2014-10-21T11:46:00+00:00\",\"dateModified\":\"2024-02-19T17:46:37+00:00\",\"mainEntityOfPage\":{\"@id\":\"https:\\\/\\\/www.rri.ro\\\/de\\\/aktuell\\\/rri-aktuell\\\/korruption-psd-fraktionschef-stellt-sich-der-justiz-id458593.html\"},\"wordCount\":409,\"image\":{\"@id\":\"https:\\\/\\\/www.rri.ro\\\/de\\\/aktuell\\\/rri-aktuell\\\/korruption-psd-fraktionschef-stellt-sich-der-justiz-id458593.html#primaryimage\"},\"thumbnailUrl\":\"https:\\\/\\\/www.rri.ro\\\/wp-content\\\/uploads\\\/2023\\\/10\\\/hrebenciuc-zgonea-delegatie.png\",\"keywords\":[\"Dan Sova\",\"DNA\",\"Ermittlung\",\"Fraktionschef\",\"Korruption\",\"PSD\",\"R\u00fccktritt\",\"Rum\u00e4nien\",\"Sozialdemokraten\",\"Sprecher\",\"Staatsanwaltschaft\",\"Viorel Hrebenciuc\",\"Vorteilsgew\u00e4hrung\",\"Wahlkampf\"],\"articleSection\":[\"RRI Aktuell\"],\"inLanguage\":\"de\"},{\"@type\":\"WebPage\",\"@id\":\"https:\\\/\\\/www.rri.ro\\\/de\\\/aktuell\\\/rri-aktuell\\\/korruption-psd-fraktionschef-stellt-sich-der-justiz-id458593.html\",\"url\":\"https:\\\/\\\/www.rri.ro\\\/de\\\/aktuell\\\/rri-aktuell\\\/korruption-psd-fraktionschef-stellt-sich-der-justiz-id458593.html\",\"name\":\"Korruption: PSD-Fraktionschef stellt sich der Justiz - Radio Rum\u00e4nien International\",\"isPartOf\":{\"@id\":\"https:\\\/\\\/www.rri.ro\\\/#website\"},\"primaryImageOfPage\":{\"@id\":\"https:\\\/\\\/www.rri.ro\\\/de\\\/aktuell\\\/rri-aktuell\\\/korruption-psd-fraktionschef-stellt-sich-der-justiz-id458593.html#primaryimage\"},\"image\":{\"@id\":\"https:\\\/\\\/www.rri.ro\\\/de\\\/aktuell\\\/rri-aktuell\\\/korruption-psd-fraktionschef-stellt-sich-der-justiz-id458593.html#primaryimage\"},\"thumbnailUrl\":\"https:\\\/\\\/www.rri.ro\\\/wp-content\\\/uploads\\\/2023\\\/10\\\/hrebenciuc-zgonea-delegatie.png\",\"datePublished\":\"2014-10-21T11:46:00+00:00\",\"dateModified\":\"2024-02-19T17:46:37+00:00\",\"author\":{\"@id\":\"https:\\\/\\\/www.rri.ro\\\/#\\\/schema\\\/person\\\/0745b519f2d1287783422f162c4112af\"},\"breadcrumb\":{\"@id\":\"https:\\\/\\\/www.rri.ro\\\/de\\\/aktuell\\\/rri-aktuell\\\/korruption-psd-fraktionschef-stellt-sich-der-justiz-id458593.html#breadcrumb\"},\"inLanguage\":\"de\",\"potentialAction\":[{\"@type\":\"ReadAction\",\"target\":[\"https:\\\/\\\/www.rri.ro\\\/de\\\/aktuell\\\/rri-aktuell\\\/korruption-psd-fraktionschef-stellt-sich-der-justiz-id458593.html\"]}]},{\"@type\":\"ImageObject\",\"inLanguage\":\"de\",\"@id\":\"https:\\\/\\\/www.rri.ro\\\/de\\\/aktuell\\\/rri-aktuell\\\/korruption-psd-fraktionschef-stellt-sich-der-justiz-id458593.html#primaryimage\",\"url\":\"https:\\\/\\\/www.rri.ro\\\/wp-content\\\/uploads\\\/2023\\\/10\\\/hrebenciuc-zgonea-delegatie.png\",\"contentUrl\":\"https:\\\/\\\/www.rri.ro\\\/wp-content\\\/uploads\\\/2023\\\/10\\\/hrebenciuc-zgonea-delegatie.png\",\"width\":640,\"height\":480},{\"@type\":\"BreadcrumbList\",\"@id\":\"https:\\\/\\\/www.rri.ro\\\/de\\\/aktuell\\\/rri-aktuell\\\/korruption-psd-fraktionschef-stellt-sich-der-justiz-id458593.html#breadcrumb\",\"itemListElement\":[{\"@type\":\"ListItem\",\"position\":1,\"name\":\"Startseite\",\"item\":\"https:\\\/\\\/www.rri.ro\\\/de\"},{\"@type\":\"ListItem\",\"position\":2,\"name\":\"Aktuell\",\"item\":\"https:\\\/\\\/www.rri.ro\\\/de\\\/aktuell\"},{\"@type\":\"ListItem\",\"position\":3,\"name\":\"RRI Aktuell\",\"item\":\"https:\\\/\\\/www.rri.ro\\\/de\\\/aktuell\\\/rri-aktuell\"},{\"@type\":\"ListItem\",\"position\":4,\"name\":\"Korruption: PSD-Fraktionschef stellt sich der Justiz\"}]},{\"@type\":\"WebSite\",\"@id\":\"https:\\\/\\\/www.rri.ro\\\/#website\",\"url\":\"https:\\\/\\\/www.rri.ro\\\/\",\"name\":\"Radio Rum\u00e4nien International\",\"description\":\"Totul despre Rom\u00e2nia \u015fi rom\u00e2ni, \u00een 13 limbi\\\/dialecte!\",\"inLanguage\":\"de\"},{\"@type\":\"Person\",\"@id\":\"https:\\\/\\\/www.rri.ro\\\/#\\\/schema\\\/person\\\/0745b519f2d1287783422f162c4112af\",\"name\":\"Roxana Vasile\",\"url\":\"https:\\\/\\\/www.rri.ro\\\/de\\\/author\\\/roxana-vasile\"}]}<\/script>\n<!-- \/ Yoast SEO plugin. -->","yoast_head_json":{"title":"Korruption: PSD-Fraktionschef stellt sich der Justiz - Radio Rum\u00e4nien International","robots":{"index":"index","follow":"follow","max-snippet":"max-snippet:-1","max-image-preview":"max-image-preview:large","max-video-preview":"max-video-preview:-1"},"canonical":"https:\/\/www.rri.ro\/de\/aktuell\/rri-aktuell\/korruption-psd-fraktionschef-stellt-sich-der-justiz-id458593.html","og_locale":"de_DE","og_type":"article","og_title":"Korruption: PSD-Fraktionschef stellt sich der Justiz - Radio Rum\u00e4nien International","og_description":"Ein neuer Korruptionsskandal ersch\u00fcttert die politische B\u00fchne in Rum\u00e4nien. Betroffen ist unter anderem der Fraktionschef der mitregierenden Sozialdemokratischen Partei.","og_url":"https:\/\/www.rri.ro\/de\/aktuell\/rri-aktuell\/korruption-psd-fraktionschef-stellt-sich-der-justiz-id458593.html","og_site_name":"Radio Rum\u00e4nien International","article_published_time":"2014-10-21T11:46:00+00:00","article_modified_time":"2024-02-19T17:46:37+00:00","og_image":[{"width":640,"height":480,"url":"https:\/\/www.rri.ro\/wp-content\/uploads\/2023\/10\/hrebenciuc-zgonea-delegatie.png","type":"image\/png"}],"author":"Roxana Vasile","twitter_card":"summary_large_image","twitter_misc":{"Verfasst von":"Roxana Vasile","Gesch\u00e4tzte Lesezeit":"2\u00a0Minuten","Written by":"Roxana Vasile"},"schema":{"@context":"https:\/\/schema.org","@graph":[{"@type":"Article","@id":"https:\/\/www.rri.ro\/de\/aktuell\/rri-aktuell\/korruption-psd-fraktionschef-stellt-sich-der-justiz-id458593.html#article","isPartOf":{"@id":"https:\/\/www.rri.ro\/de\/aktuell\/rri-aktuell\/korruption-psd-fraktionschef-stellt-sich-der-justiz-id458593.html"},"author":{"name":"Roxana Vasile","@id":"https:\/\/www.rri.ro\/#\/schema\/person\/0745b519f2d1287783422f162c4112af"},"headline":"Korruption: PSD-Fraktionschef stellt sich der Justiz","datePublished":"2014-10-21T11:46:00+00:00","dateModified":"2024-02-19T17:46:37+00:00","mainEntityOfPage":{"@id":"https:\/\/www.rri.ro\/de\/aktuell\/rri-aktuell\/korruption-psd-fraktionschef-stellt-sich-der-justiz-id458593.html"},"wordCount":409,"image":{"@id":"https:\/\/www.rri.ro\/de\/aktuell\/rri-aktuell\/korruption-psd-fraktionschef-stellt-sich-der-justiz-id458593.html#primaryimage"},"thumbnailUrl":"https:\/\/www.rri.ro\/wp-content\/uploads\/2023\/10\/hrebenciuc-zgonea-delegatie.png","keywords":["Dan Sova","DNA","Ermittlung","Fraktionschef","Korruption","PSD","R\u00fccktritt","Rum\u00e4nien","Sozialdemokraten","Sprecher","Staatsanwaltschaft","Viorel Hrebenciuc","Vorteilsgew\u00e4hrung","Wahlkampf"],"articleSection":["RRI Aktuell"],"inLanguage":"de"},{"@type":"WebPage","@id":"https:\/\/www.rri.ro\/de\/aktuell\/rri-aktuell\/korruption-psd-fraktionschef-stellt-sich-der-justiz-id458593.html","url":"https:\/\/www.rri.ro\/de\/aktuell\/rri-aktuell\/korruption-psd-fraktionschef-stellt-sich-der-justiz-id458593.html","name":"Korruption: PSD-Fraktionschef stellt sich der Justiz - Radio Rum\u00e4nien International","isPartOf":{"@id":"https:\/\/www.rri.ro\/#website"},"primaryImageOfPage":{"@id":"https:\/\/www.rri.ro\/de\/aktuell\/rri-aktuell\/korruption-psd-fraktionschef-stellt-sich-der-justiz-id458593.html#primaryimage"},"image":{"@id":"https:\/\/www.rri.ro\/de\/aktuell\/rri-aktuell\/korruption-psd-fraktionschef-stellt-sich-der-justiz-id458593.html#primaryimage"},"thumbnailUrl":"https:\/\/www.rri.ro\/wp-content\/uploads\/2023\/10\/hrebenciuc-zgonea-delegatie.png","datePublished":"2014-10-21T11:46:00+00:00","dateModified":"2024-02-19T17:46:37+00:00","author":{"@id":"https:\/\/www.rri.ro\/#\/schema\/person\/0745b519f2d1287783422f162c4112af"},"breadcrumb":{"@id":"https:\/\/www.rri.ro\/de\/aktuell\/rri-aktuell\/korruption-psd-fraktionschef-stellt-sich-der-justiz-id458593.html#breadcrumb"},"inLanguage":"de","potentialAction":[{"@type":"ReadAction","target":["https:\/\/www.rri.ro\/de\/aktuell\/rri-aktuell\/korruption-psd-fraktionschef-stellt-sich-der-justiz-id458593.html"]}]},{"@type":"ImageObject","inLanguage":"de","@id":"https:\/\/www.rri.ro\/de\/aktuell\/rri-aktuell\/korruption-psd-fraktionschef-stellt-sich-der-justiz-id458593.html#primaryimage","url":"https:\/\/www.rri.ro\/wp-content\/uploads\/2023\/10\/hrebenciuc-zgonea-delegatie.png","contentUrl":"https:\/\/www.rri.ro\/wp-content\/uploads\/2023\/10\/hrebenciuc-zgonea-delegatie.png","width":640,"height":480},{"@type":"BreadcrumbList","@id":"https:\/\/www.rri.ro\/de\/aktuell\/rri-aktuell\/korruption-psd-fraktionschef-stellt-sich-der-justiz-id458593.html#breadcrumb","itemListElement":[{"@type":"ListItem","position":1,"name":"Startseite","item":"https:\/\/www.rri.ro\/de"},{"@type":"ListItem","position":2,"name":"Aktuell","item":"https:\/\/www.rri.ro\/de\/aktuell"},{"@type":"ListItem","position":3,"name":"RRI Aktuell","item":"https:\/\/www.rri.ro\/de\/aktuell\/rri-aktuell"},{"@type":"ListItem","position":4,"name":"Korruption: PSD-Fraktionschef stellt sich der Justiz"}]},{"@type":"WebSite","@id":"https:\/\/www.rri.ro\/#website","url":"https:\/\/www.rri.ro\/","name":"Radio Rum\u00e4nien International","description":"Totul despre Rom\u00e2nia \u015fi rom\u00e2ni, \u00een 13 limbi\/dialecte!","inLanguage":"de"},{"@type":"Person","@id":"https:\/\/www.rri.ro\/#\/schema\/person\/0745b519f2d1287783422f162c4112af","name":"Roxana Vasile","url":"https:\/\/www.rri.ro\/de\/author\/roxana-vasile"}]}},"_links":{"self":[{"href":"https:\/\/www.rri.ro\/de\/wp-json\/wp\/v2\/posts\/458593","targetHints":{"allow":["GET"]}}],"collection":[{"href":"https:\/\/www.rri.ro\/de\/wp-json\/wp\/v2\/posts"}],"about":[{"href":"https:\/\/www.rri.ro\/de\/wp-json\/wp\/v2\/types\/post"}],"author":[{"embeddable":true,"href":"https:\/\/www.rri.ro\/de\/wp-json\/wp\/v2\/users\/109"}],"replies":[{"embeddable":true,"href":"https:\/\/www.rri.ro\/de\/wp-json\/wp\/v2\/comments?post=458593"}],"version-history":[{"count":0,"href":"https:\/\/www.rri.ro\/de\/wp-json\/wp\/v2\/posts\/458593\/revisions"}],"wp:featuredmedia":[{"embeddable":true,"href":"https:\/\/www.rri.ro\/de\/wp-json\/wp\/v2\/media\/57768"}],"wp:attachment":[{"href":"https:\/\/www.rri.ro\/de\/wp-json\/wp\/v2\/media?parent=458593"}],"wp:term":[{"taxonomy":"category","embeddable":true,"href":"https:\/\/www.rri.ro\/de\/wp-json\/wp\/v2\/categories?post=458593"},{"taxonomy":"post_tag","embeddable":true,"href":"https:\/\/www.rri.ro\/de\/wp-json\/wp\/v2\/tags?post=458593"},{"taxonomy":"author","embeddable":true,"href":"https:\/\/www.rri.ro\/de\/wp-json\/wp\/v2\/coauthors?post=458593"}],"curies":[{"name":"wp","href":"https:\/\/api.w.org\/{rel}","templated":true}]}}