{"id":458751,"date":"2014-12-10T17:30:00","date_gmt":"2014-12-10T15:30:00","guid":{"rendered":"http:\/\/devrri.freshlemon.ro\/aktuell\/rumaenische-regierung-legt-am-freitag-den-haushaltsentwurf-fuer-2015-dem-parlament-vor-id458751.html"},"modified":"2024-02-19T19:53:14","modified_gmt":"2024-02-19T17:53:14","slug":"rumaenische-regierung-legt-am-freitag-den-haushaltsentwurf-fuer-2015-dem-parlament-vor","status":"publish","type":"post","link":"https:\/\/www.rri.ro\/de\/aktuell\/rri-aktuell\/rumaenische-regierung-legt-am-freitag-den-haushaltsentwurf-fuer-2015-dem-parlament-vor-id458751.html","title":{"rendered":"Rum\u00e4nische Regierung legt am Freitag den Haushaltsentwurf f\u00fcr 2015 dem Parlament vor"},"content":{"rendered":"<p>Die rum\u00e4nische Regierung hat mit den Unterh\u00e4ndlern des IWF, der EU-Kommission und der Weltbank die wichtigsten Punkte des Haushalts f\u00fcr das Jahr 2015 festgelegt. Der Haushalt beruhe auf einer Wirtschaftswachstum-Prognose von 2,5 % und auf einem Defizit von 1,83 % vom Bruttoinlandsprodukt, erkl\u00e4rte Rum\u00e4niens Ministerpr\u00e4sident Victor Ponta. Weiter erkl\u00e4rte der rum\u00e4nische Premier:<\/p>\n<p>&#13;<br \/>\n&#13;<\/p>\n<p>&#13;<br \/>\n&#13;<\/p>\n<p>&#13;<br \/>\n&#13;<\/p>\n<p> <em>Der Haushalt wird nicht beruhend auf zus\u00e4tzlichen Steuern und Geb\u00fchren aufgebaut, es wird keine solche im Jahr 2015 geben. Die einheitliche Steuerquote von 16 % bleibt in Kraft. Es gibt eine Geb\u00fchr, die gesenkt wird, das wurde bei der Haushalts-Aufstellung ber\u00fccksichtigt. Es handelt sich um die Geb\u00fchr f\u00fcr Sonderbauten, sie wird von 1,5 % auf 1 % gesenkt. Das war ein wesentliches Ziel. Alle Massnahmen zur Aufkurbelung der Wirtschaft und alle Massnahmen der sozialen Gerechtigkeit, die schon in Kraft sind, sind im Haushalt vorgesehen.\u201c<\/em><\/p>\n<p>&#13;<br \/>\n&#13;<\/p>\n<p>&#13;<br \/>\n&#13;<\/p>\n<p>&#13;<br \/>\n&#13;<\/p>\n<p>Die gemeinten Massnahmen sind die Reduzierung der Sozialbeitr\u00e4ge um 5 % f\u00fcr Arbeitgeber, der Steuernachlass f\u00fcr den reinvestierten Profit, die Rentenerh\u00f6hung, die Anhebung des Mindestlohns, die Verdopplung des Kindergeldes f\u00fcr benachteligte Familien und die Erh\u00f6hung um 16 % der Behinderten-Hilfe. Ministerpr\u00e4sident Victor Ponta erl\u00e4rte es werde keinen grossen Druck auf die Ausgaben geben. Die Mitfinanzierung der EU-Projekte wurde zudem vereinbart. Die Opposition meint, dass gerade in diesem Bereich Gelder gestrichen wurden. Die Investitionen w\u00fcrden darunter leiden. Der liberale Abgeordnete Gheorghe Ialomi\u0163ianu dazu:<\/p>\n<p>&#13;<br \/>\n&#13;<\/p>\n<p>&#13;<br \/>\n&#13;<\/p>\n<p>&#13;<br \/>\n&#13;<\/p>\n<p>\u201c<em>Schlecht ist es, dass wir keinen auf Entwicklung orientierten Haushalt haben werden, sondern einen Subsistenz-Haushalt. Die zus\u00e4tlichen Ausgaben der Ponta-Regierung sind im Haushalt f\u00fcr 2015 eigeschlossen und es sind keine Ausgaben f\u00fcr Investitionen. Die Investitionen wurden gestrichen, am meisten wurden die im Haushalt vorgesehenen Investitionen gestrichen.&#8220;<\/em><\/p>\n<p>&#13;<br \/>\n&#13;<\/p>\n<p>&#13;<br \/>\n&#13;<\/p>\n<p>&#13;<br \/>\n&#13;<\/p>\n<p>Die Delegation der internationalen Kreditgeber hat Bukarest verlassen. Sie hat ein kurzes Presse-Kommunique herausgegeben, in dem bekannt gegeben wird, dass ein Grundsatzabkommen betreffend die wichtigsten Punkte des Hashalts f\u00fcr 2015 erreicht wurde. Das vereinbarte Defizit stehe im Einklang mit der Erreichung des mittelfristigen Haushalts-Ziels. Es bietet aber zugleich den Rahmen f\u00fcr die Beschleunigung der Absch\u00f6pfung von EU-Fonds. Die Mission des IWF, der EU-Kommission und der Weltbank wird wieder im Januar nach Bukarest kommen, um das laufende Abkommen zu beurteilen.<\/p>\n<p>&#13;<br \/>\n&#13;<\/p>\n<p>&#13;<br \/>\n&#13;<\/p>\n<p>&#13;<br \/>\n&#13;<\/p>\n<p>Die Regierung m\u00f6chte am Freitag den Haushaltsentwurfr dem Parlament vorlegen. Eine endg\u00fcltige Abstimmung dar\u00fcber soll am 21. Dezember stattfinden.<\/p>\n<p>&#13;<\/p>\n","protected":false},"excerpt":{"rendered":"<p>Die Verhandlungen zwischen der rum\u00e4nischen Regierung und den internationalen Kreditgebern \u00fcber den Haushalt f\u00fcr das Jahr 2015 wurden mit einem Grundsatzabkommen abgeschlossen.<\/p>\n","protected":false},"author":110,"featured_media":54735,"comment_status":"closed","ping_status":"closed","sticky":false,"template":"","format":"standard","meta":{"_acf_changed":false,"footnotes":""},"categories":[99583],"tags":[99617,102168,102098,99590,99750,99586,99589,169260,99592,99620],"coauthors":[],"class_list":["post-458751","post","type-post","status-publish","format-standard","has-post-thumbnail","hentry","category-rri-aktuell","tag-eu-kommission","tag-haushalts-defizit","tag-haushaltsentwurf","tag-iwf","tag-prognose","tag-regierung","tag-rumaenien","tag-victor-ponta-de","tag-weltbank","tag-wirtschaftswachstum"],"acf":[],"yoast_head":"<!-- This site is optimized with the Yoast SEO plugin v27.3 - https:\/\/yoast.com\/product\/yoast-seo-wordpress\/ -->\n<title>Rum\u00e4nische Regierung legt am Freitag den Haushaltsentwurf f\u00fcr 2015 dem Parlament vor - Radio Rum\u00e4nien International<\/title>\n<meta name=\"robots\" content=\"index, follow, max-snippet:-1, max-image-preview:large, max-video-preview:-1\" \/>\n<link rel=\"canonical\" href=\"https:\/\/www.rri.ro\/de\/aktuell\/rri-aktuell\/rumaenische-regierung-legt-am-freitag-den-haushaltsentwurf-fuer-2015-dem-parlament-vor-id458751.html\" \/>\n<meta property=\"og:locale\" content=\"de_DE\" \/>\n<meta property=\"og:type\" content=\"article\" \/>\n<meta property=\"og:title\" content=\"Rum\u00e4nische Regierung legt am Freitag den Haushaltsentwurf f\u00fcr 2015 dem Parlament vor - Radio Rum\u00e4nien International\" \/>\n<meta property=\"og:description\" content=\"Die Verhandlungen zwischen der rum\u00e4nischen Regierung und den internationalen Kreditgebern \u00fcber den Haushalt f\u00fcr das Jahr 2015 wurden mit einem Grundsatzabkommen abgeschlossen.\" \/>\n<meta property=\"og:url\" content=\"https:\/\/www.rri.ro\/de\/aktuell\/rri-aktuell\/rumaenische-regierung-legt-am-freitag-den-haushaltsentwurf-fuer-2015-dem-parlament-vor-id458751.html\" \/>\n<meta property=\"og:site_name\" content=\"Radio Rum\u00e4nien International\" \/>\n<meta property=\"article:published_time\" content=\"2014-12-10T15:30:00+00:00\" \/>\n<meta property=\"article:modified_time\" content=\"2024-02-19T17:53:14+00:00\" \/>\n<meta property=\"og:image\" content=\"https:\/\/www.rri.ro\/wp-content\/uploads\/2023\/10\/fmi-guvern.png\" \/>\n\t<meta property=\"og:image:width\" content=\"640\" \/>\n\t<meta property=\"og:image:height\" content=\"410\" \/>\n\t<meta property=\"og:image:type\" content=\"image\/png\" \/>\n<meta name=\"author\" content=\"\u015etefan Stoica\" \/>\n<meta name=\"twitter:card\" content=\"summary_large_image\" \/>\n<meta name=\"twitter:label1\" content=\"Verfasst von\" \/>\n\t<meta name=\"twitter:data1\" content=\"\u015etefan Stoica\" \/>\n\t<meta name=\"twitter:label2\" content=\"Gesch\u00e4tzte Lesezeit\" \/>\n\t<meta name=\"twitter:data2\" content=\"2\u00a0Minuten\" \/>\n\t<meta name=\"twitter:label3\" content=\"Written by\" \/>\n\t<meta name=\"twitter:data3\" content=\"\u015etefan Stoica\" \/>\n<script type=\"application\/ld+json\" class=\"yoast-schema-graph\">{\"@context\":\"https:\\\/\\\/schema.org\",\"@graph\":[{\"@type\":\"Article\",\"@id\":\"https:\\\/\\\/www.rri.ro\\\/de\\\/aktuell\\\/rri-aktuell\\\/rumaenische-regierung-legt-am-freitag-den-haushaltsentwurf-fuer-2015-dem-parlament-vor-id458751.html#article\",\"isPartOf\":{\"@id\":\"https:\\\/\\\/www.rri.ro\\\/de\\\/aktuell\\\/rri-aktuell\\\/rumaenische-regierung-legt-am-freitag-den-haushaltsentwurf-fuer-2015-dem-parlament-vor-id458751.html\"},\"author\":{\"name\":\"\u015etefan Stoica\",\"@id\":\"https:\\\/\\\/www.rri.ro\\\/#\\\/schema\\\/person\\\/2d81d5dc94d44190d13245f64551d334\"},\"headline\":\"Rum\u00e4nische Regierung legt am Freitag den Haushaltsentwurf f\u00fcr 2015 dem Parlament vor\",\"datePublished\":\"2014-12-10T15:30:00+00:00\",\"dateModified\":\"2024-02-19T17:53:14+00:00\",\"mainEntityOfPage\":{\"@id\":\"https:\\\/\\\/www.rri.ro\\\/de\\\/aktuell\\\/rri-aktuell\\\/rumaenische-regierung-legt-am-freitag-den-haushaltsentwurf-fuer-2015-dem-parlament-vor-id458751.html\"},\"wordCount\":389,\"image\":{\"@id\":\"https:\\\/\\\/www.rri.ro\\\/de\\\/aktuell\\\/rri-aktuell\\\/rumaenische-regierung-legt-am-freitag-den-haushaltsentwurf-fuer-2015-dem-parlament-vor-id458751.html#primaryimage\"},\"thumbnailUrl\":\"https:\\\/\\\/www.rri.ro\\\/wp-content\\\/uploads\\\/2023\\\/10\\\/fmi-guvern.png\",\"keywords\":[\"EU-Kommission\",\"Haushalts-Defizit\",\"Haushaltsentwurf\",\"IWF\",\"Prognose\",\"Regierung\",\"Rum\u00e4nien\",\"Victor Ponta\",\"Weltbank\",\"Wirtschaftswachstum\"],\"articleSection\":[\"RRI Aktuell\"],\"inLanguage\":\"de\"},{\"@type\":\"WebPage\",\"@id\":\"https:\\\/\\\/www.rri.ro\\\/de\\\/aktuell\\\/rri-aktuell\\\/rumaenische-regierung-legt-am-freitag-den-haushaltsentwurf-fuer-2015-dem-parlament-vor-id458751.html\",\"url\":\"https:\\\/\\\/www.rri.ro\\\/de\\\/aktuell\\\/rri-aktuell\\\/rumaenische-regierung-legt-am-freitag-den-haushaltsentwurf-fuer-2015-dem-parlament-vor-id458751.html\",\"name\":\"Rum\u00e4nische Regierung legt am Freitag den Haushaltsentwurf f\u00fcr 2015 dem Parlament vor - Radio Rum\u00e4nien International\",\"isPartOf\":{\"@id\":\"https:\\\/\\\/www.rri.ro\\\/#website\"},\"primaryImageOfPage\":{\"@id\":\"https:\\\/\\\/www.rri.ro\\\/de\\\/aktuell\\\/rri-aktuell\\\/rumaenische-regierung-legt-am-freitag-den-haushaltsentwurf-fuer-2015-dem-parlament-vor-id458751.html#primaryimage\"},\"image\":{\"@id\":\"https:\\\/\\\/www.rri.ro\\\/de\\\/aktuell\\\/rri-aktuell\\\/rumaenische-regierung-legt-am-freitag-den-haushaltsentwurf-fuer-2015-dem-parlament-vor-id458751.html#primaryimage\"},\"thumbnailUrl\":\"https:\\\/\\\/www.rri.ro\\\/wp-content\\\/uploads\\\/2023\\\/10\\\/fmi-guvern.png\",\"datePublished\":\"2014-12-10T15:30:00+00:00\",\"dateModified\":\"2024-02-19T17:53:14+00:00\",\"author\":{\"@id\":\"https:\\\/\\\/www.rri.ro\\\/#\\\/schema\\\/person\\\/2d81d5dc94d44190d13245f64551d334\"},\"breadcrumb\":{\"@id\":\"https:\\\/\\\/www.rri.ro\\\/de\\\/aktuell\\\/rri-aktuell\\\/rumaenische-regierung-legt-am-freitag-den-haushaltsentwurf-fuer-2015-dem-parlament-vor-id458751.html#breadcrumb\"},\"inLanguage\":\"de\",\"potentialAction\":[{\"@type\":\"ReadAction\",\"target\":[\"https:\\\/\\\/www.rri.ro\\\/de\\\/aktuell\\\/rri-aktuell\\\/rumaenische-regierung-legt-am-freitag-den-haushaltsentwurf-fuer-2015-dem-parlament-vor-id458751.html\"]}]},{\"@type\":\"ImageObject\",\"inLanguage\":\"de\",\"@id\":\"https:\\\/\\\/www.rri.ro\\\/de\\\/aktuell\\\/rri-aktuell\\\/rumaenische-regierung-legt-am-freitag-den-haushaltsentwurf-fuer-2015-dem-parlament-vor-id458751.html#primaryimage\",\"url\":\"https:\\\/\\\/www.rri.ro\\\/wp-content\\\/uploads\\\/2023\\\/10\\\/fmi-guvern.png\",\"contentUrl\":\"https:\\\/\\\/www.rri.ro\\\/wp-content\\\/uploads\\\/2023\\\/10\\\/fmi-guvern.png\",\"width\":640,\"height\":410},{\"@type\":\"BreadcrumbList\",\"@id\":\"https:\\\/\\\/www.rri.ro\\\/de\\\/aktuell\\\/rri-aktuell\\\/rumaenische-regierung-legt-am-freitag-den-haushaltsentwurf-fuer-2015-dem-parlament-vor-id458751.html#breadcrumb\",\"itemListElement\":[{\"@type\":\"ListItem\",\"position\":1,\"name\":\"Startseite\",\"item\":\"https:\\\/\\\/www.rri.ro\\\/de\"},{\"@type\":\"ListItem\",\"position\":2,\"name\":\"Aktuell\",\"item\":\"https:\\\/\\\/www.rri.ro\\\/de\\\/aktuell\"},{\"@type\":\"ListItem\",\"position\":3,\"name\":\"RRI Aktuell\",\"item\":\"https:\\\/\\\/www.rri.ro\\\/de\\\/aktuell\\\/rri-aktuell\"},{\"@type\":\"ListItem\",\"position\":4,\"name\":\"Rum\u00e4nische Regierung legt am Freitag den Haushaltsentwurf f\u00fcr 2015 dem Parlament vor\"}]},{\"@type\":\"WebSite\",\"@id\":\"https:\\\/\\\/www.rri.ro\\\/#website\",\"url\":\"https:\\\/\\\/www.rri.ro\\\/\",\"name\":\"Radio Rum\u00e4nien International\",\"description\":\"Totul despre Rom\u00e2nia \u015fi rom\u00e2ni, \u00een 13 limbi\\\/dialecte!\",\"inLanguage\":\"de\"},{\"@type\":\"Person\",\"@id\":\"https:\\\/\\\/www.rri.ro\\\/#\\\/schema\\\/person\\\/2d81d5dc94d44190d13245f64551d334\",\"name\":\"\u015etefan Stoica\",\"url\":\"https:\\\/\\\/www.rri.ro\\\/de\\\/author\\\/stefan-stoica\"}]}<\/script>\n<!-- \/ Yoast SEO plugin. -->","yoast_head_json":{"title":"Rum\u00e4nische Regierung legt am Freitag den Haushaltsentwurf f\u00fcr 2015 dem Parlament vor - Radio Rum\u00e4nien International","robots":{"index":"index","follow":"follow","max-snippet":"max-snippet:-1","max-image-preview":"max-image-preview:large","max-video-preview":"max-video-preview:-1"},"canonical":"https:\/\/www.rri.ro\/de\/aktuell\/rri-aktuell\/rumaenische-regierung-legt-am-freitag-den-haushaltsentwurf-fuer-2015-dem-parlament-vor-id458751.html","og_locale":"de_DE","og_type":"article","og_title":"Rum\u00e4nische Regierung legt am Freitag den Haushaltsentwurf f\u00fcr 2015 dem Parlament vor - Radio Rum\u00e4nien International","og_description":"Die Verhandlungen zwischen der rum\u00e4nischen Regierung und den internationalen Kreditgebern \u00fcber den Haushalt f\u00fcr das Jahr 2015 wurden mit einem Grundsatzabkommen abgeschlossen.","og_url":"https:\/\/www.rri.ro\/de\/aktuell\/rri-aktuell\/rumaenische-regierung-legt-am-freitag-den-haushaltsentwurf-fuer-2015-dem-parlament-vor-id458751.html","og_site_name":"Radio Rum\u00e4nien International","article_published_time":"2014-12-10T15:30:00+00:00","article_modified_time":"2024-02-19T17:53:14+00:00","og_image":[{"width":640,"height":410,"url":"https:\/\/www.rri.ro\/wp-content\/uploads\/2023\/10\/fmi-guvern.png","type":"image\/png"}],"author":"\u015etefan Stoica","twitter_card":"summary_large_image","twitter_misc":{"Verfasst von":"\u015etefan Stoica","Gesch\u00e4tzte Lesezeit":"2\u00a0Minuten","Written by":"\u015etefan Stoica"},"schema":{"@context":"https:\/\/schema.org","@graph":[{"@type":"Article","@id":"https:\/\/www.rri.ro\/de\/aktuell\/rri-aktuell\/rumaenische-regierung-legt-am-freitag-den-haushaltsentwurf-fuer-2015-dem-parlament-vor-id458751.html#article","isPartOf":{"@id":"https:\/\/www.rri.ro\/de\/aktuell\/rri-aktuell\/rumaenische-regierung-legt-am-freitag-den-haushaltsentwurf-fuer-2015-dem-parlament-vor-id458751.html"},"author":{"name":"\u015etefan Stoica","@id":"https:\/\/www.rri.ro\/#\/schema\/person\/2d81d5dc94d44190d13245f64551d334"},"headline":"Rum\u00e4nische Regierung legt am Freitag den Haushaltsentwurf f\u00fcr 2015 dem Parlament vor","datePublished":"2014-12-10T15:30:00+00:00","dateModified":"2024-02-19T17:53:14+00:00","mainEntityOfPage":{"@id":"https:\/\/www.rri.ro\/de\/aktuell\/rri-aktuell\/rumaenische-regierung-legt-am-freitag-den-haushaltsentwurf-fuer-2015-dem-parlament-vor-id458751.html"},"wordCount":389,"image":{"@id":"https:\/\/www.rri.ro\/de\/aktuell\/rri-aktuell\/rumaenische-regierung-legt-am-freitag-den-haushaltsentwurf-fuer-2015-dem-parlament-vor-id458751.html#primaryimage"},"thumbnailUrl":"https:\/\/www.rri.ro\/wp-content\/uploads\/2023\/10\/fmi-guvern.png","keywords":["EU-Kommission","Haushalts-Defizit","Haushaltsentwurf","IWF","Prognose","Regierung","Rum\u00e4nien","Victor Ponta","Weltbank","Wirtschaftswachstum"],"articleSection":["RRI Aktuell"],"inLanguage":"de"},{"@type":"WebPage","@id":"https:\/\/www.rri.ro\/de\/aktuell\/rri-aktuell\/rumaenische-regierung-legt-am-freitag-den-haushaltsentwurf-fuer-2015-dem-parlament-vor-id458751.html","url":"https:\/\/www.rri.ro\/de\/aktuell\/rri-aktuell\/rumaenische-regierung-legt-am-freitag-den-haushaltsentwurf-fuer-2015-dem-parlament-vor-id458751.html","name":"Rum\u00e4nische Regierung legt am Freitag den Haushaltsentwurf f\u00fcr 2015 dem Parlament vor - Radio Rum\u00e4nien International","isPartOf":{"@id":"https:\/\/www.rri.ro\/#website"},"primaryImageOfPage":{"@id":"https:\/\/www.rri.ro\/de\/aktuell\/rri-aktuell\/rumaenische-regierung-legt-am-freitag-den-haushaltsentwurf-fuer-2015-dem-parlament-vor-id458751.html#primaryimage"},"image":{"@id":"https:\/\/www.rri.ro\/de\/aktuell\/rri-aktuell\/rumaenische-regierung-legt-am-freitag-den-haushaltsentwurf-fuer-2015-dem-parlament-vor-id458751.html#primaryimage"},"thumbnailUrl":"https:\/\/www.rri.ro\/wp-content\/uploads\/2023\/10\/fmi-guvern.png","datePublished":"2014-12-10T15:30:00+00:00","dateModified":"2024-02-19T17:53:14+00:00","author":{"@id":"https:\/\/www.rri.ro\/#\/schema\/person\/2d81d5dc94d44190d13245f64551d334"},"breadcrumb":{"@id":"https:\/\/www.rri.ro\/de\/aktuell\/rri-aktuell\/rumaenische-regierung-legt-am-freitag-den-haushaltsentwurf-fuer-2015-dem-parlament-vor-id458751.html#breadcrumb"},"inLanguage":"de","potentialAction":[{"@type":"ReadAction","target":["https:\/\/www.rri.ro\/de\/aktuell\/rri-aktuell\/rumaenische-regierung-legt-am-freitag-den-haushaltsentwurf-fuer-2015-dem-parlament-vor-id458751.html"]}]},{"@type":"ImageObject","inLanguage":"de","@id":"https:\/\/www.rri.ro\/de\/aktuell\/rri-aktuell\/rumaenische-regierung-legt-am-freitag-den-haushaltsentwurf-fuer-2015-dem-parlament-vor-id458751.html#primaryimage","url":"https:\/\/www.rri.ro\/wp-content\/uploads\/2023\/10\/fmi-guvern.png","contentUrl":"https:\/\/www.rri.ro\/wp-content\/uploads\/2023\/10\/fmi-guvern.png","width":640,"height":410},{"@type":"BreadcrumbList","@id":"https:\/\/www.rri.ro\/de\/aktuell\/rri-aktuell\/rumaenische-regierung-legt-am-freitag-den-haushaltsentwurf-fuer-2015-dem-parlament-vor-id458751.html#breadcrumb","itemListElement":[{"@type":"ListItem","position":1,"name":"Startseite","item":"https:\/\/www.rri.ro\/de"},{"@type":"ListItem","position":2,"name":"Aktuell","item":"https:\/\/www.rri.ro\/de\/aktuell"},{"@type":"ListItem","position":3,"name":"RRI Aktuell","item":"https:\/\/www.rri.ro\/de\/aktuell\/rri-aktuell"},{"@type":"ListItem","position":4,"name":"Rum\u00e4nische Regierung legt am Freitag den Haushaltsentwurf f\u00fcr 2015 dem Parlament vor"}]},{"@type":"WebSite","@id":"https:\/\/www.rri.ro\/#website","url":"https:\/\/www.rri.ro\/","name":"Radio Rum\u00e4nien International","description":"Totul despre Rom\u00e2nia \u015fi rom\u00e2ni, \u00een 13 limbi\/dialecte!","inLanguage":"de"},{"@type":"Person","@id":"https:\/\/www.rri.ro\/#\/schema\/person\/2d81d5dc94d44190d13245f64551d334","name":"\u015etefan Stoica","url":"https:\/\/www.rri.ro\/de\/author\/stefan-stoica"}]}},"_links":{"self":[{"href":"https:\/\/www.rri.ro\/de\/wp-json\/wp\/v2\/posts\/458751","targetHints":{"allow":["GET"]}}],"collection":[{"href":"https:\/\/www.rri.ro\/de\/wp-json\/wp\/v2\/posts"}],"about":[{"href":"https:\/\/www.rri.ro\/de\/wp-json\/wp\/v2\/types\/post"}],"author":[{"embeddable":true,"href":"https:\/\/www.rri.ro\/de\/wp-json\/wp\/v2\/users\/110"}],"replies":[{"embeddable":true,"href":"https:\/\/www.rri.ro\/de\/wp-json\/wp\/v2\/comments?post=458751"}],"version-history":[{"count":0,"href":"https:\/\/www.rri.ro\/de\/wp-json\/wp\/v2\/posts\/458751\/revisions"}],"wp:featuredmedia":[{"embeddable":true,"href":"https:\/\/www.rri.ro\/de\/wp-json\/wp\/v2\/media\/54735"}],"wp:attachment":[{"href":"https:\/\/www.rri.ro\/de\/wp-json\/wp\/v2\/media?parent=458751"}],"wp:term":[{"taxonomy":"category","embeddable":true,"href":"https:\/\/www.rri.ro\/de\/wp-json\/wp\/v2\/categories?post=458751"},{"taxonomy":"post_tag","embeddable":true,"href":"https:\/\/www.rri.ro\/de\/wp-json\/wp\/v2\/tags?post=458751"},{"taxonomy":"author","embeddable":true,"href":"https:\/\/www.rri.ro\/de\/wp-json\/wp\/v2\/coauthors?post=458751"}],"curies":[{"name":"wp","href":"https:\/\/api.w.org\/{rel}","templated":true}]}}