{"id":458755,"date":"2014-12-12T16:27:00","date_gmt":"2014-12-12T14:27:00","guid":{"rendered":"http:\/\/devrri.freshlemon.ro\/aktuell\/die-ukraine-braucht-unterstuetzung-aus-dem-westen-id458755.html"},"modified":"2024-02-19T19:54:30","modified_gmt":"2024-02-19T17:54:30","slug":"die-ukraine-braucht-unterstuetzung-aus-dem-westen","status":"publish","type":"post","link":"https:\/\/www.rri.ro\/de\/aktuell\/rri-aktuell\/die-ukraine-braucht-unterstuetzung-aus-dem-westen-id458755.html","title":{"rendered":"Die Ukraine braucht Unterst\u00fctzung aus dem Westen"},"content":{"rendered":"<p>2014 war ein schwieriges Jahr f\u00fcr die Ukraine: Das Land erlebte einen blutigen Aufstand gefolgt von einem Regierungswechsel, mu\u200e\u00dfte die Halbinsel Krim an Russland abgeben und verlor auch die Kontrolle \u00fcber die russischsprachigen Regionen im Osten. Letzten Endes warnten die Verantwortlichen in Kiew, ihr Land stehe kurz vor dem Bankrott. Der Chef des pro-europ\u00e4ischen Regierungskabinetts, Arseni Jazenjiuk, hat bereits eine Geberkonferenz einberufen. Um den Zusammenbruch der ukrainischen Wirtschaft zu vermeiden ben\u00f6tigt das Land in den n\u00e4chsten Wochen 15 Milliarden US-Dollar. Laut Wirtschaftsanalysten h\u00e4tten die R\u00fcckzahlung der Schulden f\u00fcrs russische Erdgas und die Anstrengung zur Unterst\u00fctzung der ukrainischen Landesw\u00e4hrung, der Griwna, die Devisenreserven der Ukraine auf dem niedrigsten Niveau der letzten zehn Jahren gebracht.<\/p>\n<p>&#13;<br \/>\n&#13;<\/p>\n<p>&#13;<br \/>\n&#13;<\/p>\n<p>Sehr hoch war auch die Rechnung f\u00fcr die milit\u00e4rischen Eins\u00e4tze der ukrainischen Streitkr\u00e4fte gegen die Separatisten im Osten;bei den K\u00e4mpfen wurden Tausende Menschen get\u00f6tet und enorme Sachsch\u00e4den verursacht. Die Stahlwerke und Bergwerke in Lugansk und Donezk, die ein F\u00fcnftel der ukrainischen Industrieproduktion sicherten, mu\u200e\u00dften geschlossen werden. Der j\u00fcngste Hilferuf aus Kiew kam nachdem im Fr\u00fchling dieses Jahres die internationalen Kreditgeber beschlossen hatten, der Ukraine ein Darlehen von insgesamt 27 Milliarden Dollar zu gew\u00e4hren. Seit Anfang dieses Unterst\u00fctzungsprogramms erhielt die Ukraine 4,6 Milliarden Dollar in zwei Teilzahlungen. Das Freistellen der restlichen Fonds h\u00e4ngt aber von der Annahme eines Sparprogramms ab, das in der Ukraine eine Welle von sozialen Protesten verursachen k\u00f6nnte. Und diese Proteste werden h\u00f6chstwahrscheinlich von den Regierenden in Moskau und deren Sympathisanten in der Ukraine zun ihrem eigenen Vorteil ausgenutzt, warnen die Politkommentatoren.<\/p>\n<p>&#13;<br \/>\n&#13;<\/p>\n<p>&#13;<br \/>\n&#13;<\/p>\n<p>Die Situation in der mehrheitlich rum\u00e4nischsprachigen Republik Moldau ist auch nicht besonders erfreulich. Die entschlossene Option f\u00fcr die westlichen Werte spiegelt sich noch nicht in der Wirtschaft des Landes wider. Die pro-westlichen Parteien der Drei-Parteien-Koalition in Chisinau hat die Parlamentswahl am 30. November gewonnen. Das ist eine klare Best\u00e4tigung der Bem\u00fchungen, die zum Unterzeichnen der Assoziierungs- und Freihandelsabkommen mit der Europ\u00e4ischen Union gef\u00fchrt hatten. In der Zwischenzeit verlor aber die moldauische Landesw\u00e4hrung, der Lew, in nur drei Monaten gegen\u00fcber dem US-Dollar 7,5%. Laut Prognosen k\u00f6nnte der Lew in den folgenden Wochen noch mehr an Wert verlieren, wenn die Nationalbank in Chisinau nicht schnell interveniert. 2015 k\u00f6nnten die Preise f\u00fcr Erdgas, Kraftstoff, Strom und Heizung betr\u00e4chtlich steigen, meinen die Wirtschaftsanalysten.<\/p>\n<p>&#13;<br \/>\n&#13;<\/p>\n<p>&#13;<br \/>\n&#13;<\/p>\n<p>Auf den ersten Blick k\u00f6nnte es so aussehen, dass die Verantwortlichen in Moskau \u00fcber die Schwierigkeiten der ex-sowjetischen Republiken, die sich in Richtung Westen orientierten, jubilieren, aber die russische Wirtschaft sieht auch nicht besonders gut aus. Durch die  Sanktionen, die die Westm\u00e4chte infolge der russischen Annexion der Halbinsel Krim gegen Russland getroffen haben, und durch den R\u00fcckgang des Erd\u00f6lpreises wurde die russische W\u00e4hrung, der Rubel, stark angeschlagen und erreichte einen neuen historischen Tiefstand. Seit Anfang dieses Jahres hat der Rubel mehr als 70% gegen\u00fcber dem US-Dollar und mehr als 55% gegen\u00fcber dem Euro verloren. Die Zentralbank in Moskau gab bekannt, sie sei darauf vorbereitet, n\u00e4chstes Jahr ein F\u00fcnftel ihrer gegenw\u00e4rtigen Devisenreserven f\u00fcr die Unterst\u00fctzung der Landesw\u00e4hrung einzusetzen.<\/p>\n<p>&#13;<\/p>\n","protected":false},"excerpt":{"rendered":"<p>Die politischen, geopolitischen und milit\u00e4rischen Turbulenzen der letzten Monate haben auch die Wirtschaft der Staaten im ex-sowjetischen Raum beeintr\u00e4chtigt.<\/p>\n","protected":false},"author":105,"featured_media":346050,"comment_status":"closed","ping_status":"closed","sticky":false,"template":"","format":"standard","meta":{"_acf_changed":false,"footnotes":""},"categories":[99583],"tags":[151607,100841,100500,41978,35157,100576,99900,99911,101422,99824,101475,134268,99757],"coauthors":[],"class_list":["post-458755","post","type-post","status-publish","format-standard","has-post-thumbnail","hentry","category-rri-aktuell","tag-chisinau-de","tag-devisen","tag-kiew","tag-krim","tag-land","tag-moldau","tag-moskau","tag-partei","tag-preis","tag-russland","tag-separatisten","tag-ukraine-de","tag-wirtschaft"],"acf":[],"yoast_head":"<!-- This site is optimized with the Yoast SEO plugin v27.3 - https:\/\/yoast.com\/product\/yoast-seo-wordpress\/ -->\n<title>Die Ukraine braucht Unterst\u00fctzung aus dem Westen - Radio Rum\u00e4nien International<\/title>\n<meta name=\"robots\" content=\"index, follow, max-snippet:-1, max-image-preview:large, max-video-preview:-1\" \/>\n<link rel=\"canonical\" href=\"https:\/\/www.rri.ro\/de\/aktuell\/rri-aktuell\/die-ukraine-braucht-unterstuetzung-aus-dem-westen-id458755.html\" \/>\n<meta property=\"og:locale\" content=\"de_DE\" \/>\n<meta property=\"og:type\" content=\"article\" \/>\n<meta property=\"og:title\" content=\"Die Ukraine braucht Unterst\u00fctzung aus dem Westen - Radio Rum\u00e4nien International\" \/>\n<meta property=\"og:description\" content=\"Die politischen, geopolitischen und milit\u00e4rischen Turbulenzen der letzten Monate haben auch die Wirtschaft der Staaten im ex-sowjetischen Raum beeintr\u00e4chtigt.\" \/>\n<meta property=\"og:url\" content=\"https:\/\/www.rri.ro\/de\/aktuell\/rri-aktuell\/die-ukraine-braucht-unterstuetzung-aus-dem-westen-id458755.html\" \/>\n<meta property=\"og:site_name\" content=\"Radio Rum\u00e4nien International\" \/>\n<meta property=\"article:published_time\" content=\"2014-12-12T14:27:00+00:00\" \/>\n<meta property=\"article:modified_time\" content=\"2024-02-19T17:54:30+00:00\" \/>\n<meta property=\"og:image\" content=\"https:\/\/www.rri.ro\/wp-content\/uploads\/2023\/10\/valuta-dolari-640.png\" \/>\n\t<meta property=\"og:image:width\" content=\"640\" \/>\n\t<meta property=\"og:image:height\" content=\"480\" \/>\n\t<meta property=\"og:image:type\" content=\"image\/png\" \/>\n<meta name=\"author\" content=\"Bogdan Matei\" \/>\n<meta name=\"twitter:card\" content=\"summary_large_image\" \/>\n<meta name=\"twitter:label1\" content=\"Verfasst von\" \/>\n\t<meta name=\"twitter:data1\" content=\"Bogdan Matei\" \/>\n\t<meta name=\"twitter:label2\" content=\"Gesch\u00e4tzte Lesezeit\" \/>\n\t<meta name=\"twitter:data2\" content=\"3\u00a0Minuten\" \/>\n\t<meta name=\"twitter:label3\" content=\"Written by\" \/>\n\t<meta name=\"twitter:data3\" content=\"Bogdan Matei\" \/>\n<script type=\"application\/ld+json\" class=\"yoast-schema-graph\">{\"@context\":\"https:\\\/\\\/schema.org\",\"@graph\":[{\"@type\":\"Article\",\"@id\":\"https:\\\/\\\/www.rri.ro\\\/de\\\/aktuell\\\/rri-aktuell\\\/die-ukraine-braucht-unterstuetzung-aus-dem-westen-id458755.html#article\",\"isPartOf\":{\"@id\":\"https:\\\/\\\/www.rri.ro\\\/de\\\/aktuell\\\/rri-aktuell\\\/die-ukraine-braucht-unterstuetzung-aus-dem-westen-id458755.html\"},\"author\":{\"name\":\"Bogdan Matei\",\"@id\":\"https:\\\/\\\/www.rri.ro\\\/#\\\/schema\\\/person\\\/0ed327d40678578e6dbb840527e3ba32\"},\"headline\":\"Die Ukraine braucht Unterst\u00fctzung aus dem Westen\",\"datePublished\":\"2014-12-12T14:27:00+00:00\",\"dateModified\":\"2024-02-19T17:54:30+00:00\",\"mainEntityOfPage\":{\"@id\":\"https:\\\/\\\/www.rri.ro\\\/de\\\/aktuell\\\/rri-aktuell\\\/die-ukraine-braucht-unterstuetzung-aus-dem-westen-id458755.html\"},\"wordCount\":534,\"image\":{\"@id\":\"https:\\\/\\\/www.rri.ro\\\/de\\\/aktuell\\\/rri-aktuell\\\/die-ukraine-braucht-unterstuetzung-aus-dem-westen-id458755.html#primaryimage\"},\"thumbnailUrl\":\"https:\\\/\\\/www.rri.ro\\\/wp-content\\\/uploads\\\/2023\\\/10\\\/valuta-dolari-640.png\",\"keywords\":[\"chisinau\",\"Devisen\",\"Kiew\",\"Krim\",\"land\",\"Moldau\",\"Moskau\",\"Partei\",\"Preis\",\"Russland\",\"Separatisten\",\"Ukraine\",\"Wirtschaft\"],\"articleSection\":[\"RRI Aktuell\"],\"inLanguage\":\"de\"},{\"@type\":\"WebPage\",\"@id\":\"https:\\\/\\\/www.rri.ro\\\/de\\\/aktuell\\\/rri-aktuell\\\/die-ukraine-braucht-unterstuetzung-aus-dem-westen-id458755.html\",\"url\":\"https:\\\/\\\/www.rri.ro\\\/de\\\/aktuell\\\/rri-aktuell\\\/die-ukraine-braucht-unterstuetzung-aus-dem-westen-id458755.html\",\"name\":\"Die Ukraine braucht Unterst\u00fctzung aus dem Westen - Radio Rum\u00e4nien International\",\"isPartOf\":{\"@id\":\"https:\\\/\\\/www.rri.ro\\\/#website\"},\"primaryImageOfPage\":{\"@id\":\"https:\\\/\\\/www.rri.ro\\\/de\\\/aktuell\\\/rri-aktuell\\\/die-ukraine-braucht-unterstuetzung-aus-dem-westen-id458755.html#primaryimage\"},\"image\":{\"@id\":\"https:\\\/\\\/www.rri.ro\\\/de\\\/aktuell\\\/rri-aktuell\\\/die-ukraine-braucht-unterstuetzung-aus-dem-westen-id458755.html#primaryimage\"},\"thumbnailUrl\":\"https:\\\/\\\/www.rri.ro\\\/wp-content\\\/uploads\\\/2023\\\/10\\\/valuta-dolari-640.png\",\"datePublished\":\"2014-12-12T14:27:00+00:00\",\"dateModified\":\"2024-02-19T17:54:30+00:00\",\"author\":{\"@id\":\"https:\\\/\\\/www.rri.ro\\\/#\\\/schema\\\/person\\\/0ed327d40678578e6dbb840527e3ba32\"},\"breadcrumb\":{\"@id\":\"https:\\\/\\\/www.rri.ro\\\/de\\\/aktuell\\\/rri-aktuell\\\/die-ukraine-braucht-unterstuetzung-aus-dem-westen-id458755.html#breadcrumb\"},\"inLanguage\":\"de\",\"potentialAction\":[{\"@type\":\"ReadAction\",\"target\":[\"https:\\\/\\\/www.rri.ro\\\/de\\\/aktuell\\\/rri-aktuell\\\/die-ukraine-braucht-unterstuetzung-aus-dem-westen-id458755.html\"]}]},{\"@type\":\"ImageObject\",\"inLanguage\":\"de\",\"@id\":\"https:\\\/\\\/www.rri.ro\\\/de\\\/aktuell\\\/rri-aktuell\\\/die-ukraine-braucht-unterstuetzung-aus-dem-westen-id458755.html#primaryimage\",\"url\":\"https:\\\/\\\/www.rri.ro\\\/wp-content\\\/uploads\\\/2023\\\/10\\\/valuta-dolari-640.png\",\"contentUrl\":\"https:\\\/\\\/www.rri.ro\\\/wp-content\\\/uploads\\\/2023\\\/10\\\/valuta-dolari-640.png\",\"width\":640,\"height\":480},{\"@type\":\"BreadcrumbList\",\"@id\":\"https:\\\/\\\/www.rri.ro\\\/de\\\/aktuell\\\/rri-aktuell\\\/die-ukraine-braucht-unterstuetzung-aus-dem-westen-id458755.html#breadcrumb\",\"itemListElement\":[{\"@type\":\"ListItem\",\"position\":1,\"name\":\"Startseite\",\"item\":\"https:\\\/\\\/www.rri.ro\\\/de\"},{\"@type\":\"ListItem\",\"position\":2,\"name\":\"Aktuell\",\"item\":\"https:\\\/\\\/www.rri.ro\\\/de\\\/aktuell\"},{\"@type\":\"ListItem\",\"position\":3,\"name\":\"RRI Aktuell\",\"item\":\"https:\\\/\\\/www.rri.ro\\\/de\\\/aktuell\\\/rri-aktuell\"},{\"@type\":\"ListItem\",\"position\":4,\"name\":\"Die Ukraine braucht Unterst\u00fctzung aus dem Westen\"}]},{\"@type\":\"WebSite\",\"@id\":\"https:\\\/\\\/www.rri.ro\\\/#website\",\"url\":\"https:\\\/\\\/www.rri.ro\\\/\",\"name\":\"Radio Rum\u00e4nien International\",\"description\":\"Totul despre Rom\u00e2nia \u015fi rom\u00e2ni, \u00een 13 limbi\\\/dialecte!\",\"inLanguage\":\"de\"},{\"@type\":\"Person\",\"@id\":\"https:\\\/\\\/www.rri.ro\\\/#\\\/schema\\\/person\\\/0ed327d40678578e6dbb840527e3ba32\",\"name\":\"Bogdan Matei\",\"url\":\"https:\\\/\\\/www.rri.ro\\\/de\\\/author\\\/bogdan-matei\"}]}<\/script>\n<!-- \/ Yoast SEO plugin. -->","yoast_head_json":{"title":"Die Ukraine braucht Unterst\u00fctzung aus dem Westen - Radio Rum\u00e4nien International","robots":{"index":"index","follow":"follow","max-snippet":"max-snippet:-1","max-image-preview":"max-image-preview:large","max-video-preview":"max-video-preview:-1"},"canonical":"https:\/\/www.rri.ro\/de\/aktuell\/rri-aktuell\/die-ukraine-braucht-unterstuetzung-aus-dem-westen-id458755.html","og_locale":"de_DE","og_type":"article","og_title":"Die Ukraine braucht Unterst\u00fctzung aus dem Westen - Radio Rum\u00e4nien International","og_description":"Die politischen, geopolitischen und milit\u00e4rischen Turbulenzen der letzten Monate haben auch die Wirtschaft der Staaten im ex-sowjetischen Raum beeintr\u00e4chtigt.","og_url":"https:\/\/www.rri.ro\/de\/aktuell\/rri-aktuell\/die-ukraine-braucht-unterstuetzung-aus-dem-westen-id458755.html","og_site_name":"Radio Rum\u00e4nien International","article_published_time":"2014-12-12T14:27:00+00:00","article_modified_time":"2024-02-19T17:54:30+00:00","og_image":[{"width":640,"height":480,"url":"https:\/\/www.rri.ro\/wp-content\/uploads\/2023\/10\/valuta-dolari-640.png","type":"image\/png"}],"author":"Bogdan Matei","twitter_card":"summary_large_image","twitter_misc":{"Verfasst von":"Bogdan Matei","Gesch\u00e4tzte Lesezeit":"3\u00a0Minuten","Written by":"Bogdan Matei"},"schema":{"@context":"https:\/\/schema.org","@graph":[{"@type":"Article","@id":"https:\/\/www.rri.ro\/de\/aktuell\/rri-aktuell\/die-ukraine-braucht-unterstuetzung-aus-dem-westen-id458755.html#article","isPartOf":{"@id":"https:\/\/www.rri.ro\/de\/aktuell\/rri-aktuell\/die-ukraine-braucht-unterstuetzung-aus-dem-westen-id458755.html"},"author":{"name":"Bogdan Matei","@id":"https:\/\/www.rri.ro\/#\/schema\/person\/0ed327d40678578e6dbb840527e3ba32"},"headline":"Die Ukraine braucht Unterst\u00fctzung aus dem Westen","datePublished":"2014-12-12T14:27:00+00:00","dateModified":"2024-02-19T17:54:30+00:00","mainEntityOfPage":{"@id":"https:\/\/www.rri.ro\/de\/aktuell\/rri-aktuell\/die-ukraine-braucht-unterstuetzung-aus-dem-westen-id458755.html"},"wordCount":534,"image":{"@id":"https:\/\/www.rri.ro\/de\/aktuell\/rri-aktuell\/die-ukraine-braucht-unterstuetzung-aus-dem-westen-id458755.html#primaryimage"},"thumbnailUrl":"https:\/\/www.rri.ro\/wp-content\/uploads\/2023\/10\/valuta-dolari-640.png","keywords":["chisinau","Devisen","Kiew","Krim","land","Moldau","Moskau","Partei","Preis","Russland","Separatisten","Ukraine","Wirtschaft"],"articleSection":["RRI Aktuell"],"inLanguage":"de"},{"@type":"WebPage","@id":"https:\/\/www.rri.ro\/de\/aktuell\/rri-aktuell\/die-ukraine-braucht-unterstuetzung-aus-dem-westen-id458755.html","url":"https:\/\/www.rri.ro\/de\/aktuell\/rri-aktuell\/die-ukraine-braucht-unterstuetzung-aus-dem-westen-id458755.html","name":"Die Ukraine braucht Unterst\u00fctzung aus dem Westen - Radio Rum\u00e4nien International","isPartOf":{"@id":"https:\/\/www.rri.ro\/#website"},"primaryImageOfPage":{"@id":"https:\/\/www.rri.ro\/de\/aktuell\/rri-aktuell\/die-ukraine-braucht-unterstuetzung-aus-dem-westen-id458755.html#primaryimage"},"image":{"@id":"https:\/\/www.rri.ro\/de\/aktuell\/rri-aktuell\/die-ukraine-braucht-unterstuetzung-aus-dem-westen-id458755.html#primaryimage"},"thumbnailUrl":"https:\/\/www.rri.ro\/wp-content\/uploads\/2023\/10\/valuta-dolari-640.png","datePublished":"2014-12-12T14:27:00+00:00","dateModified":"2024-02-19T17:54:30+00:00","author":{"@id":"https:\/\/www.rri.ro\/#\/schema\/person\/0ed327d40678578e6dbb840527e3ba32"},"breadcrumb":{"@id":"https:\/\/www.rri.ro\/de\/aktuell\/rri-aktuell\/die-ukraine-braucht-unterstuetzung-aus-dem-westen-id458755.html#breadcrumb"},"inLanguage":"de","potentialAction":[{"@type":"ReadAction","target":["https:\/\/www.rri.ro\/de\/aktuell\/rri-aktuell\/die-ukraine-braucht-unterstuetzung-aus-dem-westen-id458755.html"]}]},{"@type":"ImageObject","inLanguage":"de","@id":"https:\/\/www.rri.ro\/de\/aktuell\/rri-aktuell\/die-ukraine-braucht-unterstuetzung-aus-dem-westen-id458755.html#primaryimage","url":"https:\/\/www.rri.ro\/wp-content\/uploads\/2023\/10\/valuta-dolari-640.png","contentUrl":"https:\/\/www.rri.ro\/wp-content\/uploads\/2023\/10\/valuta-dolari-640.png","width":640,"height":480},{"@type":"BreadcrumbList","@id":"https:\/\/www.rri.ro\/de\/aktuell\/rri-aktuell\/die-ukraine-braucht-unterstuetzung-aus-dem-westen-id458755.html#breadcrumb","itemListElement":[{"@type":"ListItem","position":1,"name":"Startseite","item":"https:\/\/www.rri.ro\/de"},{"@type":"ListItem","position":2,"name":"Aktuell","item":"https:\/\/www.rri.ro\/de\/aktuell"},{"@type":"ListItem","position":3,"name":"RRI Aktuell","item":"https:\/\/www.rri.ro\/de\/aktuell\/rri-aktuell"},{"@type":"ListItem","position":4,"name":"Die Ukraine braucht Unterst\u00fctzung aus dem Westen"}]},{"@type":"WebSite","@id":"https:\/\/www.rri.ro\/#website","url":"https:\/\/www.rri.ro\/","name":"Radio Rum\u00e4nien International","description":"Totul despre Rom\u00e2nia \u015fi rom\u00e2ni, \u00een 13 limbi\/dialecte!","inLanguage":"de"},{"@type":"Person","@id":"https:\/\/www.rri.ro\/#\/schema\/person\/0ed327d40678578e6dbb840527e3ba32","name":"Bogdan Matei","url":"https:\/\/www.rri.ro\/de\/author\/bogdan-matei"}]}},"_links":{"self":[{"href":"https:\/\/www.rri.ro\/de\/wp-json\/wp\/v2\/posts\/458755","targetHints":{"allow":["GET"]}}],"collection":[{"href":"https:\/\/www.rri.ro\/de\/wp-json\/wp\/v2\/posts"}],"about":[{"href":"https:\/\/www.rri.ro\/de\/wp-json\/wp\/v2\/types\/post"}],"author":[{"embeddable":true,"href":"https:\/\/www.rri.ro\/de\/wp-json\/wp\/v2\/users\/105"}],"replies":[{"embeddable":true,"href":"https:\/\/www.rri.ro\/de\/wp-json\/wp\/v2\/comments?post=458755"}],"version-history":[{"count":0,"href":"https:\/\/www.rri.ro\/de\/wp-json\/wp\/v2\/posts\/458755\/revisions"}],"wp:featuredmedia":[{"embeddable":true,"href":"https:\/\/www.rri.ro\/de\/wp-json\/wp\/v2\/media\/346050"}],"wp:attachment":[{"href":"https:\/\/www.rri.ro\/de\/wp-json\/wp\/v2\/media?parent=458755"}],"wp:term":[{"taxonomy":"category","embeddable":true,"href":"https:\/\/www.rri.ro\/de\/wp-json\/wp\/v2\/categories?post=458755"},{"taxonomy":"post_tag","embeddable":true,"href":"https:\/\/www.rri.ro\/de\/wp-json\/wp\/v2\/tags?post=458755"},{"taxonomy":"author","embeddable":true,"href":"https:\/\/www.rri.ro\/de\/wp-json\/wp\/v2\/coauthors?post=458755"}],"curies":[{"name":"wp","href":"https:\/\/api.w.org\/{rel}","templated":true}]}}