{"id":458767,"date":"2014-12-24T16:09:00","date_gmt":"2014-12-24T14:09:00","guid":{"rendered":"http:\/\/devrri.freshlemon.ro\/aktuell\/tauziehen-um-proeuropaeische-regierung-in-moldau-geht-weiter-id458767.html"},"modified":"2024-02-19T19:55:25","modified_gmt":"2024-02-19T17:55:25","slug":"tauziehen-um-proeuropaeische-regierung-in-moldau-geht-weiter","status":"publish","type":"post","link":"https:\/\/www.rri.ro\/de\/aktuell\/rri-aktuell\/tauziehen-um-proeuropaeische-regierung-in-moldau-geht-weiter-id458767.html","title":{"rendered":"Tauziehen um proeurop\u00e4ische Regierung in Moldau geht weiter"},"content":{"rendered":"<p align=left>Der Pr\u00e4sident der Republik Moldau, Nicolae Timofti, hat den 29. Dezember als ersten Sitzungstag des neuen, aus den Wahlen vor einem Monat hervorgegangenen Parlaments angesetzt.  Das gibt den proeurop\u00e4ischen Kr\u00e4ften noch etwas Zeit, \u00fcber eine tragf\u00e4hige Mehrheit zu verhandeln. Der Sprecher des Pr\u00e4sidialamtes, Vlad \u0162urcanu, sagte, dass Timofti den Termin in der Hoffnung auf den Erfolg der Diskussionen angesetzt hat:<strong style=line-height: 1.6em;><em> Der Pr\u00e4sident hofft, dass die Parteien bis zum Zeitpunkt des Legislaturbeginns ihre Verhandlungen abschlie\u200e\u00dfen. Er erwartet die Bildung einer Koalition, wie immer sie aussehen mag. Der Pr\u00e4sident hofft aber aus der bereits ausgedr\u00fcckten Perspektive zur Bedeutung der weiteren europ\u00e4ischen Integration, dass die Koalition eine proeurop\u00e4ische sein wird\u201c<\/em><\/strong>, so Vlad \u0162urcanu.<\/p>\n<p>&#13;<br \/>\n&#13;<\/p>\n<p>&#13;<br \/>\n&#13;<\/p>\n<p>Die drei proeurop\u00e4ischen Parteien, die den Einzug ins Parlament geschafft haben, verhandeln hinter geschlossenen T\u00fcren, so dass \u00fcber eventuelle Fortschritte nicht sehr viel bekannt ist. Die moldauische Presse schreibt, dass  die Liberalen einen so genannten europ\u00e4ischen Schl\u00fcssel f\u00fcr die Amtsverteilung in  der k\u00fcnftigen Koalition vorschlagen. Die Parteien sollten sich die Ressorts nach dem Rotationsprinzip ausw\u00e4hlen k\u00f6nnen, wobei die st\u00e4rkste Partei als erste am Zug ist.  Die Demokratische Partei sei aber skeptisch und  w\u00fcrde ein solches Modell nicht f\u00fcr die h\u00f6chsten \u00c4mter im Staat akzeptieren. Die drei Parteien stellen zusammen 55 der 101 Sitze im neuen Parlament und k\u00f6nnten somit eine regierungsf\u00e4hige Mehrheit bilden. Im Parlament sind auch die Kommunisten und die Sozialisten vertreten, die eine st\u00e4rkere Verbindung zu Russland wollen.<\/p>\n<p>&#13;<br \/>\n&#13;<\/p>\n<p>&#13;<br \/>\n&#13;<\/p>\n<p>Aus Bukarest wird inzwischen der Wunsch nach einer weiterhin engen Kooperation mit dem Nachbarland Moldau und nach der Weiterf\u00fchrung angefangener Projekte laut. Pr\u00e4sident Klaus Johannis und  Premierminister Victor Ponta haben bei einem gemeinsamen Treffen auch die Situation in der Republik Moldau angesprochen. <strong><em> Als Regierung wollen wir zusammen mit dem Pr\u00e4sidenten und allen politisch-administrativen Strukturen auch 2015 f\u00fcr die Moldau das tun, was wir schon 2014 bewegt haben &#8212; und vielleicht noch mehr\u201d<\/em><\/strong>, sagte Premierminister Ponta. Die Moldau hat inzwischen den Vertrag \u00fcber die Aufnahme von Gaslieferungen aus Rum\u00e4nien unterschrieben, der in Chi\u015fin\u0103u als erster Schritt zur Energie- und Wirtschaftsunabh\u00e4ngigkeit der Moldau von der russischen F\u00f6deration gilt. <\/p>\n<p>&#13;<\/p>\n","protected":false},"excerpt":{"rendered":"<p>Das neu gew\u00e4hlte Parlament der Republik Moldau soll am 29. Dezember zusammentreten \u2013 einen Tag vor Ablauf der gesetzlichen Frist f\u00fcr die erste Sitzung. Die drei proeurop\u00e4ischen Parteien verhandeln seit Wochen \u00fcber eine neue Regierungskoalition.<\/p>\n","protected":false},"author":111,"featured_media":45287,"comment_status":"closed","ping_status":"closed","sticky":false,"template":"","format":"standard","meta":{"_acf_changed":false,"footnotes":""},"categories":[99583],"tags":[145379,99586,100115,99589,99824,58486],"coauthors":[],"class_list":["post-458767","post","type-post","status-publish","format-standard","has-post-thumbnail","hentry","category-rri-aktuell","tag-parlament-de","tag-regierung","tag-republik-moldau","tag-rumaenien","tag-russland","tag-timofti"],"acf":[],"yoast_head":"<!-- This site is optimized with the Yoast SEO plugin v27.3 - https:\/\/yoast.com\/product\/yoast-seo-wordpress\/ -->\n<title>Tauziehen um proeurop\u00e4ische Regierung in Moldau geht weiter - Radio Rum\u00e4nien International<\/title>\n<meta name=\"robots\" content=\"index, follow, max-snippet:-1, max-image-preview:large, max-video-preview:-1\" \/>\n<link rel=\"canonical\" href=\"https:\/\/www.rri.ro\/de\/aktuell\/rri-aktuell\/tauziehen-um-proeuropaeische-regierung-in-moldau-geht-weiter-id458767.html\" \/>\n<meta property=\"og:locale\" content=\"de_DE\" \/>\n<meta property=\"og:type\" content=\"article\" \/>\n<meta property=\"og:title\" content=\"Tauziehen um proeurop\u00e4ische Regierung in Moldau geht weiter - Radio Rum\u00e4nien International\" \/>\n<meta property=\"og:description\" content=\"Das neu gew\u00e4hlte Parlament der Republik Moldau soll am 29. Dezember zusammentreten \u2013 einen Tag vor Ablauf der gesetzlichen Frist f\u00fcr die erste Sitzung. Die drei proeurop\u00e4ischen Parteien verhandeln seit Wochen \u00fcber eine neue Regierungskoalition.\" \/>\n<meta property=\"og:url\" content=\"https:\/\/www.rri.ro\/de\/aktuell\/rri-aktuell\/tauziehen-um-proeuropaeische-regierung-in-moldau-geht-weiter-id458767.html\" \/>\n<meta property=\"og:site_name\" content=\"Radio Rum\u00e4nien International\" \/>\n<meta property=\"article:published_time\" content=\"2014-12-24T14:09:00+00:00\" \/>\n<meta property=\"article:modified_time\" content=\"2024-02-19T17:55:25+00:00\" \/>\n<meta property=\"og:image\" content=\"https:\/\/www.rri.ro\/wp-content\/uploads\/2023\/10\/steag-Rep-Moldova.jpg\" \/>\n\t<meta property=\"og:image:width\" content=\"640\" \/>\n\t<meta property=\"og:image:height\" content=\"479\" \/>\n\t<meta property=\"og:image:type\" content=\"image\/jpeg\" \/>\n<meta name=\"author\" content=\"Valentin \u021aig\u0103u\" \/>\n<meta name=\"twitter:card\" content=\"summary_large_image\" \/>\n<meta name=\"twitter:label1\" content=\"Verfasst von\" \/>\n\t<meta name=\"twitter:data1\" content=\"Valentin \u021aig\u0103u\" \/>\n\t<meta name=\"twitter:label2\" content=\"Gesch\u00e4tzte Lesezeit\" \/>\n\t<meta name=\"twitter:data2\" content=\"2\u00a0Minuten\" \/>\n\t<meta name=\"twitter:label3\" content=\"Written by\" \/>\n\t<meta name=\"twitter:data3\" content=\"Valentin \u021aig\u0103u\" \/>\n<script type=\"application\/ld+json\" class=\"yoast-schema-graph\">{\"@context\":\"https:\\\/\\\/schema.org\",\"@graph\":[{\"@type\":\"Article\",\"@id\":\"https:\\\/\\\/www.rri.ro\\\/de\\\/aktuell\\\/rri-aktuell\\\/tauziehen-um-proeuropaeische-regierung-in-moldau-geht-weiter-id458767.html#article\",\"isPartOf\":{\"@id\":\"https:\\\/\\\/www.rri.ro\\\/de\\\/aktuell\\\/rri-aktuell\\\/tauziehen-um-proeuropaeische-regierung-in-moldau-geht-weiter-id458767.html\"},\"author\":{\"name\":\"Valentin \u021aig\u0103u\",\"@id\":\"https:\\\/\\\/www.rri.ro\\\/#\\\/schema\\\/person\\\/dd2e33092651deba594240e14c678732\"},\"headline\":\"Tauziehen um proeurop\u00e4ische Regierung in Moldau geht weiter\",\"datePublished\":\"2014-12-24T14:09:00+00:00\",\"dateModified\":\"2024-02-19T17:55:25+00:00\",\"mainEntityOfPage\":{\"@id\":\"https:\\\/\\\/www.rri.ro\\\/de\\\/aktuell\\\/rri-aktuell\\\/tauziehen-um-proeuropaeische-regierung-in-moldau-geht-weiter-id458767.html\"},\"wordCount\":375,\"image\":{\"@id\":\"https:\\\/\\\/www.rri.ro\\\/de\\\/aktuell\\\/rri-aktuell\\\/tauziehen-um-proeuropaeische-regierung-in-moldau-geht-weiter-id458767.html#primaryimage\"},\"thumbnailUrl\":\"https:\\\/\\\/www.rri.ro\\\/wp-content\\\/uploads\\\/2023\\\/10\\\/steag-Rep-Moldova.jpg\",\"keywords\":[\"Parlament\",\"Regierung\",\"Republik Moldau\",\"Rum\u00e4nien\",\"Russland\",\"Timofti\"],\"articleSection\":[\"RRI Aktuell\"],\"inLanguage\":\"de\"},{\"@type\":\"WebPage\",\"@id\":\"https:\\\/\\\/www.rri.ro\\\/de\\\/aktuell\\\/rri-aktuell\\\/tauziehen-um-proeuropaeische-regierung-in-moldau-geht-weiter-id458767.html\",\"url\":\"https:\\\/\\\/www.rri.ro\\\/de\\\/aktuell\\\/rri-aktuell\\\/tauziehen-um-proeuropaeische-regierung-in-moldau-geht-weiter-id458767.html\",\"name\":\"Tauziehen um proeurop\u00e4ische Regierung in Moldau geht weiter - Radio Rum\u00e4nien International\",\"isPartOf\":{\"@id\":\"https:\\\/\\\/www.rri.ro\\\/#website\"},\"primaryImageOfPage\":{\"@id\":\"https:\\\/\\\/www.rri.ro\\\/de\\\/aktuell\\\/rri-aktuell\\\/tauziehen-um-proeuropaeische-regierung-in-moldau-geht-weiter-id458767.html#primaryimage\"},\"image\":{\"@id\":\"https:\\\/\\\/www.rri.ro\\\/de\\\/aktuell\\\/rri-aktuell\\\/tauziehen-um-proeuropaeische-regierung-in-moldau-geht-weiter-id458767.html#primaryimage\"},\"thumbnailUrl\":\"https:\\\/\\\/www.rri.ro\\\/wp-content\\\/uploads\\\/2023\\\/10\\\/steag-Rep-Moldova.jpg\",\"datePublished\":\"2014-12-24T14:09:00+00:00\",\"dateModified\":\"2024-02-19T17:55:25+00:00\",\"author\":{\"@id\":\"https:\\\/\\\/www.rri.ro\\\/#\\\/schema\\\/person\\\/dd2e33092651deba594240e14c678732\"},\"breadcrumb\":{\"@id\":\"https:\\\/\\\/www.rri.ro\\\/de\\\/aktuell\\\/rri-aktuell\\\/tauziehen-um-proeuropaeische-regierung-in-moldau-geht-weiter-id458767.html#breadcrumb\"},\"inLanguage\":\"de\",\"potentialAction\":[{\"@type\":\"ReadAction\",\"target\":[\"https:\\\/\\\/www.rri.ro\\\/de\\\/aktuell\\\/rri-aktuell\\\/tauziehen-um-proeuropaeische-regierung-in-moldau-geht-weiter-id458767.html\"]}]},{\"@type\":\"ImageObject\",\"inLanguage\":\"de\",\"@id\":\"https:\\\/\\\/www.rri.ro\\\/de\\\/aktuell\\\/rri-aktuell\\\/tauziehen-um-proeuropaeische-regierung-in-moldau-geht-weiter-id458767.html#primaryimage\",\"url\":\"https:\\\/\\\/www.rri.ro\\\/wp-content\\\/uploads\\\/2023\\\/10\\\/steag-Rep-Moldova.jpg\",\"contentUrl\":\"https:\\\/\\\/www.rri.ro\\\/wp-content\\\/uploads\\\/2023\\\/10\\\/steag-Rep-Moldova.jpg\",\"width\":640,\"height\":479},{\"@type\":\"BreadcrumbList\",\"@id\":\"https:\\\/\\\/www.rri.ro\\\/de\\\/aktuell\\\/rri-aktuell\\\/tauziehen-um-proeuropaeische-regierung-in-moldau-geht-weiter-id458767.html#breadcrumb\",\"itemListElement\":[{\"@type\":\"ListItem\",\"position\":1,\"name\":\"Startseite\",\"item\":\"https:\\\/\\\/www.rri.ro\\\/de\"},{\"@type\":\"ListItem\",\"position\":2,\"name\":\"Aktuell\",\"item\":\"https:\\\/\\\/www.rri.ro\\\/de\\\/aktuell\"},{\"@type\":\"ListItem\",\"position\":3,\"name\":\"RRI Aktuell\",\"item\":\"https:\\\/\\\/www.rri.ro\\\/de\\\/aktuell\\\/rri-aktuell\"},{\"@type\":\"ListItem\",\"position\":4,\"name\":\"Tauziehen um proeurop\u00e4ische Regierung in Moldau geht weiter\"}]},{\"@type\":\"WebSite\",\"@id\":\"https:\\\/\\\/www.rri.ro\\\/#website\",\"url\":\"https:\\\/\\\/www.rri.ro\\\/\",\"name\":\"Radio Rum\u00e4nien International\",\"description\":\"Totul despre Rom\u00e2nia \u015fi rom\u00e2ni, \u00een 13 limbi\\\/dialecte!\",\"inLanguage\":\"de\"},{\"@type\":\"Person\",\"@id\":\"https:\\\/\\\/www.rri.ro\\\/#\\\/schema\\\/person\\\/dd2e33092651deba594240e14c678732\",\"name\":\"Valentin \u021aig\u0103u\",\"url\":\"https:\\\/\\\/www.rri.ro\\\/de\\\/author\\\/valentin-tigau\"}]}<\/script>\n<!-- \/ Yoast SEO plugin. -->","yoast_head_json":{"title":"Tauziehen um proeurop\u00e4ische Regierung in Moldau geht weiter - Radio Rum\u00e4nien International","robots":{"index":"index","follow":"follow","max-snippet":"max-snippet:-1","max-image-preview":"max-image-preview:large","max-video-preview":"max-video-preview:-1"},"canonical":"https:\/\/www.rri.ro\/de\/aktuell\/rri-aktuell\/tauziehen-um-proeuropaeische-regierung-in-moldau-geht-weiter-id458767.html","og_locale":"de_DE","og_type":"article","og_title":"Tauziehen um proeurop\u00e4ische Regierung in Moldau geht weiter - Radio Rum\u00e4nien International","og_description":"Das neu gew\u00e4hlte Parlament der Republik Moldau soll am 29. Dezember zusammentreten \u2013 einen Tag vor Ablauf der gesetzlichen Frist f\u00fcr die erste Sitzung. Die drei proeurop\u00e4ischen Parteien verhandeln seit Wochen \u00fcber eine neue Regierungskoalition.","og_url":"https:\/\/www.rri.ro\/de\/aktuell\/rri-aktuell\/tauziehen-um-proeuropaeische-regierung-in-moldau-geht-weiter-id458767.html","og_site_name":"Radio Rum\u00e4nien International","article_published_time":"2014-12-24T14:09:00+00:00","article_modified_time":"2024-02-19T17:55:25+00:00","og_image":[{"width":640,"height":479,"url":"https:\/\/www.rri.ro\/wp-content\/uploads\/2023\/10\/steag-Rep-Moldova.jpg","type":"image\/jpeg"}],"author":"Valentin \u021aig\u0103u","twitter_card":"summary_large_image","twitter_misc":{"Verfasst von":"Valentin \u021aig\u0103u","Gesch\u00e4tzte Lesezeit":"2\u00a0Minuten","Written by":"Valentin \u021aig\u0103u"},"schema":{"@context":"https:\/\/schema.org","@graph":[{"@type":"Article","@id":"https:\/\/www.rri.ro\/de\/aktuell\/rri-aktuell\/tauziehen-um-proeuropaeische-regierung-in-moldau-geht-weiter-id458767.html#article","isPartOf":{"@id":"https:\/\/www.rri.ro\/de\/aktuell\/rri-aktuell\/tauziehen-um-proeuropaeische-regierung-in-moldau-geht-weiter-id458767.html"},"author":{"name":"Valentin \u021aig\u0103u","@id":"https:\/\/www.rri.ro\/#\/schema\/person\/dd2e33092651deba594240e14c678732"},"headline":"Tauziehen um proeurop\u00e4ische Regierung in Moldau geht weiter","datePublished":"2014-12-24T14:09:00+00:00","dateModified":"2024-02-19T17:55:25+00:00","mainEntityOfPage":{"@id":"https:\/\/www.rri.ro\/de\/aktuell\/rri-aktuell\/tauziehen-um-proeuropaeische-regierung-in-moldau-geht-weiter-id458767.html"},"wordCount":375,"image":{"@id":"https:\/\/www.rri.ro\/de\/aktuell\/rri-aktuell\/tauziehen-um-proeuropaeische-regierung-in-moldau-geht-weiter-id458767.html#primaryimage"},"thumbnailUrl":"https:\/\/www.rri.ro\/wp-content\/uploads\/2023\/10\/steag-Rep-Moldova.jpg","keywords":["Parlament","Regierung","Republik Moldau","Rum\u00e4nien","Russland","Timofti"],"articleSection":["RRI Aktuell"],"inLanguage":"de"},{"@type":"WebPage","@id":"https:\/\/www.rri.ro\/de\/aktuell\/rri-aktuell\/tauziehen-um-proeuropaeische-regierung-in-moldau-geht-weiter-id458767.html","url":"https:\/\/www.rri.ro\/de\/aktuell\/rri-aktuell\/tauziehen-um-proeuropaeische-regierung-in-moldau-geht-weiter-id458767.html","name":"Tauziehen um proeurop\u00e4ische Regierung in Moldau geht weiter - Radio Rum\u00e4nien International","isPartOf":{"@id":"https:\/\/www.rri.ro\/#website"},"primaryImageOfPage":{"@id":"https:\/\/www.rri.ro\/de\/aktuell\/rri-aktuell\/tauziehen-um-proeuropaeische-regierung-in-moldau-geht-weiter-id458767.html#primaryimage"},"image":{"@id":"https:\/\/www.rri.ro\/de\/aktuell\/rri-aktuell\/tauziehen-um-proeuropaeische-regierung-in-moldau-geht-weiter-id458767.html#primaryimage"},"thumbnailUrl":"https:\/\/www.rri.ro\/wp-content\/uploads\/2023\/10\/steag-Rep-Moldova.jpg","datePublished":"2014-12-24T14:09:00+00:00","dateModified":"2024-02-19T17:55:25+00:00","author":{"@id":"https:\/\/www.rri.ro\/#\/schema\/person\/dd2e33092651deba594240e14c678732"},"breadcrumb":{"@id":"https:\/\/www.rri.ro\/de\/aktuell\/rri-aktuell\/tauziehen-um-proeuropaeische-regierung-in-moldau-geht-weiter-id458767.html#breadcrumb"},"inLanguage":"de","potentialAction":[{"@type":"ReadAction","target":["https:\/\/www.rri.ro\/de\/aktuell\/rri-aktuell\/tauziehen-um-proeuropaeische-regierung-in-moldau-geht-weiter-id458767.html"]}]},{"@type":"ImageObject","inLanguage":"de","@id":"https:\/\/www.rri.ro\/de\/aktuell\/rri-aktuell\/tauziehen-um-proeuropaeische-regierung-in-moldau-geht-weiter-id458767.html#primaryimage","url":"https:\/\/www.rri.ro\/wp-content\/uploads\/2023\/10\/steag-Rep-Moldova.jpg","contentUrl":"https:\/\/www.rri.ro\/wp-content\/uploads\/2023\/10\/steag-Rep-Moldova.jpg","width":640,"height":479},{"@type":"BreadcrumbList","@id":"https:\/\/www.rri.ro\/de\/aktuell\/rri-aktuell\/tauziehen-um-proeuropaeische-regierung-in-moldau-geht-weiter-id458767.html#breadcrumb","itemListElement":[{"@type":"ListItem","position":1,"name":"Startseite","item":"https:\/\/www.rri.ro\/de"},{"@type":"ListItem","position":2,"name":"Aktuell","item":"https:\/\/www.rri.ro\/de\/aktuell"},{"@type":"ListItem","position":3,"name":"RRI Aktuell","item":"https:\/\/www.rri.ro\/de\/aktuell\/rri-aktuell"},{"@type":"ListItem","position":4,"name":"Tauziehen um proeurop\u00e4ische Regierung in Moldau geht weiter"}]},{"@type":"WebSite","@id":"https:\/\/www.rri.ro\/#website","url":"https:\/\/www.rri.ro\/","name":"Radio Rum\u00e4nien International","description":"Totul despre Rom\u00e2nia \u015fi rom\u00e2ni, \u00een 13 limbi\/dialecte!","inLanguage":"de"},{"@type":"Person","@id":"https:\/\/www.rri.ro\/#\/schema\/person\/dd2e33092651deba594240e14c678732","name":"Valentin \u021aig\u0103u","url":"https:\/\/www.rri.ro\/de\/author\/valentin-tigau"}]}},"_links":{"self":[{"href":"https:\/\/www.rri.ro\/de\/wp-json\/wp\/v2\/posts\/458767","targetHints":{"allow":["GET"]}}],"collection":[{"href":"https:\/\/www.rri.ro\/de\/wp-json\/wp\/v2\/posts"}],"about":[{"href":"https:\/\/www.rri.ro\/de\/wp-json\/wp\/v2\/types\/post"}],"author":[{"embeddable":true,"href":"https:\/\/www.rri.ro\/de\/wp-json\/wp\/v2\/users\/111"}],"replies":[{"embeddable":true,"href":"https:\/\/www.rri.ro\/de\/wp-json\/wp\/v2\/comments?post=458767"}],"version-history":[{"count":0,"href":"https:\/\/www.rri.ro\/de\/wp-json\/wp\/v2\/posts\/458767\/revisions"}],"wp:featuredmedia":[{"embeddable":true,"href":"https:\/\/www.rri.ro\/de\/wp-json\/wp\/v2\/media\/45287"}],"wp:attachment":[{"href":"https:\/\/www.rri.ro\/de\/wp-json\/wp\/v2\/media?parent=458767"}],"wp:term":[{"taxonomy":"category","embeddable":true,"href":"https:\/\/www.rri.ro\/de\/wp-json\/wp\/v2\/categories?post=458767"},{"taxonomy":"post_tag","embeddable":true,"href":"https:\/\/www.rri.ro\/de\/wp-json\/wp\/v2\/tags?post=458767"},{"taxonomy":"author","embeddable":true,"href":"https:\/\/www.rri.ro\/de\/wp-json\/wp\/v2\/coauthors?post=458767"}],"curies":[{"name":"wp","href":"https:\/\/api.w.org\/{rel}","templated":true}]}}