{"id":458775,"date":"2015-01-07T16:40:00","date_gmt":"2015-01-07T14:40:00","guid":{"rendered":"http:\/\/devrri.freshlemon.ro\/aktuell\/praesident-johannis-will-aufhebung-der-eu-ueberwachung-der-rumaenischen-justiz-bis-2016-id458775.html"},"modified":"2024-02-19T19:56:17","modified_gmt":"2024-02-19T17:56:17","slug":"praesident-johannis-will-aufhebung-der-eu-ueberwachung-der-rumaenischen-justiz-bis-2016","status":"publish","type":"post","link":"https:\/\/www.rri.ro\/de\/aktuell\/rri-aktuell\/praesident-johannis-will-aufhebung-der-eu-ueberwachung-der-rumaenischen-justiz-bis-2016-id458775.html","title":{"rendered":"Pr\u00e4sident Johannis will Aufhebung der EU-\u00dcberwachung der rum\u00e4nischen Justiz bis 2016"},"content":{"rendered":"<p align=left>Unter der \u00dcberwachung der Europ\u00e4ischen Kommission, die durch den Kooperations- und Kontrollmechanismus ein aufmerksames Auge auf die rum\u00e4nische Justiz beh\u00e4lt, sind in den letzten acht Jahren signifikante Fortschritte erzielt worden. Dies sagte am Montag Pr\u00e4sident Johannis zum Auftakt der Sitzung des Obersten Magistraturrates, dem Selbstverwaltungsgremium der rum\u00e4nischen Justiz. Johannis, der die Sitzung auch leitete, ist aber der Meinung, dass es an der Zeit sei, Rum\u00e4nien objektiv zu beurteilen und den Mechanismus aufzuheben: Eines des gro\u200e\u00dfen Ziele der Justizverwaltung muss darin bestehen, den Kooperations- und Kontrollmechanismus aufzuheben. S\u00e4mtliche Justizbeh\u00f6rden, aber auch das Parlament und die Exekutive sollten darauf hinarbeiten, dass bei Ablauf des Mandats des gegenw\u00e4rtigen Rates und der Legislaturperiode des gegenw\u00e4rtigen Parlaments dieser Erfolg steht,\u201d sagte Johannis.<\/p>\n<p>&#13;<br \/>\n&#13;<\/p>\n<p align=left>\n<p>&#13;<br \/>\n&#13;<\/p>\n<p align=left>Auch betonte der Pr\u00e4sident den Bedarf nach einer weiterhin unabh\u00e4ngigen, kompetenten Justiz mit ehrlichen Richtern und Staatsanw\u00e4lten. Er ermutigte die Richter und Staatsanw\u00e4lte, sich nicht einsch\u00fcchtern zu lassen &#8212; er werde ihnen als loyaler Partner beistehen. Die Pr\u00e4sidentin des Obersten Gerichtshofs, Livia Stanciu, sieht die Situation anders &#8212; die \u00dcberwachung der Europ\u00e4ischen Kommission sei notwendig, selbst wenn dies dem Schengen-Beitritt Rum\u00e4niens vorerst schadet. Meines Erachtens ist der Kooperations- und Kontrollmechanismus wichtig, weil viele der Ziele noch nicht erreicht wurden,\u201d so die oberste Richterin.<\/p>\n<p>&#13;<br \/>\n&#13;<\/p>\n<p align=left>\n<p>&#13;<br \/>\n&#13;<\/p>\n<p align=left>Der am Montag  von den Richtern und Staatsanw\u00e4lten neu gew<span style=line-height: 20.7999992370605px;>\u00e4hlte<\/span> Vorsitzende des Magistraturrates,  Marius Tudose, will seinerseits eine wirksamere und qualitativ hochwertigere Rechtspflege. Der 42j\u00e4hrige Richter z\u00e4hlte auch einige seiner Ziele auf:  In erste Linie geht es jetzt darum, einen Ma\u200e\u00dfnahmenplan zu erstellen, nachdem wir den Fortschrittsbericht im Rahmen des Mechanismus pr\u00fcfen. Das zweite Ziel ist, innerhalb von h\u00f6chstens zwei Monaten dem Justizminister Vorschl\u00e4ge zur Novellierung des Rechtsrahmen im Justizwesen vorzulegen\u201d, sagte der Richter.<\/p>\n<p>&#13;<br \/>\n&#13;<\/p>\n<p align=left>\n<p>&#13;<br \/>\n&#13;<\/p>\n<p align=left>Tudose begr\u00fc\u200e\u00dfte die Idee des Pr\u00e4sidenten, dass k\u00fcnftig sowohl dem Magistraturrat als auch dem Obersten Gerichtshof  und der Generalstaatsanwaltschaft Kompetenzen zur Gesetzesinitiative \u00fcbertragen werden sollten.  <\/p>\n<p>&#13;<br \/>\n&#13;<\/p>\n<p align=left>\n<p>&#13;<br \/>\n&#13;<\/p>\n<p align=left>Ende Januar soll die Europ\u00e4ische Kommission  einen neuen Bericht zu den  Fortschritten der rum\u00e4nischen Justiz  vorlegen. Justizminister  Robert Cazanciuc erkl\u00e4rte auf der Sitzung des Magistraturrates, dass der Bericht hoffentlich positiv ausf\u00e4llt und den Beitritt Rum\u00e4nien zu Schengen zul\u00e4sst. Der Beitritt war wiederholt aufgeschoben worden, nachdem mehrere EU-Mitgliedsstaaten von Rum\u00e4nien eine intensivere Korruptionsbek\u00e4mpfung und Reformen im Justizwesen verlangten. <\/p>\n<p>&#13;<\/p>\n","protected":false},"excerpt":{"rendered":"<p>Die Aufhebung des Kooperations- und Kontrollmechanismus der EU f\u00fcr Rum\u00e4nien und die \u00c4nderung des Rechtsrahmens in der Justizverwaltung sind die wichtigsten Ziele der neuen F\u00fchrung des Obersten Magistraturrates in Rum\u00e4nien.<\/p>\n","protected":false},"author":2,"featured_media":59807,"comment_status":"closed","ping_status":"closed","sticky":false,"template":"","format":"standard","meta":{"_acf_changed":false,"footnotes":""},"categories":[99583],"tags":[99625,168904,99589,145202,102219],"coauthors":[],"class_list":["post-458775","post","type-post","status-publish","format-standard","has-post-thumbnail","hentry","category-rri-aktuell","tag-justiz","tag-reform-de","tag-rumaenien","tag-schengen-de","tag-ueberwachung"],"acf":[],"yoast_head":"<!-- This site is optimized with the Yoast SEO plugin v27.3 - https:\/\/yoast.com\/product\/yoast-seo-wordpress\/ -->\n<title>Pr\u00e4sident Johannis will Aufhebung der EU-\u00dcberwachung der rum\u00e4nischen Justiz bis 2016 - Radio Rum\u00e4nien International<\/title>\n<meta name=\"robots\" content=\"index, follow, max-snippet:-1, max-image-preview:large, max-video-preview:-1\" \/>\n<link rel=\"canonical\" href=\"https:\/\/www.rri.ro\/de\/aktuell\/rri-aktuell\/praesident-johannis-will-aufhebung-der-eu-ueberwachung-der-rumaenischen-justiz-bis-2016-id458775.html\" \/>\n<meta property=\"og:locale\" content=\"de_DE\" \/>\n<meta property=\"og:type\" content=\"article\" \/>\n<meta property=\"og:title\" content=\"Pr\u00e4sident Johannis will Aufhebung der EU-\u00dcberwachung der rum\u00e4nischen Justiz bis 2016 - Radio Rum\u00e4nien International\" \/>\n<meta property=\"og:description\" content=\"Die Aufhebung des Kooperations- und Kontrollmechanismus der EU f\u00fcr Rum\u00e4nien und die \u00c4nderung des Rechtsrahmens in der Justizverwaltung sind die wichtigsten Ziele der neuen F\u00fchrung des Obersten Magistraturrates in Rum\u00e4nien.\" \/>\n<meta property=\"og:url\" content=\"https:\/\/www.rri.ro\/de\/aktuell\/rri-aktuell\/praesident-johannis-will-aufhebung-der-eu-ueberwachung-der-rumaenischen-justiz-bis-2016-id458775.html\" \/>\n<meta property=\"og:site_name\" content=\"Radio Rum\u00e4nien International\" \/>\n<meta property=\"article:published_time\" content=\"2015-01-07T14:40:00+00:00\" \/>\n<meta property=\"article:modified_time\" content=\"2024-02-19T17:56:17+00:00\" \/>\n<meta property=\"og:image\" content=\"https:\/\/www.rri.ro\/wp-content\/uploads\/2023\/10\/iohannis-bordea-CSM.png\" \/>\n\t<meta property=\"og:image:width\" content=\"640\" \/>\n\t<meta property=\"og:image:height\" content=\"426\" \/>\n\t<meta property=\"og:image:type\" content=\"image\/png\" \/>\n<meta name=\"author\" content=\"Rom\u00e2nia Interna\u021bional\" \/>\n<meta name=\"twitter:card\" content=\"summary_large_image\" \/>\n<meta name=\"twitter:label1\" content=\"Verfasst von\" \/>\n\t<meta name=\"twitter:data1\" content=\"Rom\u00e2nia Interna\u021bional\" \/>\n\t<meta name=\"twitter:label2\" content=\"Gesch\u00e4tzte Lesezeit\" \/>\n\t<meta name=\"twitter:data2\" content=\"2\u00a0Minuten\" \/>\n\t<meta name=\"twitter:label3\" content=\"Written by\" \/>\n\t<meta name=\"twitter:data3\" content=\"Rom\u00e2nia Interna\u021bional\" \/>\n<script type=\"application\/ld+json\" class=\"yoast-schema-graph\">{\"@context\":\"https:\\\/\\\/schema.org\",\"@graph\":[{\"@type\":\"Article\",\"@id\":\"https:\\\/\\\/www.rri.ro\\\/de\\\/aktuell\\\/rri-aktuell\\\/praesident-johannis-will-aufhebung-der-eu-ueberwachung-der-rumaenischen-justiz-bis-2016-id458775.html#article\",\"isPartOf\":{\"@id\":\"https:\\\/\\\/www.rri.ro\\\/de\\\/aktuell\\\/rri-aktuell\\\/praesident-johannis-will-aufhebung-der-eu-ueberwachung-der-rumaenischen-justiz-bis-2016-id458775.html\"},\"author\":{\"name\":\"Rom\u00e2nia Interna\u021bional\",\"@id\":\"https:\\\/\\\/www.rri.ro\\\/#\\\/schema\\\/person\\\/18fac491bccbfe149b92aea77ad60abd\"},\"headline\":\"Pr\u00e4sident Johannis will Aufhebung der EU-\u00dcberwachung der rum\u00e4nischen Justiz bis 2016\",\"datePublished\":\"2015-01-07T14:40:00+00:00\",\"dateModified\":\"2024-02-19T17:56:17+00:00\",\"mainEntityOfPage\":{\"@id\":\"https:\\\/\\\/www.rri.ro\\\/de\\\/aktuell\\\/rri-aktuell\\\/praesident-johannis-will-aufhebung-der-eu-ueberwachung-der-rumaenischen-justiz-bis-2016-id458775.html\"},\"wordCount\":407,\"image\":{\"@id\":\"https:\\\/\\\/www.rri.ro\\\/de\\\/aktuell\\\/rri-aktuell\\\/praesident-johannis-will-aufhebung-der-eu-ueberwachung-der-rumaenischen-justiz-bis-2016-id458775.html#primaryimage\"},\"thumbnailUrl\":\"https:\\\/\\\/www.rri.ro\\\/wp-content\\\/uploads\\\/2023\\\/10\\\/iohannis-bordea-CSM.png\",\"keywords\":[\"Justiz\",\"reform\",\"Rum\u00e4nien\",\"Schengen\",\"\u00dcberwachung\"],\"articleSection\":[\"RRI Aktuell\"],\"inLanguage\":\"de\"},{\"@type\":\"WebPage\",\"@id\":\"https:\\\/\\\/www.rri.ro\\\/de\\\/aktuell\\\/rri-aktuell\\\/praesident-johannis-will-aufhebung-der-eu-ueberwachung-der-rumaenischen-justiz-bis-2016-id458775.html\",\"url\":\"https:\\\/\\\/www.rri.ro\\\/de\\\/aktuell\\\/rri-aktuell\\\/praesident-johannis-will-aufhebung-der-eu-ueberwachung-der-rumaenischen-justiz-bis-2016-id458775.html\",\"name\":\"Pr\u00e4sident Johannis will Aufhebung der EU-\u00dcberwachung der rum\u00e4nischen Justiz bis 2016 - Radio Rum\u00e4nien International\",\"isPartOf\":{\"@id\":\"https:\\\/\\\/www.rri.ro\\\/#website\"},\"primaryImageOfPage\":{\"@id\":\"https:\\\/\\\/www.rri.ro\\\/de\\\/aktuell\\\/rri-aktuell\\\/praesident-johannis-will-aufhebung-der-eu-ueberwachung-der-rumaenischen-justiz-bis-2016-id458775.html#primaryimage\"},\"image\":{\"@id\":\"https:\\\/\\\/www.rri.ro\\\/de\\\/aktuell\\\/rri-aktuell\\\/praesident-johannis-will-aufhebung-der-eu-ueberwachung-der-rumaenischen-justiz-bis-2016-id458775.html#primaryimage\"},\"thumbnailUrl\":\"https:\\\/\\\/www.rri.ro\\\/wp-content\\\/uploads\\\/2023\\\/10\\\/iohannis-bordea-CSM.png\",\"datePublished\":\"2015-01-07T14:40:00+00:00\",\"dateModified\":\"2024-02-19T17:56:17+00:00\",\"author\":{\"@id\":\"https:\\\/\\\/www.rri.ro\\\/#\\\/schema\\\/person\\\/18fac491bccbfe149b92aea77ad60abd\"},\"breadcrumb\":{\"@id\":\"https:\\\/\\\/www.rri.ro\\\/de\\\/aktuell\\\/rri-aktuell\\\/praesident-johannis-will-aufhebung-der-eu-ueberwachung-der-rumaenischen-justiz-bis-2016-id458775.html#breadcrumb\"},\"inLanguage\":\"de\",\"potentialAction\":[{\"@type\":\"ReadAction\",\"target\":[\"https:\\\/\\\/www.rri.ro\\\/de\\\/aktuell\\\/rri-aktuell\\\/praesident-johannis-will-aufhebung-der-eu-ueberwachung-der-rumaenischen-justiz-bis-2016-id458775.html\"]}]},{\"@type\":\"ImageObject\",\"inLanguage\":\"de\",\"@id\":\"https:\\\/\\\/www.rri.ro\\\/de\\\/aktuell\\\/rri-aktuell\\\/praesident-johannis-will-aufhebung-der-eu-ueberwachung-der-rumaenischen-justiz-bis-2016-id458775.html#primaryimage\",\"url\":\"https:\\\/\\\/www.rri.ro\\\/wp-content\\\/uploads\\\/2023\\\/10\\\/iohannis-bordea-CSM.png\",\"contentUrl\":\"https:\\\/\\\/www.rri.ro\\\/wp-content\\\/uploads\\\/2023\\\/10\\\/iohannis-bordea-CSM.png\",\"width\":640,\"height\":426},{\"@type\":\"BreadcrumbList\",\"@id\":\"https:\\\/\\\/www.rri.ro\\\/de\\\/aktuell\\\/rri-aktuell\\\/praesident-johannis-will-aufhebung-der-eu-ueberwachung-der-rumaenischen-justiz-bis-2016-id458775.html#breadcrumb\",\"itemListElement\":[{\"@type\":\"ListItem\",\"position\":1,\"name\":\"Startseite\",\"item\":\"https:\\\/\\\/www.rri.ro\\\/de\"},{\"@type\":\"ListItem\",\"position\":2,\"name\":\"Aktuell\",\"item\":\"https:\\\/\\\/www.rri.ro\\\/de\\\/aktuell\"},{\"@type\":\"ListItem\",\"position\":3,\"name\":\"RRI Aktuell\",\"item\":\"https:\\\/\\\/www.rri.ro\\\/de\\\/aktuell\\\/rri-aktuell\"},{\"@type\":\"ListItem\",\"position\":4,\"name\":\"Pr\u00e4sident Johannis will Aufhebung der EU-\u00dcberwachung der rum\u00e4nischen Justiz bis 2016\"}]},{\"@type\":\"WebSite\",\"@id\":\"https:\\\/\\\/www.rri.ro\\\/#website\",\"url\":\"https:\\\/\\\/www.rri.ro\\\/\",\"name\":\"Radio Rum\u00e4nien International\",\"description\":\"Totul despre Rom\u00e2nia \u015fi rom\u00e2ni, \u00een 13 limbi\\\/dialecte!\",\"inLanguage\":\"de\"},{\"@type\":\"Person\",\"@id\":\"https:\\\/\\\/www.rri.ro\\\/#\\\/schema\\\/person\\\/18fac491bccbfe149b92aea77ad60abd\",\"name\":\"Rom\u00e2nia Interna\u021bional\",\"url\":\"https:\\\/\\\/www.rri.ro\\\/de\\\/author\\\/redactia\"}]}<\/script>\n<!-- \/ Yoast SEO plugin. -->","yoast_head_json":{"title":"Pr\u00e4sident Johannis will Aufhebung der EU-\u00dcberwachung der rum\u00e4nischen Justiz bis 2016 - Radio Rum\u00e4nien International","robots":{"index":"index","follow":"follow","max-snippet":"max-snippet:-1","max-image-preview":"max-image-preview:large","max-video-preview":"max-video-preview:-1"},"canonical":"https:\/\/www.rri.ro\/de\/aktuell\/rri-aktuell\/praesident-johannis-will-aufhebung-der-eu-ueberwachung-der-rumaenischen-justiz-bis-2016-id458775.html","og_locale":"de_DE","og_type":"article","og_title":"Pr\u00e4sident Johannis will Aufhebung der EU-\u00dcberwachung der rum\u00e4nischen Justiz bis 2016 - Radio Rum\u00e4nien International","og_description":"Die Aufhebung des Kooperations- und Kontrollmechanismus der EU f\u00fcr Rum\u00e4nien und die \u00c4nderung des Rechtsrahmens in der Justizverwaltung sind die wichtigsten Ziele der neuen F\u00fchrung des Obersten Magistraturrates in Rum\u00e4nien.","og_url":"https:\/\/www.rri.ro\/de\/aktuell\/rri-aktuell\/praesident-johannis-will-aufhebung-der-eu-ueberwachung-der-rumaenischen-justiz-bis-2016-id458775.html","og_site_name":"Radio Rum\u00e4nien International","article_published_time":"2015-01-07T14:40:00+00:00","article_modified_time":"2024-02-19T17:56:17+00:00","og_image":[{"width":640,"height":426,"url":"https:\/\/www.rri.ro\/wp-content\/uploads\/2023\/10\/iohannis-bordea-CSM.png","type":"image\/png"}],"author":"Rom\u00e2nia Interna\u021bional","twitter_card":"summary_large_image","twitter_misc":{"Verfasst von":"Rom\u00e2nia Interna\u021bional","Gesch\u00e4tzte Lesezeit":"2\u00a0Minuten","Written by":"Rom\u00e2nia Interna\u021bional"},"schema":{"@context":"https:\/\/schema.org","@graph":[{"@type":"Article","@id":"https:\/\/www.rri.ro\/de\/aktuell\/rri-aktuell\/praesident-johannis-will-aufhebung-der-eu-ueberwachung-der-rumaenischen-justiz-bis-2016-id458775.html#article","isPartOf":{"@id":"https:\/\/www.rri.ro\/de\/aktuell\/rri-aktuell\/praesident-johannis-will-aufhebung-der-eu-ueberwachung-der-rumaenischen-justiz-bis-2016-id458775.html"},"author":{"name":"Rom\u00e2nia Interna\u021bional","@id":"https:\/\/www.rri.ro\/#\/schema\/person\/18fac491bccbfe149b92aea77ad60abd"},"headline":"Pr\u00e4sident Johannis will Aufhebung der EU-\u00dcberwachung der rum\u00e4nischen Justiz bis 2016","datePublished":"2015-01-07T14:40:00+00:00","dateModified":"2024-02-19T17:56:17+00:00","mainEntityOfPage":{"@id":"https:\/\/www.rri.ro\/de\/aktuell\/rri-aktuell\/praesident-johannis-will-aufhebung-der-eu-ueberwachung-der-rumaenischen-justiz-bis-2016-id458775.html"},"wordCount":407,"image":{"@id":"https:\/\/www.rri.ro\/de\/aktuell\/rri-aktuell\/praesident-johannis-will-aufhebung-der-eu-ueberwachung-der-rumaenischen-justiz-bis-2016-id458775.html#primaryimage"},"thumbnailUrl":"https:\/\/www.rri.ro\/wp-content\/uploads\/2023\/10\/iohannis-bordea-CSM.png","keywords":["Justiz","reform","Rum\u00e4nien","Schengen","\u00dcberwachung"],"articleSection":["RRI Aktuell"],"inLanguage":"de"},{"@type":"WebPage","@id":"https:\/\/www.rri.ro\/de\/aktuell\/rri-aktuell\/praesident-johannis-will-aufhebung-der-eu-ueberwachung-der-rumaenischen-justiz-bis-2016-id458775.html","url":"https:\/\/www.rri.ro\/de\/aktuell\/rri-aktuell\/praesident-johannis-will-aufhebung-der-eu-ueberwachung-der-rumaenischen-justiz-bis-2016-id458775.html","name":"Pr\u00e4sident Johannis will Aufhebung der EU-\u00dcberwachung der rum\u00e4nischen Justiz bis 2016 - Radio Rum\u00e4nien International","isPartOf":{"@id":"https:\/\/www.rri.ro\/#website"},"primaryImageOfPage":{"@id":"https:\/\/www.rri.ro\/de\/aktuell\/rri-aktuell\/praesident-johannis-will-aufhebung-der-eu-ueberwachung-der-rumaenischen-justiz-bis-2016-id458775.html#primaryimage"},"image":{"@id":"https:\/\/www.rri.ro\/de\/aktuell\/rri-aktuell\/praesident-johannis-will-aufhebung-der-eu-ueberwachung-der-rumaenischen-justiz-bis-2016-id458775.html#primaryimage"},"thumbnailUrl":"https:\/\/www.rri.ro\/wp-content\/uploads\/2023\/10\/iohannis-bordea-CSM.png","datePublished":"2015-01-07T14:40:00+00:00","dateModified":"2024-02-19T17:56:17+00:00","author":{"@id":"https:\/\/www.rri.ro\/#\/schema\/person\/18fac491bccbfe149b92aea77ad60abd"},"breadcrumb":{"@id":"https:\/\/www.rri.ro\/de\/aktuell\/rri-aktuell\/praesident-johannis-will-aufhebung-der-eu-ueberwachung-der-rumaenischen-justiz-bis-2016-id458775.html#breadcrumb"},"inLanguage":"de","potentialAction":[{"@type":"ReadAction","target":["https:\/\/www.rri.ro\/de\/aktuell\/rri-aktuell\/praesident-johannis-will-aufhebung-der-eu-ueberwachung-der-rumaenischen-justiz-bis-2016-id458775.html"]}]},{"@type":"ImageObject","inLanguage":"de","@id":"https:\/\/www.rri.ro\/de\/aktuell\/rri-aktuell\/praesident-johannis-will-aufhebung-der-eu-ueberwachung-der-rumaenischen-justiz-bis-2016-id458775.html#primaryimage","url":"https:\/\/www.rri.ro\/wp-content\/uploads\/2023\/10\/iohannis-bordea-CSM.png","contentUrl":"https:\/\/www.rri.ro\/wp-content\/uploads\/2023\/10\/iohannis-bordea-CSM.png","width":640,"height":426},{"@type":"BreadcrumbList","@id":"https:\/\/www.rri.ro\/de\/aktuell\/rri-aktuell\/praesident-johannis-will-aufhebung-der-eu-ueberwachung-der-rumaenischen-justiz-bis-2016-id458775.html#breadcrumb","itemListElement":[{"@type":"ListItem","position":1,"name":"Startseite","item":"https:\/\/www.rri.ro\/de"},{"@type":"ListItem","position":2,"name":"Aktuell","item":"https:\/\/www.rri.ro\/de\/aktuell"},{"@type":"ListItem","position":3,"name":"RRI Aktuell","item":"https:\/\/www.rri.ro\/de\/aktuell\/rri-aktuell"},{"@type":"ListItem","position":4,"name":"Pr\u00e4sident Johannis will Aufhebung der EU-\u00dcberwachung der rum\u00e4nischen Justiz bis 2016"}]},{"@type":"WebSite","@id":"https:\/\/www.rri.ro\/#website","url":"https:\/\/www.rri.ro\/","name":"Radio Rum\u00e4nien International","description":"Totul despre Rom\u00e2nia \u015fi rom\u00e2ni, \u00een 13 limbi\/dialecte!","inLanguage":"de"},{"@type":"Person","@id":"https:\/\/www.rri.ro\/#\/schema\/person\/18fac491bccbfe149b92aea77ad60abd","name":"Rom\u00e2nia Interna\u021bional","url":"https:\/\/www.rri.ro\/de\/author\/redactia"}]}},"_links":{"self":[{"href":"https:\/\/www.rri.ro\/de\/wp-json\/wp\/v2\/posts\/458775","targetHints":{"allow":["GET"]}}],"collection":[{"href":"https:\/\/www.rri.ro\/de\/wp-json\/wp\/v2\/posts"}],"about":[{"href":"https:\/\/www.rri.ro\/de\/wp-json\/wp\/v2\/types\/post"}],"author":[{"embeddable":true,"href":"https:\/\/www.rri.ro\/de\/wp-json\/wp\/v2\/users\/2"}],"replies":[{"embeddable":true,"href":"https:\/\/www.rri.ro\/de\/wp-json\/wp\/v2\/comments?post=458775"}],"version-history":[{"count":0,"href":"https:\/\/www.rri.ro\/de\/wp-json\/wp\/v2\/posts\/458775\/revisions"}],"wp:featuredmedia":[{"embeddable":true,"href":"https:\/\/www.rri.ro\/de\/wp-json\/wp\/v2\/media\/59807"}],"wp:attachment":[{"href":"https:\/\/www.rri.ro\/de\/wp-json\/wp\/v2\/media?parent=458775"}],"wp:term":[{"taxonomy":"category","embeddable":true,"href":"https:\/\/www.rri.ro\/de\/wp-json\/wp\/v2\/categories?post=458775"},{"taxonomy":"post_tag","embeddable":true,"href":"https:\/\/www.rri.ro\/de\/wp-json\/wp\/v2\/tags?post=458775"},{"taxonomy":"author","embeddable":true,"href":"https:\/\/www.rri.ro\/de\/wp-json\/wp\/v2\/coauthors?post=458775"}],"curies":[{"name":"wp","href":"https:\/\/api.w.org\/{rel}","templated":true}]}}