{"id":458777,"date":"2015-01-09T16:19:00","date_gmt":"2015-01-09T14:19:00","guid":{"rendered":"http:\/\/devrri.freshlemon.ro\/aktuell\/bukarest-schmeichelt-rumaenischen-studenten-im-ausland-id458777.html"},"modified":"2024-02-19T19:56:19","modified_gmt":"2024-02-19T17:56:19","slug":"bukarest-schmeichelt-rumaenischen-studenten-im-ausland","status":"publish","type":"post","link":"https:\/\/www.rri.ro\/de\/aktuell\/rri-aktuell\/bukarest-schmeichelt-rumaenischen-studenten-im-ausland-id458777.html","title":{"rendered":"Bukarest schmeichelt rum\u00e4nischen Studenten im Ausland"},"content":{"rendered":"<p>Rum\u00e4nen sind ihren Heimtorten sehr verbunden, weshalb sie auf keine lange Geschichte massiver Migration zur\u00fcckblicken k\u00f6nnen. Erst Ende des 19. Jahrhunderts wanderten Tausende von rum\u00e4nischen Bauern aus Siebenb\u00fcrgen und dem Banat, die damals noch unter \u00f6sterreichisch-ungarischer Herrschaft standen, nach Nordamerika aus. Vor dem Kommunismus mit seiner \u00f6konomischen Misere und politischen Verfolgung fl\u00fcchteten weitere Dutzend Tausende.<\/p>\n<p>&#13;<br \/>\n&#13;<\/p>\n<p>&#13;<br \/>\n&#13;<\/p>\n<p>Nachdem die Grundrechte- und Freiheiten nach der Wende wieder voll zur Geltung gekommen waren, setzte eine massive Auswanderung ein. Die genaue Zahl ist unm\u00f6glich statistisch zu erfassen, aber es wird damit gerechnet, dass etwa drei Millionen rum\u00e4nische Staatsangeh\u00f6rige im Ausland leben und arbeiten &#8212; sie sind Maurer und Babysitterinnen, Professoren und K\u00fcnstler und sind von Italien \u00fcber Spanien bis Kanada und den USA vielerorts anzutreffen. Viele junge Rum\u00e4nen, die virtuelle Elite von morgen, studieren auch im Ausland. Schwer zu sagen, wie viele nach dem Studium zur\u00fcckkehren. Tatsache ist, dass der rum\u00e4nische Staat sie gerne wieder in Rum\u00e4nien begr\u00fc\u200e\u00dfen w\u00fcrde &#8212; oder es zumindest sch\u00f6n findet, wenn sie ihre Kompetenzen und die Energie in den Dienst ihres Heimatlandes stellen w\u00fcrden.<\/p>\n<p>&#13;<br \/>\n&#13;<\/p>\n<p>&#13;<br \/>\n&#13;<\/p>\n<p>Am Donnerstag fand in Bukarest die Gala des Bunds Rum\u00e4nischer Studenten im Ausland statt &#8212; nach Angaben der Organisatoren die einzige Veranstaltung, die die au\u200e\u00dferordentlichen Ergebnisse der Studenten und Absolventen belohnt und promotet. Zur Gala, die jedesmal Hunderte junge Rum\u00e4nen nach Bukarest bringt, kam auch Pr\u00e4sident Klaus Johannis, der einen Aufruf an die Teuilnehmer richtete.<\/p>\n<p>&#13;<br \/>\n&#13;<\/p>\n<p>&#13;<br \/>\n&#13;<\/p>\n<p><strong style=line-height: 1.6em;><em>\u201cRum\u00e4nien braucht eine richtige Strategie, um f\u00fcr das Land zu werben &#8212; es geht nicht um ein Logo oder einen Werbespot, sondern um eine Vision und eine Handlungsweise, die uns in der Welt als Staat und Nation definieren. Ich w\u00fcnsche mir, Sie dabei als Partner zu haben<\/em><\/strong><strong style=line-height: 1.6em;><em>. Denn Sie sind durch das, was Sie im Ausland tun, gewisserma\u200e\u00dfen Botschafter f\u00fcr Rum\u00e4nien &#8212; und daf\u00fcr danke ich Ihnen,\u201d<\/em><\/strong> sagte der Pr\u00e4sident.<\/p>\n<p>&#13;<br \/>\n&#13;<\/p>\n<p>&#13;<br \/>\n&#13;<\/p>\n<p>Johannis hatte im Ausland weit \u00fcber 75% der Stimmen der Auslandsrum\u00e4nen bekommen, ihn verbindet eine privilegierte Beziehung zu ihnen. Er wei\u200e\u00df, dass sie erst dann nach Rum\u00e4nien zur\u00fcckkehren werden, wenn die Umst\u00e4nde hier mit jenen im Westen vergleichbar sind &#8212; wenn sie also eine Perspektive des Wohlstands, Bildungschancen f\u00fcr ihre Kinder und ein faires Gesundheistsystem vorfinden. Au\u200e\u00dfenminister Bogdan Aurescu setzte sich zudem f\u00fcr eine Kooperationspartnerschaft zwischen seiner Beh\u00f6rde und dem Bund Rum\u00e4nischer Studenten im Ausland und w\u00fcrdigte den Professionalismus der Studenten sowie die Tatsache, dass sie zu einem positiven Image Rum\u00e4niens beitragen. <\/p>\n<p>&#13;<\/p>\n","protected":false},"excerpt":{"rendered":"<p>Vergessen, vernachl\u00e4ssigt oder auch einfach ignoriert \u2013 das war fr\u00fcher. Die inzwischen lautstarke Stimme der rum\u00e4nischen Studenten an ausl\u00e4ndischen Universit\u00e4ten verschafft sich immer mehr Geh\u00f6r beim rum\u00e4nischen Staat.<\/p>\n","protected":false},"author":105,"featured_media":59914,"comment_status":"closed","ping_status":"closed","sticky":false,"template":"","format":"standard","meta":{"_acf_changed":false,"footnotes":""},"categories":[99583],"tags":[100343,32152,29207,99589,102226],"coauthors":[],"class_list":["post-458777","post","type-post","status-publish","format-standard","has-post-thumbnail","hentry","category-rri-aktuell","tag-ausland","tag-johannis","tag-migration","tag-rumaenien","tag-studenten"],"acf":[],"yoast_head":"<!-- This site is optimized with the Yoast SEO plugin v27.3 - https:\/\/yoast.com\/product\/yoast-seo-wordpress\/ -->\n<title>Bukarest schmeichelt rum\u00e4nischen Studenten im Ausland - Radio Rum\u00e4nien International<\/title>\n<meta name=\"robots\" content=\"index, follow, max-snippet:-1, max-image-preview:large, max-video-preview:-1\" \/>\n<link rel=\"canonical\" href=\"https:\/\/www.rri.ro\/de\/aktuell\/rri-aktuell\/bukarest-schmeichelt-rumaenischen-studenten-im-ausland-id458777.html\" \/>\n<meta property=\"og:locale\" content=\"de_DE\" \/>\n<meta property=\"og:type\" content=\"article\" \/>\n<meta property=\"og:title\" content=\"Bukarest schmeichelt rum\u00e4nischen Studenten im Ausland - Radio Rum\u00e4nien International\" \/>\n<meta property=\"og:description\" content=\"Vergessen, vernachl\u00e4ssigt oder auch einfach ignoriert \u2013 das war fr\u00fcher. Die inzwischen lautstarke Stimme der rum\u00e4nischen Studenten an ausl\u00e4ndischen Universit\u00e4ten verschafft sich immer mehr Geh\u00f6r beim rum\u00e4nischen Staat.\" \/>\n<meta property=\"og:url\" content=\"https:\/\/www.rri.ro\/de\/aktuell\/rri-aktuell\/bukarest-schmeichelt-rumaenischen-studenten-im-ausland-id458777.html\" \/>\n<meta property=\"og:site_name\" content=\"Radio Rum\u00e4nien International\" \/>\n<meta property=\"article:published_time\" content=\"2015-01-09T14:19:00+00:00\" \/>\n<meta property=\"article:modified_time\" content=\"2024-02-19T17:56:19+00:00\" \/>\n<meta property=\"og:image\" content=\"https:\/\/www.rri.ro\/wp-content\/uploads\/2023\/10\/Iohannis-Liga-Studentilor-strainatate-640_medium.png\" \/>\n\t<meta property=\"og:image:width\" content=\"640\" \/>\n\t<meta property=\"og:image:height\" content=\"425\" \/>\n\t<meta property=\"og:image:type\" content=\"image\/png\" \/>\n<meta name=\"author\" content=\"Bogdan Matei\" \/>\n<meta name=\"twitter:card\" content=\"summary_large_image\" \/>\n<meta name=\"twitter:label1\" content=\"Verfasst von\" \/>\n\t<meta name=\"twitter:data1\" content=\"Bogdan Matei\" \/>\n\t<meta name=\"twitter:label2\" content=\"Gesch\u00e4tzte Lesezeit\" \/>\n\t<meta name=\"twitter:data2\" content=\"2\u00a0Minuten\" \/>\n\t<meta name=\"twitter:label3\" content=\"Written by\" \/>\n\t<meta name=\"twitter:data3\" content=\"Bogdan Matei\" \/>\n<script type=\"application\/ld+json\" class=\"yoast-schema-graph\">{\"@context\":\"https:\\\/\\\/schema.org\",\"@graph\":[{\"@type\":\"Article\",\"@id\":\"https:\\\/\\\/www.rri.ro\\\/de\\\/aktuell\\\/rri-aktuell\\\/bukarest-schmeichelt-rumaenischen-studenten-im-ausland-id458777.html#article\",\"isPartOf\":{\"@id\":\"https:\\\/\\\/www.rri.ro\\\/de\\\/aktuell\\\/rri-aktuell\\\/bukarest-schmeichelt-rumaenischen-studenten-im-ausland-id458777.html\"},\"author\":{\"name\":\"Bogdan Matei\",\"@id\":\"https:\\\/\\\/www.rri.ro\\\/#\\\/schema\\\/person\\\/0ed327d40678578e6dbb840527e3ba32\"},\"headline\":\"Bukarest schmeichelt rum\u00e4nischen Studenten im Ausland\",\"datePublished\":\"2015-01-09T14:19:00+00:00\",\"dateModified\":\"2024-02-19T17:56:19+00:00\",\"mainEntityOfPage\":{\"@id\":\"https:\\\/\\\/www.rri.ro\\\/de\\\/aktuell\\\/rri-aktuell\\\/bukarest-schmeichelt-rumaenischen-studenten-im-ausland-id458777.html\"},\"wordCount\":437,\"image\":{\"@id\":\"https:\\\/\\\/www.rri.ro\\\/de\\\/aktuell\\\/rri-aktuell\\\/bukarest-schmeichelt-rumaenischen-studenten-im-ausland-id458777.html#primaryimage\"},\"thumbnailUrl\":\"https:\\\/\\\/www.rri.ro\\\/wp-content\\\/uploads\\\/2023\\\/10\\\/Iohannis-Liga-Studentilor-strainatate-640_medium.png\",\"keywords\":[\"Ausland\",\"Johannis\",\"migration\",\"Rum\u00e4nien\",\"Studenten\"],\"articleSection\":[\"RRI Aktuell\"],\"inLanguage\":\"de\"},{\"@type\":\"WebPage\",\"@id\":\"https:\\\/\\\/www.rri.ro\\\/de\\\/aktuell\\\/rri-aktuell\\\/bukarest-schmeichelt-rumaenischen-studenten-im-ausland-id458777.html\",\"url\":\"https:\\\/\\\/www.rri.ro\\\/de\\\/aktuell\\\/rri-aktuell\\\/bukarest-schmeichelt-rumaenischen-studenten-im-ausland-id458777.html\",\"name\":\"Bukarest schmeichelt rum\u00e4nischen Studenten im Ausland - Radio Rum\u00e4nien International\",\"isPartOf\":{\"@id\":\"https:\\\/\\\/www.rri.ro\\\/#website\"},\"primaryImageOfPage\":{\"@id\":\"https:\\\/\\\/www.rri.ro\\\/de\\\/aktuell\\\/rri-aktuell\\\/bukarest-schmeichelt-rumaenischen-studenten-im-ausland-id458777.html#primaryimage\"},\"image\":{\"@id\":\"https:\\\/\\\/www.rri.ro\\\/de\\\/aktuell\\\/rri-aktuell\\\/bukarest-schmeichelt-rumaenischen-studenten-im-ausland-id458777.html#primaryimage\"},\"thumbnailUrl\":\"https:\\\/\\\/www.rri.ro\\\/wp-content\\\/uploads\\\/2023\\\/10\\\/Iohannis-Liga-Studentilor-strainatate-640_medium.png\",\"datePublished\":\"2015-01-09T14:19:00+00:00\",\"dateModified\":\"2024-02-19T17:56:19+00:00\",\"author\":{\"@id\":\"https:\\\/\\\/www.rri.ro\\\/#\\\/schema\\\/person\\\/0ed327d40678578e6dbb840527e3ba32\"},\"breadcrumb\":{\"@id\":\"https:\\\/\\\/www.rri.ro\\\/de\\\/aktuell\\\/rri-aktuell\\\/bukarest-schmeichelt-rumaenischen-studenten-im-ausland-id458777.html#breadcrumb\"},\"inLanguage\":\"de\",\"potentialAction\":[{\"@type\":\"ReadAction\",\"target\":[\"https:\\\/\\\/www.rri.ro\\\/de\\\/aktuell\\\/rri-aktuell\\\/bukarest-schmeichelt-rumaenischen-studenten-im-ausland-id458777.html\"]}]},{\"@type\":\"ImageObject\",\"inLanguage\":\"de\",\"@id\":\"https:\\\/\\\/www.rri.ro\\\/de\\\/aktuell\\\/rri-aktuell\\\/bukarest-schmeichelt-rumaenischen-studenten-im-ausland-id458777.html#primaryimage\",\"url\":\"https:\\\/\\\/www.rri.ro\\\/wp-content\\\/uploads\\\/2023\\\/10\\\/Iohannis-Liga-Studentilor-strainatate-640_medium.png\",\"contentUrl\":\"https:\\\/\\\/www.rri.ro\\\/wp-content\\\/uploads\\\/2023\\\/10\\\/Iohannis-Liga-Studentilor-strainatate-640_medium.png\",\"width\":640,\"height\":425},{\"@type\":\"BreadcrumbList\",\"@id\":\"https:\\\/\\\/www.rri.ro\\\/de\\\/aktuell\\\/rri-aktuell\\\/bukarest-schmeichelt-rumaenischen-studenten-im-ausland-id458777.html#breadcrumb\",\"itemListElement\":[{\"@type\":\"ListItem\",\"position\":1,\"name\":\"Startseite\",\"item\":\"https:\\\/\\\/www.rri.ro\\\/de\"},{\"@type\":\"ListItem\",\"position\":2,\"name\":\"Aktuell\",\"item\":\"https:\\\/\\\/www.rri.ro\\\/de\\\/aktuell\"},{\"@type\":\"ListItem\",\"position\":3,\"name\":\"RRI Aktuell\",\"item\":\"https:\\\/\\\/www.rri.ro\\\/de\\\/aktuell\\\/rri-aktuell\"},{\"@type\":\"ListItem\",\"position\":4,\"name\":\"Bukarest schmeichelt rum\u00e4nischen Studenten im Ausland\"}]},{\"@type\":\"WebSite\",\"@id\":\"https:\\\/\\\/www.rri.ro\\\/#website\",\"url\":\"https:\\\/\\\/www.rri.ro\\\/\",\"name\":\"Radio Rum\u00e4nien International\",\"description\":\"Totul despre Rom\u00e2nia \u015fi rom\u00e2ni, \u00een 13 limbi\\\/dialecte!\",\"inLanguage\":\"de\"},{\"@type\":\"Person\",\"@id\":\"https:\\\/\\\/www.rri.ro\\\/#\\\/schema\\\/person\\\/0ed327d40678578e6dbb840527e3ba32\",\"name\":\"Bogdan Matei\",\"url\":\"https:\\\/\\\/www.rri.ro\\\/de\\\/author\\\/bogdan-matei\"}]}<\/script>\n<!-- \/ Yoast SEO plugin. -->","yoast_head_json":{"title":"Bukarest schmeichelt rum\u00e4nischen Studenten im Ausland - Radio Rum\u00e4nien International","robots":{"index":"index","follow":"follow","max-snippet":"max-snippet:-1","max-image-preview":"max-image-preview:large","max-video-preview":"max-video-preview:-1"},"canonical":"https:\/\/www.rri.ro\/de\/aktuell\/rri-aktuell\/bukarest-schmeichelt-rumaenischen-studenten-im-ausland-id458777.html","og_locale":"de_DE","og_type":"article","og_title":"Bukarest schmeichelt rum\u00e4nischen Studenten im Ausland - Radio Rum\u00e4nien International","og_description":"Vergessen, vernachl\u00e4ssigt oder auch einfach ignoriert \u2013 das war fr\u00fcher. Die inzwischen lautstarke Stimme der rum\u00e4nischen Studenten an ausl\u00e4ndischen Universit\u00e4ten verschafft sich immer mehr Geh\u00f6r beim rum\u00e4nischen Staat.","og_url":"https:\/\/www.rri.ro\/de\/aktuell\/rri-aktuell\/bukarest-schmeichelt-rumaenischen-studenten-im-ausland-id458777.html","og_site_name":"Radio Rum\u00e4nien International","article_published_time":"2015-01-09T14:19:00+00:00","article_modified_time":"2024-02-19T17:56:19+00:00","og_image":[{"width":640,"height":425,"url":"https:\/\/www.rri.ro\/wp-content\/uploads\/2023\/10\/Iohannis-Liga-Studentilor-strainatate-640_medium.png","type":"image\/png"}],"author":"Bogdan Matei","twitter_card":"summary_large_image","twitter_misc":{"Verfasst von":"Bogdan Matei","Gesch\u00e4tzte Lesezeit":"2\u00a0Minuten","Written by":"Bogdan Matei"},"schema":{"@context":"https:\/\/schema.org","@graph":[{"@type":"Article","@id":"https:\/\/www.rri.ro\/de\/aktuell\/rri-aktuell\/bukarest-schmeichelt-rumaenischen-studenten-im-ausland-id458777.html#article","isPartOf":{"@id":"https:\/\/www.rri.ro\/de\/aktuell\/rri-aktuell\/bukarest-schmeichelt-rumaenischen-studenten-im-ausland-id458777.html"},"author":{"name":"Bogdan Matei","@id":"https:\/\/www.rri.ro\/#\/schema\/person\/0ed327d40678578e6dbb840527e3ba32"},"headline":"Bukarest schmeichelt rum\u00e4nischen Studenten im Ausland","datePublished":"2015-01-09T14:19:00+00:00","dateModified":"2024-02-19T17:56:19+00:00","mainEntityOfPage":{"@id":"https:\/\/www.rri.ro\/de\/aktuell\/rri-aktuell\/bukarest-schmeichelt-rumaenischen-studenten-im-ausland-id458777.html"},"wordCount":437,"image":{"@id":"https:\/\/www.rri.ro\/de\/aktuell\/rri-aktuell\/bukarest-schmeichelt-rumaenischen-studenten-im-ausland-id458777.html#primaryimage"},"thumbnailUrl":"https:\/\/www.rri.ro\/wp-content\/uploads\/2023\/10\/Iohannis-Liga-Studentilor-strainatate-640_medium.png","keywords":["Ausland","Johannis","migration","Rum\u00e4nien","Studenten"],"articleSection":["RRI Aktuell"],"inLanguage":"de"},{"@type":"WebPage","@id":"https:\/\/www.rri.ro\/de\/aktuell\/rri-aktuell\/bukarest-schmeichelt-rumaenischen-studenten-im-ausland-id458777.html","url":"https:\/\/www.rri.ro\/de\/aktuell\/rri-aktuell\/bukarest-schmeichelt-rumaenischen-studenten-im-ausland-id458777.html","name":"Bukarest schmeichelt rum\u00e4nischen Studenten im Ausland - Radio Rum\u00e4nien International","isPartOf":{"@id":"https:\/\/www.rri.ro\/#website"},"primaryImageOfPage":{"@id":"https:\/\/www.rri.ro\/de\/aktuell\/rri-aktuell\/bukarest-schmeichelt-rumaenischen-studenten-im-ausland-id458777.html#primaryimage"},"image":{"@id":"https:\/\/www.rri.ro\/de\/aktuell\/rri-aktuell\/bukarest-schmeichelt-rumaenischen-studenten-im-ausland-id458777.html#primaryimage"},"thumbnailUrl":"https:\/\/www.rri.ro\/wp-content\/uploads\/2023\/10\/Iohannis-Liga-Studentilor-strainatate-640_medium.png","datePublished":"2015-01-09T14:19:00+00:00","dateModified":"2024-02-19T17:56:19+00:00","author":{"@id":"https:\/\/www.rri.ro\/#\/schema\/person\/0ed327d40678578e6dbb840527e3ba32"},"breadcrumb":{"@id":"https:\/\/www.rri.ro\/de\/aktuell\/rri-aktuell\/bukarest-schmeichelt-rumaenischen-studenten-im-ausland-id458777.html#breadcrumb"},"inLanguage":"de","potentialAction":[{"@type":"ReadAction","target":["https:\/\/www.rri.ro\/de\/aktuell\/rri-aktuell\/bukarest-schmeichelt-rumaenischen-studenten-im-ausland-id458777.html"]}]},{"@type":"ImageObject","inLanguage":"de","@id":"https:\/\/www.rri.ro\/de\/aktuell\/rri-aktuell\/bukarest-schmeichelt-rumaenischen-studenten-im-ausland-id458777.html#primaryimage","url":"https:\/\/www.rri.ro\/wp-content\/uploads\/2023\/10\/Iohannis-Liga-Studentilor-strainatate-640_medium.png","contentUrl":"https:\/\/www.rri.ro\/wp-content\/uploads\/2023\/10\/Iohannis-Liga-Studentilor-strainatate-640_medium.png","width":640,"height":425},{"@type":"BreadcrumbList","@id":"https:\/\/www.rri.ro\/de\/aktuell\/rri-aktuell\/bukarest-schmeichelt-rumaenischen-studenten-im-ausland-id458777.html#breadcrumb","itemListElement":[{"@type":"ListItem","position":1,"name":"Startseite","item":"https:\/\/www.rri.ro\/de"},{"@type":"ListItem","position":2,"name":"Aktuell","item":"https:\/\/www.rri.ro\/de\/aktuell"},{"@type":"ListItem","position":3,"name":"RRI Aktuell","item":"https:\/\/www.rri.ro\/de\/aktuell\/rri-aktuell"},{"@type":"ListItem","position":4,"name":"Bukarest schmeichelt rum\u00e4nischen Studenten im Ausland"}]},{"@type":"WebSite","@id":"https:\/\/www.rri.ro\/#website","url":"https:\/\/www.rri.ro\/","name":"Radio Rum\u00e4nien International","description":"Totul despre Rom\u00e2nia \u015fi rom\u00e2ni, \u00een 13 limbi\/dialecte!","inLanguage":"de"},{"@type":"Person","@id":"https:\/\/www.rri.ro\/#\/schema\/person\/0ed327d40678578e6dbb840527e3ba32","name":"Bogdan Matei","url":"https:\/\/www.rri.ro\/de\/author\/bogdan-matei"}]}},"_links":{"self":[{"href":"https:\/\/www.rri.ro\/de\/wp-json\/wp\/v2\/posts\/458777","targetHints":{"allow":["GET"]}}],"collection":[{"href":"https:\/\/www.rri.ro\/de\/wp-json\/wp\/v2\/posts"}],"about":[{"href":"https:\/\/www.rri.ro\/de\/wp-json\/wp\/v2\/types\/post"}],"author":[{"embeddable":true,"href":"https:\/\/www.rri.ro\/de\/wp-json\/wp\/v2\/users\/105"}],"replies":[{"embeddable":true,"href":"https:\/\/www.rri.ro\/de\/wp-json\/wp\/v2\/comments?post=458777"}],"version-history":[{"count":0,"href":"https:\/\/www.rri.ro\/de\/wp-json\/wp\/v2\/posts\/458777\/revisions"}],"wp:featuredmedia":[{"embeddable":true,"href":"https:\/\/www.rri.ro\/de\/wp-json\/wp\/v2\/media\/59914"}],"wp:attachment":[{"href":"https:\/\/www.rri.ro\/de\/wp-json\/wp\/v2\/media?parent=458777"}],"wp:term":[{"taxonomy":"category","embeddable":true,"href":"https:\/\/www.rri.ro\/de\/wp-json\/wp\/v2\/categories?post=458777"},{"taxonomy":"post_tag","embeddable":true,"href":"https:\/\/www.rri.ro\/de\/wp-json\/wp\/v2\/tags?post=458777"},{"taxonomy":"author","embeddable":true,"href":"https:\/\/www.rri.ro\/de\/wp-json\/wp\/v2\/coauthors?post=458777"}],"curies":[{"name":"wp","href":"https:\/\/api.w.org\/{rel}","templated":true}]}}