{"id":458960,"date":"2015-03-27T16:42:00","date_gmt":"2015-03-27T14:42:00","guid":{"rendered":"http:\/\/devrri.freshlemon.ro\/aktuell\/97-jahrestag-der-vereinigung-bessarabiens-mit-rumaenien-id458960.html"},"modified":"2024-02-19T20:05:55","modified_gmt":"2024-02-19T18:05:55","slug":"97-jahrestag-der-vereinigung-bessarabiens-mit-rumaenien","status":"publish","type":"post","link":"https:\/\/www.rri.ro\/de\/aktuell\/rri-aktuell\/97-jahrestag-der-vereinigung-bessarabiens-mit-rumaenien-id458960.html","title":{"rendered":"97. Jahrestag der Vereinigung Bessarabiens mit Rum\u00e4nien"},"content":{"rendered":"<p>Am 27. M\u00e4rz 1918 stimmte die moldauische Vollversammlung vor dem Hintergrund der Aufl\u00f6sung des zaristischen Reiches, der Vereinigung Bessarabiens, einer mehrheitlich von Rum\u00e4nen bewohnten Provinz, die seit mehr als einem Jahrhundert unter russischen Herrschaft stand, mit Gro\u200e\u00dfrum\u00e4nien zu. Die Zugeh\u00f6rigkeit der \u00f6stlichen Territorien zu Rum\u00e4nien dauerte nur 22 Jahre. Im Sommer 1940 wurde Bessarabien von Moskau infolge eines Ultimatums von Stalin erneut annektiert.<\/p>\n<p>&#13;<br \/>\n&#13;<\/p>\n<p>&#13;<br \/>\n&#13;<\/p>\n<p>Danach kam noch eine H\u00e4lfte Jahrhundert russischer Besatzung und der Norden und der S\u00fcden Bessarabiens wurden der sowjetischen Ukraine einverleibt. Hunderttausende Einheimische aus dem neuentstandenen Territorium, wo die sogenannte sowjetische Moldaurepublik gebildet wurde, flohen infolgedessen nach Rum\u00e4nien. Weitere Dutzendtausende, die als unerw\u00fcnscht galten, sind nach Siberien und Kasachstan deportiert worden. Stattdessen wurden russiche Kolonisten angeworben, sich in Bessarabien niederzulassen.<\/p>\n<p>&#13;<br \/>\n&#13;<\/p>\n<p>&#13;<br \/>\n&#13;<\/p>\n<p>Am 27. August  1991, als nach dem Scheitern des Staatsstreiches in Moskau, Chi\u015fin\u0103u seine Unabh\u00e4ngigkeit erkl\u00e4rte, stellten die rum\u00e4nischst\u00e4mmigen Familien nur zwei Drittel der moldauischen Bev\u00f6lkerung dar. Bukarest war die einzige Hauptstadt der Welt die am selben Tag die Unabh\u00e4ngigkeit seines Nachbarlandes anerkannte. Dank der gemeinsamen Sprache, Geschichte und Kultur, war Rum\u00e4nien ein konsequenter Bef\u00fcrworter der Souveranit\u00e4t und der territorialen Integrit\u00e4t seines Nachbarlandes, die von der Einmischung Moskaus und der separatistischen Bewegung in Transnistrien st\u00e4ndig gef\u00e4hrdet werden.<\/p>\n<p>&#13;<br \/>\n&#13;<\/p>\n<p>&#13;<br \/>\n&#13;<\/p>\n<p>Die Unterst\u00fctzung Rum\u00e4niens f\u00fcr die Republik Moldau wurde auch am Donnerstag vom rum\u00e4nischen Staatschef Klaus Iohannis, sowie vom Premierminister Victor Ponta und Au\u200e\u00dfenminister Bogdan Aurescu bei Gesp\u00e4chen in Bukarest mit dem Vorsitzenden des moldauischen Parlaments  Andrian Candu erneut bekr\u00e4ftigt. Der letztere erkl\u00e4rte seinerseits: \u201cDer Prozess der EU-Assoziierung und -Integration der Republik Moldau ist ein irreversibler Prozess, eine L\u00f6sung mit einer einzigen Alternative.<\/p>\n<p>&#13;<br \/>\n&#13;<\/p>\n<p>&#13;<br \/>\n&#13;<\/p>\n<p>Die moldauischen B\u00fcrger w\u00fcnschen sich sehr, EU-Mitglieder zu werden und wir rechnen mit der Unterst\u00fctzung Rum\u00e4niens, der rum\u00e4nischen Regierung und des Bukarester Parlaments, die uns dabei helfen sollen, diesen Prozess zu beschleunigen\u201d. Die proeurop\u00e4ische Regierung, die 2009 ins Amt eingef\u00fchrt wurde, hat voriges Jahr die EU-Assoziierungs-und Freihandelsabkommen unterschrieben und hofft auf den EU-Beitritt im Jahr 2020. <\/p>\n<p>&#13;<br \/>\n&#13;<\/p>\n<p>&#13;<br \/>\n&#13;<\/p>\n<p>&#13;<\/p>\n","protected":false},"excerpt":{"rendered":"<p>Am 27. M\u00e4rz j\u00e4hrt sich zum 97. Mal die Vereinigung Bessarabiens mit Rum\u00e4nien. Am Vortag bekr\u00e4ftigte der rum\u00e4nische Staatschef Klaus Iohannis die Unterst\u00fctzung Rum\u00e4niens f\u00fcr die EU-Integration der benachbarten Republik Moldau.<\/p>\n","protected":false},"author":105,"featured_media":62431,"comment_status":"closed","ping_status":"closed","sticky":false,"template":"","format":"standard","meta":{"_acf_changed":false,"footnotes":""},"categories":[99583],"tags":[100774,99899,151607,101417,102485,99900,99589,101459,102345,42842,100464,99829,134268,90887,99739,100574,102484],"coauthors":[],"class_list":["post-458960","post","type-post","status-publish","format-standard","has-post-thumbnail","hentry","category-rri-aktuell","tag-befuerworter","tag-bessarabien","tag-chisinau-de","tag-eu-assoziierungs-und-freihandelsabkommen","tag-eu-mitglieder","tag-moskau","tag-rumaenien","tag-souveraenitaet","tag-staatschef-klaus-iohannis","tag-stalin","tag-territoriale-integritaet","tag-transnistrien","tag-ukraine-de","tag-ultimatum","tag-unabhaengigkeit","tag-vereinigung","tag-vollversammlung"],"acf":[],"yoast_head":"<!-- This site is optimized with the Yoast SEO plugin v27.3 - https:\/\/yoast.com\/product\/yoast-seo-wordpress\/ -->\n<title>97. Jahrestag der Vereinigung Bessarabiens mit Rum\u00e4nien - Radio Rum\u00e4nien International<\/title>\n<meta name=\"robots\" content=\"index, follow, max-snippet:-1, max-image-preview:large, max-video-preview:-1\" \/>\n<link rel=\"canonical\" href=\"https:\/\/www.rri.ro\/de\/aktuell\/rri-aktuell\/97-jahrestag-der-vereinigung-bessarabiens-mit-rumaenien-id458960.html\" \/>\n<meta property=\"og:locale\" content=\"de_DE\" \/>\n<meta property=\"og:type\" content=\"article\" \/>\n<meta property=\"og:title\" content=\"97. Jahrestag der Vereinigung Bessarabiens mit Rum\u00e4nien - Radio Rum\u00e4nien International\" \/>\n<meta property=\"og:description\" content=\"Am 27. M\u00e4rz j\u00e4hrt sich zum 97. Mal die Vereinigung Bessarabiens mit Rum\u00e4nien. Am Vortag bekr\u00e4ftigte der rum\u00e4nische Staatschef Klaus Iohannis die Unterst\u00fctzung Rum\u00e4niens f\u00fcr die EU-Integration der benachbarten Republik Moldau.\" \/>\n<meta property=\"og:url\" content=\"https:\/\/www.rri.ro\/de\/aktuell\/rri-aktuell\/97-jahrestag-der-vereinigung-bessarabiens-mit-rumaenien-id458960.html\" \/>\n<meta property=\"og:site_name\" content=\"Radio Rum\u00e4nien International\" \/>\n<meta property=\"article:published_time\" content=\"2015-03-27T14:42:00+00:00\" \/>\n<meta property=\"article:modified_time\" content=\"2024-02-19T18:05:55+00:00\" \/>\n<meta property=\"og:image\" content=\"https:\/\/www.rri.ro\/wp-content\/uploads\/2023\/10\/Romania-tricolor-artistic.png\" \/>\n\t<meta property=\"og:image:width\" content=\"640\" \/>\n\t<meta property=\"og:image:height\" content=\"451\" \/>\n\t<meta property=\"og:image:type\" content=\"image\/png\" \/>\n<meta name=\"author\" content=\"Bogdan Matei\" \/>\n<meta name=\"twitter:card\" content=\"summary_large_image\" \/>\n<meta name=\"twitter:label1\" content=\"Verfasst von\" \/>\n\t<meta name=\"twitter:data1\" content=\"Bogdan Matei\" \/>\n\t<meta name=\"twitter:label2\" content=\"Gesch\u00e4tzte Lesezeit\" \/>\n\t<meta name=\"twitter:data2\" content=\"2\u00a0Minuten\" \/>\n\t<meta name=\"twitter:label3\" content=\"Written by\" \/>\n\t<meta name=\"twitter:data3\" content=\"Bogdan Matei\" \/>\n<script type=\"application\/ld+json\" class=\"yoast-schema-graph\">{\"@context\":\"https:\\\/\\\/schema.org\",\"@graph\":[{\"@type\":\"Article\",\"@id\":\"https:\\\/\\\/www.rri.ro\\\/de\\\/aktuell\\\/rri-aktuell\\\/97-jahrestag-der-vereinigung-bessarabiens-mit-rumaenien-id458960.html#article\",\"isPartOf\":{\"@id\":\"https:\\\/\\\/www.rri.ro\\\/de\\\/aktuell\\\/rri-aktuell\\\/97-jahrestag-der-vereinigung-bessarabiens-mit-rumaenien-id458960.html\"},\"author\":{\"name\":\"Bogdan Matei\",\"@id\":\"https:\\\/\\\/www.rri.ro\\\/#\\\/schema\\\/person\\\/0ed327d40678578e6dbb840527e3ba32\"},\"headline\":\"97. Jahrestag der Vereinigung Bessarabiens mit Rum\u00e4nien\",\"datePublished\":\"2015-03-27T14:42:00+00:00\",\"dateModified\":\"2024-02-19T18:05:55+00:00\",\"mainEntityOfPage\":{\"@id\":\"https:\\\/\\\/www.rri.ro\\\/de\\\/aktuell\\\/rri-aktuell\\\/97-jahrestag-der-vereinigung-bessarabiens-mit-rumaenien-id458960.html\"},\"wordCount\":357,\"image\":{\"@id\":\"https:\\\/\\\/www.rri.ro\\\/de\\\/aktuell\\\/rri-aktuell\\\/97-jahrestag-der-vereinigung-bessarabiens-mit-rumaenien-id458960.html#primaryimage\"},\"thumbnailUrl\":\"https:\\\/\\\/www.rri.ro\\\/wp-content\\\/uploads\\\/2023\\\/10\\\/Romania-tricolor-artistic.png\",\"keywords\":[\"Bef\u00fcrworter\",\"Bessarabien\",\"chisinau\",\"EU-Assoziierungs-und Freihandelsabkommen\",\"EU-Mitglieder\",\"Moskau\",\"Rum\u00e4nien\",\"Souver\u00e4nit\u00e4t\",\"Staatschef Klaus Iohannis\",\"Stalin\",\"territoriale Integrit\u00e4t\",\"Transnistrien\",\"Ukraine\",\"ultimatum\",\"Unabh\u00e4ngigkeit\",\"Vereinigung\",\"Vollversammlung\"],\"articleSection\":[\"RRI Aktuell\"],\"inLanguage\":\"de\"},{\"@type\":\"WebPage\",\"@id\":\"https:\\\/\\\/www.rri.ro\\\/de\\\/aktuell\\\/rri-aktuell\\\/97-jahrestag-der-vereinigung-bessarabiens-mit-rumaenien-id458960.html\",\"url\":\"https:\\\/\\\/www.rri.ro\\\/de\\\/aktuell\\\/rri-aktuell\\\/97-jahrestag-der-vereinigung-bessarabiens-mit-rumaenien-id458960.html\",\"name\":\"97. Jahrestag der Vereinigung Bessarabiens mit Rum\u00e4nien - Radio Rum\u00e4nien International\",\"isPartOf\":{\"@id\":\"https:\\\/\\\/www.rri.ro\\\/#website\"},\"primaryImageOfPage\":{\"@id\":\"https:\\\/\\\/www.rri.ro\\\/de\\\/aktuell\\\/rri-aktuell\\\/97-jahrestag-der-vereinigung-bessarabiens-mit-rumaenien-id458960.html#primaryimage\"},\"image\":{\"@id\":\"https:\\\/\\\/www.rri.ro\\\/de\\\/aktuell\\\/rri-aktuell\\\/97-jahrestag-der-vereinigung-bessarabiens-mit-rumaenien-id458960.html#primaryimage\"},\"thumbnailUrl\":\"https:\\\/\\\/www.rri.ro\\\/wp-content\\\/uploads\\\/2023\\\/10\\\/Romania-tricolor-artistic.png\",\"datePublished\":\"2015-03-27T14:42:00+00:00\",\"dateModified\":\"2024-02-19T18:05:55+00:00\",\"author\":{\"@id\":\"https:\\\/\\\/www.rri.ro\\\/#\\\/schema\\\/person\\\/0ed327d40678578e6dbb840527e3ba32\"},\"breadcrumb\":{\"@id\":\"https:\\\/\\\/www.rri.ro\\\/de\\\/aktuell\\\/rri-aktuell\\\/97-jahrestag-der-vereinigung-bessarabiens-mit-rumaenien-id458960.html#breadcrumb\"},\"inLanguage\":\"de\",\"potentialAction\":[{\"@type\":\"ReadAction\",\"target\":[\"https:\\\/\\\/www.rri.ro\\\/de\\\/aktuell\\\/rri-aktuell\\\/97-jahrestag-der-vereinigung-bessarabiens-mit-rumaenien-id458960.html\"]}]},{\"@type\":\"ImageObject\",\"inLanguage\":\"de\",\"@id\":\"https:\\\/\\\/www.rri.ro\\\/de\\\/aktuell\\\/rri-aktuell\\\/97-jahrestag-der-vereinigung-bessarabiens-mit-rumaenien-id458960.html#primaryimage\",\"url\":\"https:\\\/\\\/www.rri.ro\\\/wp-content\\\/uploads\\\/2023\\\/10\\\/Romania-tricolor-artistic.png\",\"contentUrl\":\"https:\\\/\\\/www.rri.ro\\\/wp-content\\\/uploads\\\/2023\\\/10\\\/Romania-tricolor-artistic.png\",\"width\":640,\"height\":451},{\"@type\":\"BreadcrumbList\",\"@id\":\"https:\\\/\\\/www.rri.ro\\\/de\\\/aktuell\\\/rri-aktuell\\\/97-jahrestag-der-vereinigung-bessarabiens-mit-rumaenien-id458960.html#breadcrumb\",\"itemListElement\":[{\"@type\":\"ListItem\",\"position\":1,\"name\":\"Startseite\",\"item\":\"https:\\\/\\\/www.rri.ro\\\/de\"},{\"@type\":\"ListItem\",\"position\":2,\"name\":\"Aktuell\",\"item\":\"https:\\\/\\\/www.rri.ro\\\/de\\\/aktuell\"},{\"@type\":\"ListItem\",\"position\":3,\"name\":\"RRI Aktuell\",\"item\":\"https:\\\/\\\/www.rri.ro\\\/de\\\/aktuell\\\/rri-aktuell\"},{\"@type\":\"ListItem\",\"position\":4,\"name\":\"97. Jahrestag der Vereinigung Bessarabiens mit Rum\u00e4nien\"}]},{\"@type\":\"WebSite\",\"@id\":\"https:\\\/\\\/www.rri.ro\\\/#website\",\"url\":\"https:\\\/\\\/www.rri.ro\\\/\",\"name\":\"Radio Rum\u00e4nien International\",\"description\":\"Totul despre Rom\u00e2nia \u015fi rom\u00e2ni, \u00een 13 limbi\\\/dialecte!\",\"inLanguage\":\"de\"},{\"@type\":\"Person\",\"@id\":\"https:\\\/\\\/www.rri.ro\\\/#\\\/schema\\\/person\\\/0ed327d40678578e6dbb840527e3ba32\",\"name\":\"Bogdan Matei\",\"url\":\"https:\\\/\\\/www.rri.ro\\\/de\\\/author\\\/bogdan-matei\"}]}<\/script>\n<!-- \/ Yoast SEO plugin. -->","yoast_head_json":{"title":"97. Jahrestag der Vereinigung Bessarabiens mit Rum\u00e4nien - Radio Rum\u00e4nien International","robots":{"index":"index","follow":"follow","max-snippet":"max-snippet:-1","max-image-preview":"max-image-preview:large","max-video-preview":"max-video-preview:-1"},"canonical":"https:\/\/www.rri.ro\/de\/aktuell\/rri-aktuell\/97-jahrestag-der-vereinigung-bessarabiens-mit-rumaenien-id458960.html","og_locale":"de_DE","og_type":"article","og_title":"97. Jahrestag der Vereinigung Bessarabiens mit Rum\u00e4nien - Radio Rum\u00e4nien International","og_description":"Am 27. M\u00e4rz j\u00e4hrt sich zum 97. Mal die Vereinigung Bessarabiens mit Rum\u00e4nien. Am Vortag bekr\u00e4ftigte der rum\u00e4nische Staatschef Klaus Iohannis die Unterst\u00fctzung Rum\u00e4niens f\u00fcr die EU-Integration der benachbarten Republik Moldau.","og_url":"https:\/\/www.rri.ro\/de\/aktuell\/rri-aktuell\/97-jahrestag-der-vereinigung-bessarabiens-mit-rumaenien-id458960.html","og_site_name":"Radio Rum\u00e4nien International","article_published_time":"2015-03-27T14:42:00+00:00","article_modified_time":"2024-02-19T18:05:55+00:00","og_image":[{"width":640,"height":451,"url":"https:\/\/www.rri.ro\/wp-content\/uploads\/2023\/10\/Romania-tricolor-artistic.png","type":"image\/png"}],"author":"Bogdan Matei","twitter_card":"summary_large_image","twitter_misc":{"Verfasst von":"Bogdan Matei","Gesch\u00e4tzte Lesezeit":"2\u00a0Minuten","Written by":"Bogdan Matei"},"schema":{"@context":"https:\/\/schema.org","@graph":[{"@type":"Article","@id":"https:\/\/www.rri.ro\/de\/aktuell\/rri-aktuell\/97-jahrestag-der-vereinigung-bessarabiens-mit-rumaenien-id458960.html#article","isPartOf":{"@id":"https:\/\/www.rri.ro\/de\/aktuell\/rri-aktuell\/97-jahrestag-der-vereinigung-bessarabiens-mit-rumaenien-id458960.html"},"author":{"name":"Bogdan Matei","@id":"https:\/\/www.rri.ro\/#\/schema\/person\/0ed327d40678578e6dbb840527e3ba32"},"headline":"97. Jahrestag der Vereinigung Bessarabiens mit Rum\u00e4nien","datePublished":"2015-03-27T14:42:00+00:00","dateModified":"2024-02-19T18:05:55+00:00","mainEntityOfPage":{"@id":"https:\/\/www.rri.ro\/de\/aktuell\/rri-aktuell\/97-jahrestag-der-vereinigung-bessarabiens-mit-rumaenien-id458960.html"},"wordCount":357,"image":{"@id":"https:\/\/www.rri.ro\/de\/aktuell\/rri-aktuell\/97-jahrestag-der-vereinigung-bessarabiens-mit-rumaenien-id458960.html#primaryimage"},"thumbnailUrl":"https:\/\/www.rri.ro\/wp-content\/uploads\/2023\/10\/Romania-tricolor-artistic.png","keywords":["Bef\u00fcrworter","Bessarabien","chisinau","EU-Assoziierungs-und Freihandelsabkommen","EU-Mitglieder","Moskau","Rum\u00e4nien","Souver\u00e4nit\u00e4t","Staatschef Klaus Iohannis","Stalin","territoriale Integrit\u00e4t","Transnistrien","Ukraine","ultimatum","Unabh\u00e4ngigkeit","Vereinigung","Vollversammlung"],"articleSection":["RRI Aktuell"],"inLanguage":"de"},{"@type":"WebPage","@id":"https:\/\/www.rri.ro\/de\/aktuell\/rri-aktuell\/97-jahrestag-der-vereinigung-bessarabiens-mit-rumaenien-id458960.html","url":"https:\/\/www.rri.ro\/de\/aktuell\/rri-aktuell\/97-jahrestag-der-vereinigung-bessarabiens-mit-rumaenien-id458960.html","name":"97. Jahrestag der Vereinigung Bessarabiens mit Rum\u00e4nien - Radio Rum\u00e4nien International","isPartOf":{"@id":"https:\/\/www.rri.ro\/#website"},"primaryImageOfPage":{"@id":"https:\/\/www.rri.ro\/de\/aktuell\/rri-aktuell\/97-jahrestag-der-vereinigung-bessarabiens-mit-rumaenien-id458960.html#primaryimage"},"image":{"@id":"https:\/\/www.rri.ro\/de\/aktuell\/rri-aktuell\/97-jahrestag-der-vereinigung-bessarabiens-mit-rumaenien-id458960.html#primaryimage"},"thumbnailUrl":"https:\/\/www.rri.ro\/wp-content\/uploads\/2023\/10\/Romania-tricolor-artistic.png","datePublished":"2015-03-27T14:42:00+00:00","dateModified":"2024-02-19T18:05:55+00:00","author":{"@id":"https:\/\/www.rri.ro\/#\/schema\/person\/0ed327d40678578e6dbb840527e3ba32"},"breadcrumb":{"@id":"https:\/\/www.rri.ro\/de\/aktuell\/rri-aktuell\/97-jahrestag-der-vereinigung-bessarabiens-mit-rumaenien-id458960.html#breadcrumb"},"inLanguage":"de","potentialAction":[{"@type":"ReadAction","target":["https:\/\/www.rri.ro\/de\/aktuell\/rri-aktuell\/97-jahrestag-der-vereinigung-bessarabiens-mit-rumaenien-id458960.html"]}]},{"@type":"ImageObject","inLanguage":"de","@id":"https:\/\/www.rri.ro\/de\/aktuell\/rri-aktuell\/97-jahrestag-der-vereinigung-bessarabiens-mit-rumaenien-id458960.html#primaryimage","url":"https:\/\/www.rri.ro\/wp-content\/uploads\/2023\/10\/Romania-tricolor-artistic.png","contentUrl":"https:\/\/www.rri.ro\/wp-content\/uploads\/2023\/10\/Romania-tricolor-artistic.png","width":640,"height":451},{"@type":"BreadcrumbList","@id":"https:\/\/www.rri.ro\/de\/aktuell\/rri-aktuell\/97-jahrestag-der-vereinigung-bessarabiens-mit-rumaenien-id458960.html#breadcrumb","itemListElement":[{"@type":"ListItem","position":1,"name":"Startseite","item":"https:\/\/www.rri.ro\/de"},{"@type":"ListItem","position":2,"name":"Aktuell","item":"https:\/\/www.rri.ro\/de\/aktuell"},{"@type":"ListItem","position":3,"name":"RRI Aktuell","item":"https:\/\/www.rri.ro\/de\/aktuell\/rri-aktuell"},{"@type":"ListItem","position":4,"name":"97. Jahrestag der Vereinigung Bessarabiens mit Rum\u00e4nien"}]},{"@type":"WebSite","@id":"https:\/\/www.rri.ro\/#website","url":"https:\/\/www.rri.ro\/","name":"Radio Rum\u00e4nien International","description":"Totul despre Rom\u00e2nia \u015fi rom\u00e2ni, \u00een 13 limbi\/dialecte!","inLanguage":"de"},{"@type":"Person","@id":"https:\/\/www.rri.ro\/#\/schema\/person\/0ed327d40678578e6dbb840527e3ba32","name":"Bogdan Matei","url":"https:\/\/www.rri.ro\/de\/author\/bogdan-matei"}]}},"_links":{"self":[{"href":"https:\/\/www.rri.ro\/de\/wp-json\/wp\/v2\/posts\/458960","targetHints":{"allow":["GET"]}}],"collection":[{"href":"https:\/\/www.rri.ro\/de\/wp-json\/wp\/v2\/posts"}],"about":[{"href":"https:\/\/www.rri.ro\/de\/wp-json\/wp\/v2\/types\/post"}],"author":[{"embeddable":true,"href":"https:\/\/www.rri.ro\/de\/wp-json\/wp\/v2\/users\/105"}],"replies":[{"embeddable":true,"href":"https:\/\/www.rri.ro\/de\/wp-json\/wp\/v2\/comments?post=458960"}],"version-history":[{"count":0,"href":"https:\/\/www.rri.ro\/de\/wp-json\/wp\/v2\/posts\/458960\/revisions"}],"wp:featuredmedia":[{"embeddable":true,"href":"https:\/\/www.rri.ro\/de\/wp-json\/wp\/v2\/media\/62431"}],"wp:attachment":[{"href":"https:\/\/www.rri.ro\/de\/wp-json\/wp\/v2\/media?parent=458960"}],"wp:term":[{"taxonomy":"category","embeddable":true,"href":"https:\/\/www.rri.ro\/de\/wp-json\/wp\/v2\/categories?post=458960"},{"taxonomy":"post_tag","embeddable":true,"href":"https:\/\/www.rri.ro\/de\/wp-json\/wp\/v2\/tags?post=458960"},{"taxonomy":"author","embeddable":true,"href":"https:\/\/www.rri.ro\/de\/wp-json\/wp\/v2\/coauthors?post=458960"}],"curies":[{"name":"wp","href":"https:\/\/api.w.org\/{rel}","templated":true}]}}