{"id":459268,"date":"2015-06-11T14:19:00","date_gmt":"2015-06-11T11:19:00","guid":{"rendered":"http:\/\/devrri.freshlemon.ro\/aktuell\/die-beziehungen-zwischen-der-eu-und-russland-bleiben-gespannt-id459268.html"},"modified":"2024-02-19T20:10:14","modified_gmt":"2024-02-19T18:10:14","slug":"die-beziehungen-zwischen-der-eu-und-russland-bleiben-gespannt","status":"publish","type":"post","link":"https:\/\/www.rri.ro\/de\/aktuell\/rri-aktuell\/die-beziehungen-zwischen-der-eu-und-russland-bleiben-gespannt-id459268.html","title":{"rendered":"Die Beziehungen zwischen der EU und Russland bleiben gespannt"},"content":{"rendered":"<p>Der sozialdemokratische EU-Abgeordnete Ioan Mircea Pa\u015fcu, ehemaliger Verteidigungsminister im rum\u00e4nischen Regierungskabinett, das vor 10 Jahren die Aufnahme Rum\u00e4niens in die NATO erreicht hatte, pr\u00e4sentierte am Mittwoch vor dem Plenum des EU-Parlaments eine Resolution betreffend die Sicherheit im Schwarzmeerraum nach der Annexion der Halbinsel Krim durch Russland. Das Dokument verurteilt kategorisch die Eingriffe Moskaus auch in anderen Zonen des ex-sowjetischen Raumes. Ein Vierteljahrhundert nach dem Auseinandergehen der Sowjetunion scheinen die Russen, sich von ihren ehemaligen Territorien nicht trennen zu k\u00f6nnen. Die illegale Annexion der Krim, die Destabilisierung der Ostukraine und die Situation in den abtr\u00fcnnigen prorussischen Provinzen Abchasien und S\u00fcdossetien sind ein Anzeichen daf\u00fcr, dass Russland den Schwarzmeerraum kontrollieren will. Die Halbinsel Krim sei eine Art Kaliningrad im S\u00fcden, das eine m\u00f6gliche Expansion unterst\u00fctzen sollte, so Ioan Mircea Pa\u015fcu. Der rum\u00e4nische Europaabgeordnete Victor Bo\u015ftinaru, ebenfalls Mitglied der Sozialdemokratischen Partei Europas, verurteilte seinerseits den Appetit Russlands auf neue Territorien:<\/p>\n<p>&#13;<br \/>\n&#13;<\/p>\n<p>&#13;<br \/>\n&#13;<\/p>\n<p><em>&#8222;Ich m\u00f6chte auf die Strategie Russlands aufmerksam machen, wodurch schrittweise benachbarte Territorien schrittweise annektiert werden sollten. Man beginnt mit interethnischen Konflikten, die zu eingefrorenen Konflikten und sp\u00e4ter zu einer direkten Besetzung von Territorien f\u00fchren, wie in  S\u00fcdossetien, Abchasien und in der Krim der Fall war. Und nicht zuletzt erinnere ich an die massive Pr\u00e4senz Russlands im Rahmen eines breiten Cyberkriegs, der von der EU und der NATO als solcher identifiziert wurde.\u201d <\/em><\/p>\n<p>&#13;<br \/>\n&#13;<\/p>\n<p>&#13;<br \/>\n&#13;<\/p>\n<p>Die rum\u00e4nische Europaabgeordnete Norica Nicolai (von der National-Liberalen Partei) warnte, dass die russiche milit\u00e4rische Pr\u00e4senz in Transnistrien (im Osten der Republik Moldau) und die Eskalierung des Konflikts in der Ukraine einen Vormarsch der russischen Truppen bis zu den Donau-M\u00fcndungen erm\u00f6glichen k\u00f6nnte:<\/p>\n<p>&#13;<br \/>\n&#13;<\/p>\n<p>&#13;<br \/>\n&#13;<\/p>\n<p><em class=cms-italic>Bald werden wir russiche Truppen in der N\u00e4he der Donau-M\u00fcndungen haben, was zu einem gro\u200e\u00dfen Problem f\u00fcr die Sicherheit der Europ\u00e4ischen Union darstellen wird. Die EU w\u00fcrde eine sehr lange Grenze mit Russland haben. Erstens sollten wir versuchen, signifikante Schritte zu unternehmen, vor allem auf diplomatischen Wegen, um eine Eskalierung des Konflikts vorzubeugen.\u201d<\/em><\/p>\n<p>&#13;<br \/>\n&#13;<\/p>\n<p>&#13;<br \/>\n&#13;<\/p>\n<p>Der EU-Abgeordnete Daniel Buda (von der Europ\u00e4ischen Volkpartei) sagte, man sollte mit aller Verantwortung die M\u00f6glichkeit einer Lieferung von Verteidigungsmitteln an die Ukraine in Erw\u00e4gung ziehen, denn nur die Verteidigungsf\u00e4higkeit der Ukraine k\u00f6nne den Frieden und die Sicherheit in der Region garantieren. Ungeachtet ihrer politischen Couleur scheinen die rum\u00e4nischen Europaabgeordneten derselben Ansicht zu sein. Eine m\u00f6gliche Erkl\u00e4rung daf\u00fcr w\u00e4ren die nicht weniger als 12 russischen Invasionen, die die Rum\u00e4nen in den letzten drei Jahrhunderten erlitten haben.<\/p>\n<p>&#13;<br \/>\n&#13;<\/p>\n<p>&#13;<br \/>\n&#13;<\/p>\n<p>Die Europaabgeordneten best\u00e4tigten ihre kritische Position gegen\u00fcber Russland und forderten angesichts der russischen Ukraine-Politik eine kritische Neubewertung der EU-Beziehungen zu Russland. Sie forderten die Europ\u00e4ische Kommission auf, wirksame Ma\u200e\u00dfnahmen und finanzielle Unterst\u00fctzung zur Bek\u00e4mpfung der russischen Propaganda und Desinformation innerhalb und au\u200e\u00dferhalb der Europ\u00e4ischen Union zu treffen. Die EU-Staaten sollten schnellstm\u00f6glich einen \u00abSoft-Power-Notfallplan aufstellen, um der aggressiven und spaltenden Politik Russlands zu begegnen\u00bb, hie\u200e\u00df es in einer Entschlie\u200e\u00dfung, die das EU-Parlament am Mittwoch in Stra\u200e\u00dfburg mit 494 Ja- bei 135 Gegenstimmen verabschiedete. <\/p>\n<p>&#13;<\/p>\n","protected":false},"excerpt":{"rendered":"<p>Ein Jahr nach der Annexion der Halbinsel Krim durch Russland bleiben die Beziehungen zwischen Br\u00fcssel und Moskau weiterhin gespannt.<\/p>\n","protected":false},"author":105,"featured_media":64327,"comment_status":"closed","ping_status":"closed","sticky":false,"template":"","format":"standard","meta":{"_acf_changed":false,"footnotes":""},"categories":[99583],"tags":[101131,29120,34832,101888,41978,100576,99900,13794,99943,99824,100276,99829,99963,28905],"coauthors":[],"class_list":["post-459268","post","type-post","status-publish","format-standard","has-post-thumbnail","hentry","category-rri-aktuell","tag-abgeordnete","tag-eu","tag-europa","tag-frieden","tag-krim","tag-moldau","tag-moskau","tag-nato","tag-politik","tag-russland","tag-sicherheit","tag-transnistrien","tag-truppen","tag-ukraine"],"acf":[],"yoast_head":"<!-- This site is optimized with the Yoast SEO plugin v27.3 - https:\/\/yoast.com\/product\/yoast-seo-wordpress\/ -->\n<title>Die Beziehungen zwischen der EU und Russland bleiben gespannt - Radio Rum\u00e4nien International<\/title>\n<meta name=\"robots\" content=\"index, follow, max-snippet:-1, max-image-preview:large, max-video-preview:-1\" \/>\n<link rel=\"canonical\" href=\"https:\/\/www.rri.ro\/de\/aktuell\/rri-aktuell\/die-beziehungen-zwischen-der-eu-und-russland-bleiben-gespannt-id459268.html\" \/>\n<meta property=\"og:locale\" content=\"de_DE\" \/>\n<meta property=\"og:type\" content=\"article\" \/>\n<meta property=\"og:title\" content=\"Die Beziehungen zwischen der EU und Russland bleiben gespannt - Radio Rum\u00e4nien International\" \/>\n<meta property=\"og:description\" content=\"Ein Jahr nach der Annexion der Halbinsel Krim durch Russland bleiben die Beziehungen zwischen Br\u00fcssel und Moskau weiterhin gespannt.\" \/>\n<meta property=\"og:url\" content=\"https:\/\/www.rri.ro\/de\/aktuell\/rri-aktuell\/die-beziehungen-zwischen-der-eu-und-russland-bleiben-gespannt-id459268.html\" \/>\n<meta property=\"og:site_name\" content=\"Radio Rum\u00e4nien International\" \/>\n<meta property=\"article:published_time\" content=\"2015-06-11T11:19:00+00:00\" \/>\n<meta property=\"article:modified_time\" content=\"2024-02-19T18:10:14+00:00\" \/>\n<meta property=\"og:image\" content=\"https:\/\/www.rri.ro\/wp-content\/uploads\/2023\/10\/NATO-rusia.png\" \/>\n\t<meta property=\"og:image:width\" content=\"640\" \/>\n\t<meta property=\"og:image:height\" content=\"445\" \/>\n\t<meta property=\"og:image:type\" content=\"image\/png\" \/>\n<meta name=\"author\" content=\"Bogdan Matei\" \/>\n<meta name=\"twitter:card\" content=\"summary_large_image\" \/>\n<meta name=\"twitter:label1\" content=\"Verfasst von\" \/>\n\t<meta name=\"twitter:data1\" content=\"Bogdan Matei\" \/>\n\t<meta name=\"twitter:label2\" content=\"Gesch\u00e4tzte Lesezeit\" \/>\n\t<meta name=\"twitter:data2\" content=\"3\u00a0Minuten\" \/>\n\t<meta name=\"twitter:label3\" content=\"Written by\" \/>\n\t<meta name=\"twitter:data3\" content=\"Bogdan Matei\" \/>\n<script type=\"application\/ld+json\" class=\"yoast-schema-graph\">{\"@context\":\"https:\\\/\\\/schema.org\",\"@graph\":[{\"@type\":\"Article\",\"@id\":\"https:\\\/\\\/www.rri.ro\\\/de\\\/aktuell\\\/rri-aktuell\\\/die-beziehungen-zwischen-der-eu-und-russland-bleiben-gespannt-id459268.html#article\",\"isPartOf\":{\"@id\":\"https:\\\/\\\/www.rri.ro\\\/de\\\/aktuell\\\/rri-aktuell\\\/die-beziehungen-zwischen-der-eu-und-russland-bleiben-gespannt-id459268.html\"},\"author\":{\"name\":\"Bogdan Matei\",\"@id\":\"https:\\\/\\\/www.rri.ro\\\/#\\\/schema\\\/person\\\/0ed327d40678578e6dbb840527e3ba32\"},\"headline\":\"Die Beziehungen zwischen der EU und Russland bleiben gespannt\",\"datePublished\":\"2015-06-11T11:19:00+00:00\",\"dateModified\":\"2024-02-19T18:10:14+00:00\",\"mainEntityOfPage\":{\"@id\":\"https:\\\/\\\/www.rri.ro\\\/de\\\/aktuell\\\/rri-aktuell\\\/die-beziehungen-zwischen-der-eu-und-russland-bleiben-gespannt-id459268.html\"},\"wordCount\":528,\"image\":{\"@id\":\"https:\\\/\\\/www.rri.ro\\\/de\\\/aktuell\\\/rri-aktuell\\\/die-beziehungen-zwischen-der-eu-und-russland-bleiben-gespannt-id459268.html#primaryimage\"},\"thumbnailUrl\":\"https:\\\/\\\/www.rri.ro\\\/wp-content\\\/uploads\\\/2023\\\/10\\\/NATO-rusia.png\",\"keywords\":[\"Abgeordnete\",\"EU\",\"Europa\",\"Frieden\",\"Krim\",\"Moldau\",\"Moskau\",\"NATO\",\"Politik\",\"Russland\",\"Sicherheit\",\"Transnistrien\",\"Truppen\",\"Ukraine\"],\"articleSection\":[\"RRI Aktuell\"],\"inLanguage\":\"de\"},{\"@type\":\"WebPage\",\"@id\":\"https:\\\/\\\/www.rri.ro\\\/de\\\/aktuell\\\/rri-aktuell\\\/die-beziehungen-zwischen-der-eu-und-russland-bleiben-gespannt-id459268.html\",\"url\":\"https:\\\/\\\/www.rri.ro\\\/de\\\/aktuell\\\/rri-aktuell\\\/die-beziehungen-zwischen-der-eu-und-russland-bleiben-gespannt-id459268.html\",\"name\":\"Die Beziehungen zwischen der EU und Russland bleiben gespannt - Radio Rum\u00e4nien International\",\"isPartOf\":{\"@id\":\"https:\\\/\\\/www.rri.ro\\\/#website\"},\"primaryImageOfPage\":{\"@id\":\"https:\\\/\\\/www.rri.ro\\\/de\\\/aktuell\\\/rri-aktuell\\\/die-beziehungen-zwischen-der-eu-und-russland-bleiben-gespannt-id459268.html#primaryimage\"},\"image\":{\"@id\":\"https:\\\/\\\/www.rri.ro\\\/de\\\/aktuell\\\/rri-aktuell\\\/die-beziehungen-zwischen-der-eu-und-russland-bleiben-gespannt-id459268.html#primaryimage\"},\"thumbnailUrl\":\"https:\\\/\\\/www.rri.ro\\\/wp-content\\\/uploads\\\/2023\\\/10\\\/NATO-rusia.png\",\"datePublished\":\"2015-06-11T11:19:00+00:00\",\"dateModified\":\"2024-02-19T18:10:14+00:00\",\"author\":{\"@id\":\"https:\\\/\\\/www.rri.ro\\\/#\\\/schema\\\/person\\\/0ed327d40678578e6dbb840527e3ba32\"},\"breadcrumb\":{\"@id\":\"https:\\\/\\\/www.rri.ro\\\/de\\\/aktuell\\\/rri-aktuell\\\/die-beziehungen-zwischen-der-eu-und-russland-bleiben-gespannt-id459268.html#breadcrumb\"},\"inLanguage\":\"de\",\"potentialAction\":[{\"@type\":\"ReadAction\",\"target\":[\"https:\\\/\\\/www.rri.ro\\\/de\\\/aktuell\\\/rri-aktuell\\\/die-beziehungen-zwischen-der-eu-und-russland-bleiben-gespannt-id459268.html\"]}]},{\"@type\":\"ImageObject\",\"inLanguage\":\"de\",\"@id\":\"https:\\\/\\\/www.rri.ro\\\/de\\\/aktuell\\\/rri-aktuell\\\/die-beziehungen-zwischen-der-eu-und-russland-bleiben-gespannt-id459268.html#primaryimage\",\"url\":\"https:\\\/\\\/www.rri.ro\\\/wp-content\\\/uploads\\\/2023\\\/10\\\/NATO-rusia.png\",\"contentUrl\":\"https:\\\/\\\/www.rri.ro\\\/wp-content\\\/uploads\\\/2023\\\/10\\\/NATO-rusia.png\",\"width\":640,\"height\":445},{\"@type\":\"BreadcrumbList\",\"@id\":\"https:\\\/\\\/www.rri.ro\\\/de\\\/aktuell\\\/rri-aktuell\\\/die-beziehungen-zwischen-der-eu-und-russland-bleiben-gespannt-id459268.html#breadcrumb\",\"itemListElement\":[{\"@type\":\"ListItem\",\"position\":1,\"name\":\"Startseite\",\"item\":\"https:\\\/\\\/www.rri.ro\\\/de\"},{\"@type\":\"ListItem\",\"position\":2,\"name\":\"Aktuell\",\"item\":\"https:\\\/\\\/www.rri.ro\\\/de\\\/aktuell\"},{\"@type\":\"ListItem\",\"position\":3,\"name\":\"RRI Aktuell\",\"item\":\"https:\\\/\\\/www.rri.ro\\\/de\\\/aktuell\\\/rri-aktuell\"},{\"@type\":\"ListItem\",\"position\":4,\"name\":\"Die Beziehungen zwischen der EU und Russland bleiben gespannt\"}]},{\"@type\":\"WebSite\",\"@id\":\"https:\\\/\\\/www.rri.ro\\\/#website\",\"url\":\"https:\\\/\\\/www.rri.ro\\\/\",\"name\":\"Radio Rum\u00e4nien International\",\"description\":\"Totul despre Rom\u00e2nia \u015fi rom\u00e2ni, \u00een 13 limbi\\\/dialecte!\",\"inLanguage\":\"de\"},{\"@type\":\"Person\",\"@id\":\"https:\\\/\\\/www.rri.ro\\\/#\\\/schema\\\/person\\\/0ed327d40678578e6dbb840527e3ba32\",\"name\":\"Bogdan Matei\",\"url\":\"https:\\\/\\\/www.rri.ro\\\/de\\\/author\\\/bogdan-matei\"}]}<\/script>\n<!-- \/ Yoast SEO plugin. -->","yoast_head_json":{"title":"Die Beziehungen zwischen der EU und Russland bleiben gespannt - Radio Rum\u00e4nien International","robots":{"index":"index","follow":"follow","max-snippet":"max-snippet:-1","max-image-preview":"max-image-preview:large","max-video-preview":"max-video-preview:-1"},"canonical":"https:\/\/www.rri.ro\/de\/aktuell\/rri-aktuell\/die-beziehungen-zwischen-der-eu-und-russland-bleiben-gespannt-id459268.html","og_locale":"de_DE","og_type":"article","og_title":"Die Beziehungen zwischen der EU und Russland bleiben gespannt - Radio Rum\u00e4nien International","og_description":"Ein Jahr nach der Annexion der Halbinsel Krim durch Russland bleiben die Beziehungen zwischen Br\u00fcssel und Moskau weiterhin gespannt.","og_url":"https:\/\/www.rri.ro\/de\/aktuell\/rri-aktuell\/die-beziehungen-zwischen-der-eu-und-russland-bleiben-gespannt-id459268.html","og_site_name":"Radio Rum\u00e4nien International","article_published_time":"2015-06-11T11:19:00+00:00","article_modified_time":"2024-02-19T18:10:14+00:00","og_image":[{"width":640,"height":445,"url":"https:\/\/www.rri.ro\/wp-content\/uploads\/2023\/10\/NATO-rusia.png","type":"image\/png"}],"author":"Bogdan Matei","twitter_card":"summary_large_image","twitter_misc":{"Verfasst von":"Bogdan Matei","Gesch\u00e4tzte Lesezeit":"3\u00a0Minuten","Written by":"Bogdan Matei"},"schema":{"@context":"https:\/\/schema.org","@graph":[{"@type":"Article","@id":"https:\/\/www.rri.ro\/de\/aktuell\/rri-aktuell\/die-beziehungen-zwischen-der-eu-und-russland-bleiben-gespannt-id459268.html#article","isPartOf":{"@id":"https:\/\/www.rri.ro\/de\/aktuell\/rri-aktuell\/die-beziehungen-zwischen-der-eu-und-russland-bleiben-gespannt-id459268.html"},"author":{"name":"Bogdan Matei","@id":"https:\/\/www.rri.ro\/#\/schema\/person\/0ed327d40678578e6dbb840527e3ba32"},"headline":"Die Beziehungen zwischen der EU und Russland bleiben gespannt","datePublished":"2015-06-11T11:19:00+00:00","dateModified":"2024-02-19T18:10:14+00:00","mainEntityOfPage":{"@id":"https:\/\/www.rri.ro\/de\/aktuell\/rri-aktuell\/die-beziehungen-zwischen-der-eu-und-russland-bleiben-gespannt-id459268.html"},"wordCount":528,"image":{"@id":"https:\/\/www.rri.ro\/de\/aktuell\/rri-aktuell\/die-beziehungen-zwischen-der-eu-und-russland-bleiben-gespannt-id459268.html#primaryimage"},"thumbnailUrl":"https:\/\/www.rri.ro\/wp-content\/uploads\/2023\/10\/NATO-rusia.png","keywords":["Abgeordnete","EU","Europa","Frieden","Krim","Moldau","Moskau","NATO","Politik","Russland","Sicherheit","Transnistrien","Truppen","Ukraine"],"articleSection":["RRI Aktuell"],"inLanguage":"de"},{"@type":"WebPage","@id":"https:\/\/www.rri.ro\/de\/aktuell\/rri-aktuell\/die-beziehungen-zwischen-der-eu-und-russland-bleiben-gespannt-id459268.html","url":"https:\/\/www.rri.ro\/de\/aktuell\/rri-aktuell\/die-beziehungen-zwischen-der-eu-und-russland-bleiben-gespannt-id459268.html","name":"Die Beziehungen zwischen der EU und Russland bleiben gespannt - Radio Rum\u00e4nien International","isPartOf":{"@id":"https:\/\/www.rri.ro\/#website"},"primaryImageOfPage":{"@id":"https:\/\/www.rri.ro\/de\/aktuell\/rri-aktuell\/die-beziehungen-zwischen-der-eu-und-russland-bleiben-gespannt-id459268.html#primaryimage"},"image":{"@id":"https:\/\/www.rri.ro\/de\/aktuell\/rri-aktuell\/die-beziehungen-zwischen-der-eu-und-russland-bleiben-gespannt-id459268.html#primaryimage"},"thumbnailUrl":"https:\/\/www.rri.ro\/wp-content\/uploads\/2023\/10\/NATO-rusia.png","datePublished":"2015-06-11T11:19:00+00:00","dateModified":"2024-02-19T18:10:14+00:00","author":{"@id":"https:\/\/www.rri.ro\/#\/schema\/person\/0ed327d40678578e6dbb840527e3ba32"},"breadcrumb":{"@id":"https:\/\/www.rri.ro\/de\/aktuell\/rri-aktuell\/die-beziehungen-zwischen-der-eu-und-russland-bleiben-gespannt-id459268.html#breadcrumb"},"inLanguage":"de","potentialAction":[{"@type":"ReadAction","target":["https:\/\/www.rri.ro\/de\/aktuell\/rri-aktuell\/die-beziehungen-zwischen-der-eu-und-russland-bleiben-gespannt-id459268.html"]}]},{"@type":"ImageObject","inLanguage":"de","@id":"https:\/\/www.rri.ro\/de\/aktuell\/rri-aktuell\/die-beziehungen-zwischen-der-eu-und-russland-bleiben-gespannt-id459268.html#primaryimage","url":"https:\/\/www.rri.ro\/wp-content\/uploads\/2023\/10\/NATO-rusia.png","contentUrl":"https:\/\/www.rri.ro\/wp-content\/uploads\/2023\/10\/NATO-rusia.png","width":640,"height":445},{"@type":"BreadcrumbList","@id":"https:\/\/www.rri.ro\/de\/aktuell\/rri-aktuell\/die-beziehungen-zwischen-der-eu-und-russland-bleiben-gespannt-id459268.html#breadcrumb","itemListElement":[{"@type":"ListItem","position":1,"name":"Startseite","item":"https:\/\/www.rri.ro\/de"},{"@type":"ListItem","position":2,"name":"Aktuell","item":"https:\/\/www.rri.ro\/de\/aktuell"},{"@type":"ListItem","position":3,"name":"RRI Aktuell","item":"https:\/\/www.rri.ro\/de\/aktuell\/rri-aktuell"},{"@type":"ListItem","position":4,"name":"Die Beziehungen zwischen der EU und Russland bleiben gespannt"}]},{"@type":"WebSite","@id":"https:\/\/www.rri.ro\/#website","url":"https:\/\/www.rri.ro\/","name":"Radio Rum\u00e4nien International","description":"Totul despre Rom\u00e2nia \u015fi rom\u00e2ni, \u00een 13 limbi\/dialecte!","inLanguage":"de"},{"@type":"Person","@id":"https:\/\/www.rri.ro\/#\/schema\/person\/0ed327d40678578e6dbb840527e3ba32","name":"Bogdan Matei","url":"https:\/\/www.rri.ro\/de\/author\/bogdan-matei"}]}},"_links":{"self":[{"href":"https:\/\/www.rri.ro\/de\/wp-json\/wp\/v2\/posts\/459268","targetHints":{"allow":["GET"]}}],"collection":[{"href":"https:\/\/www.rri.ro\/de\/wp-json\/wp\/v2\/posts"}],"about":[{"href":"https:\/\/www.rri.ro\/de\/wp-json\/wp\/v2\/types\/post"}],"author":[{"embeddable":true,"href":"https:\/\/www.rri.ro\/de\/wp-json\/wp\/v2\/users\/105"}],"replies":[{"embeddable":true,"href":"https:\/\/www.rri.ro\/de\/wp-json\/wp\/v2\/comments?post=459268"}],"version-history":[{"count":0,"href":"https:\/\/www.rri.ro\/de\/wp-json\/wp\/v2\/posts\/459268\/revisions"}],"wp:featuredmedia":[{"embeddable":true,"href":"https:\/\/www.rri.ro\/de\/wp-json\/wp\/v2\/media\/64327"}],"wp:attachment":[{"href":"https:\/\/www.rri.ro\/de\/wp-json\/wp\/v2\/media?parent=459268"}],"wp:term":[{"taxonomy":"category","embeddable":true,"href":"https:\/\/www.rri.ro\/de\/wp-json\/wp\/v2\/categories?post=459268"},{"taxonomy":"post_tag","embeddable":true,"href":"https:\/\/www.rri.ro\/de\/wp-json\/wp\/v2\/tags?post=459268"},{"taxonomy":"author","embeddable":true,"href":"https:\/\/www.rri.ro\/de\/wp-json\/wp\/v2\/coauthors?post=459268"}],"curies":[{"name":"wp","href":"https:\/\/api.w.org\/{rel}","templated":true}]}}