{"id":459354,"date":"2015-06-26T18:00:00","date_gmt":"2015-06-26T15:00:00","guid":{"rendered":"http:\/\/devrri.freshlemon.ro\/aktuell\/kontroverse-reaktionen-auf-das-rumaenische-steuergesetz-id459354.html"},"modified":"2024-02-19T20:10:41","modified_gmt":"2024-02-19T18:10:41","slug":"kontroverse-reaktionen-auf-das-rumaenische-steuergesetz","status":"publish","type":"post","link":"https:\/\/www.rri.ro\/de\/aktuell\/rri-aktuell\/kontroverse-reaktionen-auf-das-rumaenische-steuergesetz-id459354.html","title":{"rendered":"Kontroverse Reaktionen auf das rum\u00e4nische Steuergesetz"},"content":{"rendered":"<p><span style=line-height: 1.6em;>Die internationalen Geldgeber Rum\u00e4niens haben auf das neue Steuergesetz des Landes mit Vorbehalt reagiert. Das Gesetz soll ein Mittel darstellen, den Konsum anzukurbeln und damit ein Wirtschaftswachstum anzuregen. Donnerstag hat es zu diesem Thema Gespr\u00e4che gegeben, der Regierung in Bukarest ist es jedoch nicht gelungen, mit den Repr\u00e4sentanten der Europ\u00e4ischen Kommission zu einer Einigung zu kommen. Br\u00fcssel bef\u00fcrchtet, dass die Steuererleichterungen, insbesondere die Absenkung der Mehrwertsteuer von 24 auf 19 Prozent das rum\u00e4nische Staatsdefizit zu sehr in die H\u00f6he treiben und damit die vereinbarten Grenzwerte f\u00fcr 2016 \u00fcberschreiten.<\/span><\/p>\n<p>&#13;<br \/>\n&#13;<\/p>\n<p>Der Finanzminister Eugen Teodorovici hat versucht, diese Bef\u00fcrchtungen zu zerstreuen, jedoch ohne Erfolg. Teodorovici ist jedoch weiterhin von der Richtigkeit der Ma\u200e\u00dfnahmen \u00fcberzeugt: &#8222;Dieses tempor\u00e4re Ansteigen des Defizits ist unter Kontrolle. 2016 werden wir auch dank des neuen Steuergesetzes ein maximales Defizit von 2,9 Prozent haben. Aber bis Herbst, wenn wir den Haushalt f\u00fcr das kommende Jahr haben werden, werden wir bei unn\u00f6tigen Verwaltungsausgaben oder generell Wirtschaftsasugaben k\u00fcrzen k\u00f6nnen ohne die Investitionen zu beeinflussen. So werden wir im Haushalt f\u00fcr 2016 das Defizit auf 2,5 Prozent senken k\u00f6nnen.&#8220; <\/p>\n<p>&#13;<br \/>\n&#13;<\/p>\n<p>Der Finanzchef sagt ferner, dass eine Absenkung der Mehrwertsteuer nicht nur den privaten Konsum ankurbeln, sondern zudem mehr als 100 000 neue Arbeitspl\u00e4tze schaffen wird. Auch seitens der Opposition kommt Zuspruch. Der Liberale Gheorghe Ialomi\u0163ianu, einst selbst Finanzminister sagte, dass die von der Regierung pr\u00e4sentierten Wirtschaftszahlen darauf hindeuteten, dass die Steuererleichterungen nachhaltig seien. Der Internationale W\u00e4hrungsfonds und die Europ\u00e4ische Kommission bezweifeln jedoch, dass die von der Regierung vorgelegte Steuersch\u00e4tzung so eintreffen wird. Gheorghe Ialomi\u0163ianu sieht den Einfluss der Mehrwertsteuersenkung auf den Haushalt bei einem Minus von zirka 3 Milliarden Euro.<\/p>\n<p>&#13;<br \/>\n&#13;<\/p>\n<p>Der Rat f\u00fcr Ausl\u00e4ndische Investoren begr\u00fc\u200e\u00dfte seinerseits die j\u00fcngsten Steuersenkungen. Der Vizepr\u00e4sident der Vereinigung Daniel Anghel sagte, dass eine differenzierte Mehrwertsteuer eine Ma\u200e\u00dfnahme sei, die in vielen entwickelten L\u00e4ndern bekannt ist. Das Niveau der Rum\u00e4nischen Mehrwertsteuer sei im Vergleich zu anderen Staaten sehr hoch, das Problem sei es, die Gelder einzutreiben:<\/p>\n<p>&#13;<br \/>\n&#13;<\/p>\n<p>&#8222;Rum\u00e4nien steht nicht gut da, was das Niveau  der Steuereintreibung bei der Mehrwertsteuer betrifft. Wir treiben nur etwas mehr als 50 Prozent der gesch\u00e4tzten Mehrwertsteuer ein, die wir einsammeln k\u00f6nnten. Wir haben auch die Absenkung der Mehrwertsteuer auf neun Prozent bei Lebensmitteln begr\u00fc\u200e\u00dft. Wenn wir die Mehrwertsteuer auf 19 Prozent senken, muss diese Ma\u200e\u00dfnahme nachhaltig sein, sowohl kurz als auch langfristig. Wir w\u00fcnschen uns eine Steuergesetzgebung und ein Steuerumfeld, das vorhersehbarer und transparenter ist. Wir w\u00fcnschen uns nicht, dass nach einem oder zwei Jahren die Steuerpolitik erneut ge\u00e4ndert wird.&#8220;<\/p>\n<p>&#13;<br \/>\n&#13;<\/p>\n<p>Der Sachverhalt wird auch am 14. Juli beim Treffen des Rates f\u00fcr Wirtschaft und Finanzen, kurz Ecofin genannt, besprochen werden. Der IWF wird im n\u00e4chsten Monat jedoch nicht mehr zum Inspektionsbesuch ins Land kommen. Dann wird die Europ\u00e4ische Kommission ihre Abschlussbewertung n\u00e4mlich bereits getroffen haben.<\/p>\n<p>&#13;<br \/>\n&#13;<\/p>\n<p>&#13;<br \/>\n&#13;<\/p>\n<p>&#13;<br \/>\n&#13;<\/p>\n<p>&#13;<\/p>\n","protected":false},"excerpt":{"rendered":"<p>Die Europ\u00e4ische Kommission f\u00fcrchtet, dass Rum\u00e4nien wegen der Steuererleichterungen, insbesondere die Senkung der Mehrwertsteuer, die Defizitziele nicht einhalten kann. Die Verantwortlichen in Bukarest widersprechen.<\/p>\n","protected":false},"author":110,"featured_media":64519,"comment_status":"closed","ping_status":"closed","sticky":false,"template":"","format":"standard","meta":{"_acf_changed":false,"footnotes":""},"categories":[99583],"tags":[102748,99801,100434,99590,99613,99626],"coauthors":[],"class_list":["post-459354","post","type-post","status-publish","format-standard","has-post-thumbnail","hentry","category-rri-aktuell","tag-defizitziele","tag-europaeische-kommission","tag-finanzminister","tag-iwf","tag-schulden","tag-steuergesetz"],"acf":[],"yoast_head":"<!-- This site is optimized with the Yoast SEO plugin v27.3 - https:\/\/yoast.com\/product\/yoast-seo-wordpress\/ -->\n<title>Kontroverse Reaktionen auf das rum\u00e4nische Steuergesetz - Radio Rum\u00e4nien International<\/title>\n<meta name=\"robots\" content=\"index, follow, max-snippet:-1, max-image-preview:large, max-video-preview:-1\" \/>\n<link rel=\"canonical\" href=\"https:\/\/www.rri.ro\/de\/aktuell\/rri-aktuell\/kontroverse-reaktionen-auf-das-rumaenische-steuergesetz-id459354.html\" \/>\n<meta property=\"og:locale\" content=\"de_DE\" \/>\n<meta property=\"og:type\" content=\"article\" \/>\n<meta property=\"og:title\" content=\"Kontroverse Reaktionen auf das rum\u00e4nische Steuergesetz - Radio Rum\u00e4nien International\" \/>\n<meta property=\"og:description\" content=\"Die Europ\u00e4ische Kommission f\u00fcrchtet, dass Rum\u00e4nien wegen der Steuererleichterungen, insbesondere die Senkung der Mehrwertsteuer, die Defizitziele nicht einhalten kann. Die Verantwortlichen in Bukarest widersprechen.\" \/>\n<meta property=\"og:url\" content=\"https:\/\/www.rri.ro\/de\/aktuell\/rri-aktuell\/kontroverse-reaktionen-auf-das-rumaenische-steuergesetz-id459354.html\" \/>\n<meta property=\"og:site_name\" content=\"Radio Rum\u00e4nien International\" \/>\n<meta property=\"article:published_time\" content=\"2015-06-26T15:00:00+00:00\" \/>\n<meta property=\"article:modified_time\" content=\"2024-02-19T18:10:41+00:00\" \/>\n<meta property=\"og:image\" content=\"https:\/\/www.rri.ro\/wp-content\/uploads\/2023\/10\/eugen-teodorovici02.png\" \/>\n\t<meta property=\"og:image:width\" content=\"640\" \/>\n\t<meta property=\"og:image:height\" content=\"480\" \/>\n\t<meta property=\"og:image:type\" content=\"image\/png\" \/>\n<meta name=\"author\" content=\"\u015etefan Stoica\" \/>\n<meta name=\"twitter:card\" content=\"summary_large_image\" \/>\n<meta name=\"twitter:label1\" content=\"Verfasst von\" \/>\n\t<meta name=\"twitter:data1\" content=\"\u015etefan Stoica\" \/>\n\t<meta name=\"twitter:label2\" content=\"Gesch\u00e4tzte Lesezeit\" \/>\n\t<meta name=\"twitter:data2\" content=\"2\u00a0Minuten\" \/>\n\t<meta name=\"twitter:label3\" content=\"Written by\" \/>\n\t<meta name=\"twitter:data3\" content=\"\u015etefan Stoica\" \/>\n<script type=\"application\/ld+json\" class=\"yoast-schema-graph\">{\"@context\":\"https:\\\/\\\/schema.org\",\"@graph\":[{\"@type\":\"Article\",\"@id\":\"https:\\\/\\\/www.rri.ro\\\/de\\\/aktuell\\\/rri-aktuell\\\/kontroverse-reaktionen-auf-das-rumaenische-steuergesetz-id459354.html#article\",\"isPartOf\":{\"@id\":\"https:\\\/\\\/www.rri.ro\\\/de\\\/aktuell\\\/rri-aktuell\\\/kontroverse-reaktionen-auf-das-rumaenische-steuergesetz-id459354.html\"},\"author\":{\"name\":\"\u015etefan Stoica\",\"@id\":\"https:\\\/\\\/www.rri.ro\\\/#\\\/schema\\\/person\\\/2d81d5dc94d44190d13245f64551d334\"},\"headline\":\"Kontroverse Reaktionen auf das rum\u00e4nische Steuergesetz\",\"datePublished\":\"2015-06-26T15:00:00+00:00\",\"dateModified\":\"2024-02-19T18:10:41+00:00\",\"mainEntityOfPage\":{\"@id\":\"https:\\\/\\\/www.rri.ro\\\/de\\\/aktuell\\\/rri-aktuell\\\/kontroverse-reaktionen-auf-das-rumaenische-steuergesetz-id459354.html\"},\"wordCount\":490,\"image\":{\"@id\":\"https:\\\/\\\/www.rri.ro\\\/de\\\/aktuell\\\/rri-aktuell\\\/kontroverse-reaktionen-auf-das-rumaenische-steuergesetz-id459354.html#primaryimage\"},\"thumbnailUrl\":\"https:\\\/\\\/www.rri.ro\\\/wp-content\\\/uploads\\\/2023\\\/10\\\/eugen-teodorovici02.png\",\"keywords\":[\"Defizitziele\",\"Europ\u00e4ische Kommission\",\"Finanzminister\",\"IWF\",\"Schulden\",\"Steuergesetz\"],\"articleSection\":[\"RRI Aktuell\"],\"inLanguage\":\"de\"},{\"@type\":\"WebPage\",\"@id\":\"https:\\\/\\\/www.rri.ro\\\/de\\\/aktuell\\\/rri-aktuell\\\/kontroverse-reaktionen-auf-das-rumaenische-steuergesetz-id459354.html\",\"url\":\"https:\\\/\\\/www.rri.ro\\\/de\\\/aktuell\\\/rri-aktuell\\\/kontroverse-reaktionen-auf-das-rumaenische-steuergesetz-id459354.html\",\"name\":\"Kontroverse Reaktionen auf das rum\u00e4nische Steuergesetz - Radio Rum\u00e4nien International\",\"isPartOf\":{\"@id\":\"https:\\\/\\\/www.rri.ro\\\/#website\"},\"primaryImageOfPage\":{\"@id\":\"https:\\\/\\\/www.rri.ro\\\/de\\\/aktuell\\\/rri-aktuell\\\/kontroverse-reaktionen-auf-das-rumaenische-steuergesetz-id459354.html#primaryimage\"},\"image\":{\"@id\":\"https:\\\/\\\/www.rri.ro\\\/de\\\/aktuell\\\/rri-aktuell\\\/kontroverse-reaktionen-auf-das-rumaenische-steuergesetz-id459354.html#primaryimage\"},\"thumbnailUrl\":\"https:\\\/\\\/www.rri.ro\\\/wp-content\\\/uploads\\\/2023\\\/10\\\/eugen-teodorovici02.png\",\"datePublished\":\"2015-06-26T15:00:00+00:00\",\"dateModified\":\"2024-02-19T18:10:41+00:00\",\"author\":{\"@id\":\"https:\\\/\\\/www.rri.ro\\\/#\\\/schema\\\/person\\\/2d81d5dc94d44190d13245f64551d334\"},\"breadcrumb\":{\"@id\":\"https:\\\/\\\/www.rri.ro\\\/de\\\/aktuell\\\/rri-aktuell\\\/kontroverse-reaktionen-auf-das-rumaenische-steuergesetz-id459354.html#breadcrumb\"},\"inLanguage\":\"de\",\"potentialAction\":[{\"@type\":\"ReadAction\",\"target\":[\"https:\\\/\\\/www.rri.ro\\\/de\\\/aktuell\\\/rri-aktuell\\\/kontroverse-reaktionen-auf-das-rumaenische-steuergesetz-id459354.html\"]}]},{\"@type\":\"ImageObject\",\"inLanguage\":\"de\",\"@id\":\"https:\\\/\\\/www.rri.ro\\\/de\\\/aktuell\\\/rri-aktuell\\\/kontroverse-reaktionen-auf-das-rumaenische-steuergesetz-id459354.html#primaryimage\",\"url\":\"https:\\\/\\\/www.rri.ro\\\/wp-content\\\/uploads\\\/2023\\\/10\\\/eugen-teodorovici02.png\",\"contentUrl\":\"https:\\\/\\\/www.rri.ro\\\/wp-content\\\/uploads\\\/2023\\\/10\\\/eugen-teodorovici02.png\",\"width\":640,\"height\":480},{\"@type\":\"BreadcrumbList\",\"@id\":\"https:\\\/\\\/www.rri.ro\\\/de\\\/aktuell\\\/rri-aktuell\\\/kontroverse-reaktionen-auf-das-rumaenische-steuergesetz-id459354.html#breadcrumb\",\"itemListElement\":[{\"@type\":\"ListItem\",\"position\":1,\"name\":\"Startseite\",\"item\":\"https:\\\/\\\/www.rri.ro\\\/de\"},{\"@type\":\"ListItem\",\"position\":2,\"name\":\"Aktuell\",\"item\":\"https:\\\/\\\/www.rri.ro\\\/de\\\/aktuell\"},{\"@type\":\"ListItem\",\"position\":3,\"name\":\"RRI Aktuell\",\"item\":\"https:\\\/\\\/www.rri.ro\\\/de\\\/aktuell\\\/rri-aktuell\"},{\"@type\":\"ListItem\",\"position\":4,\"name\":\"Kontroverse Reaktionen auf das rum\u00e4nische Steuergesetz\"}]},{\"@type\":\"WebSite\",\"@id\":\"https:\\\/\\\/www.rri.ro\\\/#website\",\"url\":\"https:\\\/\\\/www.rri.ro\\\/\",\"name\":\"Radio Rum\u00e4nien International\",\"description\":\"Totul despre Rom\u00e2nia \u015fi rom\u00e2ni, \u00een 13 limbi\\\/dialecte!\",\"inLanguage\":\"de\"},{\"@type\":\"Person\",\"@id\":\"https:\\\/\\\/www.rri.ro\\\/#\\\/schema\\\/person\\\/2d81d5dc94d44190d13245f64551d334\",\"name\":\"\u015etefan Stoica\",\"url\":\"https:\\\/\\\/www.rri.ro\\\/de\\\/author\\\/stefan-stoica\"}]}<\/script>\n<!-- \/ Yoast SEO plugin. -->","yoast_head_json":{"title":"Kontroverse Reaktionen auf das rum\u00e4nische Steuergesetz - Radio Rum\u00e4nien International","robots":{"index":"index","follow":"follow","max-snippet":"max-snippet:-1","max-image-preview":"max-image-preview:large","max-video-preview":"max-video-preview:-1"},"canonical":"https:\/\/www.rri.ro\/de\/aktuell\/rri-aktuell\/kontroverse-reaktionen-auf-das-rumaenische-steuergesetz-id459354.html","og_locale":"de_DE","og_type":"article","og_title":"Kontroverse Reaktionen auf das rum\u00e4nische Steuergesetz - Radio Rum\u00e4nien International","og_description":"Die Europ\u00e4ische Kommission f\u00fcrchtet, dass Rum\u00e4nien wegen der Steuererleichterungen, insbesondere die Senkung der Mehrwertsteuer, die Defizitziele nicht einhalten kann. Die Verantwortlichen in Bukarest widersprechen.","og_url":"https:\/\/www.rri.ro\/de\/aktuell\/rri-aktuell\/kontroverse-reaktionen-auf-das-rumaenische-steuergesetz-id459354.html","og_site_name":"Radio Rum\u00e4nien International","article_published_time":"2015-06-26T15:00:00+00:00","article_modified_time":"2024-02-19T18:10:41+00:00","og_image":[{"width":640,"height":480,"url":"https:\/\/www.rri.ro\/wp-content\/uploads\/2023\/10\/eugen-teodorovici02.png","type":"image\/png"}],"author":"\u015etefan Stoica","twitter_card":"summary_large_image","twitter_misc":{"Verfasst von":"\u015etefan Stoica","Gesch\u00e4tzte Lesezeit":"2\u00a0Minuten","Written by":"\u015etefan Stoica"},"schema":{"@context":"https:\/\/schema.org","@graph":[{"@type":"Article","@id":"https:\/\/www.rri.ro\/de\/aktuell\/rri-aktuell\/kontroverse-reaktionen-auf-das-rumaenische-steuergesetz-id459354.html#article","isPartOf":{"@id":"https:\/\/www.rri.ro\/de\/aktuell\/rri-aktuell\/kontroverse-reaktionen-auf-das-rumaenische-steuergesetz-id459354.html"},"author":{"name":"\u015etefan Stoica","@id":"https:\/\/www.rri.ro\/#\/schema\/person\/2d81d5dc94d44190d13245f64551d334"},"headline":"Kontroverse Reaktionen auf das rum\u00e4nische Steuergesetz","datePublished":"2015-06-26T15:00:00+00:00","dateModified":"2024-02-19T18:10:41+00:00","mainEntityOfPage":{"@id":"https:\/\/www.rri.ro\/de\/aktuell\/rri-aktuell\/kontroverse-reaktionen-auf-das-rumaenische-steuergesetz-id459354.html"},"wordCount":490,"image":{"@id":"https:\/\/www.rri.ro\/de\/aktuell\/rri-aktuell\/kontroverse-reaktionen-auf-das-rumaenische-steuergesetz-id459354.html#primaryimage"},"thumbnailUrl":"https:\/\/www.rri.ro\/wp-content\/uploads\/2023\/10\/eugen-teodorovici02.png","keywords":["Defizitziele","Europ\u00e4ische Kommission","Finanzminister","IWF","Schulden","Steuergesetz"],"articleSection":["RRI Aktuell"],"inLanguage":"de"},{"@type":"WebPage","@id":"https:\/\/www.rri.ro\/de\/aktuell\/rri-aktuell\/kontroverse-reaktionen-auf-das-rumaenische-steuergesetz-id459354.html","url":"https:\/\/www.rri.ro\/de\/aktuell\/rri-aktuell\/kontroverse-reaktionen-auf-das-rumaenische-steuergesetz-id459354.html","name":"Kontroverse Reaktionen auf das rum\u00e4nische Steuergesetz - Radio Rum\u00e4nien International","isPartOf":{"@id":"https:\/\/www.rri.ro\/#website"},"primaryImageOfPage":{"@id":"https:\/\/www.rri.ro\/de\/aktuell\/rri-aktuell\/kontroverse-reaktionen-auf-das-rumaenische-steuergesetz-id459354.html#primaryimage"},"image":{"@id":"https:\/\/www.rri.ro\/de\/aktuell\/rri-aktuell\/kontroverse-reaktionen-auf-das-rumaenische-steuergesetz-id459354.html#primaryimage"},"thumbnailUrl":"https:\/\/www.rri.ro\/wp-content\/uploads\/2023\/10\/eugen-teodorovici02.png","datePublished":"2015-06-26T15:00:00+00:00","dateModified":"2024-02-19T18:10:41+00:00","author":{"@id":"https:\/\/www.rri.ro\/#\/schema\/person\/2d81d5dc94d44190d13245f64551d334"},"breadcrumb":{"@id":"https:\/\/www.rri.ro\/de\/aktuell\/rri-aktuell\/kontroverse-reaktionen-auf-das-rumaenische-steuergesetz-id459354.html#breadcrumb"},"inLanguage":"de","potentialAction":[{"@type":"ReadAction","target":["https:\/\/www.rri.ro\/de\/aktuell\/rri-aktuell\/kontroverse-reaktionen-auf-das-rumaenische-steuergesetz-id459354.html"]}]},{"@type":"ImageObject","inLanguage":"de","@id":"https:\/\/www.rri.ro\/de\/aktuell\/rri-aktuell\/kontroverse-reaktionen-auf-das-rumaenische-steuergesetz-id459354.html#primaryimage","url":"https:\/\/www.rri.ro\/wp-content\/uploads\/2023\/10\/eugen-teodorovici02.png","contentUrl":"https:\/\/www.rri.ro\/wp-content\/uploads\/2023\/10\/eugen-teodorovici02.png","width":640,"height":480},{"@type":"BreadcrumbList","@id":"https:\/\/www.rri.ro\/de\/aktuell\/rri-aktuell\/kontroverse-reaktionen-auf-das-rumaenische-steuergesetz-id459354.html#breadcrumb","itemListElement":[{"@type":"ListItem","position":1,"name":"Startseite","item":"https:\/\/www.rri.ro\/de"},{"@type":"ListItem","position":2,"name":"Aktuell","item":"https:\/\/www.rri.ro\/de\/aktuell"},{"@type":"ListItem","position":3,"name":"RRI Aktuell","item":"https:\/\/www.rri.ro\/de\/aktuell\/rri-aktuell"},{"@type":"ListItem","position":4,"name":"Kontroverse Reaktionen auf das rum\u00e4nische Steuergesetz"}]},{"@type":"WebSite","@id":"https:\/\/www.rri.ro\/#website","url":"https:\/\/www.rri.ro\/","name":"Radio Rum\u00e4nien International","description":"Totul despre Rom\u00e2nia \u015fi rom\u00e2ni, \u00een 13 limbi\/dialecte!","inLanguage":"de"},{"@type":"Person","@id":"https:\/\/www.rri.ro\/#\/schema\/person\/2d81d5dc94d44190d13245f64551d334","name":"\u015etefan Stoica","url":"https:\/\/www.rri.ro\/de\/author\/stefan-stoica"}]}},"_links":{"self":[{"href":"https:\/\/www.rri.ro\/de\/wp-json\/wp\/v2\/posts\/459354","targetHints":{"allow":["GET"]}}],"collection":[{"href":"https:\/\/www.rri.ro\/de\/wp-json\/wp\/v2\/posts"}],"about":[{"href":"https:\/\/www.rri.ro\/de\/wp-json\/wp\/v2\/types\/post"}],"author":[{"embeddable":true,"href":"https:\/\/www.rri.ro\/de\/wp-json\/wp\/v2\/users\/110"}],"replies":[{"embeddable":true,"href":"https:\/\/www.rri.ro\/de\/wp-json\/wp\/v2\/comments?post=459354"}],"version-history":[{"count":0,"href":"https:\/\/www.rri.ro\/de\/wp-json\/wp\/v2\/posts\/459354\/revisions"}],"wp:featuredmedia":[{"embeddable":true,"href":"https:\/\/www.rri.ro\/de\/wp-json\/wp\/v2\/media\/64519"}],"wp:attachment":[{"href":"https:\/\/www.rri.ro\/de\/wp-json\/wp\/v2\/media?parent=459354"}],"wp:term":[{"taxonomy":"category","embeddable":true,"href":"https:\/\/www.rri.ro\/de\/wp-json\/wp\/v2\/categories?post=459354"},{"taxonomy":"post_tag","embeddable":true,"href":"https:\/\/www.rri.ro\/de\/wp-json\/wp\/v2\/tags?post=459354"},{"taxonomy":"author","embeddable":true,"href":"https:\/\/www.rri.ro\/de\/wp-json\/wp\/v2\/coauthors?post=459354"}],"curies":[{"name":"wp","href":"https:\/\/api.w.org\/{rel}","templated":true}]}}