{"id":459429,"date":"2015-08-03T15:53:00","date_gmt":"2015-08-03T12:53:00","guid":{"rendered":"http:\/\/devrri.freshlemon.ro\/aktuell\/duerre-grossteile-der-ernte-in-rumaenien-vernichtet-id459429.html"},"modified":"2024-02-19T20:11:02","modified_gmt":"2024-02-19T18:11:02","slug":"duerre-grossteile-der-ernte-in-rumaenien-vernichtet","status":"publish","type":"post","link":"https:\/\/www.rri.ro\/de\/aktuell\/rri-aktuell\/duerre-grossteile-der-ernte-in-rumaenien-vernichtet-id459429.html","title":{"rendered":"D\u00fcrre: Gro\u00dfteile der Ernte in Rum\u00e4nien vernichtet"},"content":{"rendered":"<p>Die Hitzewelle und der akute Mangel an Niederschl\u00e4gen f\u00fchrten diesen Sommer zu einer Krise der rum\u00e4nischen Landwirtschaft. Die extreme D\u00fcrre in Rum\u00e4nien hat gro\u200e\u00dfe Erntesch\u00e4den verursacht &#8211; auf Landesebene ist mehr als ein Viertel der Ernte verloren, warnen die Vertreter der Landwirteverb\u00e4nde. Die h\u00f6chsten Sch\u00e4den wurden bei der Maisernte festgestellt; gro\u200e\u00dfe Probleme gibt es aber auch bei Sonnenblumen- und Sojakulturen. Die Moldauregion (im Osten Rum\u00e4niens) ist die am h\u00e4rtesten betroffene Region, aber die D\u00fcrre hat auch in der Dobrudscha (im S\u00fcdosten), im Banat (im S\u00fcdwesten) oder im Kreischgebiet (im Nordwesten) zugeschlagen.<\/p>\n<p>&#13;<br \/>\n&#13;<\/p>\n<p>&#13;<br \/>\n&#13;<\/p>\n<p>Der Vorsitzende des Vereins der Landwirte in Rum\u00e4nien, Laurentiu Baciu, erkl\u00e4rte f\u00fcr den \u00f6ffentlich-rechtlichen Sender Radio Romania Actualitati, die landwirtschftliche Produktion dieses Jahres werde um etwa 25-30% niedriger als die von 2014. Unter diesen Umst\u00e4nden k\u00f6nnten die Landwirte das neue Landwirtschaftjahr nicht vorbereiten. Au\u200e\u00dferdem seien die B\u00e4nker nicht bereit, Kredite f\u00fcr den Agrarsektor zu vergeben, und die Verantwortlichen von der Landwirtschaftsverwaltung seien w\u00e4hrend der Sommermonate im Urlaub, klagte noch Laurentiu Baciu. Die Bukarester Beh\u00f6rden haben immerhin versprochen, finanzielle Hilfen f\u00fcr Kleinbauer zu gew\u00e4hren. F\u00fcr die gro\u200e\u00dfen Agrarfl\u00e4chen mu\u200e\u00df das Landwirtschaftsministerium umfangreiche Finanzierungsprojekte erarbeiten, die auch von der Europ\u00e4ischen Union genehmigt werden m\u00fcssen. Laurentiu Baciu klagte \u00fcber die langsamen Verfahren und \u00fcber die Tatsache, dass die Bauer ihre landwirtschaftlichen Kulturen gegen D\u00fcrre oder Frost nicht versichern k\u00f6nnen. Die finanziellen Hilfen, die in solchen Notsituationen gew\u00e4hrt werden, kommen mit gro\u200e\u00dfer Versp\u00e4tung an, und das Leiden der Landwirte scheint kein Ende zu finden.<\/p>\n<p>&#13;<br \/>\n&#13;<\/p>\n<p>&#13;<br \/>\n&#13;<\/p>\n<p>In den n\u00e4chsten Tagen wird in den meisten Regionen Rum\u00e4niens eine neue Hitzewelle erwartet, warnen die Meteorologen. Nur vereinzelt gibt es einige kurze, nicht ausreichende  Regenschauer, und der Boden in den Agrarregionen im Osten, S\u00fcdosten und Westen des Landes wird weiterhin sehr trocken bleiben. Somit ist das Zerst\u00f6ren des Bew\u00e4sserungssystems der kommunistischen Zeit wieder zum Thema von \u00f6ffentlichen Debatten geworden. Einsch\u00e4tzungsgem\u00e4\u200e\u00df w\u00fcrde der Wiederaufbau eines Bew\u00e4sserungsystems auf Landesebene fast eine Milliarde Euro kosten. Landwirtschaftsminister Daniel Constantin sagte im Auftrag der Regierung, der Wiederaufbau des nationalen Bew\u00e4sserungssystems k\u00f6nnte mit europ\u00e4ischen Fonds finanziert werden, und zwar durch den sog. Juncker-Plan\u201d, der etwa 315 Milliarden Euro f\u00fcr strategische Investitionen in den EU-Mitgliedsstaaten bereitstellen wird. Ferner sagte Landwirtschaftsminister Constantin, man ziehe auch ein Parlamentsabkommen in Betracht, wodurch ein Gesetz \u00fcber den Wiederaufbau des rum\u00e4nischen Bew\u00e4sserungssystems in den n\u00e4chsten 5 Jahren gef\u00f6rdert werden sollte.<\/p>\n<p>&#13;<br \/>\n&#13;<\/p>\n<p>&#13;<br \/>\n&#13;<\/p>\n<p>Fr\u00fcher war die Donau die wichtigste Wasserquelle f\u00fcr die Bew\u00e4sserung von landwirtsschaftlichen Fl\u00e4chen; infolge der anhaltenden D\u00fcrre entstand aber dieses Jahr eine Notsituation an der Donau. In den letzten Tagen wurde ein historisch niedriger Donau-Wasserpegel gemessen. In der Ortschaft Bazias ist der Durchfluss der Donau um 50% kleiner als der Jahreszeitsdurchschnitt, und im Donauhafen Galati sind mitten im Flussbett einige Sandb\u00e4nke aufgetaucht. Laut Experten soll der Wasserpegel der Donau auch in den n\u00e4chsten Tagen sinken.<\/p>\n<p>&#13;<\/p>\n","protected":false},"excerpt":{"rendered":"<p>Die anhaltende D\u00fcrre gef\u00e4hrdet dieses Jahr sowohl die Landwirtschaft als auch den Donauschiffsverkehr in Rum\u00e4nien.<\/p>\n","protected":false},"author":105,"featured_media":64373,"comment_status":"closed","ping_status":"closed","sticky":false,"template":"","format":"standard","meta":{"_acf_changed":false,"footnotes":""},"categories":[99583],"tags":[102806,155197,99765,100469,100446,102804,99709,99764,147524,102807],"coauthors":[],"class_list":["post-459429","post","type-post","status-publish","format-standard","has-post-thumbnail","hentry","category-rri-aktuell","tag-bewaesserung","tag-donau-de","tag-duerre","tag-ernte","tag-finanzierung","tag-hitzewelle","tag-landwirte","tag-landwirtschaft","tag-union-de","tag-wasserpegel"],"acf":[],"yoast_head":"<!-- This site is optimized with the Yoast SEO plugin v27.3 - https:\/\/yoast.com\/product\/yoast-seo-wordpress\/ -->\n<title>D\u00fcrre: Gro\u00dfteile der Ernte in Rum\u00e4nien vernichtet - Radio Rum\u00e4nien International<\/title>\n<meta name=\"robots\" content=\"index, follow, max-snippet:-1, max-image-preview:large, max-video-preview:-1\" \/>\n<link rel=\"canonical\" href=\"https:\/\/www.rri.ro\/de\/aktuell\/rri-aktuell\/duerre-grossteile-der-ernte-in-rumaenien-vernichtet-id459429.html\" \/>\n<meta property=\"og:locale\" content=\"de_DE\" \/>\n<meta property=\"og:type\" content=\"article\" \/>\n<meta property=\"og:title\" content=\"D\u00fcrre: Gro\u00dfteile der Ernte in Rum\u00e4nien vernichtet - Radio Rum\u00e4nien International\" \/>\n<meta property=\"og:description\" content=\"Die anhaltende D\u00fcrre gef\u00e4hrdet dieses Jahr sowohl die Landwirtschaft als auch den Donauschiffsverkehr in Rum\u00e4nien.\" \/>\n<meta property=\"og:url\" content=\"https:\/\/www.rri.ro\/de\/aktuell\/rri-aktuell\/duerre-grossteile-der-ernte-in-rumaenien-vernichtet-id459429.html\" \/>\n<meta property=\"og:site_name\" content=\"Radio Rum\u00e4nien International\" \/>\n<meta property=\"article:published_time\" content=\"2015-08-03T12:53:00+00:00\" \/>\n<meta property=\"article:modified_time\" content=\"2024-02-19T18:11:02+00:00\" \/>\n<meta property=\"og:image\" content=\"https:\/\/www.rri.ro\/wp-content\/uploads\/2023\/10\/seceta-pamant-uscat.png\" \/>\n\t<meta property=\"og:image:width\" content=\"640\" \/>\n\t<meta property=\"og:image:height\" content=\"480\" \/>\n\t<meta property=\"og:image:type\" content=\"image\/png\" \/>\n<meta name=\"author\" content=\"Bogdan Matei\" \/>\n<meta name=\"twitter:card\" content=\"summary_large_image\" \/>\n<meta name=\"twitter:label1\" content=\"Verfasst von\" \/>\n\t<meta name=\"twitter:data1\" content=\"Bogdan Matei\" \/>\n\t<meta name=\"twitter:label2\" content=\"Gesch\u00e4tzte Lesezeit\" \/>\n\t<meta name=\"twitter:data2\" content=\"3\u00a0Minuten\" \/>\n\t<meta name=\"twitter:label3\" content=\"Written by\" \/>\n\t<meta name=\"twitter:data3\" content=\"Bogdan Matei\" \/>\n<script type=\"application\/ld+json\" class=\"yoast-schema-graph\">{\"@context\":\"https:\\\/\\\/schema.org\",\"@graph\":[{\"@type\":\"Article\",\"@id\":\"https:\\\/\\\/www.rri.ro\\\/de\\\/aktuell\\\/rri-aktuell\\\/duerre-grossteile-der-ernte-in-rumaenien-vernichtet-id459429.html#article\",\"isPartOf\":{\"@id\":\"https:\\\/\\\/www.rri.ro\\\/de\\\/aktuell\\\/rri-aktuell\\\/duerre-grossteile-der-ernte-in-rumaenien-vernichtet-id459429.html\"},\"author\":{\"name\":\"Bogdan Matei\",\"@id\":\"https:\\\/\\\/www.rri.ro\\\/#\\\/schema\\\/person\\\/0ed327d40678578e6dbb840527e3ba32\"},\"headline\":\"D\u00fcrre: Gro\u00dfteile der Ernte in Rum\u00e4nien vernichtet\",\"datePublished\":\"2015-08-03T12:53:00+00:00\",\"dateModified\":\"2024-02-19T18:11:02+00:00\",\"mainEntityOfPage\":{\"@id\":\"https:\\\/\\\/www.rri.ro\\\/de\\\/aktuell\\\/rri-aktuell\\\/duerre-grossteile-der-ernte-in-rumaenien-vernichtet-id459429.html\"},\"wordCount\":522,\"image\":{\"@id\":\"https:\\\/\\\/www.rri.ro\\\/de\\\/aktuell\\\/rri-aktuell\\\/duerre-grossteile-der-ernte-in-rumaenien-vernichtet-id459429.html#primaryimage\"},\"thumbnailUrl\":\"https:\\\/\\\/www.rri.ro\\\/wp-content\\\/uploads\\\/2023\\\/10\\\/seceta-pamant-uscat.png\",\"keywords\":[\"Bew\u00e4sserung\",\"Donau\",\"D\u00fcrre\",\"Ernte\",\"Finanzierung\",\"Hitzewelle\",\"Landwirte\",\"Landwirtschaft\",\"union\",\"Wasserpegel\"],\"articleSection\":[\"RRI Aktuell\"],\"inLanguage\":\"de\"},{\"@type\":\"WebPage\",\"@id\":\"https:\\\/\\\/www.rri.ro\\\/de\\\/aktuell\\\/rri-aktuell\\\/duerre-grossteile-der-ernte-in-rumaenien-vernichtet-id459429.html\",\"url\":\"https:\\\/\\\/www.rri.ro\\\/de\\\/aktuell\\\/rri-aktuell\\\/duerre-grossteile-der-ernte-in-rumaenien-vernichtet-id459429.html\",\"name\":\"D\u00fcrre: Gro\u00dfteile der Ernte in Rum\u00e4nien vernichtet - Radio Rum\u00e4nien International\",\"isPartOf\":{\"@id\":\"https:\\\/\\\/www.rri.ro\\\/#website\"},\"primaryImageOfPage\":{\"@id\":\"https:\\\/\\\/www.rri.ro\\\/de\\\/aktuell\\\/rri-aktuell\\\/duerre-grossteile-der-ernte-in-rumaenien-vernichtet-id459429.html#primaryimage\"},\"image\":{\"@id\":\"https:\\\/\\\/www.rri.ro\\\/de\\\/aktuell\\\/rri-aktuell\\\/duerre-grossteile-der-ernte-in-rumaenien-vernichtet-id459429.html#primaryimage\"},\"thumbnailUrl\":\"https:\\\/\\\/www.rri.ro\\\/wp-content\\\/uploads\\\/2023\\\/10\\\/seceta-pamant-uscat.png\",\"datePublished\":\"2015-08-03T12:53:00+00:00\",\"dateModified\":\"2024-02-19T18:11:02+00:00\",\"author\":{\"@id\":\"https:\\\/\\\/www.rri.ro\\\/#\\\/schema\\\/person\\\/0ed327d40678578e6dbb840527e3ba32\"},\"breadcrumb\":{\"@id\":\"https:\\\/\\\/www.rri.ro\\\/de\\\/aktuell\\\/rri-aktuell\\\/duerre-grossteile-der-ernte-in-rumaenien-vernichtet-id459429.html#breadcrumb\"},\"inLanguage\":\"de\",\"potentialAction\":[{\"@type\":\"ReadAction\",\"target\":[\"https:\\\/\\\/www.rri.ro\\\/de\\\/aktuell\\\/rri-aktuell\\\/duerre-grossteile-der-ernte-in-rumaenien-vernichtet-id459429.html\"]}]},{\"@type\":\"ImageObject\",\"inLanguage\":\"de\",\"@id\":\"https:\\\/\\\/www.rri.ro\\\/de\\\/aktuell\\\/rri-aktuell\\\/duerre-grossteile-der-ernte-in-rumaenien-vernichtet-id459429.html#primaryimage\",\"url\":\"https:\\\/\\\/www.rri.ro\\\/wp-content\\\/uploads\\\/2023\\\/10\\\/seceta-pamant-uscat.png\",\"contentUrl\":\"https:\\\/\\\/www.rri.ro\\\/wp-content\\\/uploads\\\/2023\\\/10\\\/seceta-pamant-uscat.png\",\"width\":640,\"height\":480},{\"@type\":\"BreadcrumbList\",\"@id\":\"https:\\\/\\\/www.rri.ro\\\/de\\\/aktuell\\\/rri-aktuell\\\/duerre-grossteile-der-ernte-in-rumaenien-vernichtet-id459429.html#breadcrumb\",\"itemListElement\":[{\"@type\":\"ListItem\",\"position\":1,\"name\":\"Startseite\",\"item\":\"https:\\\/\\\/www.rri.ro\\\/de\"},{\"@type\":\"ListItem\",\"position\":2,\"name\":\"Aktuell\",\"item\":\"https:\\\/\\\/www.rri.ro\\\/de\\\/aktuell\"},{\"@type\":\"ListItem\",\"position\":3,\"name\":\"RRI Aktuell\",\"item\":\"https:\\\/\\\/www.rri.ro\\\/de\\\/aktuell\\\/rri-aktuell\"},{\"@type\":\"ListItem\",\"position\":4,\"name\":\"D\u00fcrre: Gro\u00dfteile der Ernte in Rum\u00e4nien vernichtet\"}]},{\"@type\":\"WebSite\",\"@id\":\"https:\\\/\\\/www.rri.ro\\\/#website\",\"url\":\"https:\\\/\\\/www.rri.ro\\\/\",\"name\":\"Radio Rum\u00e4nien International\",\"description\":\"Totul despre Rom\u00e2nia \u015fi rom\u00e2ni, \u00een 13 limbi\\\/dialecte!\",\"inLanguage\":\"de\"},{\"@type\":\"Person\",\"@id\":\"https:\\\/\\\/www.rri.ro\\\/#\\\/schema\\\/person\\\/0ed327d40678578e6dbb840527e3ba32\",\"name\":\"Bogdan Matei\",\"url\":\"https:\\\/\\\/www.rri.ro\\\/de\\\/author\\\/bogdan-matei\"}]}<\/script>\n<!-- \/ Yoast SEO plugin. -->","yoast_head_json":{"title":"D\u00fcrre: Gro\u00dfteile der Ernte in Rum\u00e4nien vernichtet - Radio Rum\u00e4nien International","robots":{"index":"index","follow":"follow","max-snippet":"max-snippet:-1","max-image-preview":"max-image-preview:large","max-video-preview":"max-video-preview:-1"},"canonical":"https:\/\/www.rri.ro\/de\/aktuell\/rri-aktuell\/duerre-grossteile-der-ernte-in-rumaenien-vernichtet-id459429.html","og_locale":"de_DE","og_type":"article","og_title":"D\u00fcrre: Gro\u00dfteile der Ernte in Rum\u00e4nien vernichtet - Radio Rum\u00e4nien International","og_description":"Die anhaltende D\u00fcrre gef\u00e4hrdet dieses Jahr sowohl die Landwirtschaft als auch den Donauschiffsverkehr in Rum\u00e4nien.","og_url":"https:\/\/www.rri.ro\/de\/aktuell\/rri-aktuell\/duerre-grossteile-der-ernte-in-rumaenien-vernichtet-id459429.html","og_site_name":"Radio Rum\u00e4nien International","article_published_time":"2015-08-03T12:53:00+00:00","article_modified_time":"2024-02-19T18:11:02+00:00","og_image":[{"width":640,"height":480,"url":"https:\/\/www.rri.ro\/wp-content\/uploads\/2023\/10\/seceta-pamant-uscat.png","type":"image\/png"}],"author":"Bogdan Matei","twitter_card":"summary_large_image","twitter_misc":{"Verfasst von":"Bogdan Matei","Gesch\u00e4tzte Lesezeit":"3\u00a0Minuten","Written by":"Bogdan Matei"},"schema":{"@context":"https:\/\/schema.org","@graph":[{"@type":"Article","@id":"https:\/\/www.rri.ro\/de\/aktuell\/rri-aktuell\/duerre-grossteile-der-ernte-in-rumaenien-vernichtet-id459429.html#article","isPartOf":{"@id":"https:\/\/www.rri.ro\/de\/aktuell\/rri-aktuell\/duerre-grossteile-der-ernte-in-rumaenien-vernichtet-id459429.html"},"author":{"name":"Bogdan Matei","@id":"https:\/\/www.rri.ro\/#\/schema\/person\/0ed327d40678578e6dbb840527e3ba32"},"headline":"D\u00fcrre: Gro\u00dfteile der Ernte in Rum\u00e4nien vernichtet","datePublished":"2015-08-03T12:53:00+00:00","dateModified":"2024-02-19T18:11:02+00:00","mainEntityOfPage":{"@id":"https:\/\/www.rri.ro\/de\/aktuell\/rri-aktuell\/duerre-grossteile-der-ernte-in-rumaenien-vernichtet-id459429.html"},"wordCount":522,"image":{"@id":"https:\/\/www.rri.ro\/de\/aktuell\/rri-aktuell\/duerre-grossteile-der-ernte-in-rumaenien-vernichtet-id459429.html#primaryimage"},"thumbnailUrl":"https:\/\/www.rri.ro\/wp-content\/uploads\/2023\/10\/seceta-pamant-uscat.png","keywords":["Bew\u00e4sserung","Donau","D\u00fcrre","Ernte","Finanzierung","Hitzewelle","Landwirte","Landwirtschaft","union","Wasserpegel"],"articleSection":["RRI Aktuell"],"inLanguage":"de"},{"@type":"WebPage","@id":"https:\/\/www.rri.ro\/de\/aktuell\/rri-aktuell\/duerre-grossteile-der-ernte-in-rumaenien-vernichtet-id459429.html","url":"https:\/\/www.rri.ro\/de\/aktuell\/rri-aktuell\/duerre-grossteile-der-ernte-in-rumaenien-vernichtet-id459429.html","name":"D\u00fcrre: Gro\u00dfteile der Ernte in Rum\u00e4nien vernichtet - Radio Rum\u00e4nien International","isPartOf":{"@id":"https:\/\/www.rri.ro\/#website"},"primaryImageOfPage":{"@id":"https:\/\/www.rri.ro\/de\/aktuell\/rri-aktuell\/duerre-grossteile-der-ernte-in-rumaenien-vernichtet-id459429.html#primaryimage"},"image":{"@id":"https:\/\/www.rri.ro\/de\/aktuell\/rri-aktuell\/duerre-grossteile-der-ernte-in-rumaenien-vernichtet-id459429.html#primaryimage"},"thumbnailUrl":"https:\/\/www.rri.ro\/wp-content\/uploads\/2023\/10\/seceta-pamant-uscat.png","datePublished":"2015-08-03T12:53:00+00:00","dateModified":"2024-02-19T18:11:02+00:00","author":{"@id":"https:\/\/www.rri.ro\/#\/schema\/person\/0ed327d40678578e6dbb840527e3ba32"},"breadcrumb":{"@id":"https:\/\/www.rri.ro\/de\/aktuell\/rri-aktuell\/duerre-grossteile-der-ernte-in-rumaenien-vernichtet-id459429.html#breadcrumb"},"inLanguage":"de","potentialAction":[{"@type":"ReadAction","target":["https:\/\/www.rri.ro\/de\/aktuell\/rri-aktuell\/duerre-grossteile-der-ernte-in-rumaenien-vernichtet-id459429.html"]}]},{"@type":"ImageObject","inLanguage":"de","@id":"https:\/\/www.rri.ro\/de\/aktuell\/rri-aktuell\/duerre-grossteile-der-ernte-in-rumaenien-vernichtet-id459429.html#primaryimage","url":"https:\/\/www.rri.ro\/wp-content\/uploads\/2023\/10\/seceta-pamant-uscat.png","contentUrl":"https:\/\/www.rri.ro\/wp-content\/uploads\/2023\/10\/seceta-pamant-uscat.png","width":640,"height":480},{"@type":"BreadcrumbList","@id":"https:\/\/www.rri.ro\/de\/aktuell\/rri-aktuell\/duerre-grossteile-der-ernte-in-rumaenien-vernichtet-id459429.html#breadcrumb","itemListElement":[{"@type":"ListItem","position":1,"name":"Startseite","item":"https:\/\/www.rri.ro\/de"},{"@type":"ListItem","position":2,"name":"Aktuell","item":"https:\/\/www.rri.ro\/de\/aktuell"},{"@type":"ListItem","position":3,"name":"RRI Aktuell","item":"https:\/\/www.rri.ro\/de\/aktuell\/rri-aktuell"},{"@type":"ListItem","position":4,"name":"D\u00fcrre: Gro\u00dfteile der Ernte in Rum\u00e4nien vernichtet"}]},{"@type":"WebSite","@id":"https:\/\/www.rri.ro\/#website","url":"https:\/\/www.rri.ro\/","name":"Radio Rum\u00e4nien International","description":"Totul despre Rom\u00e2nia \u015fi rom\u00e2ni, \u00een 13 limbi\/dialecte!","inLanguage":"de"},{"@type":"Person","@id":"https:\/\/www.rri.ro\/#\/schema\/person\/0ed327d40678578e6dbb840527e3ba32","name":"Bogdan Matei","url":"https:\/\/www.rri.ro\/de\/author\/bogdan-matei"}]}},"_links":{"self":[{"href":"https:\/\/www.rri.ro\/de\/wp-json\/wp\/v2\/posts\/459429","targetHints":{"allow":["GET"]}}],"collection":[{"href":"https:\/\/www.rri.ro\/de\/wp-json\/wp\/v2\/posts"}],"about":[{"href":"https:\/\/www.rri.ro\/de\/wp-json\/wp\/v2\/types\/post"}],"author":[{"embeddable":true,"href":"https:\/\/www.rri.ro\/de\/wp-json\/wp\/v2\/users\/105"}],"replies":[{"embeddable":true,"href":"https:\/\/www.rri.ro\/de\/wp-json\/wp\/v2\/comments?post=459429"}],"version-history":[{"count":0,"href":"https:\/\/www.rri.ro\/de\/wp-json\/wp\/v2\/posts\/459429\/revisions"}],"wp:featuredmedia":[{"embeddable":true,"href":"https:\/\/www.rri.ro\/de\/wp-json\/wp\/v2\/media\/64373"}],"wp:attachment":[{"href":"https:\/\/www.rri.ro\/de\/wp-json\/wp\/v2\/media?parent=459429"}],"wp:term":[{"taxonomy":"category","embeddable":true,"href":"https:\/\/www.rri.ro\/de\/wp-json\/wp\/v2\/categories?post=459429"},{"taxonomy":"post_tag","embeddable":true,"href":"https:\/\/www.rri.ro\/de\/wp-json\/wp\/v2\/tags?post=459429"},{"taxonomy":"author","embeddable":true,"href":"https:\/\/www.rri.ro\/de\/wp-json\/wp\/v2\/coauthors?post=459429"}],"curies":[{"name":"wp","href":"https:\/\/api.w.org\/{rel}","templated":true}]}}