{"id":459451,"date":"2015-08-17T14:58:00","date_gmt":"2015-08-17T11:58:00","guid":{"rendered":"http:\/\/devrri.freshlemon.ro\/aktuell\/duerre-hat-schwere-folgen-auf-die-rumaenische-wirtschaft-id459451.html"},"modified":"2024-02-19T20:11:16","modified_gmt":"2024-02-19T18:11:16","slug":"duerre-hat-schwere-folgen-auf-die-rumaenische-wirtschaft","status":"publish","type":"post","link":"https:\/\/www.rri.ro\/de\/aktuell\/rri-aktuell\/duerre-hat-schwere-folgen-auf-die-rumaenische-wirtschaft-id459451.html","title":{"rendered":"D\u00fcrre hat schwere Folgen auf die rum\u00e4nische Wirtschaft"},"content":{"rendered":"<p>Die anhaltende D\u00fcrre in Juli und August hat gro\u00dfe Probleme f\u00fcr die rum\u00e4nischen Landwirte verursacht \u2013 diese erkl\u00e4rten, in fast allen Regionen des Landes seien die Ernten auf hunderttausenden Hektar zerst\u00f6rt, und die Sch\u00e4den w\u00fcrden mehr als 2 Milliarden Euro betragen. Es ist die l\u00e4ngste D\u00fcrreperiode der letzten Jahre \u2013 mit Ausnahme einiger Landkreise im Norden und in der Mitte des Landes leidet fast ganz Rum\u00e4nien darunter. Damit die Wasserreserven im Boden wieder normal werden, sollte zwei Wochen lang ununterbrochen regnen, meinen die Meteorologen.<\/p>\n<p>&#13;<br \/>\n&#13;<\/p>\n<p>&#13;<br \/>\n&#13;<\/p>\n<p>Die Folgen der D\u00fcrre werden noch schlimmer, da Rum\u00e4nien \u00fcber kein Bew\u00e4sserungsystem zur Bew\u00e4ltigung solcher Situationen verf\u00fcgt. Zur Zeit gibt es im ganzen Land Bew\u00e4sserungsanlagen f\u00fcr 300.000 Ha, im Vergleich zu den 3,3 Millionen Ha, die 1989 bew\u00e4ssert werden konnten. Unter diesen Umst\u00e4nden ist die Bukarester Regierung bereit, die Landwirte, deren Ernten infolge der D\u00fcrre stark besch\u00e4digt wurden, zu entsch\u00e4digen. Laut Ministerpr\u00e4sident Victor Ponta sei die Weizenernte nicht sehr stark betroffen, aber bei der Maisernte g\u00e4be es betr\u00e4chtliche Verluste. Die negativen Folgen der D\u00fcrre 2015 werden im Winter am st\u00e4rksten zu sp\u00fcren sein, und man m\u00fcsse diese Folgen mit Ma\u00dfnahmen kompensieren, die auch andere Wirtschaftszweige stabilisieren, damit das positive Wirtschaftswachstum nicht beeintr\u00e4chtigt werde, sagte noch Ministerpr\u00e4sident Victor Ponta.<\/p>\n<p>&#13;<br \/>\n&#13;<\/p>\n<p>&#13;<br \/>\n&#13;<\/p>\n<p>Beginnend mit diesem Sommer k\u00f6nnen die rum\u00e4nischen Landwirte finanzielle Hilfe zur Kompensierung der Schaden auch vom EU-Solidarit\u00e4tsfonds erhalten. Zu diesem Zweck sollte aber die Bukarester Regierung der Europ\u00e4ischen Kommission genaue Daten \u00fcber die Folgen der anhaltenden D\u00fcrre in Rum\u00e4nien vorlegen, erkl\u00e4rte die EU-Kommissarin f\u00fcr Regionalentwicklung, Corina Cretu.<\/p>\n<p>&#13;<br \/>\n&#13;<\/p>\n<p>&#13;<br \/>\n&#13;<\/p>\n<p>Die D\u00fcrre erschwert auch den Donauschiffsverkehr. Aufgrund der Trockenheit in den letzten Wochen f\u00fchrt die Donau einen besonders flachen Tiefgang, der Durchfluss ist nahezu auf die H\u00e4lfte des \u00fcblichen Sommerdurchschnitts gesunken. In Galati, im S\u00fcdosten von Rum\u00e4nien, ist eine Gruppe von Sandinseln direkt in der Mitte des Stroms erschienen. Die Schiffe m\u00fcssen die Geschwindigkeit auf ein Minimum reduzieren. Au\u00dferdem m\u00fcssen die gro\u00dfen Schiffe einen Teil ihrer Ladung auf kleinere Schiffe umladen, um \u00fcber die Zonen mit flachem Tiefgang zu fahren. Dennoch verl\u00e4uft auf bestimmten Sektoren der Verkehr nur schwer. In den s\u00fcdlichen Gebieten von Zimnicea und Bechet stationieren Dutzende von Schiffen; sie d\u00fcrfen nur einzeln passieren. Bei Giurgiu und Drobeta Turnu Severin im S\u00fcd-Westen, ist mit \u00e4hnlichen Problemen zu rechnen.<\/p>\n<p>&#13;<br \/>\n&#13;<\/p>\n<p>&#13;<br \/>\n&#13;<\/p>\n<p>Wegen der D\u00fcrre wurden auch der Tourismus und der Fischfang im Donaudelta beeintr\u00e4chtigt, weil der Zugang zu den Kan\u00e4len und Seen immer schwieriger wird. Die Donaudeltabewohner verzeichnen betr\u00e4chtliche Sch\u00e4den und haben die Bukarester Beh\u00f6rden um Hilfe ersucht, damit die Fischfangquoten reduziert werden.<\/p>\n<p>&#13;<\/p>\n","protected":false},"excerpt":{"rendered":"<p>Die D\u00fcrre der letzten Zeit hat fast alle Regionen des Landes betroffen und den rum\u00e4nischen Landwirten Sch\u00e4den in H\u00f6he von zwei Milliarden Euro verursacht.<\/p>\n","protected":false},"author":111,"featured_media":64911,"comment_status":"closed","ping_status":"closed","sticky":false,"template":"","format":"standard","meta":{"_acf_changed":false,"footnotes":""},"categories":[99583],"tags":[155197,99765,100469,134270,99709,100165,102394,100101,101807,99757],"coauthors":[],"class_list":["post-459451","post","type-post","status-publish","format-standard","has-post-thumbnail","hentry","category-rri-aktuell","tag-donau-de","tag-duerre","tag-ernte","tag-eu-de","tag-landwirte","tag-schaeden","tag-schiff","tag-verkehr","tag-wasser","tag-wirtschaft"],"acf":[],"yoast_head":"<!-- This site is optimized with the Yoast SEO plugin v27.3 - https:\/\/yoast.com\/product\/yoast-seo-wordpress\/ -->\n<title>D\u00fcrre hat schwere Folgen auf die rum\u00e4nische Wirtschaft - Radio Rum\u00e4nien International<\/title>\n<meta name=\"robots\" content=\"index, follow, max-snippet:-1, max-image-preview:large, max-video-preview:-1\" \/>\n<link rel=\"canonical\" href=\"https:\/\/www.rri.ro\/de\/aktuell\/rri-aktuell\/duerre-hat-schwere-folgen-auf-die-rumaenische-wirtschaft-id459451.html\" \/>\n<meta property=\"og:locale\" content=\"de_DE\" \/>\n<meta property=\"og:type\" content=\"article\" \/>\n<meta property=\"og:title\" content=\"D\u00fcrre hat schwere Folgen auf die rum\u00e4nische Wirtschaft - Radio Rum\u00e4nien International\" \/>\n<meta property=\"og:description\" content=\"Die D\u00fcrre der letzten Zeit hat fast alle Regionen des Landes betroffen und den rum\u00e4nischen Landwirten Sch\u00e4den in H\u00f6he von zwei Milliarden Euro verursacht.\" \/>\n<meta property=\"og:url\" content=\"https:\/\/www.rri.ro\/de\/aktuell\/rri-aktuell\/duerre-hat-schwere-folgen-auf-die-rumaenische-wirtschaft-id459451.html\" \/>\n<meta property=\"og:site_name\" content=\"Radio Rum\u00e4nien International\" \/>\n<meta property=\"article:published_time\" content=\"2015-08-17T11:58:00+00:00\" \/>\n<meta property=\"article:modified_time\" content=\"2024-02-19T18:11:16+00:00\" \/>\n<meta property=\"og:image\" content=\"https:\/\/www.rri.ro\/wp-content\/uploads\/2023\/10\/porumb-afectat-de-seceta.png\" \/>\n\t<meta property=\"og:image:width\" content=\"640\" \/>\n\t<meta property=\"og:image:height\" content=\"480\" \/>\n\t<meta property=\"og:image:type\" content=\"image\/png\" \/>\n<meta name=\"author\" content=\"Valentin \u021aig\u0103u\" \/>\n<meta name=\"twitter:card\" content=\"summary_large_image\" \/>\n<meta name=\"twitter:label1\" content=\"Verfasst von\" \/>\n\t<meta name=\"twitter:data1\" content=\"Valentin \u021aig\u0103u\" \/>\n\t<meta name=\"twitter:label2\" content=\"Gesch\u00e4tzte Lesezeit\" \/>\n\t<meta name=\"twitter:data2\" content=\"2\u00a0Minuten\" \/>\n\t<meta name=\"twitter:label3\" content=\"Written by\" \/>\n\t<meta name=\"twitter:data3\" content=\"Valentin \u021aig\u0103u\" \/>\n<script type=\"application\/ld+json\" class=\"yoast-schema-graph\">{\"@context\":\"https:\\\/\\\/schema.org\",\"@graph\":[{\"@type\":\"Article\",\"@id\":\"https:\\\/\\\/www.rri.ro\\\/de\\\/aktuell\\\/rri-aktuell\\\/duerre-hat-schwere-folgen-auf-die-rumaenische-wirtschaft-id459451.html#article\",\"isPartOf\":{\"@id\":\"https:\\\/\\\/www.rri.ro\\\/de\\\/aktuell\\\/rri-aktuell\\\/duerre-hat-schwere-folgen-auf-die-rumaenische-wirtschaft-id459451.html\"},\"author\":{\"name\":\"Valentin \u021aig\u0103u\",\"@id\":\"https:\\\/\\\/www.rri.ro\\\/#\\\/schema\\\/person\\\/dd2e33092651deba594240e14c678732\"},\"headline\":\"D\u00fcrre hat schwere Folgen auf die rum\u00e4nische Wirtschaft\",\"datePublished\":\"2015-08-17T11:58:00+00:00\",\"dateModified\":\"2024-02-19T18:11:16+00:00\",\"mainEntityOfPage\":{\"@id\":\"https:\\\/\\\/www.rri.ro\\\/de\\\/aktuell\\\/rri-aktuell\\\/duerre-hat-schwere-folgen-auf-die-rumaenische-wirtschaft-id459451.html\"},\"wordCount\":474,\"image\":{\"@id\":\"https:\\\/\\\/www.rri.ro\\\/de\\\/aktuell\\\/rri-aktuell\\\/duerre-hat-schwere-folgen-auf-die-rumaenische-wirtschaft-id459451.html#primaryimage\"},\"thumbnailUrl\":\"https:\\\/\\\/www.rri.ro\\\/wp-content\\\/uploads\\\/2023\\\/10\\\/porumb-afectat-de-seceta.png\",\"keywords\":[\"Donau\",\"D\u00fcrre\",\"Ernte\",\"EU\",\"Landwirte\",\"Sch\u00e4den\",\"Schiff\",\"Verkehr\",\"Wasser\",\"Wirtschaft\"],\"articleSection\":[\"RRI Aktuell\"],\"inLanguage\":\"de\"},{\"@type\":\"WebPage\",\"@id\":\"https:\\\/\\\/www.rri.ro\\\/de\\\/aktuell\\\/rri-aktuell\\\/duerre-hat-schwere-folgen-auf-die-rumaenische-wirtschaft-id459451.html\",\"url\":\"https:\\\/\\\/www.rri.ro\\\/de\\\/aktuell\\\/rri-aktuell\\\/duerre-hat-schwere-folgen-auf-die-rumaenische-wirtschaft-id459451.html\",\"name\":\"D\u00fcrre hat schwere Folgen auf die rum\u00e4nische Wirtschaft - Radio Rum\u00e4nien International\",\"isPartOf\":{\"@id\":\"https:\\\/\\\/www.rri.ro\\\/#website\"},\"primaryImageOfPage\":{\"@id\":\"https:\\\/\\\/www.rri.ro\\\/de\\\/aktuell\\\/rri-aktuell\\\/duerre-hat-schwere-folgen-auf-die-rumaenische-wirtschaft-id459451.html#primaryimage\"},\"image\":{\"@id\":\"https:\\\/\\\/www.rri.ro\\\/de\\\/aktuell\\\/rri-aktuell\\\/duerre-hat-schwere-folgen-auf-die-rumaenische-wirtschaft-id459451.html#primaryimage\"},\"thumbnailUrl\":\"https:\\\/\\\/www.rri.ro\\\/wp-content\\\/uploads\\\/2023\\\/10\\\/porumb-afectat-de-seceta.png\",\"datePublished\":\"2015-08-17T11:58:00+00:00\",\"dateModified\":\"2024-02-19T18:11:16+00:00\",\"author\":{\"@id\":\"https:\\\/\\\/www.rri.ro\\\/#\\\/schema\\\/person\\\/dd2e33092651deba594240e14c678732\"},\"breadcrumb\":{\"@id\":\"https:\\\/\\\/www.rri.ro\\\/de\\\/aktuell\\\/rri-aktuell\\\/duerre-hat-schwere-folgen-auf-die-rumaenische-wirtschaft-id459451.html#breadcrumb\"},\"inLanguage\":\"de\",\"potentialAction\":[{\"@type\":\"ReadAction\",\"target\":[\"https:\\\/\\\/www.rri.ro\\\/de\\\/aktuell\\\/rri-aktuell\\\/duerre-hat-schwere-folgen-auf-die-rumaenische-wirtschaft-id459451.html\"]}]},{\"@type\":\"ImageObject\",\"inLanguage\":\"de\",\"@id\":\"https:\\\/\\\/www.rri.ro\\\/de\\\/aktuell\\\/rri-aktuell\\\/duerre-hat-schwere-folgen-auf-die-rumaenische-wirtschaft-id459451.html#primaryimage\",\"url\":\"https:\\\/\\\/www.rri.ro\\\/wp-content\\\/uploads\\\/2023\\\/10\\\/porumb-afectat-de-seceta.png\",\"contentUrl\":\"https:\\\/\\\/www.rri.ro\\\/wp-content\\\/uploads\\\/2023\\\/10\\\/porumb-afectat-de-seceta.png\",\"width\":640,\"height\":480},{\"@type\":\"BreadcrumbList\",\"@id\":\"https:\\\/\\\/www.rri.ro\\\/de\\\/aktuell\\\/rri-aktuell\\\/duerre-hat-schwere-folgen-auf-die-rumaenische-wirtschaft-id459451.html#breadcrumb\",\"itemListElement\":[{\"@type\":\"ListItem\",\"position\":1,\"name\":\"Startseite\",\"item\":\"https:\\\/\\\/www.rri.ro\\\/de\"},{\"@type\":\"ListItem\",\"position\":2,\"name\":\"Aktuell\",\"item\":\"https:\\\/\\\/www.rri.ro\\\/de\\\/aktuell\"},{\"@type\":\"ListItem\",\"position\":3,\"name\":\"RRI Aktuell\",\"item\":\"https:\\\/\\\/www.rri.ro\\\/de\\\/aktuell\\\/rri-aktuell\"},{\"@type\":\"ListItem\",\"position\":4,\"name\":\"D\u00fcrre hat schwere Folgen auf die rum\u00e4nische Wirtschaft\"}]},{\"@type\":\"WebSite\",\"@id\":\"https:\\\/\\\/www.rri.ro\\\/#website\",\"url\":\"https:\\\/\\\/www.rri.ro\\\/\",\"name\":\"Radio Rum\u00e4nien International\",\"description\":\"Totul despre Rom\u00e2nia \u015fi rom\u00e2ni, \u00een 13 limbi\\\/dialecte!\",\"inLanguage\":\"de\"},{\"@type\":\"Person\",\"@id\":\"https:\\\/\\\/www.rri.ro\\\/#\\\/schema\\\/person\\\/dd2e33092651deba594240e14c678732\",\"name\":\"Valentin \u021aig\u0103u\",\"url\":\"https:\\\/\\\/www.rri.ro\\\/de\\\/author\\\/valentin-tigau\"}]}<\/script>\n<!-- \/ Yoast SEO plugin. -->","yoast_head_json":{"title":"D\u00fcrre hat schwere Folgen auf die rum\u00e4nische Wirtschaft - Radio Rum\u00e4nien International","robots":{"index":"index","follow":"follow","max-snippet":"max-snippet:-1","max-image-preview":"max-image-preview:large","max-video-preview":"max-video-preview:-1"},"canonical":"https:\/\/www.rri.ro\/de\/aktuell\/rri-aktuell\/duerre-hat-schwere-folgen-auf-die-rumaenische-wirtschaft-id459451.html","og_locale":"de_DE","og_type":"article","og_title":"D\u00fcrre hat schwere Folgen auf die rum\u00e4nische Wirtschaft - Radio Rum\u00e4nien International","og_description":"Die D\u00fcrre der letzten Zeit hat fast alle Regionen des Landes betroffen und den rum\u00e4nischen Landwirten Sch\u00e4den in H\u00f6he von zwei Milliarden Euro verursacht.","og_url":"https:\/\/www.rri.ro\/de\/aktuell\/rri-aktuell\/duerre-hat-schwere-folgen-auf-die-rumaenische-wirtschaft-id459451.html","og_site_name":"Radio Rum\u00e4nien International","article_published_time":"2015-08-17T11:58:00+00:00","article_modified_time":"2024-02-19T18:11:16+00:00","og_image":[{"width":640,"height":480,"url":"https:\/\/www.rri.ro\/wp-content\/uploads\/2023\/10\/porumb-afectat-de-seceta.png","type":"image\/png"}],"author":"Valentin \u021aig\u0103u","twitter_card":"summary_large_image","twitter_misc":{"Verfasst von":"Valentin \u021aig\u0103u","Gesch\u00e4tzte Lesezeit":"2\u00a0Minuten","Written by":"Valentin \u021aig\u0103u"},"schema":{"@context":"https:\/\/schema.org","@graph":[{"@type":"Article","@id":"https:\/\/www.rri.ro\/de\/aktuell\/rri-aktuell\/duerre-hat-schwere-folgen-auf-die-rumaenische-wirtschaft-id459451.html#article","isPartOf":{"@id":"https:\/\/www.rri.ro\/de\/aktuell\/rri-aktuell\/duerre-hat-schwere-folgen-auf-die-rumaenische-wirtschaft-id459451.html"},"author":{"name":"Valentin \u021aig\u0103u","@id":"https:\/\/www.rri.ro\/#\/schema\/person\/dd2e33092651deba594240e14c678732"},"headline":"D\u00fcrre hat schwere Folgen auf die rum\u00e4nische Wirtschaft","datePublished":"2015-08-17T11:58:00+00:00","dateModified":"2024-02-19T18:11:16+00:00","mainEntityOfPage":{"@id":"https:\/\/www.rri.ro\/de\/aktuell\/rri-aktuell\/duerre-hat-schwere-folgen-auf-die-rumaenische-wirtschaft-id459451.html"},"wordCount":474,"image":{"@id":"https:\/\/www.rri.ro\/de\/aktuell\/rri-aktuell\/duerre-hat-schwere-folgen-auf-die-rumaenische-wirtschaft-id459451.html#primaryimage"},"thumbnailUrl":"https:\/\/www.rri.ro\/wp-content\/uploads\/2023\/10\/porumb-afectat-de-seceta.png","keywords":["Donau","D\u00fcrre","Ernte","EU","Landwirte","Sch\u00e4den","Schiff","Verkehr","Wasser","Wirtschaft"],"articleSection":["RRI Aktuell"],"inLanguage":"de"},{"@type":"WebPage","@id":"https:\/\/www.rri.ro\/de\/aktuell\/rri-aktuell\/duerre-hat-schwere-folgen-auf-die-rumaenische-wirtschaft-id459451.html","url":"https:\/\/www.rri.ro\/de\/aktuell\/rri-aktuell\/duerre-hat-schwere-folgen-auf-die-rumaenische-wirtschaft-id459451.html","name":"D\u00fcrre hat schwere Folgen auf die rum\u00e4nische Wirtschaft - Radio Rum\u00e4nien International","isPartOf":{"@id":"https:\/\/www.rri.ro\/#website"},"primaryImageOfPage":{"@id":"https:\/\/www.rri.ro\/de\/aktuell\/rri-aktuell\/duerre-hat-schwere-folgen-auf-die-rumaenische-wirtschaft-id459451.html#primaryimage"},"image":{"@id":"https:\/\/www.rri.ro\/de\/aktuell\/rri-aktuell\/duerre-hat-schwere-folgen-auf-die-rumaenische-wirtschaft-id459451.html#primaryimage"},"thumbnailUrl":"https:\/\/www.rri.ro\/wp-content\/uploads\/2023\/10\/porumb-afectat-de-seceta.png","datePublished":"2015-08-17T11:58:00+00:00","dateModified":"2024-02-19T18:11:16+00:00","author":{"@id":"https:\/\/www.rri.ro\/#\/schema\/person\/dd2e33092651deba594240e14c678732"},"breadcrumb":{"@id":"https:\/\/www.rri.ro\/de\/aktuell\/rri-aktuell\/duerre-hat-schwere-folgen-auf-die-rumaenische-wirtschaft-id459451.html#breadcrumb"},"inLanguage":"de","potentialAction":[{"@type":"ReadAction","target":["https:\/\/www.rri.ro\/de\/aktuell\/rri-aktuell\/duerre-hat-schwere-folgen-auf-die-rumaenische-wirtschaft-id459451.html"]}]},{"@type":"ImageObject","inLanguage":"de","@id":"https:\/\/www.rri.ro\/de\/aktuell\/rri-aktuell\/duerre-hat-schwere-folgen-auf-die-rumaenische-wirtschaft-id459451.html#primaryimage","url":"https:\/\/www.rri.ro\/wp-content\/uploads\/2023\/10\/porumb-afectat-de-seceta.png","contentUrl":"https:\/\/www.rri.ro\/wp-content\/uploads\/2023\/10\/porumb-afectat-de-seceta.png","width":640,"height":480},{"@type":"BreadcrumbList","@id":"https:\/\/www.rri.ro\/de\/aktuell\/rri-aktuell\/duerre-hat-schwere-folgen-auf-die-rumaenische-wirtschaft-id459451.html#breadcrumb","itemListElement":[{"@type":"ListItem","position":1,"name":"Startseite","item":"https:\/\/www.rri.ro\/de"},{"@type":"ListItem","position":2,"name":"Aktuell","item":"https:\/\/www.rri.ro\/de\/aktuell"},{"@type":"ListItem","position":3,"name":"RRI Aktuell","item":"https:\/\/www.rri.ro\/de\/aktuell\/rri-aktuell"},{"@type":"ListItem","position":4,"name":"D\u00fcrre hat schwere Folgen auf die rum\u00e4nische Wirtschaft"}]},{"@type":"WebSite","@id":"https:\/\/www.rri.ro\/#website","url":"https:\/\/www.rri.ro\/","name":"Radio Rum\u00e4nien International","description":"Totul despre Rom\u00e2nia \u015fi rom\u00e2ni, \u00een 13 limbi\/dialecte!","inLanguage":"de"},{"@type":"Person","@id":"https:\/\/www.rri.ro\/#\/schema\/person\/dd2e33092651deba594240e14c678732","name":"Valentin \u021aig\u0103u","url":"https:\/\/www.rri.ro\/de\/author\/valentin-tigau"}]}},"_links":{"self":[{"href":"https:\/\/www.rri.ro\/de\/wp-json\/wp\/v2\/posts\/459451","targetHints":{"allow":["GET"]}}],"collection":[{"href":"https:\/\/www.rri.ro\/de\/wp-json\/wp\/v2\/posts"}],"about":[{"href":"https:\/\/www.rri.ro\/de\/wp-json\/wp\/v2\/types\/post"}],"author":[{"embeddable":true,"href":"https:\/\/www.rri.ro\/de\/wp-json\/wp\/v2\/users\/111"}],"replies":[{"embeddable":true,"href":"https:\/\/www.rri.ro\/de\/wp-json\/wp\/v2\/comments?post=459451"}],"version-history":[{"count":0,"href":"https:\/\/www.rri.ro\/de\/wp-json\/wp\/v2\/posts\/459451\/revisions"}],"wp:featuredmedia":[{"embeddable":true,"href":"https:\/\/www.rri.ro\/de\/wp-json\/wp\/v2\/media\/64911"}],"wp:attachment":[{"href":"https:\/\/www.rri.ro\/de\/wp-json\/wp\/v2\/media?parent=459451"}],"wp:term":[{"taxonomy":"category","embeddable":true,"href":"https:\/\/www.rri.ro\/de\/wp-json\/wp\/v2\/categories?post=459451"},{"taxonomy":"post_tag","embeddable":true,"href":"https:\/\/www.rri.ro\/de\/wp-json\/wp\/v2\/tags?post=459451"},{"taxonomy":"author","embeddable":true,"href":"https:\/\/www.rri.ro\/de\/wp-json\/wp\/v2\/coauthors?post=459451"}],"curies":[{"name":"wp","href":"https:\/\/api.w.org\/{rel}","templated":true}]}}