{"id":459471,"date":"2015-09-09T16:30:00","date_gmt":"2015-09-09T13:30:00","guid":{"rendered":"http:\/\/devrri.freshlemon.ro\/aktuell\/proteste-und-forderungen-in-chisinau-id459471.html"},"modified":"2024-02-19T20:11:34","modified_gmt":"2024-02-19T18:11:34","slug":"proteste-und-forderungen-in-chisinau","status":"publish","type":"post","link":"https:\/\/www.rri.ro\/de\/aktuell\/rri-aktuell\/proteste-und-forderungen-in-chisinau-id459471.html","title":{"rendered":"Proteste und Forderungen in Chi\u015fin\u0103u"},"content":{"rendered":"<p>Das Zentrum der moldauischen Hauptstadt Chi\u015fin\u0103u ist zum Mittelpunkt eines dramatischen Risses zwischen den B\u00fcrgern und den Politikern geworden. Am Sonntag fand eine riesige Kundgebung statt, bei der man die Korruption der Regierung stark verurteilt hat. Diese wurde von B\u00fcrgerverb\u00e4nden organisiert. Daran beteiligten sich zehntausenden Menschen. Am Montag entstand neben dem Regierungssitz eine Kleinstadt aus Zelten, deren einige hundert Einwohner nicht mehr weggehen m\u00f6chten, bis die Exekutive zur\u00fccktritt. Die Protestierenden fordern auch den R\u00fccktritt des Pr\u00e4sidenten Nicolae Timofti und des Generalstaatsanwaltes, die Organisierung von vorgezogenen Wahlen im M\u00e4rz n\u00e4chsten Jahres, sowie die R\u00fcckkehr zur Universalwahl des Staatschefs, der zurzeit von den Abgeordneten gew\u00e4hlt wird.<\/p>\n<p>&#13;<br \/>\n&#13;<\/p>\n<p>&#13;<br \/>\n&#13;<\/p>\n<p>Der Ausbruch der Emp\u00f6rung fand statt nachdem die Politiker, die die Kommentatoren schlicht als autistisch bezeichnen, auf keines der Signale der Stra\u200e\u00dfe oder der ausl\u00e4ndischen Partner reagiert hat. Im Sommer stoppten der IWF und die Weltbank die Finanzierung einiger Vorhaben in der Republik Moldau. Diese k\u00fcndigten an, dass die Beziehungen zu dieser eingefroren bleiben, bis die Beh\u00f6rden entscheidende Ma\u200e\u00dfnahmen zur L\u00f6sung der Probleme der Banken umsetzen. Aus diesen ist nicht weniger als einer Milliarde Dollar heimlich verschwunden, was 15% des BIP entspricht. Es w\u00e4re unlogisch und verantwortungslos, dass die Weltbank das Geld ihrer Aktion\u00e4re durch die Vordert\u00fcr in den Haushalt der Moldau \u00fcbertr\u00e4gt, w\u00e4hrend Risiken bestehen, dass es, aufgrund der Korruption und der Betruge im Bankensektor, durch die Hintert\u00fcr verloren geht.\u201c &#8212; erkl\u00e4rte der Leiter der Bank f\u00fcr die Republik Moldau, Alex Kremer.<\/p>\n<p>&#13;<br \/>\n&#13;<\/p>\n<p>&#13;<br \/>\n&#13;<\/p>\n<p>Auch die Europ\u00e4ische Union warnte, dass es ihrerseits das Geld f\u00fcr die Justizreform, wegen der Nichteinhaltung der Verpflichtungen, die die Beh\u00f6rden eingegangen sind, streichen k\u00f6nnte. Diese sperrten das Gesetzpaket zur Umorganisierung des Nationalen Integrit\u00e4tsausschusses. Dieses h\u00e4tte die Unabh\u00e4ngigkeit der besagten Anstalt, durch den Ausschluss der politischen Kontrolle gew\u00e4hrleisten m\u00fcssen. Ich bin sehr entt\u00e4uscht\u201c &#8212; erkl\u00e4rte der EU-Delegationschef in Chi\u015fin\u0103u, Pirkka Tapiola. Die Entt\u00e4uschung der B\u00fcrger ist entsprechend gro\u200e\u00df. Besonders weil die prowestliche Dreiparteienkoalition, die sich in Chi\u015fin\u0103u an der Regierung befindet und bereits ihre Glaubw\u00fcrdigkeit verloren hat, auch die westlichen Werte, die die Protestteilnehmer bef\u00fcrworten, zu gef\u00e4hrden droht.<\/p>\n<p>&#13;<br \/>\n&#13;<\/p>\n<p>&#13;<br \/>\n&#13;<\/p>\n<p>F\u00fcr die Protestaktion, die weit von einer einheitlichen Bewegung ist, besteht auch das Risiko einer unvorhersehbaren Umleitung. Zu den Protestierenden z\u00e4hlen nicht nur Anh\u00e4nger der europ\u00e4ischen Integration oder Bef\u00fcrworter der Wiedervereinigung der Republik Moldau mit dem benachbarten Rum\u00e4nien, sondern auch Linksextremisten, Anh\u00e4nger einer Ann\u00e4herung an Moskau. Diese hatten am Sonntagabend versucht, den Sitz der Generalsstaatsanwaltschaft zu st\u00fcrmen und zwangen die Polizei dazu, kr\u00e4ftig einzugreifen. Der Korrespondent von Radio Rum\u00e4nien in Chi\u015fin\u0103u verweist auch auf die Ank\u00fcndigung der Sozialisten und der prorussischen Populisten aus der Opposition sich dem Protest anzuschlie\u200e\u00dfen. Dies w\u00fcrde sowohl die Spannungen als auch die Konfusion erh\u00f6hen.<\/p>\n<p>&#13;<\/p>\n","protected":false},"excerpt":{"rendered":"<p>Die Beh\u00f6rden der Republik Moldau werden mit weitgehenden b\u00fcrgerlichen Protestaktionen konfrontiert. Diese dauern seit einigen Tagen an und ein Ende ist noch nicht in Sicht.<\/p>\n","protected":false},"author":105,"featured_media":65103,"comment_status":"closed","ping_status":"closed","sticky":false,"template":"","format":"standard","meta":{"_acf_changed":false,"footnotes":""},"categories":[99583],"tags":[151607,102848,143895,100115],"coauthors":[],"class_list":["post-459471","post","type-post","status-publish","format-standard","has-post-thumbnail","hentry","category-rri-aktuell","tag-chisinau-de","tag-kischiniew","tag-proteste-de","tag-republik-moldau"],"acf":[],"yoast_head":"<!-- This site is optimized with the Yoast SEO plugin v27.3 - https:\/\/yoast.com\/product\/yoast-seo-wordpress\/ -->\n<title>Proteste und Forderungen in Chi\u015fin\u0103u - Radio Rum\u00e4nien International<\/title>\n<meta name=\"robots\" content=\"index, follow, max-snippet:-1, max-image-preview:large, max-video-preview:-1\" \/>\n<link rel=\"canonical\" href=\"https:\/\/www.rri.ro\/de\/aktuell\/rri-aktuell\/proteste-und-forderungen-in-chisinau-id459471.html\" \/>\n<meta property=\"og:locale\" content=\"de_DE\" \/>\n<meta property=\"og:type\" content=\"article\" \/>\n<meta property=\"og:title\" content=\"Proteste und Forderungen in Chi\u015fin\u0103u - Radio Rum\u00e4nien International\" \/>\n<meta property=\"og:description\" content=\"Die Beh\u00f6rden der Republik Moldau werden mit weitgehenden b\u00fcrgerlichen Protestaktionen konfrontiert. Diese dauern seit einigen Tagen an und ein Ende ist noch nicht in Sicht.\" \/>\n<meta property=\"og:url\" content=\"https:\/\/www.rri.ro\/de\/aktuell\/rri-aktuell\/proteste-und-forderungen-in-chisinau-id459471.html\" \/>\n<meta property=\"og:site_name\" content=\"Radio Rum\u00e4nien International\" \/>\n<meta property=\"article:published_time\" content=\"2015-09-09T13:30:00+00:00\" \/>\n<meta property=\"article:modified_time\" content=\"2024-02-19T18:11:34+00:00\" \/>\n<meta property=\"og:image\" content=\"https:\/\/www.rri.ro\/wp-content\/uploads\/2023\/10\/proteste-chisinau-sept-2015.png\" \/>\n\t<meta property=\"og:image:width\" content=\"640\" \/>\n\t<meta property=\"og:image:height\" content=\"424\" \/>\n\t<meta property=\"og:image:type\" content=\"image\/png\" \/>\n<meta name=\"author\" content=\"Bogdan Matei\" \/>\n<meta name=\"twitter:card\" content=\"summary_large_image\" \/>\n<meta name=\"twitter:label1\" content=\"Verfasst von\" \/>\n\t<meta name=\"twitter:data1\" content=\"Bogdan Matei\" \/>\n\t<meta name=\"twitter:label2\" content=\"Gesch\u00e4tzte Lesezeit\" \/>\n\t<meta name=\"twitter:data2\" content=\"2\u00a0Minuten\" \/>\n\t<meta name=\"twitter:label3\" content=\"Written by\" \/>\n\t<meta name=\"twitter:data3\" content=\"Bogdan Matei\" \/>\n<script type=\"application\/ld+json\" class=\"yoast-schema-graph\">{\"@context\":\"https:\\\/\\\/schema.org\",\"@graph\":[{\"@type\":\"Article\",\"@id\":\"https:\\\/\\\/www.rri.ro\\\/de\\\/aktuell\\\/rri-aktuell\\\/proteste-und-forderungen-in-chisinau-id459471.html#article\",\"isPartOf\":{\"@id\":\"https:\\\/\\\/www.rri.ro\\\/de\\\/aktuell\\\/rri-aktuell\\\/proteste-und-forderungen-in-chisinau-id459471.html\"},\"author\":{\"name\":\"Bogdan Matei\",\"@id\":\"https:\\\/\\\/www.rri.ro\\\/#\\\/schema\\\/person\\\/0ed327d40678578e6dbb840527e3ba32\"},\"headline\":\"Proteste und Forderungen in Chi\u015fin\u0103u\",\"datePublished\":\"2015-09-09T13:30:00+00:00\",\"dateModified\":\"2024-02-19T18:11:34+00:00\",\"mainEntityOfPage\":{\"@id\":\"https:\\\/\\\/www.rri.ro\\\/de\\\/aktuell\\\/rri-aktuell\\\/proteste-und-forderungen-in-chisinau-id459471.html\"},\"wordCount\":505,\"image\":{\"@id\":\"https:\\\/\\\/www.rri.ro\\\/de\\\/aktuell\\\/rri-aktuell\\\/proteste-und-forderungen-in-chisinau-id459471.html#primaryimage\"},\"thumbnailUrl\":\"https:\\\/\\\/www.rri.ro\\\/wp-content\\\/uploads\\\/2023\\\/10\\\/proteste-chisinau-sept-2015.png\",\"keywords\":[\"chisinau\",\"Kischiniew\",\"proteste\",\"Republik Moldau\"],\"articleSection\":[\"RRI Aktuell\"],\"inLanguage\":\"de\"},{\"@type\":\"WebPage\",\"@id\":\"https:\\\/\\\/www.rri.ro\\\/de\\\/aktuell\\\/rri-aktuell\\\/proteste-und-forderungen-in-chisinau-id459471.html\",\"url\":\"https:\\\/\\\/www.rri.ro\\\/de\\\/aktuell\\\/rri-aktuell\\\/proteste-und-forderungen-in-chisinau-id459471.html\",\"name\":\"Proteste und Forderungen in Chi\u015fin\u0103u - Radio Rum\u00e4nien International\",\"isPartOf\":{\"@id\":\"https:\\\/\\\/www.rri.ro\\\/#website\"},\"primaryImageOfPage\":{\"@id\":\"https:\\\/\\\/www.rri.ro\\\/de\\\/aktuell\\\/rri-aktuell\\\/proteste-und-forderungen-in-chisinau-id459471.html#primaryimage\"},\"image\":{\"@id\":\"https:\\\/\\\/www.rri.ro\\\/de\\\/aktuell\\\/rri-aktuell\\\/proteste-und-forderungen-in-chisinau-id459471.html#primaryimage\"},\"thumbnailUrl\":\"https:\\\/\\\/www.rri.ro\\\/wp-content\\\/uploads\\\/2023\\\/10\\\/proteste-chisinau-sept-2015.png\",\"datePublished\":\"2015-09-09T13:30:00+00:00\",\"dateModified\":\"2024-02-19T18:11:34+00:00\",\"author\":{\"@id\":\"https:\\\/\\\/www.rri.ro\\\/#\\\/schema\\\/person\\\/0ed327d40678578e6dbb840527e3ba32\"},\"breadcrumb\":{\"@id\":\"https:\\\/\\\/www.rri.ro\\\/de\\\/aktuell\\\/rri-aktuell\\\/proteste-und-forderungen-in-chisinau-id459471.html#breadcrumb\"},\"inLanguage\":\"de\",\"potentialAction\":[{\"@type\":\"ReadAction\",\"target\":[\"https:\\\/\\\/www.rri.ro\\\/de\\\/aktuell\\\/rri-aktuell\\\/proteste-und-forderungen-in-chisinau-id459471.html\"]}]},{\"@type\":\"ImageObject\",\"inLanguage\":\"de\",\"@id\":\"https:\\\/\\\/www.rri.ro\\\/de\\\/aktuell\\\/rri-aktuell\\\/proteste-und-forderungen-in-chisinau-id459471.html#primaryimage\",\"url\":\"https:\\\/\\\/www.rri.ro\\\/wp-content\\\/uploads\\\/2023\\\/10\\\/proteste-chisinau-sept-2015.png\",\"contentUrl\":\"https:\\\/\\\/www.rri.ro\\\/wp-content\\\/uploads\\\/2023\\\/10\\\/proteste-chisinau-sept-2015.png\",\"width\":640,\"height\":424},{\"@type\":\"BreadcrumbList\",\"@id\":\"https:\\\/\\\/www.rri.ro\\\/de\\\/aktuell\\\/rri-aktuell\\\/proteste-und-forderungen-in-chisinau-id459471.html#breadcrumb\",\"itemListElement\":[{\"@type\":\"ListItem\",\"position\":1,\"name\":\"Startseite\",\"item\":\"https:\\\/\\\/www.rri.ro\\\/de\"},{\"@type\":\"ListItem\",\"position\":2,\"name\":\"Aktuell\",\"item\":\"https:\\\/\\\/www.rri.ro\\\/de\\\/aktuell\"},{\"@type\":\"ListItem\",\"position\":3,\"name\":\"RRI Aktuell\",\"item\":\"https:\\\/\\\/www.rri.ro\\\/de\\\/aktuell\\\/rri-aktuell\"},{\"@type\":\"ListItem\",\"position\":4,\"name\":\"Proteste und Forderungen in Chi\u015fin\u0103u\"}]},{\"@type\":\"WebSite\",\"@id\":\"https:\\\/\\\/www.rri.ro\\\/#website\",\"url\":\"https:\\\/\\\/www.rri.ro\\\/\",\"name\":\"Radio Rum\u00e4nien International\",\"description\":\"Totul despre Rom\u00e2nia \u015fi rom\u00e2ni, \u00een 13 limbi\\\/dialecte!\",\"inLanguage\":\"de\"},{\"@type\":\"Person\",\"@id\":\"https:\\\/\\\/www.rri.ro\\\/#\\\/schema\\\/person\\\/0ed327d40678578e6dbb840527e3ba32\",\"name\":\"Bogdan Matei\",\"url\":\"https:\\\/\\\/www.rri.ro\\\/de\\\/author\\\/bogdan-matei\"}]}<\/script>\n<!-- \/ Yoast SEO plugin. -->","yoast_head_json":{"title":"Proteste und Forderungen in Chi\u015fin\u0103u - Radio Rum\u00e4nien International","robots":{"index":"index","follow":"follow","max-snippet":"max-snippet:-1","max-image-preview":"max-image-preview:large","max-video-preview":"max-video-preview:-1"},"canonical":"https:\/\/www.rri.ro\/de\/aktuell\/rri-aktuell\/proteste-und-forderungen-in-chisinau-id459471.html","og_locale":"de_DE","og_type":"article","og_title":"Proteste und Forderungen in Chi\u015fin\u0103u - Radio Rum\u00e4nien International","og_description":"Die Beh\u00f6rden der Republik Moldau werden mit weitgehenden b\u00fcrgerlichen Protestaktionen konfrontiert. Diese dauern seit einigen Tagen an und ein Ende ist noch nicht in Sicht.","og_url":"https:\/\/www.rri.ro\/de\/aktuell\/rri-aktuell\/proteste-und-forderungen-in-chisinau-id459471.html","og_site_name":"Radio Rum\u00e4nien International","article_published_time":"2015-09-09T13:30:00+00:00","article_modified_time":"2024-02-19T18:11:34+00:00","og_image":[{"width":640,"height":424,"url":"https:\/\/www.rri.ro\/wp-content\/uploads\/2023\/10\/proteste-chisinau-sept-2015.png","type":"image\/png"}],"author":"Bogdan Matei","twitter_card":"summary_large_image","twitter_misc":{"Verfasst von":"Bogdan Matei","Gesch\u00e4tzte Lesezeit":"2\u00a0Minuten","Written by":"Bogdan Matei"},"schema":{"@context":"https:\/\/schema.org","@graph":[{"@type":"Article","@id":"https:\/\/www.rri.ro\/de\/aktuell\/rri-aktuell\/proteste-und-forderungen-in-chisinau-id459471.html#article","isPartOf":{"@id":"https:\/\/www.rri.ro\/de\/aktuell\/rri-aktuell\/proteste-und-forderungen-in-chisinau-id459471.html"},"author":{"name":"Bogdan Matei","@id":"https:\/\/www.rri.ro\/#\/schema\/person\/0ed327d40678578e6dbb840527e3ba32"},"headline":"Proteste und Forderungen in Chi\u015fin\u0103u","datePublished":"2015-09-09T13:30:00+00:00","dateModified":"2024-02-19T18:11:34+00:00","mainEntityOfPage":{"@id":"https:\/\/www.rri.ro\/de\/aktuell\/rri-aktuell\/proteste-und-forderungen-in-chisinau-id459471.html"},"wordCount":505,"image":{"@id":"https:\/\/www.rri.ro\/de\/aktuell\/rri-aktuell\/proteste-und-forderungen-in-chisinau-id459471.html#primaryimage"},"thumbnailUrl":"https:\/\/www.rri.ro\/wp-content\/uploads\/2023\/10\/proteste-chisinau-sept-2015.png","keywords":["chisinau","Kischiniew","proteste","Republik Moldau"],"articleSection":["RRI Aktuell"],"inLanguage":"de"},{"@type":"WebPage","@id":"https:\/\/www.rri.ro\/de\/aktuell\/rri-aktuell\/proteste-und-forderungen-in-chisinau-id459471.html","url":"https:\/\/www.rri.ro\/de\/aktuell\/rri-aktuell\/proteste-und-forderungen-in-chisinau-id459471.html","name":"Proteste und Forderungen in Chi\u015fin\u0103u - Radio Rum\u00e4nien International","isPartOf":{"@id":"https:\/\/www.rri.ro\/#website"},"primaryImageOfPage":{"@id":"https:\/\/www.rri.ro\/de\/aktuell\/rri-aktuell\/proteste-und-forderungen-in-chisinau-id459471.html#primaryimage"},"image":{"@id":"https:\/\/www.rri.ro\/de\/aktuell\/rri-aktuell\/proteste-und-forderungen-in-chisinau-id459471.html#primaryimage"},"thumbnailUrl":"https:\/\/www.rri.ro\/wp-content\/uploads\/2023\/10\/proteste-chisinau-sept-2015.png","datePublished":"2015-09-09T13:30:00+00:00","dateModified":"2024-02-19T18:11:34+00:00","author":{"@id":"https:\/\/www.rri.ro\/#\/schema\/person\/0ed327d40678578e6dbb840527e3ba32"},"breadcrumb":{"@id":"https:\/\/www.rri.ro\/de\/aktuell\/rri-aktuell\/proteste-und-forderungen-in-chisinau-id459471.html#breadcrumb"},"inLanguage":"de","potentialAction":[{"@type":"ReadAction","target":["https:\/\/www.rri.ro\/de\/aktuell\/rri-aktuell\/proteste-und-forderungen-in-chisinau-id459471.html"]}]},{"@type":"ImageObject","inLanguage":"de","@id":"https:\/\/www.rri.ro\/de\/aktuell\/rri-aktuell\/proteste-und-forderungen-in-chisinau-id459471.html#primaryimage","url":"https:\/\/www.rri.ro\/wp-content\/uploads\/2023\/10\/proteste-chisinau-sept-2015.png","contentUrl":"https:\/\/www.rri.ro\/wp-content\/uploads\/2023\/10\/proteste-chisinau-sept-2015.png","width":640,"height":424},{"@type":"BreadcrumbList","@id":"https:\/\/www.rri.ro\/de\/aktuell\/rri-aktuell\/proteste-und-forderungen-in-chisinau-id459471.html#breadcrumb","itemListElement":[{"@type":"ListItem","position":1,"name":"Startseite","item":"https:\/\/www.rri.ro\/de"},{"@type":"ListItem","position":2,"name":"Aktuell","item":"https:\/\/www.rri.ro\/de\/aktuell"},{"@type":"ListItem","position":3,"name":"RRI Aktuell","item":"https:\/\/www.rri.ro\/de\/aktuell\/rri-aktuell"},{"@type":"ListItem","position":4,"name":"Proteste und Forderungen in Chi\u015fin\u0103u"}]},{"@type":"WebSite","@id":"https:\/\/www.rri.ro\/#website","url":"https:\/\/www.rri.ro\/","name":"Radio Rum\u00e4nien International","description":"Totul despre Rom\u00e2nia \u015fi rom\u00e2ni, \u00een 13 limbi\/dialecte!","inLanguage":"de"},{"@type":"Person","@id":"https:\/\/www.rri.ro\/#\/schema\/person\/0ed327d40678578e6dbb840527e3ba32","name":"Bogdan Matei","url":"https:\/\/www.rri.ro\/de\/author\/bogdan-matei"}]}},"_links":{"self":[{"href":"https:\/\/www.rri.ro\/de\/wp-json\/wp\/v2\/posts\/459471","targetHints":{"allow":["GET"]}}],"collection":[{"href":"https:\/\/www.rri.ro\/de\/wp-json\/wp\/v2\/posts"}],"about":[{"href":"https:\/\/www.rri.ro\/de\/wp-json\/wp\/v2\/types\/post"}],"author":[{"embeddable":true,"href":"https:\/\/www.rri.ro\/de\/wp-json\/wp\/v2\/users\/105"}],"replies":[{"embeddable":true,"href":"https:\/\/www.rri.ro\/de\/wp-json\/wp\/v2\/comments?post=459471"}],"version-history":[{"count":0,"href":"https:\/\/www.rri.ro\/de\/wp-json\/wp\/v2\/posts\/459471\/revisions"}],"wp:featuredmedia":[{"embeddable":true,"href":"https:\/\/www.rri.ro\/de\/wp-json\/wp\/v2\/media\/65103"}],"wp:attachment":[{"href":"https:\/\/www.rri.ro\/de\/wp-json\/wp\/v2\/media?parent=459471"}],"wp:term":[{"taxonomy":"category","embeddable":true,"href":"https:\/\/www.rri.ro\/de\/wp-json\/wp\/v2\/categories?post=459471"},{"taxonomy":"post_tag","embeddable":true,"href":"https:\/\/www.rri.ro\/de\/wp-json\/wp\/v2\/tags?post=459471"},{"taxonomy":"author","embeddable":true,"href":"https:\/\/www.rri.ro\/de\/wp-json\/wp\/v2\/coauthors?post=459471"}],"curies":[{"name":"wp","href":"https:\/\/api.w.org\/{rel}","templated":true}]}}