{"id":459477,"date":"2015-09-14T13:08:00","date_gmt":"2015-09-14T10:08:00","guid":{"rendered":"http:\/\/devrri.freshlemon.ro\/aktuell\/massenkundgebungen-gehen-in-chisinau-weiter-id459477.html"},"modified":"2024-02-19T20:11:40","modified_gmt":"2024-02-19T18:11:40","slug":"massenkundgebungen-gehen-in-chisinau-weiter","status":"publish","type":"post","link":"https:\/\/www.rri.ro\/de\/aktuell\/rri-aktuell\/massenkundgebungen-gehen-in-chisinau-weiter-id459477.html","title":{"rendered":"Massenkundgebungen gehen in Chi\u015fin\u0103u weiter"},"content":{"rendered":"<p><strong>Die Proteste im Zentrum der moldauischen Hauptstadt Chi\u015fin\u0103u tendieren sich in eine Marathonkundgebung zu verwandeln und in andere St\u00e4dte der Republik Moldau auszuweiten. W\u00e4hrend die Regierung und die Protestierenden unflexibel bleiben, obwohl sie dieselben europ\u00e4ischen Werte teilen, scheint die prorussische Opposition der gro\u200e\u00dfe Gewinner dieser Auseinandersetzung zu sein.<\/strong><\/p>\n<p>&#13;<br \/>\n&#13;<\/p>\n<p>&#13;<br \/>\n&#13;<\/p>\n<p>Gerichtet gegen eine Regierung, die sich f\u00fcr pro-europ\u00e4isch erkl\u00e4rt hat, veranstaltet von der Zivilgesellschaft und angetrieben gerade durch die westlichen Werte, schreiben die Kundgebungen in Chi\u015fin\u0103u bereits ihre zweite Woche. Keiner kann voraussagen, wann diese ein Ende finden werden. Gerade die angesprochenen westlichen Werte soll die Regierung laut den Protestteilnehmern verraten haben. Am Sonntag sind die Anf\u00fchrer der zehntausenden Protestierenden, die sich auf dem Platz befinden, mit zwei der Ziele ihrer Protestaktionen zusammen gekommen, Ministerpr\u00e4sident Valeriu Strele\u0163 und Parlamentsvorsitzender Andrian Candu.<\/p>\n<p>&#13;<br \/>\n&#13;<\/p>\n<p>&#13;<br \/>\n&#13;<\/p>\n<p>Laut den Radio-Rum\u00e4nien-Korrespondenten, behielten die Parteien ihre Standpunkte, mit denen sie in die Gespr\u00e4che eingestiegen sind. Der Premierminister erkl\u00e4rte, dass seine Regierung seit der Amts\u00fcbernahme vor sechs Wochen, Ma\u200e\u00dfnahmen getroffen hat, die die brennenden Probleme l\u00f6sen sollen, mit denen die Republik Moldau konfrontiert wird. Au\u200e\u00dfer im Falle eines Misstrauensvotums des Palraments, werde die Regierung nicht zur\u00fccktreten, denn das w\u00fcrde die politische und wirtschaftliche Krise nur versch\u00e4rfen &#8212; schlussfolgerte Strele\u0163. Zuvor hatte er behauptet, dass die Existenz des Staates selbst gef\u00e4hrdet sei und dass die Probleme, weswegen die Menschen auf die Stra\u200e\u00dfe gegangen sind &#8212; Korruption, Armut, Unzuverl\u00e4ssigkeit der Politiker &#8212; Konsequenzen einiger Verfahren sind, die sich Jahre hintereinander angesammelt haben.<\/p>\n<p>&#13;<br \/>\n&#13;<\/p>\n<p>&#13;<br \/>\n&#13;<\/p>\n<p>Auch Pr\u00e4sident Nicolae Timofti wies einen R\u00fccktritt zur\u00fcck. Sein Abgang, so der Staatschef, w\u00fcrde zu einer neuen politischen Krise f\u00fchren. Au\u200e\u00dferdem w\u00fcrde sich die Instabilit\u00e4t vor dem Hintergrund des Machtvakuums verst\u00e4rken. Schuld an der entstandenen Situation tragen die schwachen Staatsinstitutionen\u201c &#8212; so Timofti noch. Er warf der Zentralbank, der Generalstaatsanwaltschaft und dem Antikorruptionszentrum Ineffektivit\u00e4t vor, nachdem eine Milliarde Dollar, rund 15% des BIP, unter mysteri\u00f6sen Umst\u00e4nden aus dem Bankensystem der Republik verschwunden ist. Candu warnte, dass die vorgezogenen Wahlen, die die Protestteilnehmer fordern, blo\u200e\u00df ein gr\u00f6\u200e\u00dferes Chaos verursachen w\u00fcrden. Er k\u00fcndigte an, dass zu den Priorit\u00e4ten des Parlaments f\u00fcr die Herbstperiode die Justizreform z\u00e4hlt und versprach, dass ein Staatsanwalt aus dem benachbarten Rum\u00e4nien, der auch in der Antikorruptionsbeh\u00f6rde t\u00e4tig war, nach Chi\u015fin\u0103u kommen wird, um das Nationale Antikorruptionszentrum und die Generalstaatsanwaltschaft zu unterst\u00fctzen.<\/p>\n<p>&#13;<br \/>\n&#13;<\/p>\n<p>&#13;<br \/>\n&#13;<\/p>\n<p>Die Anf\u00fchrer der Proteste bleiben aber unfelxibel. Wenn die Regierung uns hier in der Landeshauptstadt nicht h\u00f6rt, dann werden wir daf\u00fcr sorgen, dass die Protestwelle die ganze Republik einschlie\u200e\u00dft. Die f\u00fchrenden Politiker werden sp\u00fcren, wie der Boden unter ihren F\u00fc\u200e\u00dfen brennt\u201c &#8212; drohte einer von ihnen, Valentin Dolganiuc, ehemaliger Abgeordneter im Parlament von Chi\u015fin\u0103u, der 1991 die Unabh\u00e4ngigkeit von Moskau verk\u00fcndet hat. Genauso wie er, sind viele der Protestveranstalter \u00f6ffentliche Pers\u00f6nlichkeiten mit einem makellosen Ruf.<\/p>\n<p>&#13;<br \/>\n&#13;<\/p>\n<p>&#13;<br \/>\n&#13;<\/p>\n<p>Allerdings bedeutet das nicht, dass es kein Risiko zur Umleitung der Protestbewergung besteht. Der Experte im Ex-Sowjetraum und ehemaliger Pr\u00e4sidentschaftsberater in Bukarest, Vorsitzender des Zentrums zur Konfliktvorbeugung, Iulian Chifu, verweist auf den Beitritt der Sozialisten und Populisten aus der Opposition zu den Protesten. Diese werden aus Moskau ferngesteuert und sind die ersten, die daran interessiert sind, die Legitimit\u00e4t einer pro-europ\u00e4ischen Regierung in Frage zu stellen.<\/p>\n<p>&#13;<\/p>\n","protected":false},"excerpt":{"rendered":"<p>Die Proteste im Zentrum der moldauischen Hauptstadt Chi\u015fin\u0103u tendieren sich in eine Marathonkundgebung zu verwandeln und in andere St\u00e4dte der Republik Moldau auszuweiten.<\/p>\n","protected":false},"author":105,"featured_media":63674,"comment_status":"closed","ping_status":"closed","sticky":false,"template":"","format":"standard","meta":{"_acf_changed":false,"footnotes":""},"categories":[99583],"tags":[151607,102860,102848,102859,143895,100115],"coauthors":[],"class_list":["post-459477","post","type-post","status-publish","format-standard","has-post-thumbnail","hentry","category-rri-aktuell","tag-chisinau-de","tag-demonstration","tag-kischiniew","tag-massenkundgebung","tag-proteste-de","tag-republik-moldau"],"acf":[],"yoast_head":"<!-- This site is optimized with the Yoast SEO plugin v27.3 - https:\/\/yoast.com\/product\/yoast-seo-wordpress\/ -->\n<title>Massenkundgebungen gehen in Chi\u015fin\u0103u weiter - Radio Rum\u00e4nien International<\/title>\n<meta name=\"robots\" content=\"index, follow, max-snippet:-1, max-image-preview:large, max-video-preview:-1\" \/>\n<link rel=\"canonical\" href=\"https:\/\/www.rri.ro\/de\/aktuell\/rri-aktuell\/massenkundgebungen-gehen-in-chisinau-weiter-id459477.html\" \/>\n<meta property=\"og:locale\" content=\"de_DE\" \/>\n<meta property=\"og:type\" content=\"article\" \/>\n<meta property=\"og:title\" content=\"Massenkundgebungen gehen in Chi\u015fin\u0103u weiter - Radio Rum\u00e4nien International\" \/>\n<meta property=\"og:description\" content=\"Die Proteste im Zentrum der moldauischen Hauptstadt Chi\u015fin\u0103u tendieren sich in eine Marathonkundgebung zu verwandeln und in andere St\u00e4dte der Republik Moldau auszuweiten.\" \/>\n<meta property=\"og:url\" content=\"https:\/\/www.rri.ro\/de\/aktuell\/rri-aktuell\/massenkundgebungen-gehen-in-chisinau-weiter-id459477.html\" \/>\n<meta property=\"og:site_name\" content=\"Radio Rum\u00e4nien International\" \/>\n<meta property=\"article:published_time\" content=\"2015-09-14T10:08:00+00:00\" \/>\n<meta property=\"article:modified_time\" content=\"2024-02-19T18:11:40+00:00\" \/>\n<meta property=\"og:image\" content=\"https:\/\/www.rri.ro\/wp-content\/uploads\/2023\/10\/protest-chisinau-mai2015.png\" \/>\n\t<meta property=\"og:image:width\" content=\"640\" \/>\n\t<meta property=\"og:image:height\" content=\"480\" \/>\n\t<meta property=\"og:image:type\" content=\"image\/png\" \/>\n<meta name=\"author\" content=\"Bogdan Matei\" \/>\n<meta name=\"twitter:card\" content=\"summary_large_image\" \/>\n<meta name=\"twitter:label1\" content=\"Verfasst von\" \/>\n\t<meta name=\"twitter:data1\" content=\"Bogdan Matei\" \/>\n\t<meta name=\"twitter:label2\" content=\"Gesch\u00e4tzte Lesezeit\" \/>\n\t<meta name=\"twitter:data2\" content=\"3\u00a0Minuten\" \/>\n\t<meta name=\"twitter:label3\" content=\"Written by\" \/>\n\t<meta name=\"twitter:data3\" content=\"Bogdan Matei\" \/>\n<script type=\"application\/ld+json\" class=\"yoast-schema-graph\">{\"@context\":\"https:\\\/\\\/schema.org\",\"@graph\":[{\"@type\":\"Article\",\"@id\":\"https:\\\/\\\/www.rri.ro\\\/de\\\/aktuell\\\/rri-aktuell\\\/massenkundgebungen-gehen-in-chisinau-weiter-id459477.html#article\",\"isPartOf\":{\"@id\":\"https:\\\/\\\/www.rri.ro\\\/de\\\/aktuell\\\/rri-aktuell\\\/massenkundgebungen-gehen-in-chisinau-weiter-id459477.html\"},\"author\":{\"name\":\"Bogdan Matei\",\"@id\":\"https:\\\/\\\/www.rri.ro\\\/#\\\/schema\\\/person\\\/0ed327d40678578e6dbb840527e3ba32\"},\"headline\":\"Massenkundgebungen gehen in Chi\u015fin\u0103u weiter\",\"datePublished\":\"2015-09-14T10:08:00+00:00\",\"dateModified\":\"2024-02-19T18:11:40+00:00\",\"mainEntityOfPage\":{\"@id\":\"https:\\\/\\\/www.rri.ro\\\/de\\\/aktuell\\\/rri-aktuell\\\/massenkundgebungen-gehen-in-chisinau-weiter-id459477.html\"},\"wordCount\":582,\"image\":{\"@id\":\"https:\\\/\\\/www.rri.ro\\\/de\\\/aktuell\\\/rri-aktuell\\\/massenkundgebungen-gehen-in-chisinau-weiter-id459477.html#primaryimage\"},\"thumbnailUrl\":\"https:\\\/\\\/www.rri.ro\\\/wp-content\\\/uploads\\\/2023\\\/10\\\/protest-chisinau-mai2015.png\",\"keywords\":[\"chisinau\",\"Demonstration\",\"Kischiniew\",\"Ma\u00dfenkundgebung\",\"proteste\",\"Republik Moldau\"],\"articleSection\":[\"RRI Aktuell\"],\"inLanguage\":\"de\"},{\"@type\":\"WebPage\",\"@id\":\"https:\\\/\\\/www.rri.ro\\\/de\\\/aktuell\\\/rri-aktuell\\\/massenkundgebungen-gehen-in-chisinau-weiter-id459477.html\",\"url\":\"https:\\\/\\\/www.rri.ro\\\/de\\\/aktuell\\\/rri-aktuell\\\/massenkundgebungen-gehen-in-chisinau-weiter-id459477.html\",\"name\":\"Massenkundgebungen gehen in Chi\u015fin\u0103u weiter - Radio Rum\u00e4nien International\",\"isPartOf\":{\"@id\":\"https:\\\/\\\/www.rri.ro\\\/#website\"},\"primaryImageOfPage\":{\"@id\":\"https:\\\/\\\/www.rri.ro\\\/de\\\/aktuell\\\/rri-aktuell\\\/massenkundgebungen-gehen-in-chisinau-weiter-id459477.html#primaryimage\"},\"image\":{\"@id\":\"https:\\\/\\\/www.rri.ro\\\/de\\\/aktuell\\\/rri-aktuell\\\/massenkundgebungen-gehen-in-chisinau-weiter-id459477.html#primaryimage\"},\"thumbnailUrl\":\"https:\\\/\\\/www.rri.ro\\\/wp-content\\\/uploads\\\/2023\\\/10\\\/protest-chisinau-mai2015.png\",\"datePublished\":\"2015-09-14T10:08:00+00:00\",\"dateModified\":\"2024-02-19T18:11:40+00:00\",\"author\":{\"@id\":\"https:\\\/\\\/www.rri.ro\\\/#\\\/schema\\\/person\\\/0ed327d40678578e6dbb840527e3ba32\"},\"breadcrumb\":{\"@id\":\"https:\\\/\\\/www.rri.ro\\\/de\\\/aktuell\\\/rri-aktuell\\\/massenkundgebungen-gehen-in-chisinau-weiter-id459477.html#breadcrumb\"},\"inLanguage\":\"de\",\"potentialAction\":[{\"@type\":\"ReadAction\",\"target\":[\"https:\\\/\\\/www.rri.ro\\\/de\\\/aktuell\\\/rri-aktuell\\\/massenkundgebungen-gehen-in-chisinau-weiter-id459477.html\"]}]},{\"@type\":\"ImageObject\",\"inLanguage\":\"de\",\"@id\":\"https:\\\/\\\/www.rri.ro\\\/de\\\/aktuell\\\/rri-aktuell\\\/massenkundgebungen-gehen-in-chisinau-weiter-id459477.html#primaryimage\",\"url\":\"https:\\\/\\\/www.rri.ro\\\/wp-content\\\/uploads\\\/2023\\\/10\\\/protest-chisinau-mai2015.png\",\"contentUrl\":\"https:\\\/\\\/www.rri.ro\\\/wp-content\\\/uploads\\\/2023\\\/10\\\/protest-chisinau-mai2015.png\",\"width\":640,\"height\":480},{\"@type\":\"BreadcrumbList\",\"@id\":\"https:\\\/\\\/www.rri.ro\\\/de\\\/aktuell\\\/rri-aktuell\\\/massenkundgebungen-gehen-in-chisinau-weiter-id459477.html#breadcrumb\",\"itemListElement\":[{\"@type\":\"ListItem\",\"position\":1,\"name\":\"Startseite\",\"item\":\"https:\\\/\\\/www.rri.ro\\\/de\"},{\"@type\":\"ListItem\",\"position\":2,\"name\":\"Aktuell\",\"item\":\"https:\\\/\\\/www.rri.ro\\\/de\\\/aktuell\"},{\"@type\":\"ListItem\",\"position\":3,\"name\":\"RRI Aktuell\",\"item\":\"https:\\\/\\\/www.rri.ro\\\/de\\\/aktuell\\\/rri-aktuell\"},{\"@type\":\"ListItem\",\"position\":4,\"name\":\"Massenkundgebungen gehen in Chi\u015fin\u0103u weiter\"}]},{\"@type\":\"WebSite\",\"@id\":\"https:\\\/\\\/www.rri.ro\\\/#website\",\"url\":\"https:\\\/\\\/www.rri.ro\\\/\",\"name\":\"Radio Rum\u00e4nien International\",\"description\":\"Totul despre Rom\u00e2nia \u015fi rom\u00e2ni, \u00een 13 limbi\\\/dialecte!\",\"inLanguage\":\"de\"},{\"@type\":\"Person\",\"@id\":\"https:\\\/\\\/www.rri.ro\\\/#\\\/schema\\\/person\\\/0ed327d40678578e6dbb840527e3ba32\",\"name\":\"Bogdan Matei\",\"url\":\"https:\\\/\\\/www.rri.ro\\\/de\\\/author\\\/bogdan-matei\"}]}<\/script>\n<!-- \/ Yoast SEO plugin. -->","yoast_head_json":{"title":"Massenkundgebungen gehen in Chi\u015fin\u0103u weiter - Radio Rum\u00e4nien International","robots":{"index":"index","follow":"follow","max-snippet":"max-snippet:-1","max-image-preview":"max-image-preview:large","max-video-preview":"max-video-preview:-1"},"canonical":"https:\/\/www.rri.ro\/de\/aktuell\/rri-aktuell\/massenkundgebungen-gehen-in-chisinau-weiter-id459477.html","og_locale":"de_DE","og_type":"article","og_title":"Massenkundgebungen gehen in Chi\u015fin\u0103u weiter - Radio Rum\u00e4nien International","og_description":"Die Proteste im Zentrum der moldauischen Hauptstadt Chi\u015fin\u0103u tendieren sich in eine Marathonkundgebung zu verwandeln und in andere St\u00e4dte der Republik Moldau auszuweiten.","og_url":"https:\/\/www.rri.ro\/de\/aktuell\/rri-aktuell\/massenkundgebungen-gehen-in-chisinau-weiter-id459477.html","og_site_name":"Radio Rum\u00e4nien International","article_published_time":"2015-09-14T10:08:00+00:00","article_modified_time":"2024-02-19T18:11:40+00:00","og_image":[{"width":640,"height":480,"url":"https:\/\/www.rri.ro\/wp-content\/uploads\/2023\/10\/protest-chisinau-mai2015.png","type":"image\/png"}],"author":"Bogdan Matei","twitter_card":"summary_large_image","twitter_misc":{"Verfasst von":"Bogdan Matei","Gesch\u00e4tzte Lesezeit":"3\u00a0Minuten","Written by":"Bogdan Matei"},"schema":{"@context":"https:\/\/schema.org","@graph":[{"@type":"Article","@id":"https:\/\/www.rri.ro\/de\/aktuell\/rri-aktuell\/massenkundgebungen-gehen-in-chisinau-weiter-id459477.html#article","isPartOf":{"@id":"https:\/\/www.rri.ro\/de\/aktuell\/rri-aktuell\/massenkundgebungen-gehen-in-chisinau-weiter-id459477.html"},"author":{"name":"Bogdan Matei","@id":"https:\/\/www.rri.ro\/#\/schema\/person\/0ed327d40678578e6dbb840527e3ba32"},"headline":"Massenkundgebungen gehen in Chi\u015fin\u0103u weiter","datePublished":"2015-09-14T10:08:00+00:00","dateModified":"2024-02-19T18:11:40+00:00","mainEntityOfPage":{"@id":"https:\/\/www.rri.ro\/de\/aktuell\/rri-aktuell\/massenkundgebungen-gehen-in-chisinau-weiter-id459477.html"},"wordCount":582,"image":{"@id":"https:\/\/www.rri.ro\/de\/aktuell\/rri-aktuell\/massenkundgebungen-gehen-in-chisinau-weiter-id459477.html#primaryimage"},"thumbnailUrl":"https:\/\/www.rri.ro\/wp-content\/uploads\/2023\/10\/protest-chisinau-mai2015.png","keywords":["chisinau","Demonstration","Kischiniew","Ma\u00dfenkundgebung","proteste","Republik Moldau"],"articleSection":["RRI Aktuell"],"inLanguage":"de"},{"@type":"WebPage","@id":"https:\/\/www.rri.ro\/de\/aktuell\/rri-aktuell\/massenkundgebungen-gehen-in-chisinau-weiter-id459477.html","url":"https:\/\/www.rri.ro\/de\/aktuell\/rri-aktuell\/massenkundgebungen-gehen-in-chisinau-weiter-id459477.html","name":"Massenkundgebungen gehen in Chi\u015fin\u0103u weiter - Radio Rum\u00e4nien International","isPartOf":{"@id":"https:\/\/www.rri.ro\/#website"},"primaryImageOfPage":{"@id":"https:\/\/www.rri.ro\/de\/aktuell\/rri-aktuell\/massenkundgebungen-gehen-in-chisinau-weiter-id459477.html#primaryimage"},"image":{"@id":"https:\/\/www.rri.ro\/de\/aktuell\/rri-aktuell\/massenkundgebungen-gehen-in-chisinau-weiter-id459477.html#primaryimage"},"thumbnailUrl":"https:\/\/www.rri.ro\/wp-content\/uploads\/2023\/10\/protest-chisinau-mai2015.png","datePublished":"2015-09-14T10:08:00+00:00","dateModified":"2024-02-19T18:11:40+00:00","author":{"@id":"https:\/\/www.rri.ro\/#\/schema\/person\/0ed327d40678578e6dbb840527e3ba32"},"breadcrumb":{"@id":"https:\/\/www.rri.ro\/de\/aktuell\/rri-aktuell\/massenkundgebungen-gehen-in-chisinau-weiter-id459477.html#breadcrumb"},"inLanguage":"de","potentialAction":[{"@type":"ReadAction","target":["https:\/\/www.rri.ro\/de\/aktuell\/rri-aktuell\/massenkundgebungen-gehen-in-chisinau-weiter-id459477.html"]}]},{"@type":"ImageObject","inLanguage":"de","@id":"https:\/\/www.rri.ro\/de\/aktuell\/rri-aktuell\/massenkundgebungen-gehen-in-chisinau-weiter-id459477.html#primaryimage","url":"https:\/\/www.rri.ro\/wp-content\/uploads\/2023\/10\/protest-chisinau-mai2015.png","contentUrl":"https:\/\/www.rri.ro\/wp-content\/uploads\/2023\/10\/protest-chisinau-mai2015.png","width":640,"height":480},{"@type":"BreadcrumbList","@id":"https:\/\/www.rri.ro\/de\/aktuell\/rri-aktuell\/massenkundgebungen-gehen-in-chisinau-weiter-id459477.html#breadcrumb","itemListElement":[{"@type":"ListItem","position":1,"name":"Startseite","item":"https:\/\/www.rri.ro\/de"},{"@type":"ListItem","position":2,"name":"Aktuell","item":"https:\/\/www.rri.ro\/de\/aktuell"},{"@type":"ListItem","position":3,"name":"RRI Aktuell","item":"https:\/\/www.rri.ro\/de\/aktuell\/rri-aktuell"},{"@type":"ListItem","position":4,"name":"Massenkundgebungen gehen in Chi\u015fin\u0103u weiter"}]},{"@type":"WebSite","@id":"https:\/\/www.rri.ro\/#website","url":"https:\/\/www.rri.ro\/","name":"Radio Rum\u00e4nien International","description":"Totul despre Rom\u00e2nia \u015fi rom\u00e2ni, \u00een 13 limbi\/dialecte!","inLanguage":"de"},{"@type":"Person","@id":"https:\/\/www.rri.ro\/#\/schema\/person\/0ed327d40678578e6dbb840527e3ba32","name":"Bogdan Matei","url":"https:\/\/www.rri.ro\/de\/author\/bogdan-matei"}]}},"_links":{"self":[{"href":"https:\/\/www.rri.ro\/de\/wp-json\/wp\/v2\/posts\/459477","targetHints":{"allow":["GET"]}}],"collection":[{"href":"https:\/\/www.rri.ro\/de\/wp-json\/wp\/v2\/posts"}],"about":[{"href":"https:\/\/www.rri.ro\/de\/wp-json\/wp\/v2\/types\/post"}],"author":[{"embeddable":true,"href":"https:\/\/www.rri.ro\/de\/wp-json\/wp\/v2\/users\/105"}],"replies":[{"embeddable":true,"href":"https:\/\/www.rri.ro\/de\/wp-json\/wp\/v2\/comments?post=459477"}],"version-history":[{"count":0,"href":"https:\/\/www.rri.ro\/de\/wp-json\/wp\/v2\/posts\/459477\/revisions"}],"wp:featuredmedia":[{"embeddable":true,"href":"https:\/\/www.rri.ro\/de\/wp-json\/wp\/v2\/media\/63674"}],"wp:attachment":[{"href":"https:\/\/www.rri.ro\/de\/wp-json\/wp\/v2\/media?parent=459477"}],"wp:term":[{"taxonomy":"category","embeddable":true,"href":"https:\/\/www.rri.ro\/de\/wp-json\/wp\/v2\/categories?post=459477"},{"taxonomy":"post_tag","embeddable":true,"href":"https:\/\/www.rri.ro\/de\/wp-json\/wp\/v2\/tags?post=459477"},{"taxonomy":"author","embeddable":true,"href":"https:\/\/www.rri.ro\/de\/wp-json\/wp\/v2\/coauthors?post=459477"}],"curies":[{"name":"wp","href":"https:\/\/api.w.org\/{rel}","templated":true}]}}