{"id":459517,"date":"2015-10-19T17:30:00","date_gmt":"2015-10-19T14:30:00","guid":{"rendered":"http:\/\/devrri.freshlemon.ro\/aktuell\/moldauischer-spitzenpolitiker-filat-in-untersuchungshaft-id459517.html"},"modified":"2024-02-19T20:16:32","modified_gmt":"2024-02-19T18:16:32","slug":"moldauischer-spitzenpolitiker-filat-in-untersuchungshaft","status":"publish","type":"post","link":"https:\/\/www.rri.ro\/de\/aktuell\/rri-aktuell\/moldauischer-spitzenpolitiker-filat-in-untersuchungshaft-id459517.html","title":{"rendered":"Moldauischer Spitzenpolitiker Filat in Untersuchungshaft"},"content":{"rendered":"<p>Die Vorw\u00fcrfe der Antikorruptionsermittler gegen Filat lauten auf Bestechlichkeit, Vorteilsannahme und Mitwirkung an Bankbetrug. Ein Gericht in der moldauischen Hauptstadt Chi\u015fin\u0103u verh\u00e4ngte mittlerweile Untersuchungshaft \u00fcber eine Dauer von 30 Tagen, doch Filats Anw\u00e4lte wollen bei der zust\u00e4ndigen Berufungsinstanz gegen das Urteil klagen und falls n\u00f6tig auch den EGMR in Stra\u200e\u00dfburg anrufen. Filat wehrt sich &#8212; es sei eine politisch motivierte und von seinen Gegnern fabrizierte Anklage. Er legte aber immerhin sein Parteiamt als Chef der Liberaldemokratischen Partei nieder und \u00fcbertrug es an den amtierenden Premierminister, Valeriu Strele\u0163. Der fr\u00fchere Regierungschef leistete zudem Strafanzeige gegen den Gesch\u00e4ftsmann Ilan Shor, auf dessen Hinweise die Vorw\u00fcrfe aufbauen. Shor, der im Moment auch B\u00fcrgermeister der Stadt Orhei ist, hatte am 12. Oktober ein ausf\u00fchrliches Gest\u00e4ndnis \u00fcber 12 Seiten abgeliefert, in dem er beichtet, Filat 250 Millonen Dollar f\u00fcr bestimmte Gegenleistungen gegeben zu haben. Drei Tage sp\u00e4ter wurde Vlad Filat auch tats\u00e4chlich festgenommen, nachdem das Parlament am gleichen Abend seine Immunit\u00e4t entzogen hatte. Der Antrag auf Imunit\u00e4tsentzug kam von h\u00f6chster Stelle &#8212; der Generalstaatsanwalt des Landes, Corneliu Gurin, hatte Ermittlungen gegen Filat in einem merkw\u00fcrdigen Fall verlangt, der Medien, Politiker und die Justiz seit l\u00e4ngerer Zeit besch\u00e4ftigt: das spurlose Verschwinden von insgesamt einer Milliarde US-Dollar aus den Bilanzen mehrerer Banken, also rund 15% des Bruttoinlandsproduktes der Moldau. Die Zivilgesellschaft reagierte emp\u00f6rt. Seit Anfang September dauern im Zentrum von Chi\u015fin\u0103u Proteste gegen die Regierung an. Sie sind von der Plattform \u201cW\u00fcrde und Wahrheit\u201d getragen, einer Koalition proeurop\u00e4ischer Vereine. Tausende Menschen verlangen, dass die als korrupt und f\u00fcr die schlechte Wirtschaftslage verantwortlich geltenden  Spitzenpolitiker zur\u00fccktreten und zur Rechenschaft gezogen werden.<\/p>\n<p>&#13;<br \/>\n&#13;<\/p>\n<p>Staatspr\u00e4sident Nicolae Timofti r\u00e4umte ein, dass die Proteste von der Unzufriedenheit der Menschen getrieben werden &#8212; jedoch bestehe das Risiko, dass die Proteste von revanchistischen, neosowjetischen Kr\u00e4ften instrumentalisiert werden, die eine Abkehr der Moldau vom Kurs nach Europa bewirken wollen. Auch in Bukarest wird das Gefahrenpotenzial durchaus erkannt: Die Regierung in Chi\u015fin\u0103u m\u00fcsse weiterhin stabil bleiben; die Mehrheitskoalition solle weiterhin bestehen und das Land auf eine proeurop\u00e4ischen Weg halten, hie\u200e\u00df es von Rum\u00e4nien.<\/p>\n<p>&#13;<br \/>\n&#13;<\/p>\n<p>&#13;<\/p>\n","protected":false},"excerpt":{"rendered":"<p>Der fr\u00fchere moldauische Premierminister, Vlad Filat, steht im Mittelpunkt  einer Korruptionsaffaire, die die sowieso br\u00fcchige proeurop\u00e4ische Regierungskoalition in Chi\u015fin\u0103u zu destabilisieren riskiert<\/p>\n","protected":false},"author":2,"featured_media":65706,"comment_status":"closed","ping_status":"closed","sticky":false,"template":"","format":"standard","meta":{"_acf_changed":false,"footnotes":""},"categories":[99583],"tags":[34832,90805,99702,100576,46675],"coauthors":[],"class_list":["post-459517","post","type-post","status-publish","format-standard","has-post-thumbnail","hentry","category-rri-aktuell","tag-europa","tag-filat","tag-korruption","tag-moldau","tag-proteste"],"acf":[],"yoast_head":"<!-- This site is optimized with the Yoast SEO plugin v27.3 - https:\/\/yoast.com\/product\/yoast-seo-wordpress\/ -->\n<title>Moldauischer Spitzenpolitiker Filat in Untersuchungshaft - Radio Rum\u00e4nien International<\/title>\n<meta name=\"robots\" content=\"index, follow, max-snippet:-1, max-image-preview:large, max-video-preview:-1\" \/>\n<link rel=\"canonical\" href=\"https:\/\/www.rri.ro\/de\/aktuell\/rri-aktuell\/moldauischer-spitzenpolitiker-filat-in-untersuchungshaft-id459517.html\" \/>\n<meta property=\"og:locale\" content=\"de_DE\" \/>\n<meta property=\"og:type\" content=\"article\" \/>\n<meta property=\"og:title\" content=\"Moldauischer Spitzenpolitiker Filat in Untersuchungshaft - Radio Rum\u00e4nien International\" \/>\n<meta property=\"og:description\" content=\"Der fr\u00fchere moldauische Premierminister, Vlad Filat, steht im Mittelpunkt einer Korruptionsaffaire, die die sowieso br\u00fcchige proeurop\u00e4ische Regierungskoalition in Chi\u015fin\u0103u zu destabilisieren riskiert\" \/>\n<meta property=\"og:url\" content=\"https:\/\/www.rri.ro\/de\/aktuell\/rri-aktuell\/moldauischer-spitzenpolitiker-filat-in-untersuchungshaft-id459517.html\" \/>\n<meta property=\"og:site_name\" content=\"Radio Rum\u00e4nien International\" \/>\n<meta property=\"article:published_time\" content=\"2015-10-19T14:30:00+00:00\" \/>\n<meta property=\"article:modified_time\" content=\"2024-02-19T18:16:32+00:00\" \/>\n<meta property=\"og:image\" content=\"https:\/\/www.rri.ro\/wp-content\/uploads\/2023\/10\/vlad-filat01.png\" \/>\n\t<meta property=\"og:image:width\" content=\"640\" \/>\n\t<meta property=\"og:image:height\" content=\"480\" \/>\n\t<meta property=\"og:image:type\" content=\"image\/png\" \/>\n<meta name=\"author\" content=\"Rom\u00e2nia Interna\u021bional\" \/>\n<meta name=\"twitter:card\" content=\"summary_large_image\" \/>\n<meta name=\"twitter:label1\" content=\"Verfasst von\" \/>\n\t<meta name=\"twitter:data1\" content=\"Rom\u00e2nia Interna\u021bional\" \/>\n\t<meta name=\"twitter:label2\" content=\"Gesch\u00e4tzte Lesezeit\" \/>\n\t<meta name=\"twitter:data2\" content=\"2\u00a0Minuten\" \/>\n\t<meta name=\"twitter:label3\" content=\"Written by\" \/>\n\t<meta name=\"twitter:data3\" content=\"Rom\u00e2nia Interna\u021bional\" \/>\n<script type=\"application\/ld+json\" class=\"yoast-schema-graph\">{\"@context\":\"https:\\\/\\\/schema.org\",\"@graph\":[{\"@type\":\"Article\",\"@id\":\"https:\\\/\\\/www.rri.ro\\\/de\\\/aktuell\\\/rri-aktuell\\\/moldauischer-spitzenpolitiker-filat-in-untersuchungshaft-id459517.html#article\",\"isPartOf\":{\"@id\":\"https:\\\/\\\/www.rri.ro\\\/de\\\/aktuell\\\/rri-aktuell\\\/moldauischer-spitzenpolitiker-filat-in-untersuchungshaft-id459517.html\"},\"author\":{\"name\":\"Rom\u00e2nia Interna\u021bional\",\"@id\":\"https:\\\/\\\/www.rri.ro\\\/#\\\/schema\\\/person\\\/18fac491bccbfe149b92aea77ad60abd\"},\"headline\":\"Moldauischer Spitzenpolitiker Filat in Untersuchungshaft\",\"datePublished\":\"2015-10-19T14:30:00+00:00\",\"dateModified\":\"2024-02-19T18:16:32+00:00\",\"mainEntityOfPage\":{\"@id\":\"https:\\\/\\\/www.rri.ro\\\/de\\\/aktuell\\\/rri-aktuell\\\/moldauischer-spitzenpolitiker-filat-in-untersuchungshaft-id459517.html\"},\"wordCount\":374,\"image\":{\"@id\":\"https:\\\/\\\/www.rri.ro\\\/de\\\/aktuell\\\/rri-aktuell\\\/moldauischer-spitzenpolitiker-filat-in-untersuchungshaft-id459517.html#primaryimage\"},\"thumbnailUrl\":\"https:\\\/\\\/www.rri.ro\\\/wp-content\\\/uploads\\\/2023\\\/10\\\/vlad-filat01.png\",\"keywords\":[\"Europa\",\"Filat\",\"Korruption\",\"Moldau\",\"proteste\"],\"articleSection\":[\"RRI Aktuell\"],\"inLanguage\":\"de\"},{\"@type\":\"WebPage\",\"@id\":\"https:\\\/\\\/www.rri.ro\\\/de\\\/aktuell\\\/rri-aktuell\\\/moldauischer-spitzenpolitiker-filat-in-untersuchungshaft-id459517.html\",\"url\":\"https:\\\/\\\/www.rri.ro\\\/de\\\/aktuell\\\/rri-aktuell\\\/moldauischer-spitzenpolitiker-filat-in-untersuchungshaft-id459517.html\",\"name\":\"Moldauischer Spitzenpolitiker Filat in Untersuchungshaft - Radio Rum\u00e4nien International\",\"isPartOf\":{\"@id\":\"https:\\\/\\\/www.rri.ro\\\/#website\"},\"primaryImageOfPage\":{\"@id\":\"https:\\\/\\\/www.rri.ro\\\/de\\\/aktuell\\\/rri-aktuell\\\/moldauischer-spitzenpolitiker-filat-in-untersuchungshaft-id459517.html#primaryimage\"},\"image\":{\"@id\":\"https:\\\/\\\/www.rri.ro\\\/de\\\/aktuell\\\/rri-aktuell\\\/moldauischer-spitzenpolitiker-filat-in-untersuchungshaft-id459517.html#primaryimage\"},\"thumbnailUrl\":\"https:\\\/\\\/www.rri.ro\\\/wp-content\\\/uploads\\\/2023\\\/10\\\/vlad-filat01.png\",\"datePublished\":\"2015-10-19T14:30:00+00:00\",\"dateModified\":\"2024-02-19T18:16:32+00:00\",\"author\":{\"@id\":\"https:\\\/\\\/www.rri.ro\\\/#\\\/schema\\\/person\\\/18fac491bccbfe149b92aea77ad60abd\"},\"breadcrumb\":{\"@id\":\"https:\\\/\\\/www.rri.ro\\\/de\\\/aktuell\\\/rri-aktuell\\\/moldauischer-spitzenpolitiker-filat-in-untersuchungshaft-id459517.html#breadcrumb\"},\"inLanguage\":\"de\",\"potentialAction\":[{\"@type\":\"ReadAction\",\"target\":[\"https:\\\/\\\/www.rri.ro\\\/de\\\/aktuell\\\/rri-aktuell\\\/moldauischer-spitzenpolitiker-filat-in-untersuchungshaft-id459517.html\"]}]},{\"@type\":\"ImageObject\",\"inLanguage\":\"de\",\"@id\":\"https:\\\/\\\/www.rri.ro\\\/de\\\/aktuell\\\/rri-aktuell\\\/moldauischer-spitzenpolitiker-filat-in-untersuchungshaft-id459517.html#primaryimage\",\"url\":\"https:\\\/\\\/www.rri.ro\\\/wp-content\\\/uploads\\\/2023\\\/10\\\/vlad-filat01.png\",\"contentUrl\":\"https:\\\/\\\/www.rri.ro\\\/wp-content\\\/uploads\\\/2023\\\/10\\\/vlad-filat01.png\",\"width\":640,\"height\":480},{\"@type\":\"BreadcrumbList\",\"@id\":\"https:\\\/\\\/www.rri.ro\\\/de\\\/aktuell\\\/rri-aktuell\\\/moldauischer-spitzenpolitiker-filat-in-untersuchungshaft-id459517.html#breadcrumb\",\"itemListElement\":[{\"@type\":\"ListItem\",\"position\":1,\"name\":\"Startseite\",\"item\":\"https:\\\/\\\/www.rri.ro\\\/de\"},{\"@type\":\"ListItem\",\"position\":2,\"name\":\"Aktuell\",\"item\":\"https:\\\/\\\/www.rri.ro\\\/de\\\/aktuell\"},{\"@type\":\"ListItem\",\"position\":3,\"name\":\"RRI Aktuell\",\"item\":\"https:\\\/\\\/www.rri.ro\\\/de\\\/aktuell\\\/rri-aktuell\"},{\"@type\":\"ListItem\",\"position\":4,\"name\":\"Moldauischer Spitzenpolitiker Filat in Untersuchungshaft\"}]},{\"@type\":\"WebSite\",\"@id\":\"https:\\\/\\\/www.rri.ro\\\/#website\",\"url\":\"https:\\\/\\\/www.rri.ro\\\/\",\"name\":\"Radio Rum\u00e4nien International\",\"description\":\"Totul despre Rom\u00e2nia \u015fi rom\u00e2ni, \u00een 13 limbi\\\/dialecte!\",\"inLanguage\":\"de\"},{\"@type\":\"Person\",\"@id\":\"https:\\\/\\\/www.rri.ro\\\/#\\\/schema\\\/person\\\/18fac491bccbfe149b92aea77ad60abd\",\"name\":\"Rom\u00e2nia Interna\u021bional\",\"url\":\"https:\\\/\\\/www.rri.ro\\\/de\\\/author\\\/redactia\"}]}<\/script>\n<!-- \/ Yoast SEO plugin. -->","yoast_head_json":{"title":"Moldauischer Spitzenpolitiker Filat in Untersuchungshaft - Radio Rum\u00e4nien International","robots":{"index":"index","follow":"follow","max-snippet":"max-snippet:-1","max-image-preview":"max-image-preview:large","max-video-preview":"max-video-preview:-1"},"canonical":"https:\/\/www.rri.ro\/de\/aktuell\/rri-aktuell\/moldauischer-spitzenpolitiker-filat-in-untersuchungshaft-id459517.html","og_locale":"de_DE","og_type":"article","og_title":"Moldauischer Spitzenpolitiker Filat in Untersuchungshaft - Radio Rum\u00e4nien International","og_description":"Der fr\u00fchere moldauische Premierminister, Vlad Filat, steht im Mittelpunkt einer Korruptionsaffaire, die die sowieso br\u00fcchige proeurop\u00e4ische Regierungskoalition in Chi\u015fin\u0103u zu destabilisieren riskiert","og_url":"https:\/\/www.rri.ro\/de\/aktuell\/rri-aktuell\/moldauischer-spitzenpolitiker-filat-in-untersuchungshaft-id459517.html","og_site_name":"Radio Rum\u00e4nien International","article_published_time":"2015-10-19T14:30:00+00:00","article_modified_time":"2024-02-19T18:16:32+00:00","og_image":[{"width":640,"height":480,"url":"https:\/\/www.rri.ro\/wp-content\/uploads\/2023\/10\/vlad-filat01.png","type":"image\/png"}],"author":"Rom\u00e2nia Interna\u021bional","twitter_card":"summary_large_image","twitter_misc":{"Verfasst von":"Rom\u00e2nia Interna\u021bional","Gesch\u00e4tzte Lesezeit":"2\u00a0Minuten","Written by":"Rom\u00e2nia Interna\u021bional"},"schema":{"@context":"https:\/\/schema.org","@graph":[{"@type":"Article","@id":"https:\/\/www.rri.ro\/de\/aktuell\/rri-aktuell\/moldauischer-spitzenpolitiker-filat-in-untersuchungshaft-id459517.html#article","isPartOf":{"@id":"https:\/\/www.rri.ro\/de\/aktuell\/rri-aktuell\/moldauischer-spitzenpolitiker-filat-in-untersuchungshaft-id459517.html"},"author":{"name":"Rom\u00e2nia Interna\u021bional","@id":"https:\/\/www.rri.ro\/#\/schema\/person\/18fac491bccbfe149b92aea77ad60abd"},"headline":"Moldauischer Spitzenpolitiker Filat in Untersuchungshaft","datePublished":"2015-10-19T14:30:00+00:00","dateModified":"2024-02-19T18:16:32+00:00","mainEntityOfPage":{"@id":"https:\/\/www.rri.ro\/de\/aktuell\/rri-aktuell\/moldauischer-spitzenpolitiker-filat-in-untersuchungshaft-id459517.html"},"wordCount":374,"image":{"@id":"https:\/\/www.rri.ro\/de\/aktuell\/rri-aktuell\/moldauischer-spitzenpolitiker-filat-in-untersuchungshaft-id459517.html#primaryimage"},"thumbnailUrl":"https:\/\/www.rri.ro\/wp-content\/uploads\/2023\/10\/vlad-filat01.png","keywords":["Europa","Filat","Korruption","Moldau","proteste"],"articleSection":["RRI Aktuell"],"inLanguage":"de"},{"@type":"WebPage","@id":"https:\/\/www.rri.ro\/de\/aktuell\/rri-aktuell\/moldauischer-spitzenpolitiker-filat-in-untersuchungshaft-id459517.html","url":"https:\/\/www.rri.ro\/de\/aktuell\/rri-aktuell\/moldauischer-spitzenpolitiker-filat-in-untersuchungshaft-id459517.html","name":"Moldauischer Spitzenpolitiker Filat in Untersuchungshaft - Radio Rum\u00e4nien International","isPartOf":{"@id":"https:\/\/www.rri.ro\/#website"},"primaryImageOfPage":{"@id":"https:\/\/www.rri.ro\/de\/aktuell\/rri-aktuell\/moldauischer-spitzenpolitiker-filat-in-untersuchungshaft-id459517.html#primaryimage"},"image":{"@id":"https:\/\/www.rri.ro\/de\/aktuell\/rri-aktuell\/moldauischer-spitzenpolitiker-filat-in-untersuchungshaft-id459517.html#primaryimage"},"thumbnailUrl":"https:\/\/www.rri.ro\/wp-content\/uploads\/2023\/10\/vlad-filat01.png","datePublished":"2015-10-19T14:30:00+00:00","dateModified":"2024-02-19T18:16:32+00:00","author":{"@id":"https:\/\/www.rri.ro\/#\/schema\/person\/18fac491bccbfe149b92aea77ad60abd"},"breadcrumb":{"@id":"https:\/\/www.rri.ro\/de\/aktuell\/rri-aktuell\/moldauischer-spitzenpolitiker-filat-in-untersuchungshaft-id459517.html#breadcrumb"},"inLanguage":"de","potentialAction":[{"@type":"ReadAction","target":["https:\/\/www.rri.ro\/de\/aktuell\/rri-aktuell\/moldauischer-spitzenpolitiker-filat-in-untersuchungshaft-id459517.html"]}]},{"@type":"ImageObject","inLanguage":"de","@id":"https:\/\/www.rri.ro\/de\/aktuell\/rri-aktuell\/moldauischer-spitzenpolitiker-filat-in-untersuchungshaft-id459517.html#primaryimage","url":"https:\/\/www.rri.ro\/wp-content\/uploads\/2023\/10\/vlad-filat01.png","contentUrl":"https:\/\/www.rri.ro\/wp-content\/uploads\/2023\/10\/vlad-filat01.png","width":640,"height":480},{"@type":"BreadcrumbList","@id":"https:\/\/www.rri.ro\/de\/aktuell\/rri-aktuell\/moldauischer-spitzenpolitiker-filat-in-untersuchungshaft-id459517.html#breadcrumb","itemListElement":[{"@type":"ListItem","position":1,"name":"Startseite","item":"https:\/\/www.rri.ro\/de"},{"@type":"ListItem","position":2,"name":"Aktuell","item":"https:\/\/www.rri.ro\/de\/aktuell"},{"@type":"ListItem","position":3,"name":"RRI Aktuell","item":"https:\/\/www.rri.ro\/de\/aktuell\/rri-aktuell"},{"@type":"ListItem","position":4,"name":"Moldauischer Spitzenpolitiker Filat in Untersuchungshaft"}]},{"@type":"WebSite","@id":"https:\/\/www.rri.ro\/#website","url":"https:\/\/www.rri.ro\/","name":"Radio Rum\u00e4nien International","description":"Totul despre Rom\u00e2nia \u015fi rom\u00e2ni, \u00een 13 limbi\/dialecte!","inLanguage":"de"},{"@type":"Person","@id":"https:\/\/www.rri.ro\/#\/schema\/person\/18fac491bccbfe149b92aea77ad60abd","name":"Rom\u00e2nia Interna\u021bional","url":"https:\/\/www.rri.ro\/de\/author\/redactia"}]}},"_links":{"self":[{"href":"https:\/\/www.rri.ro\/de\/wp-json\/wp\/v2\/posts\/459517","targetHints":{"allow":["GET"]}}],"collection":[{"href":"https:\/\/www.rri.ro\/de\/wp-json\/wp\/v2\/posts"}],"about":[{"href":"https:\/\/www.rri.ro\/de\/wp-json\/wp\/v2\/types\/post"}],"author":[{"embeddable":true,"href":"https:\/\/www.rri.ro\/de\/wp-json\/wp\/v2\/users\/2"}],"replies":[{"embeddable":true,"href":"https:\/\/www.rri.ro\/de\/wp-json\/wp\/v2\/comments?post=459517"}],"version-history":[{"count":0,"href":"https:\/\/www.rri.ro\/de\/wp-json\/wp\/v2\/posts\/459517\/revisions"}],"wp:featuredmedia":[{"embeddable":true,"href":"https:\/\/www.rri.ro\/de\/wp-json\/wp\/v2\/media\/65706"}],"wp:attachment":[{"href":"https:\/\/www.rri.ro\/de\/wp-json\/wp\/v2\/media?parent=459517"}],"wp:term":[{"taxonomy":"category","embeddable":true,"href":"https:\/\/www.rri.ro\/de\/wp-json\/wp\/v2\/categories?post=459517"},{"taxonomy":"post_tag","embeddable":true,"href":"https:\/\/www.rri.ro\/de\/wp-json\/wp\/v2\/tags?post=459517"},{"taxonomy":"author","embeddable":true,"href":"https:\/\/www.rri.ro\/de\/wp-json\/wp\/v2\/coauthors?post=459517"}],"curies":[{"name":"wp","href":"https:\/\/api.w.org\/{rel}","templated":true}]}}