{"id":459616,"date":"2015-12-21T15:30:00","date_gmt":"2015-12-21T13:30:00","guid":{"rendered":"http:\/\/devrri.freshlemon.ro\/aktuell\/us-botschafter-sichert-rumaenischer-regierung-seine-unterstuetzung-zu-id459616.html"},"modified":"2024-02-19T20:17:40","modified_gmt":"2024-02-19T18:17:40","slug":"us-botschafter-sichert-rumaenischer-regierung-seine-unterstuetzung-zu","status":"publish","type":"post","link":"https:\/\/www.rri.ro\/de\/aktuell\/rri-aktuell\/us-botschafter-sichert-rumaenischer-regierung-seine-unterstuetzung-zu-id459616.html","title":{"rendered":"US-Botschafter sichert rum\u00e4nischer Regierung seine Unterst\u00fctzung zu"},"content":{"rendered":"<p>Die USA bleiben ein starker Verb\u00fcndeter, Partner und Freund Rum\u00e4niens, sagte der US-Botschafter in Bukarest, Hans Klemm. Klemm sicherte dem rum\u00e4nischen Pr\u00e4sidenten Klaus Iohannis, dem Premierminister Dacian Ciolo\u015f und seinem Technokraten-Kabinett seine volle Unterst\u00fctzung zu. In Bezug auf den antikommunistischen Aufstand von 1989, erinnerte Klemm daran, dass Rum\u00e4nien in seiner mutigen Tat, das kommunistische Regime zu st\u00fcrzen, von der Weltgemeinschaft unterst\u00fctzt wurde. Den Werdegang des Landes nach der Wende bezeichnete Hans Klemm als positiv:  Rum\u00e4nien ist jetzt NATO-Land, baut eine sehr starke Partnerschaft mit den USA auf, ist Mitglied der Europ\u00e4ischen Union und f\u00fchlt sich v\u00f6llig integriert in der Weltgemeinschaft. Der US-Botschafter in Bukarest werde sich, laut eigener Aussage, f\u00fcr die weitere Verst\u00e4rkung der Partnerschaft seines Landes mit Rum\u00e4nien engagieren.<\/p>\n<p>&#13;<br \/>\n&#13;<\/p>\n<p>&#13;<br \/>\n&#13;<\/p>\n<p>Rum\u00e4nien m\u00fcsse jedoch Hindernisse \u00fcberwinden, um seine Rolle in Europa und der ganzen Welt zu st\u00e4rken, f\u00fcgte Hans Klemm hinzu. Bukarest muss zuallererst den Weg zum dauernden Wirtschaftswachstum finden und die Korruption sei das gr\u00f6\u00dfte Hindernis f\u00fcr die nachhaltige Entwicklung des Landes. Washington habe Bukarest in seinem konsequenten und verst\u00e4rkten Kampf gegen die verbreitete Korruption ermutigt und unterst\u00fctzt, sagte Hans Klemm. In den letzten Jahren habe Bukarest wesentliche Fortschritte im Kampf gegen Korruption verzeichnet, Staatsanw\u00e4lte verf\u00fcgen jetzt \u00fcber die notwendigen Ressourcen, die Regeln des Rechtsstaates werden v\u00f6llig eingehalten, wichtige Ma\u00dfnahmen zu einem funktionierenden und unabh\u00e4ngigen Justizsystem getroffen.<\/p>\n<p>&#13;<br \/>\n&#13;<\/p>\n<p>&#13;<br \/>\n&#13;<\/p>\n<p>Die Infrastruktur bleibe hingegen eine Schwachstelle Rum\u00e4niens und das Land m\u00fcsse gro\u00dfe Antrengungen unternehmen, um die Stra\u00dfen,-Eisenbahn-und Energieinfrastruktur mit dem Rest Europas zu verbinden. Ausschlaggebend sei zudem, dass Bukarest EU-Finanzmittel absch\u00f6pft. In Bezug auf das rum\u00e4nischen Gesch\u00e4ftsumfeld sagte der US-Botschafter, die Bukarester Beh\u00f6rden m\u00fcssten der \u00f6ffentlichen Verwaltung mehr Aufmerksamkeit schenken. Diese soll eine wirksame, transparente Struktur werden, die alle verf\u00fcgbaren Ressourcen maximal nutzt, die sowohl von rum\u00e4nischen Steuerzahlern als auch von der Europ\u00e4ischen Union stammen. <\/p>\n<p>&#13;<br \/>\n&#13;<\/p>\n<p>&#13;<\/p>\n","protected":false},"excerpt":{"rendered":"<p>Der US-Botschafter in Bukarest Hans Klemm sichert den rum\u00e4nischen Beh\u00f6rden seine Unterst\u00fctzung zu. Klemm lobt zudem den verst\u00e4rkten Kampf Rum\u00e4niens gegen die verbreitete Korruption und bringt die Schwachstellen des Landes in die Aufmerksamkeit Bukarests.<\/p>\n","protected":false},"author":107,"featured_media":66235,"comment_status":"closed","ping_status":"closed","sticky":false,"template":"","format":"standard","meta":{"_acf_changed":false,"footnotes":""},"categories":[99583],"tags":[29292,99927,99702,102241,102976,103038,99620],"coauthors":[],"class_list":["post-459616","post","type-post","status-publish","format-standard","has-post-thumbnail","hentry","category-rri-aktuell","tag-hans-klemm","tag-infrastruktur","tag-korruption","tag-partnerschaft","tag-premierminister-dacian-ciolos","tag-us-botschafter","tag-wirtschaftswachstum"],"acf":[],"yoast_head":"<!-- This site is optimized with the Yoast SEO plugin v27.3 - https:\/\/yoast.com\/product\/yoast-seo-wordpress\/ -->\n<title>US-Botschafter sichert rum\u00e4nischer Regierung seine Unterst\u00fctzung zu - Radio Rum\u00e4nien International<\/title>\n<meta name=\"robots\" content=\"index, follow, max-snippet:-1, max-image-preview:large, max-video-preview:-1\" \/>\n<link rel=\"canonical\" href=\"https:\/\/www.rri.ro\/de\/aktuell\/rri-aktuell\/us-botschafter-sichert-rumaenischer-regierung-seine-unterstuetzung-zu-id459616.html\" \/>\n<meta property=\"og:locale\" content=\"de_DE\" \/>\n<meta property=\"og:type\" content=\"article\" \/>\n<meta property=\"og:title\" content=\"US-Botschafter sichert rum\u00e4nischer Regierung seine Unterst\u00fctzung zu - Radio Rum\u00e4nien International\" \/>\n<meta property=\"og:description\" content=\"Der US-Botschafter in Bukarest Hans Klemm sichert den rum\u00e4nischen Beh\u00f6rden seine Unterst\u00fctzung zu. Klemm lobt zudem den verst\u00e4rkten Kampf Rum\u00e4niens gegen die verbreitete Korruption und bringt die Schwachstellen des Landes in die Aufmerksamkeit Bukarests.\" \/>\n<meta property=\"og:url\" content=\"https:\/\/www.rri.ro\/de\/aktuell\/rri-aktuell\/us-botschafter-sichert-rumaenischer-regierung-seine-unterstuetzung-zu-id459616.html\" \/>\n<meta property=\"og:site_name\" content=\"Radio Rum\u00e4nien International\" \/>\n<meta property=\"article:published_time\" content=\"2015-12-21T13:30:00+00:00\" \/>\n<meta property=\"article:modified_time\" content=\"2024-02-19T18:17:40+00:00\" \/>\n<meta property=\"og:image\" content=\"https:\/\/www.rri.ro\/wp-content\/uploads\/2023\/10\/hans-klemm-ambasadorul-sua-bucuresti.png\" \/>\n\t<meta property=\"og:image:width\" content=\"640\" \/>\n\t<meta property=\"og:image:height\" content=\"427\" \/>\n\t<meta property=\"og:image:type\" content=\"image\/png\" \/>\n<meta name=\"author\" content=\"Daniela Budu\" \/>\n<meta name=\"twitter:card\" content=\"summary_large_image\" \/>\n<meta name=\"twitter:label1\" content=\"Verfasst von\" \/>\n\t<meta name=\"twitter:data1\" content=\"Daniela Budu\" \/>\n\t<meta name=\"twitter:label2\" content=\"Gesch\u00e4tzte Lesezeit\" \/>\n\t<meta name=\"twitter:data2\" content=\"2\u00a0Minuten\" \/>\n\t<meta name=\"twitter:label3\" content=\"Written by\" \/>\n\t<meta name=\"twitter:data3\" content=\"Daniela Budu\" \/>\n<script type=\"application\/ld+json\" class=\"yoast-schema-graph\">{\"@context\":\"https:\\\/\\\/schema.org\",\"@graph\":[{\"@type\":\"Article\",\"@id\":\"https:\\\/\\\/www.rri.ro\\\/de\\\/aktuell\\\/rri-aktuell\\\/us-botschafter-sichert-rumaenischer-regierung-seine-unterstuetzung-zu-id459616.html#article\",\"isPartOf\":{\"@id\":\"https:\\\/\\\/www.rri.ro\\\/de\\\/aktuell\\\/rri-aktuell\\\/us-botschafter-sichert-rumaenischer-regierung-seine-unterstuetzung-zu-id459616.html\"},\"author\":{\"name\":\"Daniela Budu\",\"@id\":\"https:\\\/\\\/www.rri.ro\\\/#\\\/schema\\\/person\\\/b46b8f80d7d6e4b5ac9f14f0acbad0c4\"},\"headline\":\"US-Botschafter sichert rum\u00e4nischer Regierung seine Unterst\u00fctzung zu\",\"datePublished\":\"2015-12-21T13:30:00+00:00\",\"dateModified\":\"2024-02-19T18:17:40+00:00\",\"mainEntityOfPage\":{\"@id\":\"https:\\\/\\\/www.rri.ro\\\/de\\\/aktuell\\\/rri-aktuell\\\/us-botschafter-sichert-rumaenischer-regierung-seine-unterstuetzung-zu-id459616.html\"},\"wordCount\":341,\"image\":{\"@id\":\"https:\\\/\\\/www.rri.ro\\\/de\\\/aktuell\\\/rri-aktuell\\\/us-botschafter-sichert-rumaenischer-regierung-seine-unterstuetzung-zu-id459616.html#primaryimage\"},\"thumbnailUrl\":\"https:\\\/\\\/www.rri.ro\\\/wp-content\\\/uploads\\\/2023\\\/10\\\/hans-klemm-ambasadorul-sua-bucuresti.png\",\"keywords\":[\"Hans Klemm\",\"Infrastruktur\",\"Korruption\",\"Partnerschaft\",\"Premierminister Dacian Ciolo\u015f\",\"US-Botschafter\",\"Wirtschaftswachstum\"],\"articleSection\":[\"RRI Aktuell\"],\"inLanguage\":\"de\"},{\"@type\":\"WebPage\",\"@id\":\"https:\\\/\\\/www.rri.ro\\\/de\\\/aktuell\\\/rri-aktuell\\\/us-botschafter-sichert-rumaenischer-regierung-seine-unterstuetzung-zu-id459616.html\",\"url\":\"https:\\\/\\\/www.rri.ro\\\/de\\\/aktuell\\\/rri-aktuell\\\/us-botschafter-sichert-rumaenischer-regierung-seine-unterstuetzung-zu-id459616.html\",\"name\":\"US-Botschafter sichert rum\u00e4nischer Regierung seine Unterst\u00fctzung zu - Radio Rum\u00e4nien International\",\"isPartOf\":{\"@id\":\"https:\\\/\\\/www.rri.ro\\\/#website\"},\"primaryImageOfPage\":{\"@id\":\"https:\\\/\\\/www.rri.ro\\\/de\\\/aktuell\\\/rri-aktuell\\\/us-botschafter-sichert-rumaenischer-regierung-seine-unterstuetzung-zu-id459616.html#primaryimage\"},\"image\":{\"@id\":\"https:\\\/\\\/www.rri.ro\\\/de\\\/aktuell\\\/rri-aktuell\\\/us-botschafter-sichert-rumaenischer-regierung-seine-unterstuetzung-zu-id459616.html#primaryimage\"},\"thumbnailUrl\":\"https:\\\/\\\/www.rri.ro\\\/wp-content\\\/uploads\\\/2023\\\/10\\\/hans-klemm-ambasadorul-sua-bucuresti.png\",\"datePublished\":\"2015-12-21T13:30:00+00:00\",\"dateModified\":\"2024-02-19T18:17:40+00:00\",\"author\":{\"@id\":\"https:\\\/\\\/www.rri.ro\\\/#\\\/schema\\\/person\\\/b46b8f80d7d6e4b5ac9f14f0acbad0c4\"},\"breadcrumb\":{\"@id\":\"https:\\\/\\\/www.rri.ro\\\/de\\\/aktuell\\\/rri-aktuell\\\/us-botschafter-sichert-rumaenischer-regierung-seine-unterstuetzung-zu-id459616.html#breadcrumb\"},\"inLanguage\":\"de\",\"potentialAction\":[{\"@type\":\"ReadAction\",\"target\":[\"https:\\\/\\\/www.rri.ro\\\/de\\\/aktuell\\\/rri-aktuell\\\/us-botschafter-sichert-rumaenischer-regierung-seine-unterstuetzung-zu-id459616.html\"]}]},{\"@type\":\"ImageObject\",\"inLanguage\":\"de\",\"@id\":\"https:\\\/\\\/www.rri.ro\\\/de\\\/aktuell\\\/rri-aktuell\\\/us-botschafter-sichert-rumaenischer-regierung-seine-unterstuetzung-zu-id459616.html#primaryimage\",\"url\":\"https:\\\/\\\/www.rri.ro\\\/wp-content\\\/uploads\\\/2023\\\/10\\\/hans-klemm-ambasadorul-sua-bucuresti.png\",\"contentUrl\":\"https:\\\/\\\/www.rri.ro\\\/wp-content\\\/uploads\\\/2023\\\/10\\\/hans-klemm-ambasadorul-sua-bucuresti.png\",\"width\":640,\"height\":427},{\"@type\":\"BreadcrumbList\",\"@id\":\"https:\\\/\\\/www.rri.ro\\\/de\\\/aktuell\\\/rri-aktuell\\\/us-botschafter-sichert-rumaenischer-regierung-seine-unterstuetzung-zu-id459616.html#breadcrumb\",\"itemListElement\":[{\"@type\":\"ListItem\",\"position\":1,\"name\":\"Startseite\",\"item\":\"https:\\\/\\\/www.rri.ro\\\/de\"},{\"@type\":\"ListItem\",\"position\":2,\"name\":\"Aktuell\",\"item\":\"https:\\\/\\\/www.rri.ro\\\/de\\\/aktuell\"},{\"@type\":\"ListItem\",\"position\":3,\"name\":\"RRI Aktuell\",\"item\":\"https:\\\/\\\/www.rri.ro\\\/de\\\/aktuell\\\/rri-aktuell\"},{\"@type\":\"ListItem\",\"position\":4,\"name\":\"US-Botschafter sichert rum\u00e4nischer Regierung seine Unterst\u00fctzung zu\"}]},{\"@type\":\"WebSite\",\"@id\":\"https:\\\/\\\/www.rri.ro\\\/#website\",\"url\":\"https:\\\/\\\/www.rri.ro\\\/\",\"name\":\"Radio Rum\u00e4nien International\",\"description\":\"Totul despre Rom\u00e2nia \u015fi rom\u00e2ni, \u00een 13 limbi\\\/dialecte!\",\"inLanguage\":\"de\"},{\"@type\":\"Person\",\"@id\":\"https:\\\/\\\/www.rri.ro\\\/#\\\/schema\\\/person\\\/b46b8f80d7d6e4b5ac9f14f0acbad0c4\",\"name\":\"Daniela Budu\",\"url\":\"https:\\\/\\\/www.rri.ro\\\/de\\\/author\\\/daniela-budu\"}]}<\/script>\n<!-- \/ Yoast SEO plugin. -->","yoast_head_json":{"title":"US-Botschafter sichert rum\u00e4nischer Regierung seine Unterst\u00fctzung zu - Radio Rum\u00e4nien International","robots":{"index":"index","follow":"follow","max-snippet":"max-snippet:-1","max-image-preview":"max-image-preview:large","max-video-preview":"max-video-preview:-1"},"canonical":"https:\/\/www.rri.ro\/de\/aktuell\/rri-aktuell\/us-botschafter-sichert-rumaenischer-regierung-seine-unterstuetzung-zu-id459616.html","og_locale":"de_DE","og_type":"article","og_title":"US-Botschafter sichert rum\u00e4nischer Regierung seine Unterst\u00fctzung zu - Radio Rum\u00e4nien International","og_description":"Der US-Botschafter in Bukarest Hans Klemm sichert den rum\u00e4nischen Beh\u00f6rden seine Unterst\u00fctzung zu. Klemm lobt zudem den verst\u00e4rkten Kampf Rum\u00e4niens gegen die verbreitete Korruption und bringt die Schwachstellen des Landes in die Aufmerksamkeit Bukarests.","og_url":"https:\/\/www.rri.ro\/de\/aktuell\/rri-aktuell\/us-botschafter-sichert-rumaenischer-regierung-seine-unterstuetzung-zu-id459616.html","og_site_name":"Radio Rum\u00e4nien International","article_published_time":"2015-12-21T13:30:00+00:00","article_modified_time":"2024-02-19T18:17:40+00:00","og_image":[{"width":640,"height":427,"url":"https:\/\/www.rri.ro\/wp-content\/uploads\/2023\/10\/hans-klemm-ambasadorul-sua-bucuresti.png","type":"image\/png"}],"author":"Daniela Budu","twitter_card":"summary_large_image","twitter_misc":{"Verfasst von":"Daniela Budu","Gesch\u00e4tzte Lesezeit":"2\u00a0Minuten","Written by":"Daniela Budu"},"schema":{"@context":"https:\/\/schema.org","@graph":[{"@type":"Article","@id":"https:\/\/www.rri.ro\/de\/aktuell\/rri-aktuell\/us-botschafter-sichert-rumaenischer-regierung-seine-unterstuetzung-zu-id459616.html#article","isPartOf":{"@id":"https:\/\/www.rri.ro\/de\/aktuell\/rri-aktuell\/us-botschafter-sichert-rumaenischer-regierung-seine-unterstuetzung-zu-id459616.html"},"author":{"name":"Daniela Budu","@id":"https:\/\/www.rri.ro\/#\/schema\/person\/b46b8f80d7d6e4b5ac9f14f0acbad0c4"},"headline":"US-Botschafter sichert rum\u00e4nischer Regierung seine Unterst\u00fctzung zu","datePublished":"2015-12-21T13:30:00+00:00","dateModified":"2024-02-19T18:17:40+00:00","mainEntityOfPage":{"@id":"https:\/\/www.rri.ro\/de\/aktuell\/rri-aktuell\/us-botschafter-sichert-rumaenischer-regierung-seine-unterstuetzung-zu-id459616.html"},"wordCount":341,"image":{"@id":"https:\/\/www.rri.ro\/de\/aktuell\/rri-aktuell\/us-botschafter-sichert-rumaenischer-regierung-seine-unterstuetzung-zu-id459616.html#primaryimage"},"thumbnailUrl":"https:\/\/www.rri.ro\/wp-content\/uploads\/2023\/10\/hans-klemm-ambasadorul-sua-bucuresti.png","keywords":["Hans Klemm","Infrastruktur","Korruption","Partnerschaft","Premierminister Dacian Ciolo\u015f","US-Botschafter","Wirtschaftswachstum"],"articleSection":["RRI Aktuell"],"inLanguage":"de"},{"@type":"WebPage","@id":"https:\/\/www.rri.ro\/de\/aktuell\/rri-aktuell\/us-botschafter-sichert-rumaenischer-regierung-seine-unterstuetzung-zu-id459616.html","url":"https:\/\/www.rri.ro\/de\/aktuell\/rri-aktuell\/us-botschafter-sichert-rumaenischer-regierung-seine-unterstuetzung-zu-id459616.html","name":"US-Botschafter sichert rum\u00e4nischer Regierung seine Unterst\u00fctzung zu - Radio Rum\u00e4nien International","isPartOf":{"@id":"https:\/\/www.rri.ro\/#website"},"primaryImageOfPage":{"@id":"https:\/\/www.rri.ro\/de\/aktuell\/rri-aktuell\/us-botschafter-sichert-rumaenischer-regierung-seine-unterstuetzung-zu-id459616.html#primaryimage"},"image":{"@id":"https:\/\/www.rri.ro\/de\/aktuell\/rri-aktuell\/us-botschafter-sichert-rumaenischer-regierung-seine-unterstuetzung-zu-id459616.html#primaryimage"},"thumbnailUrl":"https:\/\/www.rri.ro\/wp-content\/uploads\/2023\/10\/hans-klemm-ambasadorul-sua-bucuresti.png","datePublished":"2015-12-21T13:30:00+00:00","dateModified":"2024-02-19T18:17:40+00:00","author":{"@id":"https:\/\/www.rri.ro\/#\/schema\/person\/b46b8f80d7d6e4b5ac9f14f0acbad0c4"},"breadcrumb":{"@id":"https:\/\/www.rri.ro\/de\/aktuell\/rri-aktuell\/us-botschafter-sichert-rumaenischer-regierung-seine-unterstuetzung-zu-id459616.html#breadcrumb"},"inLanguage":"de","potentialAction":[{"@type":"ReadAction","target":["https:\/\/www.rri.ro\/de\/aktuell\/rri-aktuell\/us-botschafter-sichert-rumaenischer-regierung-seine-unterstuetzung-zu-id459616.html"]}]},{"@type":"ImageObject","inLanguage":"de","@id":"https:\/\/www.rri.ro\/de\/aktuell\/rri-aktuell\/us-botschafter-sichert-rumaenischer-regierung-seine-unterstuetzung-zu-id459616.html#primaryimage","url":"https:\/\/www.rri.ro\/wp-content\/uploads\/2023\/10\/hans-klemm-ambasadorul-sua-bucuresti.png","contentUrl":"https:\/\/www.rri.ro\/wp-content\/uploads\/2023\/10\/hans-klemm-ambasadorul-sua-bucuresti.png","width":640,"height":427},{"@type":"BreadcrumbList","@id":"https:\/\/www.rri.ro\/de\/aktuell\/rri-aktuell\/us-botschafter-sichert-rumaenischer-regierung-seine-unterstuetzung-zu-id459616.html#breadcrumb","itemListElement":[{"@type":"ListItem","position":1,"name":"Startseite","item":"https:\/\/www.rri.ro\/de"},{"@type":"ListItem","position":2,"name":"Aktuell","item":"https:\/\/www.rri.ro\/de\/aktuell"},{"@type":"ListItem","position":3,"name":"RRI Aktuell","item":"https:\/\/www.rri.ro\/de\/aktuell\/rri-aktuell"},{"@type":"ListItem","position":4,"name":"US-Botschafter sichert rum\u00e4nischer Regierung seine Unterst\u00fctzung zu"}]},{"@type":"WebSite","@id":"https:\/\/www.rri.ro\/#website","url":"https:\/\/www.rri.ro\/","name":"Radio Rum\u00e4nien International","description":"Totul despre Rom\u00e2nia \u015fi rom\u00e2ni, \u00een 13 limbi\/dialecte!","inLanguage":"de"},{"@type":"Person","@id":"https:\/\/www.rri.ro\/#\/schema\/person\/b46b8f80d7d6e4b5ac9f14f0acbad0c4","name":"Daniela Budu","url":"https:\/\/www.rri.ro\/de\/author\/daniela-budu"}]}},"_links":{"self":[{"href":"https:\/\/www.rri.ro\/de\/wp-json\/wp\/v2\/posts\/459616","targetHints":{"allow":["GET"]}}],"collection":[{"href":"https:\/\/www.rri.ro\/de\/wp-json\/wp\/v2\/posts"}],"about":[{"href":"https:\/\/www.rri.ro\/de\/wp-json\/wp\/v2\/types\/post"}],"author":[{"embeddable":true,"href":"https:\/\/www.rri.ro\/de\/wp-json\/wp\/v2\/users\/107"}],"replies":[{"embeddable":true,"href":"https:\/\/www.rri.ro\/de\/wp-json\/wp\/v2\/comments?post=459616"}],"version-history":[{"count":0,"href":"https:\/\/www.rri.ro\/de\/wp-json\/wp\/v2\/posts\/459616\/revisions"}],"wp:featuredmedia":[{"embeddable":true,"href":"https:\/\/www.rri.ro\/de\/wp-json\/wp\/v2\/media\/66235"}],"wp:attachment":[{"href":"https:\/\/www.rri.ro\/de\/wp-json\/wp\/v2\/media?parent=459616"}],"wp:term":[{"taxonomy":"category","embeddable":true,"href":"https:\/\/www.rri.ro\/de\/wp-json\/wp\/v2\/categories?post=459616"},{"taxonomy":"post_tag","embeddable":true,"href":"https:\/\/www.rri.ro\/de\/wp-json\/wp\/v2\/tags?post=459616"},{"taxonomy":"author","embeddable":true,"href":"https:\/\/www.rri.ro\/de\/wp-json\/wp\/v2\/coauthors?post=459616"}],"curies":[{"name":"wp","href":"https:\/\/api.w.org\/{rel}","templated":true}]}}