{"id":459639,"date":"2016-01-04T17:05:00","date_gmt":"2016-01-04T15:05:00","guid":{"rendered":"http:\/\/devrri.freshlemon.ro\/aktuell\/rumaenen-haben-silvester-gefeiert-id459639.html"},"modified":"2024-02-19T20:17:55","modified_gmt":"2024-02-19T18:17:55","slug":"rumaenen-haben-silvester-gefeiert","status":"publish","type":"post","link":"https:\/\/www.rri.ro\/de\/aktuell\/rri-aktuell\/rumaenen-haben-silvester-gefeiert-id459639.html","title":{"rendered":"Rum\u00e4nen haben Silvester gefeiert"},"content":{"rendered":"<p>Die Rum\u00e4nen, die Silvester im Ausland oder in rum\u00e4nischen Ferienorten verbracht haben, haben daf\u00fcr rund 36 Millionen Euro ausgegeben. Laut einer Analyse des  Rum\u00e4nischen Arbeitgeberverbandes im Bereich Tourismus haben rund 147 Tausend Rum\u00e4nen Silvester in rum\u00e4nischen Ferienorten verbracht. Verglichen mit 2014-2015 war die Anzahl geringer. Das Jahresende, das reich an politischen, wirtschaftlichen und sozialen Ereignissen war, hat dazu gef\u00fchrt, dass die Rum\u00e4nen im Land blieben. Aufgrund der politischen internationalen Lage und der Sicherheit, die Rum\u00e4nien bietet, wird diese Tendenz das ganze Jahr 2016 behalten.<\/p>\n<p>&#13;<br \/>\n&#13;<\/p>\n<p>&#13;<br \/>\n&#13;<\/p>\n<p>Obwohl die rum\u00e4nsichen traditionsreichen Regionen nahezu ausgebucht, war die Anzahl der Touristen im Vergleich zum Vorjahr um 3,5% niedriger. Zahlreiche Touristen haben diesmal die Badekurorte gew\u00e4hlt,  so dass ein Anstieg um 4% verzeichnet. Die Schwarzmeerk\u00fcste und das Donaudelta befinden sich ebenfalls unter den beliebtesten Silvester-Reisezielen. Die meisten Rum\u00e4nen entschieden sich in dieser Jahresperiode f\u00fcr Dorfpensionen oder f\u00fcr moderne Hotels. Die Rum\u00e4nen haben f\u00fcr Silvester auch die ber\u00fchmten Gebirgsferienorte gew\u00e4hlt. Das Prahova-Tal, Poiana Bra\u015fov, P\u0103ltini\u015f, R\u00e2nca, Straja, C\u0103lim\u0103ne\u015fti, Bad Felix und die traditionsreichen Regionen Bran-Moieciu, Maramuresch und Bukowina waren bei Touristen beliebt. Was die Preise anbelangt, waren sie um 5% h\u00f6her als im Vorjahr. <\/p>\n<p>&#13;<br \/>\n&#13;<\/p>\n<p>&#13;<br \/>\n&#13;<\/p>\n<p>Die Zahl der Rum\u00e4nen, die sich f\u00fcr ein ausl\u00e4ndisches Silvester-Reieziel entschieden haben, war von circa 8 Tausend, um 5% kleiner als im Vorjahr. Sie konnten zwischen den Skiorten in \u00d6sterreich, Frankreich, Italien, Slowenien und Bulgarien, den City-Break-Paketen in europ\u00e4ischen St\u00e4dten oder den weit liegenden exotischen Zielen wie Bahamas, Jamaika, Australien, S\u00fcdafrika oder Vietnam w\u00e4hlen. Eines h\u00f6heren Interesses erfreuten sich auch die Dominikanische Republik, die Malediven, Mexiko und Brasilien.<\/p>\n<p>&#13;<br \/>\n&#13;<\/p>\n<p>&#13;<br \/>\n&#13;<\/p>\n<p>Dem Rum\u00e4nischen Arbeitgeberverband im Bereich Tourismus zufolge kann man eine Ver\u00e4nderung der Mentalit\u00e4t der Rum\u00e4nen bez\u00fcglich Geld und Freizeit bemerken. Zahlreiche Rum\u00e4nen verzichten auf die Winterferien, um Geld f\u00fcr mehrere Aufenthalte oder City-Breaks zu sparen. Das ungew\u00f6hnliche warme Wetter hat zu Versp\u00e4tungen oder sogar Annullierungen der Buchungen gef\u00fchrt.<\/p>\n<p>&#13;<\/p>\n","protected":false},"excerpt":{"rendered":"<p>Rund 155.000 Rum\u00e4nen haben Silvester im Ausland oder in rum\u00e4nischen Ferienorten verbracht. Die Meisten fuhren ins Gebirge und w\u00e4hlten f\u00fcr Unterkunft die Dorfpensionen.<\/p>\n","protected":false},"author":106,"featured_media":66726,"comment_status":"closed","ping_status":"closed","sticky":false,"template":"","format":"standard","meta":{"_acf_changed":false,"footnotes":""},"categories":[99583],"tags":[103047,100811,99930,103046],"coauthors":[],"class_list":["post-459639","post","type-post","status-publish","format-standard","has-post-thumbnail","hentry","category-rri-aktuell","tag-ferien","tag-reiseziele","tag-rumaenen","tag-silvester"],"acf":[],"yoast_head":"<!-- This site is optimized with the Yoast SEO plugin v27.5 - https:\/\/yoast.com\/product\/yoast-seo-wordpress\/ -->\n<title>Rum\u00e4nen haben Silvester gefeiert - Radio Rum\u00e4nien International<\/title>\n<meta name=\"robots\" content=\"index, follow, max-snippet:-1, max-image-preview:large, max-video-preview:-1\" \/>\n<link rel=\"canonical\" href=\"https:\/\/www.rri.ro\/de\/aktuell\/rri-aktuell\/rumaenen-haben-silvester-gefeiert-id459639.html\" \/>\n<meta property=\"og:locale\" content=\"de_DE\" \/>\n<meta property=\"og:type\" content=\"article\" \/>\n<meta property=\"og:title\" content=\"Rum\u00e4nen haben Silvester gefeiert - Radio Rum\u00e4nien International\" \/>\n<meta property=\"og:description\" content=\"Rund 155.000 Rum\u00e4nen haben Silvester im Ausland oder in rum\u00e4nischen Ferienorten verbracht. Die Meisten fuhren ins Gebirge und w\u00e4hlten f\u00fcr Unterkunft die Dorfpensionen.\" \/>\n<meta property=\"og:url\" content=\"https:\/\/www.rri.ro\/de\/aktuell\/rri-aktuell\/rumaenen-haben-silvester-gefeiert-id459639.html\" \/>\n<meta property=\"og:site_name\" content=\"Radio Rum\u00e4nien International\" \/>\n<meta property=\"article:published_time\" content=\"2016-01-04T15:05:00+00:00\" \/>\n<meta property=\"article:modified_time\" content=\"2024-02-19T18:17:55+00:00\" \/>\n<meta property=\"og:image\" content=\"https:\/\/www.rri.ro\/wp-content\/uploads\/2023\/10\/revelion-artificii-dubai.png\" \/>\n\t<meta property=\"og:image:width\" content=\"640\" \/>\n\t<meta property=\"og:image:height\" content=\"480\" \/>\n\t<meta property=\"og:image:type\" content=\"image\/png\" \/>\n<meta name=\"author\" content=\"Mihai Pelin\" \/>\n<meta name=\"twitter:card\" content=\"summary_large_image\" \/>\n<meta name=\"twitter:label1\" content=\"Verfasst von\" \/>\n\t<meta name=\"twitter:data1\" content=\"Mihai Pelin\" \/>\n\t<meta name=\"twitter:label2\" content=\"Gesch\u00e4tzte Lesezeit\" \/>\n\t<meta name=\"twitter:data2\" content=\"2\u00a0Minuten\" \/>\n\t<meta name=\"twitter:label3\" content=\"Written by\" \/>\n\t<meta name=\"twitter:data3\" content=\"Mihai Pelin\" \/>\n<script type=\"application\/ld+json\" class=\"yoast-schema-graph\">{\"@context\":\"https:\\\/\\\/schema.org\",\"@graph\":[{\"@type\":\"Article\",\"@id\":\"https:\\\/\\\/www.rri.ro\\\/de\\\/aktuell\\\/rri-aktuell\\\/rumaenen-haben-silvester-gefeiert-id459639.html#article\",\"isPartOf\":{\"@id\":\"https:\\\/\\\/www.rri.ro\\\/de\\\/aktuell\\\/rri-aktuell\\\/rumaenen-haben-silvester-gefeiert-id459639.html\"},\"author\":{\"name\":\"Mihai Pelin\",\"@id\":\"https:\\\/\\\/www.rri.ro\\\/#\\\/schema\\\/person\\\/c6036c822534c855dc3aad41a484f05d\"},\"headline\":\"Rum\u00e4nen haben Silvester gefeiert\",\"datePublished\":\"2016-01-04T15:05:00+00:00\",\"dateModified\":\"2024-02-19T18:17:55+00:00\",\"mainEntityOfPage\":{\"@id\":\"https:\\\/\\\/www.rri.ro\\\/de\\\/aktuell\\\/rri-aktuell\\\/rumaenen-haben-silvester-gefeiert-id459639.html\"},\"wordCount\":344,\"image\":{\"@id\":\"https:\\\/\\\/www.rri.ro\\\/de\\\/aktuell\\\/rri-aktuell\\\/rumaenen-haben-silvester-gefeiert-id459639.html#primaryimage\"},\"thumbnailUrl\":\"https:\\\/\\\/www.rri.ro\\\/wp-content\\\/uploads\\\/2023\\\/10\\\/revelion-artificii-dubai.png\",\"keywords\":[\"Ferien\",\"Reiseziele\",\"Rum\u00e4nen\",\"Silvester\"],\"articleSection\":[\"RRI Aktuell\"],\"inLanguage\":\"de\"},{\"@type\":\"WebPage\",\"@id\":\"https:\\\/\\\/www.rri.ro\\\/de\\\/aktuell\\\/rri-aktuell\\\/rumaenen-haben-silvester-gefeiert-id459639.html\",\"url\":\"https:\\\/\\\/www.rri.ro\\\/de\\\/aktuell\\\/rri-aktuell\\\/rumaenen-haben-silvester-gefeiert-id459639.html\",\"name\":\"Rum\u00e4nen haben Silvester gefeiert - Radio Rum\u00e4nien International\",\"isPartOf\":{\"@id\":\"https:\\\/\\\/www.rri.ro\\\/#website\"},\"primaryImageOfPage\":{\"@id\":\"https:\\\/\\\/www.rri.ro\\\/de\\\/aktuell\\\/rri-aktuell\\\/rumaenen-haben-silvester-gefeiert-id459639.html#primaryimage\"},\"image\":{\"@id\":\"https:\\\/\\\/www.rri.ro\\\/de\\\/aktuell\\\/rri-aktuell\\\/rumaenen-haben-silvester-gefeiert-id459639.html#primaryimage\"},\"thumbnailUrl\":\"https:\\\/\\\/www.rri.ro\\\/wp-content\\\/uploads\\\/2023\\\/10\\\/revelion-artificii-dubai.png\",\"datePublished\":\"2016-01-04T15:05:00+00:00\",\"dateModified\":\"2024-02-19T18:17:55+00:00\",\"author\":{\"@id\":\"https:\\\/\\\/www.rri.ro\\\/#\\\/schema\\\/person\\\/c6036c822534c855dc3aad41a484f05d\"},\"breadcrumb\":{\"@id\":\"https:\\\/\\\/www.rri.ro\\\/de\\\/aktuell\\\/rri-aktuell\\\/rumaenen-haben-silvester-gefeiert-id459639.html#breadcrumb\"},\"inLanguage\":\"de\",\"potentialAction\":[{\"@type\":\"ReadAction\",\"target\":[\"https:\\\/\\\/www.rri.ro\\\/de\\\/aktuell\\\/rri-aktuell\\\/rumaenen-haben-silvester-gefeiert-id459639.html\"]}]},{\"@type\":\"ImageObject\",\"inLanguage\":\"de\",\"@id\":\"https:\\\/\\\/www.rri.ro\\\/de\\\/aktuell\\\/rri-aktuell\\\/rumaenen-haben-silvester-gefeiert-id459639.html#primaryimage\",\"url\":\"https:\\\/\\\/www.rri.ro\\\/wp-content\\\/uploads\\\/2023\\\/10\\\/revelion-artificii-dubai.png\",\"contentUrl\":\"https:\\\/\\\/www.rri.ro\\\/wp-content\\\/uploads\\\/2023\\\/10\\\/revelion-artificii-dubai.png\",\"width\":640,\"height\":480},{\"@type\":\"BreadcrumbList\",\"@id\":\"https:\\\/\\\/www.rri.ro\\\/de\\\/aktuell\\\/rri-aktuell\\\/rumaenen-haben-silvester-gefeiert-id459639.html#breadcrumb\",\"itemListElement\":[{\"@type\":\"ListItem\",\"position\":1,\"name\":\"Startseite\",\"item\":\"https:\\\/\\\/www.rri.ro\\\/de\"},{\"@type\":\"ListItem\",\"position\":2,\"name\":\"Aktuell\",\"item\":\"https:\\\/\\\/www.rri.ro\\\/de\\\/aktuell\"},{\"@type\":\"ListItem\",\"position\":3,\"name\":\"RRI Aktuell\",\"item\":\"https:\\\/\\\/www.rri.ro\\\/de\\\/aktuell\\\/rri-aktuell\"},{\"@type\":\"ListItem\",\"position\":4,\"name\":\"Rum\u00e4nen haben Silvester gefeiert\"}]},{\"@type\":\"WebSite\",\"@id\":\"https:\\\/\\\/www.rri.ro\\\/#website\",\"url\":\"https:\\\/\\\/www.rri.ro\\\/\",\"name\":\"Radio Rum\u00e4nien International\",\"description\":\"Totul despre Rom\u00e2nia \u015fi rom\u00e2ni, \u00een 13 limbi\\\/dialecte!\",\"inLanguage\":\"de\"},{\"@type\":\"Person\",\"@id\":\"https:\\\/\\\/www.rri.ro\\\/#\\\/schema\\\/person\\\/c6036c822534c855dc3aad41a484f05d\",\"name\":\"Mihai Pelin\",\"url\":\"https:\\\/\\\/www.rri.ro\\\/de\\\/author\\\/mihai-pelin\"}]}<\/script>\n<!-- \/ Yoast SEO plugin. -->","yoast_head_json":{"title":"Rum\u00e4nen haben Silvester gefeiert - Radio Rum\u00e4nien International","robots":{"index":"index","follow":"follow","max-snippet":"max-snippet:-1","max-image-preview":"max-image-preview:large","max-video-preview":"max-video-preview:-1"},"canonical":"https:\/\/www.rri.ro\/de\/aktuell\/rri-aktuell\/rumaenen-haben-silvester-gefeiert-id459639.html","og_locale":"de_DE","og_type":"article","og_title":"Rum\u00e4nen haben Silvester gefeiert - Radio Rum\u00e4nien International","og_description":"Rund 155.000 Rum\u00e4nen haben Silvester im Ausland oder in rum\u00e4nischen Ferienorten verbracht. Die Meisten fuhren ins Gebirge und w\u00e4hlten f\u00fcr Unterkunft die Dorfpensionen.","og_url":"https:\/\/www.rri.ro\/de\/aktuell\/rri-aktuell\/rumaenen-haben-silvester-gefeiert-id459639.html","og_site_name":"Radio Rum\u00e4nien International","article_published_time":"2016-01-04T15:05:00+00:00","article_modified_time":"2024-02-19T18:17:55+00:00","og_image":[{"width":640,"height":480,"url":"https:\/\/www.rri.ro\/wp-content\/uploads\/2023\/10\/revelion-artificii-dubai.png","type":"image\/png"}],"author":"Mihai Pelin","twitter_card":"summary_large_image","twitter_misc":{"Verfasst von":"Mihai Pelin","Gesch\u00e4tzte Lesezeit":"2\u00a0Minuten","Written by":"Mihai Pelin"},"schema":{"@context":"https:\/\/schema.org","@graph":[{"@type":"Article","@id":"https:\/\/www.rri.ro\/de\/aktuell\/rri-aktuell\/rumaenen-haben-silvester-gefeiert-id459639.html#article","isPartOf":{"@id":"https:\/\/www.rri.ro\/de\/aktuell\/rri-aktuell\/rumaenen-haben-silvester-gefeiert-id459639.html"},"author":{"name":"Mihai Pelin","@id":"https:\/\/www.rri.ro\/#\/schema\/person\/c6036c822534c855dc3aad41a484f05d"},"headline":"Rum\u00e4nen haben Silvester gefeiert","datePublished":"2016-01-04T15:05:00+00:00","dateModified":"2024-02-19T18:17:55+00:00","mainEntityOfPage":{"@id":"https:\/\/www.rri.ro\/de\/aktuell\/rri-aktuell\/rumaenen-haben-silvester-gefeiert-id459639.html"},"wordCount":344,"image":{"@id":"https:\/\/www.rri.ro\/de\/aktuell\/rri-aktuell\/rumaenen-haben-silvester-gefeiert-id459639.html#primaryimage"},"thumbnailUrl":"https:\/\/www.rri.ro\/wp-content\/uploads\/2023\/10\/revelion-artificii-dubai.png","keywords":["Ferien","Reiseziele","Rum\u00e4nen","Silvester"],"articleSection":["RRI Aktuell"],"inLanguage":"de"},{"@type":"WebPage","@id":"https:\/\/www.rri.ro\/de\/aktuell\/rri-aktuell\/rumaenen-haben-silvester-gefeiert-id459639.html","url":"https:\/\/www.rri.ro\/de\/aktuell\/rri-aktuell\/rumaenen-haben-silvester-gefeiert-id459639.html","name":"Rum\u00e4nen haben Silvester gefeiert - Radio Rum\u00e4nien International","isPartOf":{"@id":"https:\/\/www.rri.ro\/#website"},"primaryImageOfPage":{"@id":"https:\/\/www.rri.ro\/de\/aktuell\/rri-aktuell\/rumaenen-haben-silvester-gefeiert-id459639.html#primaryimage"},"image":{"@id":"https:\/\/www.rri.ro\/de\/aktuell\/rri-aktuell\/rumaenen-haben-silvester-gefeiert-id459639.html#primaryimage"},"thumbnailUrl":"https:\/\/www.rri.ro\/wp-content\/uploads\/2023\/10\/revelion-artificii-dubai.png","datePublished":"2016-01-04T15:05:00+00:00","dateModified":"2024-02-19T18:17:55+00:00","author":{"@id":"https:\/\/www.rri.ro\/#\/schema\/person\/c6036c822534c855dc3aad41a484f05d"},"breadcrumb":{"@id":"https:\/\/www.rri.ro\/de\/aktuell\/rri-aktuell\/rumaenen-haben-silvester-gefeiert-id459639.html#breadcrumb"},"inLanguage":"de","potentialAction":[{"@type":"ReadAction","target":["https:\/\/www.rri.ro\/de\/aktuell\/rri-aktuell\/rumaenen-haben-silvester-gefeiert-id459639.html"]}]},{"@type":"ImageObject","inLanguage":"de","@id":"https:\/\/www.rri.ro\/de\/aktuell\/rri-aktuell\/rumaenen-haben-silvester-gefeiert-id459639.html#primaryimage","url":"https:\/\/www.rri.ro\/wp-content\/uploads\/2023\/10\/revelion-artificii-dubai.png","contentUrl":"https:\/\/www.rri.ro\/wp-content\/uploads\/2023\/10\/revelion-artificii-dubai.png","width":640,"height":480},{"@type":"BreadcrumbList","@id":"https:\/\/www.rri.ro\/de\/aktuell\/rri-aktuell\/rumaenen-haben-silvester-gefeiert-id459639.html#breadcrumb","itemListElement":[{"@type":"ListItem","position":1,"name":"Startseite","item":"https:\/\/www.rri.ro\/de"},{"@type":"ListItem","position":2,"name":"Aktuell","item":"https:\/\/www.rri.ro\/de\/aktuell"},{"@type":"ListItem","position":3,"name":"RRI Aktuell","item":"https:\/\/www.rri.ro\/de\/aktuell\/rri-aktuell"},{"@type":"ListItem","position":4,"name":"Rum\u00e4nen haben Silvester gefeiert"}]},{"@type":"WebSite","@id":"https:\/\/www.rri.ro\/#website","url":"https:\/\/www.rri.ro\/","name":"Radio Rum\u00e4nien International","description":"Totul despre Rom\u00e2nia \u015fi rom\u00e2ni, \u00een 13 limbi\/dialecte!","inLanguage":"de"},{"@type":"Person","@id":"https:\/\/www.rri.ro\/#\/schema\/person\/c6036c822534c855dc3aad41a484f05d","name":"Mihai Pelin","url":"https:\/\/www.rri.ro\/de\/author\/mihai-pelin"}]}},"_links":{"self":[{"href":"https:\/\/www.rri.ro\/de\/wp-json\/wp\/v2\/posts\/459639","targetHints":{"allow":["GET"]}}],"collection":[{"href":"https:\/\/www.rri.ro\/de\/wp-json\/wp\/v2\/posts"}],"about":[{"href":"https:\/\/www.rri.ro\/de\/wp-json\/wp\/v2\/types\/post"}],"author":[{"embeddable":true,"href":"https:\/\/www.rri.ro\/de\/wp-json\/wp\/v2\/users\/106"}],"replies":[{"embeddable":true,"href":"https:\/\/www.rri.ro\/de\/wp-json\/wp\/v2\/comments?post=459639"}],"version-history":[{"count":0,"href":"https:\/\/www.rri.ro\/de\/wp-json\/wp\/v2\/posts\/459639\/revisions"}],"wp:featuredmedia":[{"embeddable":true,"href":"https:\/\/www.rri.ro\/de\/wp-json\/wp\/v2\/media\/66726"}],"wp:attachment":[{"href":"https:\/\/www.rri.ro\/de\/wp-json\/wp\/v2\/media?parent=459639"}],"wp:term":[{"taxonomy":"category","embeddable":true,"href":"https:\/\/www.rri.ro\/de\/wp-json\/wp\/v2\/categories?post=459639"},{"taxonomy":"post_tag","embeddable":true,"href":"https:\/\/www.rri.ro\/de\/wp-json\/wp\/v2\/tags?post=459639"},{"taxonomy":"author","embeddable":true,"href":"https:\/\/www.rri.ro\/de\/wp-json\/wp\/v2\/coauthors?post=459639"}],"curies":[{"name":"wp","href":"https:\/\/api.w.org\/{rel}","templated":true}]}}