{"id":459676,"date":"2016-02-03T18:30:00","date_gmt":"2016-02-03T16:30:00","guid":{"rendered":"http:\/\/devrri.freshlemon.ro\/aktuell\/ministerpraesident-ciolos-fordert-internes-system-zur-ueberwachung-der-justiz-id459676.html"},"modified":"2024-02-19T20:18:39","modified_gmt":"2024-02-19T18:18:39","slug":"ministerpraesident-ciolos-fordert-internes-system-zur-ueberwachung-der-justiz","status":"publish","type":"post","link":"https:\/\/www.rri.ro\/de\/aktuell\/rri-aktuell\/ministerpraesident-ciolos-fordert-internes-system-zur-ueberwachung-der-justiz-id459676.html","title":{"rendered":"Ministerpr\u00e4sident Ciolo\u015f fordert internes System zur \u00dcberwachung der Justiz"},"content":{"rendered":"<p>Rum\u00e4niens Ministerpr\u00e4sident Dacian Ciolo\u015f hat sich am Dienstag vor den Botschaftern der EU-Staaten in Bukarest daf\u00fcr eingesetzt, dass der Kooperations- und \u00dcberpr\u00fcfungsmechanismus durch ein internes System ersetzt wird. Er er\u00f6rterte die Stellung, laut der Rum\u00e4nien weiterhin ein wichtiger Kandidat f\u00fcr den Schengen-Beitritt bleibt. Der Premier sprach unter anderen \u00fcber die drei Hauptpriorit\u00e4ten der Regierung, die Wirtschaft, die Verwaltungsreform und die Vorbereitung Rum\u00e4niens auf den EU-Vorsitz 2019.<\/p>\n<p>&#13;<br \/>\n&#13;<\/p>\n<p>&#13;<br \/>\n&#13;<\/p>\n<p>Am gleichen Tag erkl\u00e4rte Pr\u00e4sident Klaus Iohannis an der Zeremonie zur Amtseinf\u00fchrung der Absolventen des Nationalen Instituts f\u00fcr Richter und Staatsanw\u00e4lte, dass Rum\u00e4nien betr\u00e4chtliche Fortschritte im Justizbereich erzielt hat. Er verwies au\u00dferdem darauf, dass die Richter und Staatsanw\u00e4lte eine betr\u00e4chtliche Rolle in der Korruptionsbek\u00e4mpfung spielen. Iohannis betonte, dass die Gew\u00e4hrleistung der Justizunabh\u00e4ngigkeit und die Konsolidierung der Rechtsstaatlichkeit die Priorit\u00e4ten seines Mandats seien. Der Staatschef erinnerte den jungen Richtern und Staatsanw\u00e4lten, dass sie ihren Beruf mit Ehrlichkeit und in Gleichgewicht aus\u00fcben m\u00fcssen.<\/p>\n<p>&#13;<br \/>\n&#13;<\/p>\n<p>&#13;<br \/>\n&#13;<\/p>\n<p><strong><em><\/em><\/strong><em>Die Justiz wird im Namen des Gesetzes volbracht, die Justiz ist einzig, unparteiisch und f\u00fcr alle gleich. Ich denke, dass die Menschen gro\u00dfe Erwartungen an die Richter und Staatsanw\u00e4lte haben, an die ganze Justiz haben. Es ist Ihre Rolle und Ihre Pflicht, das Gesetz gleichm\u00e4\u00dfig anzuwenden und dadurch, glaube ich, werden Sie zur Wiederherstellung des Vertrauens an das Gesetz beitragen.<strong>\u201c<\/strong><\/em><\/p>\n<p>&#13;<br \/>\n&#13;<\/p>\n<p>&#13;<br \/>\n&#13;<\/p>\n<p> Die Erkl\u00e4rungen finden in einer unruhigen Zeit f\u00fcr die Justiz statt, mit Strafverfolgungen und Verhaftungen an der Spitze der Politik und nich nur. Der Rechtsausschuss des Senats hat den Antrag der Antikorruptionsbeh\u00f6rde zur Einleitung der Strafverfolgung des Senators und ehemaligen Justizministers Gabriel Oprea, in der Akte der vermeintlichen illegalen Inanspruchnahme von Polizeieskorten , die zum Tod eines Polizeibeamten gef\u00fchrt hat, genehmigt. Gabriel Oprea beteuert weiterhin er sei unschuldig und er habe nichts Besonderes im Vergleich zu anderen Justizministern getan.<\/p>\n<p>&#13;<br \/>\n&#13;<\/p>\n<p>&#13;<br \/>\n&#13;<\/p>\n<p>Der Chefstaatsanwalt Rum\u00e4niens Tiberiu Ni\u0163u trat hingegen vor dem Hintergrund der Ermittlung im Falle der illegalen Inanspruchnahme der Polizeieskorten zur\u00fcck. Laut Gesetz haben nur der Pr\u00e4sident, der Premierminister und die beiden Vorsitzenden der Abgeordnetenkammer und de Senats Anspruch auf Polizeieskorte und die Minister und in Ausnahmef\u00e4llen. Tiberiu Ni\u0163u erkl\u00e4rte, dass die Festlegung des Schutzniveaus eines W\u00fcrdentr\u00e4gers nicht seine Aufgabe sei, sondern die der befugten Staatsanstalten. Aus diesem Grund meint er, haber er gegen kein Gesetz verst\u00f6\u00dft, als er die Schutz- und Begleitungsmannschaften in anspruch genommen hat. Obwohl er sich f\u00fcr unschuldig erkl\u00e4rt, sagte der ehemalige Staatsanwalt, er sei entschlossen zur\u00fcckzutreten, da sein Name und seine Stelle k\u00fcnstlich mit einer Situation in Verbindung gebracht wurden, die der von ihm geleiteten Anstalt schaden k\u00f6nnte. Die Amtszeit von Tiberiu Ni\u0163u w\u00e4re im Monat Mai dieses Jahres zu Ende gegangen.<\/p>\n<p>&#13;<\/p>\n","protected":false},"excerpt":{"rendered":"<p>Der rum\u00e4nische Ministerpr\u00e4sident Dacian Ciolo\u015f hat in Bukarest den Botschaftern der EU-Staaten die Priorit\u00e4ten seiner Regierung einschlie\u00dflich im Justizbereich vorgestellt.<\/p>\n","protected":false},"author":107,"featured_media":67160,"comment_status":"closed","ping_status":"closed","sticky":false,"template":"","format":"standard","meta":{"_acf_changed":false,"footnotes":""},"categories":[99583],"tags":[100712,29504,30002,134270,99625,137226,99702,99897,102114,99589,102219],"coauthors":[],"class_list":["post-459676","post","type-post","status-publish","format-standard","has-post-thumbnail","hentry","category-rri-aktuell","tag-botschafter","tag-ciolos","tag-cvm","tag-eu-de","tag-justiz","tag-klaus-iohannis-de","tag-korruption","tag-ministerpraesident","tag-praesident","tag-rumaenien","tag-ueberwachung"],"acf":[],"yoast_head":"<!-- This site is optimized with the Yoast SEO plugin v27.3 - https:\/\/yoast.com\/product\/yoast-seo-wordpress\/ -->\n<title>Ministerpr\u00e4sident Ciolo\u015f fordert internes System zur \u00dcberwachung der Justiz - Radio Rum\u00e4nien International<\/title>\n<meta name=\"robots\" content=\"index, follow, max-snippet:-1, max-image-preview:large, max-video-preview:-1\" \/>\n<link rel=\"canonical\" href=\"https:\/\/www.rri.ro\/de\/aktuell\/rri-aktuell\/ministerpraesident-ciolos-fordert-internes-system-zur-ueberwachung-der-justiz-id459676.html\" \/>\n<meta property=\"og:locale\" content=\"de_DE\" \/>\n<meta property=\"og:type\" content=\"article\" \/>\n<meta property=\"og:title\" content=\"Ministerpr\u00e4sident Ciolo\u015f fordert internes System zur \u00dcberwachung der Justiz - Radio Rum\u00e4nien International\" \/>\n<meta property=\"og:description\" content=\"Der rum\u00e4nische Ministerpr\u00e4sident Dacian Ciolo\u015f hat in Bukarest den Botschaftern der EU-Staaten die Priorit\u00e4ten seiner Regierung einschlie\u00dflich im Justizbereich vorgestellt.\" \/>\n<meta property=\"og:url\" content=\"https:\/\/www.rri.ro\/de\/aktuell\/rri-aktuell\/ministerpraesident-ciolos-fordert-internes-system-zur-ueberwachung-der-justiz-id459676.html\" \/>\n<meta property=\"og:site_name\" content=\"Radio Rum\u00e4nien International\" \/>\n<meta property=\"article:published_time\" content=\"2016-02-03T16:30:00+00:00\" \/>\n<meta property=\"article:modified_time\" content=\"2024-02-19T18:18:39+00:00\" \/>\n<meta property=\"og:image\" content=\"https:\/\/www.rri.ro\/wp-content\/uploads\/2023\/10\/iohannis-primirea-noilor-absolventi-magistratura.png\" \/>\n\t<meta property=\"og:image:width\" content=\"640\" \/>\n\t<meta property=\"og:image:height\" content=\"480\" \/>\n\t<meta property=\"og:image:type\" content=\"image\/png\" \/>\n<meta name=\"author\" content=\"Daniela Budu\" \/>\n<meta name=\"twitter:card\" content=\"summary_large_image\" \/>\n<meta name=\"twitter:label1\" content=\"Verfasst von\" \/>\n\t<meta name=\"twitter:data1\" content=\"Daniela Budu\" \/>\n\t<meta name=\"twitter:label2\" content=\"Gesch\u00e4tzte Lesezeit\" \/>\n\t<meta name=\"twitter:data2\" content=\"2\u00a0Minuten\" \/>\n\t<meta name=\"twitter:label3\" content=\"Written by\" \/>\n\t<meta name=\"twitter:data3\" content=\"Daniela Budu\" \/>\n<script type=\"application\/ld+json\" class=\"yoast-schema-graph\">{\"@context\":\"https:\\\/\\\/schema.org\",\"@graph\":[{\"@type\":\"Article\",\"@id\":\"https:\\\/\\\/www.rri.ro\\\/de\\\/aktuell\\\/rri-aktuell\\\/ministerpraesident-ciolos-fordert-internes-system-zur-ueberwachung-der-justiz-id459676.html#article\",\"isPartOf\":{\"@id\":\"https:\\\/\\\/www.rri.ro\\\/de\\\/aktuell\\\/rri-aktuell\\\/ministerpraesident-ciolos-fordert-internes-system-zur-ueberwachung-der-justiz-id459676.html\"},\"author\":{\"name\":\"Daniela Budu\",\"@id\":\"https:\\\/\\\/www.rri.ro\\\/#\\\/schema\\\/person\\\/b46b8f80d7d6e4b5ac9f14f0acbad0c4\"},\"headline\":\"Ministerpr\u00e4sident Ciolo\u015f fordert internes System zur \u00dcberwachung der Justiz\",\"datePublished\":\"2016-02-03T16:30:00+00:00\",\"dateModified\":\"2024-02-19T18:18:39+00:00\",\"mainEntityOfPage\":{\"@id\":\"https:\\\/\\\/www.rri.ro\\\/de\\\/aktuell\\\/rri-aktuell\\\/ministerpraesident-ciolos-fordert-internes-system-zur-ueberwachung-der-justiz-id459676.html\"},\"wordCount\":481,\"image\":{\"@id\":\"https:\\\/\\\/www.rri.ro\\\/de\\\/aktuell\\\/rri-aktuell\\\/ministerpraesident-ciolos-fordert-internes-system-zur-ueberwachung-der-justiz-id459676.html#primaryimage\"},\"thumbnailUrl\":\"https:\\\/\\\/www.rri.ro\\\/wp-content\\\/uploads\\\/2023\\\/10\\\/iohannis-primirea-noilor-absolventi-magistratura.png\",\"keywords\":[\"Botschafter\",\"ciolos\",\"CVM\",\"EU\",\"Justiz\",\"Klaus Iohannis\",\"Korruption\",\"Ministerpr\u00e4sident\",\"Pr\u00e4sident\",\"Rum\u00e4nien\",\"\u00dcberwachung\"],\"articleSection\":[\"RRI Aktuell\"],\"inLanguage\":\"de\"},{\"@type\":\"WebPage\",\"@id\":\"https:\\\/\\\/www.rri.ro\\\/de\\\/aktuell\\\/rri-aktuell\\\/ministerpraesident-ciolos-fordert-internes-system-zur-ueberwachung-der-justiz-id459676.html\",\"url\":\"https:\\\/\\\/www.rri.ro\\\/de\\\/aktuell\\\/rri-aktuell\\\/ministerpraesident-ciolos-fordert-internes-system-zur-ueberwachung-der-justiz-id459676.html\",\"name\":\"Ministerpr\u00e4sident Ciolo\u015f fordert internes System zur \u00dcberwachung der Justiz - Radio Rum\u00e4nien International\",\"isPartOf\":{\"@id\":\"https:\\\/\\\/www.rri.ro\\\/#website\"},\"primaryImageOfPage\":{\"@id\":\"https:\\\/\\\/www.rri.ro\\\/de\\\/aktuell\\\/rri-aktuell\\\/ministerpraesident-ciolos-fordert-internes-system-zur-ueberwachung-der-justiz-id459676.html#primaryimage\"},\"image\":{\"@id\":\"https:\\\/\\\/www.rri.ro\\\/de\\\/aktuell\\\/rri-aktuell\\\/ministerpraesident-ciolos-fordert-internes-system-zur-ueberwachung-der-justiz-id459676.html#primaryimage\"},\"thumbnailUrl\":\"https:\\\/\\\/www.rri.ro\\\/wp-content\\\/uploads\\\/2023\\\/10\\\/iohannis-primirea-noilor-absolventi-magistratura.png\",\"datePublished\":\"2016-02-03T16:30:00+00:00\",\"dateModified\":\"2024-02-19T18:18:39+00:00\",\"author\":{\"@id\":\"https:\\\/\\\/www.rri.ro\\\/#\\\/schema\\\/person\\\/b46b8f80d7d6e4b5ac9f14f0acbad0c4\"},\"breadcrumb\":{\"@id\":\"https:\\\/\\\/www.rri.ro\\\/de\\\/aktuell\\\/rri-aktuell\\\/ministerpraesident-ciolos-fordert-internes-system-zur-ueberwachung-der-justiz-id459676.html#breadcrumb\"},\"inLanguage\":\"de\",\"potentialAction\":[{\"@type\":\"ReadAction\",\"target\":[\"https:\\\/\\\/www.rri.ro\\\/de\\\/aktuell\\\/rri-aktuell\\\/ministerpraesident-ciolos-fordert-internes-system-zur-ueberwachung-der-justiz-id459676.html\"]}]},{\"@type\":\"ImageObject\",\"inLanguage\":\"de\",\"@id\":\"https:\\\/\\\/www.rri.ro\\\/de\\\/aktuell\\\/rri-aktuell\\\/ministerpraesident-ciolos-fordert-internes-system-zur-ueberwachung-der-justiz-id459676.html#primaryimage\",\"url\":\"https:\\\/\\\/www.rri.ro\\\/wp-content\\\/uploads\\\/2023\\\/10\\\/iohannis-primirea-noilor-absolventi-magistratura.png\",\"contentUrl\":\"https:\\\/\\\/www.rri.ro\\\/wp-content\\\/uploads\\\/2023\\\/10\\\/iohannis-primirea-noilor-absolventi-magistratura.png\",\"width\":640,\"height\":480},{\"@type\":\"BreadcrumbList\",\"@id\":\"https:\\\/\\\/www.rri.ro\\\/de\\\/aktuell\\\/rri-aktuell\\\/ministerpraesident-ciolos-fordert-internes-system-zur-ueberwachung-der-justiz-id459676.html#breadcrumb\",\"itemListElement\":[{\"@type\":\"ListItem\",\"position\":1,\"name\":\"Startseite\",\"item\":\"https:\\\/\\\/www.rri.ro\\\/de\"},{\"@type\":\"ListItem\",\"position\":2,\"name\":\"Aktuell\",\"item\":\"https:\\\/\\\/www.rri.ro\\\/de\\\/aktuell\"},{\"@type\":\"ListItem\",\"position\":3,\"name\":\"RRI Aktuell\",\"item\":\"https:\\\/\\\/www.rri.ro\\\/de\\\/aktuell\\\/rri-aktuell\"},{\"@type\":\"ListItem\",\"position\":4,\"name\":\"Ministerpr\u00e4sident Ciolo\u015f fordert internes System zur \u00dcberwachung der Justiz\"}]},{\"@type\":\"WebSite\",\"@id\":\"https:\\\/\\\/www.rri.ro\\\/#website\",\"url\":\"https:\\\/\\\/www.rri.ro\\\/\",\"name\":\"Radio Rum\u00e4nien International\",\"description\":\"Totul despre Rom\u00e2nia \u015fi rom\u00e2ni, \u00een 13 limbi\\\/dialecte!\",\"inLanguage\":\"de\"},{\"@type\":\"Person\",\"@id\":\"https:\\\/\\\/www.rri.ro\\\/#\\\/schema\\\/person\\\/b46b8f80d7d6e4b5ac9f14f0acbad0c4\",\"name\":\"Daniela Budu\",\"url\":\"https:\\\/\\\/www.rri.ro\\\/de\\\/author\\\/daniela-budu\"}]}<\/script>\n<!-- \/ Yoast SEO plugin. -->","yoast_head_json":{"title":"Ministerpr\u00e4sident Ciolo\u015f fordert internes System zur \u00dcberwachung der Justiz - Radio Rum\u00e4nien International","robots":{"index":"index","follow":"follow","max-snippet":"max-snippet:-1","max-image-preview":"max-image-preview:large","max-video-preview":"max-video-preview:-1"},"canonical":"https:\/\/www.rri.ro\/de\/aktuell\/rri-aktuell\/ministerpraesident-ciolos-fordert-internes-system-zur-ueberwachung-der-justiz-id459676.html","og_locale":"de_DE","og_type":"article","og_title":"Ministerpr\u00e4sident Ciolo\u015f fordert internes System zur \u00dcberwachung der Justiz - Radio Rum\u00e4nien International","og_description":"Der rum\u00e4nische Ministerpr\u00e4sident Dacian Ciolo\u015f hat in Bukarest den Botschaftern der EU-Staaten die Priorit\u00e4ten seiner Regierung einschlie\u00dflich im Justizbereich vorgestellt.","og_url":"https:\/\/www.rri.ro\/de\/aktuell\/rri-aktuell\/ministerpraesident-ciolos-fordert-internes-system-zur-ueberwachung-der-justiz-id459676.html","og_site_name":"Radio Rum\u00e4nien International","article_published_time":"2016-02-03T16:30:00+00:00","article_modified_time":"2024-02-19T18:18:39+00:00","og_image":[{"width":640,"height":480,"url":"https:\/\/www.rri.ro\/wp-content\/uploads\/2023\/10\/iohannis-primirea-noilor-absolventi-magistratura.png","type":"image\/png"}],"author":"Daniela Budu","twitter_card":"summary_large_image","twitter_misc":{"Verfasst von":"Daniela Budu","Gesch\u00e4tzte Lesezeit":"2\u00a0Minuten","Written by":"Daniela Budu"},"schema":{"@context":"https:\/\/schema.org","@graph":[{"@type":"Article","@id":"https:\/\/www.rri.ro\/de\/aktuell\/rri-aktuell\/ministerpraesident-ciolos-fordert-internes-system-zur-ueberwachung-der-justiz-id459676.html#article","isPartOf":{"@id":"https:\/\/www.rri.ro\/de\/aktuell\/rri-aktuell\/ministerpraesident-ciolos-fordert-internes-system-zur-ueberwachung-der-justiz-id459676.html"},"author":{"name":"Daniela Budu","@id":"https:\/\/www.rri.ro\/#\/schema\/person\/b46b8f80d7d6e4b5ac9f14f0acbad0c4"},"headline":"Ministerpr\u00e4sident Ciolo\u015f fordert internes System zur \u00dcberwachung der Justiz","datePublished":"2016-02-03T16:30:00+00:00","dateModified":"2024-02-19T18:18:39+00:00","mainEntityOfPage":{"@id":"https:\/\/www.rri.ro\/de\/aktuell\/rri-aktuell\/ministerpraesident-ciolos-fordert-internes-system-zur-ueberwachung-der-justiz-id459676.html"},"wordCount":481,"image":{"@id":"https:\/\/www.rri.ro\/de\/aktuell\/rri-aktuell\/ministerpraesident-ciolos-fordert-internes-system-zur-ueberwachung-der-justiz-id459676.html#primaryimage"},"thumbnailUrl":"https:\/\/www.rri.ro\/wp-content\/uploads\/2023\/10\/iohannis-primirea-noilor-absolventi-magistratura.png","keywords":["Botschafter","ciolos","CVM","EU","Justiz","Klaus Iohannis","Korruption","Ministerpr\u00e4sident","Pr\u00e4sident","Rum\u00e4nien","\u00dcberwachung"],"articleSection":["RRI Aktuell"],"inLanguage":"de"},{"@type":"WebPage","@id":"https:\/\/www.rri.ro\/de\/aktuell\/rri-aktuell\/ministerpraesident-ciolos-fordert-internes-system-zur-ueberwachung-der-justiz-id459676.html","url":"https:\/\/www.rri.ro\/de\/aktuell\/rri-aktuell\/ministerpraesident-ciolos-fordert-internes-system-zur-ueberwachung-der-justiz-id459676.html","name":"Ministerpr\u00e4sident Ciolo\u015f fordert internes System zur \u00dcberwachung der Justiz - Radio Rum\u00e4nien International","isPartOf":{"@id":"https:\/\/www.rri.ro\/#website"},"primaryImageOfPage":{"@id":"https:\/\/www.rri.ro\/de\/aktuell\/rri-aktuell\/ministerpraesident-ciolos-fordert-internes-system-zur-ueberwachung-der-justiz-id459676.html#primaryimage"},"image":{"@id":"https:\/\/www.rri.ro\/de\/aktuell\/rri-aktuell\/ministerpraesident-ciolos-fordert-internes-system-zur-ueberwachung-der-justiz-id459676.html#primaryimage"},"thumbnailUrl":"https:\/\/www.rri.ro\/wp-content\/uploads\/2023\/10\/iohannis-primirea-noilor-absolventi-magistratura.png","datePublished":"2016-02-03T16:30:00+00:00","dateModified":"2024-02-19T18:18:39+00:00","author":{"@id":"https:\/\/www.rri.ro\/#\/schema\/person\/b46b8f80d7d6e4b5ac9f14f0acbad0c4"},"breadcrumb":{"@id":"https:\/\/www.rri.ro\/de\/aktuell\/rri-aktuell\/ministerpraesident-ciolos-fordert-internes-system-zur-ueberwachung-der-justiz-id459676.html#breadcrumb"},"inLanguage":"de","potentialAction":[{"@type":"ReadAction","target":["https:\/\/www.rri.ro\/de\/aktuell\/rri-aktuell\/ministerpraesident-ciolos-fordert-internes-system-zur-ueberwachung-der-justiz-id459676.html"]}]},{"@type":"ImageObject","inLanguage":"de","@id":"https:\/\/www.rri.ro\/de\/aktuell\/rri-aktuell\/ministerpraesident-ciolos-fordert-internes-system-zur-ueberwachung-der-justiz-id459676.html#primaryimage","url":"https:\/\/www.rri.ro\/wp-content\/uploads\/2023\/10\/iohannis-primirea-noilor-absolventi-magistratura.png","contentUrl":"https:\/\/www.rri.ro\/wp-content\/uploads\/2023\/10\/iohannis-primirea-noilor-absolventi-magistratura.png","width":640,"height":480},{"@type":"BreadcrumbList","@id":"https:\/\/www.rri.ro\/de\/aktuell\/rri-aktuell\/ministerpraesident-ciolos-fordert-internes-system-zur-ueberwachung-der-justiz-id459676.html#breadcrumb","itemListElement":[{"@type":"ListItem","position":1,"name":"Startseite","item":"https:\/\/www.rri.ro\/de"},{"@type":"ListItem","position":2,"name":"Aktuell","item":"https:\/\/www.rri.ro\/de\/aktuell"},{"@type":"ListItem","position":3,"name":"RRI Aktuell","item":"https:\/\/www.rri.ro\/de\/aktuell\/rri-aktuell"},{"@type":"ListItem","position":4,"name":"Ministerpr\u00e4sident Ciolo\u015f fordert internes System zur \u00dcberwachung der Justiz"}]},{"@type":"WebSite","@id":"https:\/\/www.rri.ro\/#website","url":"https:\/\/www.rri.ro\/","name":"Radio Rum\u00e4nien International","description":"Totul despre Rom\u00e2nia \u015fi rom\u00e2ni, \u00een 13 limbi\/dialecte!","inLanguage":"de"},{"@type":"Person","@id":"https:\/\/www.rri.ro\/#\/schema\/person\/b46b8f80d7d6e4b5ac9f14f0acbad0c4","name":"Daniela Budu","url":"https:\/\/www.rri.ro\/de\/author\/daniela-budu"}]}},"_links":{"self":[{"href":"https:\/\/www.rri.ro\/de\/wp-json\/wp\/v2\/posts\/459676","targetHints":{"allow":["GET"]}}],"collection":[{"href":"https:\/\/www.rri.ro\/de\/wp-json\/wp\/v2\/posts"}],"about":[{"href":"https:\/\/www.rri.ro\/de\/wp-json\/wp\/v2\/types\/post"}],"author":[{"embeddable":true,"href":"https:\/\/www.rri.ro\/de\/wp-json\/wp\/v2\/users\/107"}],"replies":[{"embeddable":true,"href":"https:\/\/www.rri.ro\/de\/wp-json\/wp\/v2\/comments?post=459676"}],"version-history":[{"count":0,"href":"https:\/\/www.rri.ro\/de\/wp-json\/wp\/v2\/posts\/459676\/revisions"}],"wp:featuredmedia":[{"embeddable":true,"href":"https:\/\/www.rri.ro\/de\/wp-json\/wp\/v2\/media\/67160"}],"wp:attachment":[{"href":"https:\/\/www.rri.ro\/de\/wp-json\/wp\/v2\/media?parent=459676"}],"wp:term":[{"taxonomy":"category","embeddable":true,"href":"https:\/\/www.rri.ro\/de\/wp-json\/wp\/v2\/categories?post=459676"},{"taxonomy":"post_tag","embeddable":true,"href":"https:\/\/www.rri.ro\/de\/wp-json\/wp\/v2\/tags?post=459676"},{"taxonomy":"author","embeddable":true,"href":"https:\/\/www.rri.ro\/de\/wp-json\/wp\/v2\/coauthors?post=459676"}],"curies":[{"name":"wp","href":"https:\/\/api.w.org\/{rel}","templated":true}]}}