{"id":459691,"date":"2016-02-17T17:05:00","date_gmt":"2016-02-17T15:05:00","guid":{"rendered":"http:\/\/devrri.freshlemon.ro\/aktuell\/rumaenischer-premierminister-unternimmt-bruesselbesuch-id459691.html"},"modified":"2024-02-19T20:18:51","modified_gmt":"2024-02-19T18:18:51","slug":"rumaenischer-premierminister-unternimmt-bruesselbesuch","status":"publish","type":"post","link":"https:\/\/www.rri.ro\/de\/aktuell\/rri-aktuell\/rumaenischer-premierminister-unternimmt-bruesselbesuch-id459691.html","title":{"rendered":"Rum\u00e4nischer Premierminister unternimmt Br\u00fcsselbesuch"},"content":{"rendered":"<p>Rum\u00e4niens Premierminister Dacian Ciolo\u015f hat am Montag und Dienstag einen Br\u00fcsselbesuch unternommen. Er ist mit dem Pr\u00e4sidenten der Europ\u00e4ischen Kommission Jean Claude-Juncker, dem Pr\u00e4sidenten des Europ\u00e4ischen Parlaments Martin Schulz, sowie mit anderen europ\u00e4ischen Entscheidungstreffern zusammengekommen. Ciolo\u015f hat die Priorit\u00e4ten seines Kabinetts f\u00fcr das Jahr 2016 vorgestellt, darunter die Organisierung der Kommunal- und Parlamentswahlen und die Reformprojekte. Die angegangenen Hauptthemen waren die Migration, die Aufnahme Rum\u00e4niens in den Schengen-Raum und  der Kooparations- und \u00dcberpr\u00fcfungsmechanismus. Dacian Ciolo\u015f erkl\u00e4rte erneut, Rum\u00e4nien wolle sich aktiver f\u00fcr die L\u00f6sung der Probleme, die auf der EU-Agenda stehen implizieren. Dacian Ciolo\u015f dazu:<\/p>\n<p>&#13;<br \/>\n&#13;<\/p>\n<p>&#13;<br \/>\n&#13;<\/p>\n<p>&#13;<br \/>\n&#13;<\/p>\n<p><em> Eines unserer Ziele ist, dass Rum\u00e4nien als Mitgliedsstaat sein EU-Mitgliedsstatut in einer proaktiver Art \u00fcbernehmen soll.  Es solle sich proaktiver in die Angelegenheiten, die auf der europ\u00e4ischen Agenda stehen, engagieren. Wir haben zwei Themen besprochen. Es geht um die Beziehung zwischen Gro\u00dfbritannien und der EU und um Migration.<\/em> <em>Wennn die Entscheidungen des Europarates dem Parlament eingereicht werden, dann wird das Parlament diese durch Argumente unterst\u00fctzen, die ebenfalls Rum\u00e4niens Stellung wiederspiegeln .<\/em><\/p>\n<p>&#13;<br \/>\n&#13;<\/p>\n<p>&#13;<br \/>\n&#13;<\/p>\n<p>&#13;<br \/>\n&#13;<\/p>\n<p>Der rum\u00e4nische Ministerpr\u00e4sident hob hervor, Rum\u00e4nien w\u00fcnsche, dass die besten L\u00f6sungen gefunden werden, damit Gro\u00dfbritannien weiterhin der EU angeh\u00f6re. Er hat aber darauf aufmerksam gemacht, dass Bukarest beim Treffen von Donnerstag und Freitag in Br\u00fcssel bestimmte Themen zur Lage der rum\u00e4nischen Arbeiter in Gro\u00dfbritannien angehen m\u00fcsse. Laut Ciolo\u015f solle der Mechanismus der Sozialhilfe klare Kriterien enthalten. Er solle die Ausnahme sein und nicht die Regel und sich nur auf Gro\u00dfbritannien begrenzen.<\/p>\n<p>&#13;<br \/>\n&#13;<\/p>\n<p>&#13;<br \/>\n&#13;<\/p>\n<p>&#13;<br \/>\n&#13;<\/p>\n<p> Der rum\u00e4nische Ministerpr\u00e4sident bezog sich auch auf den Beitritt Rum\u00e4niens zum Schengen-Raum. Dacian Ciolo\u015f hat bekanntgegeben, er werde Anfang M\u00e4rz in die Niederlande reisen, ein Land das mehrere Male den Prozess blockiert hat. Der rum\u00e4nische Premier pl\u00e4dierte f\u00fcr die Aufhebung der Monitorisierung der Justiz. Ich bin der Meinung, dass die Idee der Aufhebung des Kooperation- und \u00dcberpr\u00fcfungsmechanismus in Br\u00fcssel verstanden wurde, wir haben unsere eigenen Mechanismen und die notwendige Reife um den Kampf gegen die Korruption fortzusetzen und das, was bis jetzt geschaffen wurde, zu konsolidieren<em>,<\/em> sagte Ciolo\u015f hinsichtlich der positiven Zeichen, die er nach den Treffen erhalten hat.   Der Pr\u00e4sident der Europ\u00e4ischen Kommission Jean-Claude Juncker erkl\u00e4rte sich fest \u00fcberzeugt, dass der Mechanismus w\u00e4hrend seiner Amtszeit aufgehoben, wenn Rum\u00e4nien die europ\u00e4ischen Aufforderungen umsetzen werde.  <\/p>\n<p>&#13;<\/p>\n","protected":false},"excerpt":{"rendered":"<p>Die Priorit\u00e4ten der rum\u00e4nischen Regierung f\u00fcr 2016, die Aufnahme Rum\u00e4niens in den Schengenraum und die Aufhebung  des Kooperations- und \u00dcberpr\u00fcfungsmechanismus z\u00e4hlten unter den Themen in Br\u00fcssel<\/p>\n","protected":false},"author":2,"featured_media":399051,"comment_status":"closed","ping_status":"closed","sticky":false,"template":"","format":"standard","meta":{"_acf_changed":false,"footnotes":""},"categories":[99583],"tags":[104545,29483,29120,29397,99625,103124,29942,99589],"coauthors":[],"class_list":["post-459691","post","type-post","status-publish","format-standard","has-post-thumbnail","hentry","category-rri-aktuell","tag-bruessel","tag-dacian-ciolos","tag-eu","tag-jean-claude-juncker","tag-justiz","tag-kooperation-und-ueberpruefungsmechanismus","tag-martin-schulz","tag-rumaenien"],"acf":[],"yoast_head":"<!-- This site is optimized with the Yoast SEO plugin v27.3 - https:\/\/yoast.com\/product\/yoast-seo-wordpress\/ -->\n<title>Rum\u00e4nischer Premierminister unternimmt Br\u00fcsselbesuch - Radio Rum\u00e4nien International<\/title>\n<meta name=\"robots\" content=\"index, follow, max-snippet:-1, max-image-preview:large, max-video-preview:-1\" \/>\n<link rel=\"canonical\" href=\"https:\/\/www.rri.ro\/de\/aktuell\/rri-aktuell\/rumaenischer-premierminister-unternimmt-bruesselbesuch-id459691.html\" \/>\n<meta property=\"og:locale\" content=\"de_DE\" \/>\n<meta property=\"og:type\" content=\"article\" \/>\n<meta property=\"og:title\" content=\"Rum\u00e4nischer Premierminister unternimmt Br\u00fcsselbesuch - Radio Rum\u00e4nien International\" \/>\n<meta property=\"og:description\" content=\"Die Priorit\u00e4ten der rum\u00e4nischen Regierung f\u00fcr 2016, die Aufnahme Rum\u00e4niens in den Schengenraum und die Aufhebung des Kooperations- und \u00dcberpr\u00fcfungsmechanismus z\u00e4hlten unter den Themen in Br\u00fcssel\" \/>\n<meta property=\"og:url\" content=\"https:\/\/www.rri.ro\/de\/aktuell\/rri-aktuell\/rumaenischer-premierminister-unternimmt-bruesselbesuch-id459691.html\" \/>\n<meta property=\"og:site_name\" content=\"Radio Rum\u00e4nien International\" \/>\n<meta property=\"article:published_time\" content=\"2016-02-17T15:05:00+00:00\" \/>\n<meta property=\"article:modified_time\" content=\"2024-02-19T18:18:51+00:00\" \/>\n<meta property=\"og:image\" content=\"https:\/\/www.rri.ro\/wp-content\/uploads\/2023\/10\/dacian-ciolos-jean-claude-juncker1.png\" \/>\n\t<meta property=\"og:image:width\" content=\"640\" \/>\n\t<meta property=\"og:image:height\" content=\"480\" \/>\n\t<meta property=\"og:image:type\" content=\"image\/png\" \/>\n<meta name=\"author\" content=\"Rom\u00e2nia Interna\u021bional\" \/>\n<meta name=\"twitter:card\" content=\"summary_large_image\" \/>\n<meta name=\"twitter:label1\" content=\"Verfasst von\" \/>\n\t<meta name=\"twitter:data1\" content=\"Rom\u00e2nia Interna\u021bional\" \/>\n\t<meta name=\"twitter:label2\" content=\"Gesch\u00e4tzte Lesezeit\" \/>\n\t<meta name=\"twitter:data2\" content=\"2\u00a0Minuten\" \/>\n\t<meta name=\"twitter:label3\" content=\"Written by\" \/>\n\t<meta name=\"twitter:data3\" content=\"Rom\u00e2nia Interna\u021bional\" \/>\n<script type=\"application\/ld+json\" class=\"yoast-schema-graph\">{\"@context\":\"https:\\\/\\\/schema.org\",\"@graph\":[{\"@type\":\"Article\",\"@id\":\"https:\\\/\\\/www.rri.ro\\\/de\\\/aktuell\\\/rri-aktuell\\\/rumaenischer-premierminister-unternimmt-bruesselbesuch-id459691.html#article\",\"isPartOf\":{\"@id\":\"https:\\\/\\\/www.rri.ro\\\/de\\\/aktuell\\\/rri-aktuell\\\/rumaenischer-premierminister-unternimmt-bruesselbesuch-id459691.html\"},\"author\":{\"name\":\"Rom\u00e2nia Interna\u021bional\",\"@id\":\"https:\\\/\\\/www.rri.ro\\\/#\\\/schema\\\/person\\\/18fac491bccbfe149b92aea77ad60abd\"},\"headline\":\"Rum\u00e4nischer Premierminister unternimmt Br\u00fcsselbesuch\",\"datePublished\":\"2016-02-17T15:05:00+00:00\",\"dateModified\":\"2024-02-19T18:18:51+00:00\",\"mainEntityOfPage\":{\"@id\":\"https:\\\/\\\/www.rri.ro\\\/de\\\/aktuell\\\/rri-aktuell\\\/rumaenischer-premierminister-unternimmt-bruesselbesuch-id459691.html\"},\"wordCount\":412,\"image\":{\"@id\":\"https:\\\/\\\/www.rri.ro\\\/de\\\/aktuell\\\/rri-aktuell\\\/rumaenischer-premierminister-unternimmt-bruesselbesuch-id459691.html#primaryimage\"},\"thumbnailUrl\":\"https:\\\/\\\/www.rri.ro\\\/wp-content\\\/uploads\\\/2023\\\/10\\\/dacian-ciolos-jean-claude-juncker1.png\",\"keywords\":[\"&#013; Br\u00fcssel\",\"Dacian Ciolos\",\"EU\",\"Jean Claude Juncker\",\"Justiz\",\"Kooperation- und \u00dcberpr\u00fcfungsmechanismus\",\"Martin Schulz\",\"Rum\u00e4nien\"],\"articleSection\":[\"RRI Aktuell\"],\"inLanguage\":\"de\"},{\"@type\":\"WebPage\",\"@id\":\"https:\\\/\\\/www.rri.ro\\\/de\\\/aktuell\\\/rri-aktuell\\\/rumaenischer-premierminister-unternimmt-bruesselbesuch-id459691.html\",\"url\":\"https:\\\/\\\/www.rri.ro\\\/de\\\/aktuell\\\/rri-aktuell\\\/rumaenischer-premierminister-unternimmt-bruesselbesuch-id459691.html\",\"name\":\"Rum\u00e4nischer Premierminister unternimmt Br\u00fcsselbesuch - Radio Rum\u00e4nien International\",\"isPartOf\":{\"@id\":\"https:\\\/\\\/www.rri.ro\\\/#website\"},\"primaryImageOfPage\":{\"@id\":\"https:\\\/\\\/www.rri.ro\\\/de\\\/aktuell\\\/rri-aktuell\\\/rumaenischer-premierminister-unternimmt-bruesselbesuch-id459691.html#primaryimage\"},\"image\":{\"@id\":\"https:\\\/\\\/www.rri.ro\\\/de\\\/aktuell\\\/rri-aktuell\\\/rumaenischer-premierminister-unternimmt-bruesselbesuch-id459691.html#primaryimage\"},\"thumbnailUrl\":\"https:\\\/\\\/www.rri.ro\\\/wp-content\\\/uploads\\\/2023\\\/10\\\/dacian-ciolos-jean-claude-juncker1.png\",\"datePublished\":\"2016-02-17T15:05:00+00:00\",\"dateModified\":\"2024-02-19T18:18:51+00:00\",\"author\":{\"@id\":\"https:\\\/\\\/www.rri.ro\\\/#\\\/schema\\\/person\\\/18fac491bccbfe149b92aea77ad60abd\"},\"breadcrumb\":{\"@id\":\"https:\\\/\\\/www.rri.ro\\\/de\\\/aktuell\\\/rri-aktuell\\\/rumaenischer-premierminister-unternimmt-bruesselbesuch-id459691.html#breadcrumb\"},\"inLanguage\":\"de\",\"potentialAction\":[{\"@type\":\"ReadAction\",\"target\":[\"https:\\\/\\\/www.rri.ro\\\/de\\\/aktuell\\\/rri-aktuell\\\/rumaenischer-premierminister-unternimmt-bruesselbesuch-id459691.html\"]}]},{\"@type\":\"ImageObject\",\"inLanguage\":\"de\",\"@id\":\"https:\\\/\\\/www.rri.ro\\\/de\\\/aktuell\\\/rri-aktuell\\\/rumaenischer-premierminister-unternimmt-bruesselbesuch-id459691.html#primaryimage\",\"url\":\"https:\\\/\\\/www.rri.ro\\\/wp-content\\\/uploads\\\/2023\\\/10\\\/dacian-ciolos-jean-claude-juncker1.png\",\"contentUrl\":\"https:\\\/\\\/www.rri.ro\\\/wp-content\\\/uploads\\\/2023\\\/10\\\/dacian-ciolos-jean-claude-juncker1.png\",\"width\":640,\"height\":480},{\"@type\":\"BreadcrumbList\",\"@id\":\"https:\\\/\\\/www.rri.ro\\\/de\\\/aktuell\\\/rri-aktuell\\\/rumaenischer-premierminister-unternimmt-bruesselbesuch-id459691.html#breadcrumb\",\"itemListElement\":[{\"@type\":\"ListItem\",\"position\":1,\"name\":\"Startseite\",\"item\":\"https:\\\/\\\/www.rri.ro\\\/de\"},{\"@type\":\"ListItem\",\"position\":2,\"name\":\"Aktuell\",\"item\":\"https:\\\/\\\/www.rri.ro\\\/de\\\/aktuell\"},{\"@type\":\"ListItem\",\"position\":3,\"name\":\"RRI Aktuell\",\"item\":\"https:\\\/\\\/www.rri.ro\\\/de\\\/aktuell\\\/rri-aktuell\"},{\"@type\":\"ListItem\",\"position\":4,\"name\":\"Rum\u00e4nischer Premierminister unternimmt Br\u00fcsselbesuch\"}]},{\"@type\":\"WebSite\",\"@id\":\"https:\\\/\\\/www.rri.ro\\\/#website\",\"url\":\"https:\\\/\\\/www.rri.ro\\\/\",\"name\":\"Radio Rum\u00e4nien International\",\"description\":\"Totul despre Rom\u00e2nia \u015fi rom\u00e2ni, \u00een 13 limbi\\\/dialecte!\",\"inLanguage\":\"de\"},{\"@type\":\"Person\",\"@id\":\"https:\\\/\\\/www.rri.ro\\\/#\\\/schema\\\/person\\\/18fac491bccbfe149b92aea77ad60abd\",\"name\":\"Rom\u00e2nia Interna\u021bional\",\"url\":\"https:\\\/\\\/www.rri.ro\\\/de\\\/author\\\/redactia\"}]}<\/script>\n<!-- \/ Yoast SEO plugin. -->","yoast_head_json":{"title":"Rum\u00e4nischer Premierminister unternimmt Br\u00fcsselbesuch - Radio Rum\u00e4nien International","robots":{"index":"index","follow":"follow","max-snippet":"max-snippet:-1","max-image-preview":"max-image-preview:large","max-video-preview":"max-video-preview:-1"},"canonical":"https:\/\/www.rri.ro\/de\/aktuell\/rri-aktuell\/rumaenischer-premierminister-unternimmt-bruesselbesuch-id459691.html","og_locale":"de_DE","og_type":"article","og_title":"Rum\u00e4nischer Premierminister unternimmt Br\u00fcsselbesuch - Radio Rum\u00e4nien International","og_description":"Die Priorit\u00e4ten der rum\u00e4nischen Regierung f\u00fcr 2016, die Aufnahme Rum\u00e4niens in den Schengenraum und die Aufhebung des Kooperations- und \u00dcberpr\u00fcfungsmechanismus z\u00e4hlten unter den Themen in Br\u00fcssel","og_url":"https:\/\/www.rri.ro\/de\/aktuell\/rri-aktuell\/rumaenischer-premierminister-unternimmt-bruesselbesuch-id459691.html","og_site_name":"Radio Rum\u00e4nien International","article_published_time":"2016-02-17T15:05:00+00:00","article_modified_time":"2024-02-19T18:18:51+00:00","og_image":[{"width":640,"height":480,"url":"https:\/\/www.rri.ro\/wp-content\/uploads\/2023\/10\/dacian-ciolos-jean-claude-juncker1.png","type":"image\/png"}],"author":"Rom\u00e2nia Interna\u021bional","twitter_card":"summary_large_image","twitter_misc":{"Verfasst von":"Rom\u00e2nia Interna\u021bional","Gesch\u00e4tzte Lesezeit":"2\u00a0Minuten","Written by":"Rom\u00e2nia Interna\u021bional"},"schema":{"@context":"https:\/\/schema.org","@graph":[{"@type":"Article","@id":"https:\/\/www.rri.ro\/de\/aktuell\/rri-aktuell\/rumaenischer-premierminister-unternimmt-bruesselbesuch-id459691.html#article","isPartOf":{"@id":"https:\/\/www.rri.ro\/de\/aktuell\/rri-aktuell\/rumaenischer-premierminister-unternimmt-bruesselbesuch-id459691.html"},"author":{"name":"Rom\u00e2nia Interna\u021bional","@id":"https:\/\/www.rri.ro\/#\/schema\/person\/18fac491bccbfe149b92aea77ad60abd"},"headline":"Rum\u00e4nischer Premierminister unternimmt Br\u00fcsselbesuch","datePublished":"2016-02-17T15:05:00+00:00","dateModified":"2024-02-19T18:18:51+00:00","mainEntityOfPage":{"@id":"https:\/\/www.rri.ro\/de\/aktuell\/rri-aktuell\/rumaenischer-premierminister-unternimmt-bruesselbesuch-id459691.html"},"wordCount":412,"image":{"@id":"https:\/\/www.rri.ro\/de\/aktuell\/rri-aktuell\/rumaenischer-premierminister-unternimmt-bruesselbesuch-id459691.html#primaryimage"},"thumbnailUrl":"https:\/\/www.rri.ro\/wp-content\/uploads\/2023\/10\/dacian-ciolos-jean-claude-juncker1.png","keywords":["&#013; Br\u00fcssel","Dacian Ciolos","EU","Jean Claude Juncker","Justiz","Kooperation- und \u00dcberpr\u00fcfungsmechanismus","Martin Schulz","Rum\u00e4nien"],"articleSection":["RRI Aktuell"],"inLanguage":"de"},{"@type":"WebPage","@id":"https:\/\/www.rri.ro\/de\/aktuell\/rri-aktuell\/rumaenischer-premierminister-unternimmt-bruesselbesuch-id459691.html","url":"https:\/\/www.rri.ro\/de\/aktuell\/rri-aktuell\/rumaenischer-premierminister-unternimmt-bruesselbesuch-id459691.html","name":"Rum\u00e4nischer Premierminister unternimmt Br\u00fcsselbesuch - Radio Rum\u00e4nien International","isPartOf":{"@id":"https:\/\/www.rri.ro\/#website"},"primaryImageOfPage":{"@id":"https:\/\/www.rri.ro\/de\/aktuell\/rri-aktuell\/rumaenischer-premierminister-unternimmt-bruesselbesuch-id459691.html#primaryimage"},"image":{"@id":"https:\/\/www.rri.ro\/de\/aktuell\/rri-aktuell\/rumaenischer-premierminister-unternimmt-bruesselbesuch-id459691.html#primaryimage"},"thumbnailUrl":"https:\/\/www.rri.ro\/wp-content\/uploads\/2023\/10\/dacian-ciolos-jean-claude-juncker1.png","datePublished":"2016-02-17T15:05:00+00:00","dateModified":"2024-02-19T18:18:51+00:00","author":{"@id":"https:\/\/www.rri.ro\/#\/schema\/person\/18fac491bccbfe149b92aea77ad60abd"},"breadcrumb":{"@id":"https:\/\/www.rri.ro\/de\/aktuell\/rri-aktuell\/rumaenischer-premierminister-unternimmt-bruesselbesuch-id459691.html#breadcrumb"},"inLanguage":"de","potentialAction":[{"@type":"ReadAction","target":["https:\/\/www.rri.ro\/de\/aktuell\/rri-aktuell\/rumaenischer-premierminister-unternimmt-bruesselbesuch-id459691.html"]}]},{"@type":"ImageObject","inLanguage":"de","@id":"https:\/\/www.rri.ro\/de\/aktuell\/rri-aktuell\/rumaenischer-premierminister-unternimmt-bruesselbesuch-id459691.html#primaryimage","url":"https:\/\/www.rri.ro\/wp-content\/uploads\/2023\/10\/dacian-ciolos-jean-claude-juncker1.png","contentUrl":"https:\/\/www.rri.ro\/wp-content\/uploads\/2023\/10\/dacian-ciolos-jean-claude-juncker1.png","width":640,"height":480},{"@type":"BreadcrumbList","@id":"https:\/\/www.rri.ro\/de\/aktuell\/rri-aktuell\/rumaenischer-premierminister-unternimmt-bruesselbesuch-id459691.html#breadcrumb","itemListElement":[{"@type":"ListItem","position":1,"name":"Startseite","item":"https:\/\/www.rri.ro\/de"},{"@type":"ListItem","position":2,"name":"Aktuell","item":"https:\/\/www.rri.ro\/de\/aktuell"},{"@type":"ListItem","position":3,"name":"RRI Aktuell","item":"https:\/\/www.rri.ro\/de\/aktuell\/rri-aktuell"},{"@type":"ListItem","position":4,"name":"Rum\u00e4nischer Premierminister unternimmt Br\u00fcsselbesuch"}]},{"@type":"WebSite","@id":"https:\/\/www.rri.ro\/#website","url":"https:\/\/www.rri.ro\/","name":"Radio Rum\u00e4nien International","description":"Totul despre Rom\u00e2nia \u015fi rom\u00e2ni, \u00een 13 limbi\/dialecte!","inLanguage":"de"},{"@type":"Person","@id":"https:\/\/www.rri.ro\/#\/schema\/person\/18fac491bccbfe149b92aea77ad60abd","name":"Rom\u00e2nia Interna\u021bional","url":"https:\/\/www.rri.ro\/de\/author\/redactia"}]}},"_links":{"self":[{"href":"https:\/\/www.rri.ro\/de\/wp-json\/wp\/v2\/posts\/459691","targetHints":{"allow":["GET"]}}],"collection":[{"href":"https:\/\/www.rri.ro\/de\/wp-json\/wp\/v2\/posts"}],"about":[{"href":"https:\/\/www.rri.ro\/de\/wp-json\/wp\/v2\/types\/post"}],"author":[{"embeddable":true,"href":"https:\/\/www.rri.ro\/de\/wp-json\/wp\/v2\/users\/2"}],"replies":[{"embeddable":true,"href":"https:\/\/www.rri.ro\/de\/wp-json\/wp\/v2\/comments?post=459691"}],"version-history":[{"count":0,"href":"https:\/\/www.rri.ro\/de\/wp-json\/wp\/v2\/posts\/459691\/revisions"}],"wp:featuredmedia":[{"embeddable":true,"href":"https:\/\/www.rri.ro\/de\/wp-json\/wp\/v2\/media\/399051"}],"wp:attachment":[{"href":"https:\/\/www.rri.ro\/de\/wp-json\/wp\/v2\/media?parent=459691"}],"wp:term":[{"taxonomy":"category","embeddable":true,"href":"https:\/\/www.rri.ro\/de\/wp-json\/wp\/v2\/categories?post=459691"},{"taxonomy":"post_tag","embeddable":true,"href":"https:\/\/www.rri.ro\/de\/wp-json\/wp\/v2\/tags?post=459691"},{"taxonomy":"author","embeddable":true,"href":"https:\/\/www.rri.ro\/de\/wp-json\/wp\/v2\/coauthors?post=459691"}],"curies":[{"name":"wp","href":"https:\/\/api.w.org\/{rel}","templated":true}]}}