{"id":459719,"date":"2016-03-07T16:40:00","date_gmt":"2016-03-07T14:40:00","guid":{"rendered":"http:\/\/devrri.freshlemon.ro\/aktuell\/rumaenisches-bildungswesen-steht-auf-dem-pruefstand-id459719.html"},"modified":"2024-02-19T20:19:04","modified_gmt":"2024-02-19T18:19:04","slug":"rumaenisches-bildungswesen-steht-auf-dem-pruefstand","status":"publish","type":"post","link":"https:\/\/www.rri.ro\/de\/aktuell\/rri-aktuell\/rumaenisches-bildungswesen-steht-auf-dem-pruefstand-id459719.html","title":{"rendered":"Rum\u00e4nisches Bildungswesen steht auf dem Pr\u00fcfstand"},"content":{"rendered":"<p>Mit dem Gedanken, dass ein gesundes Bildungswesen zur Entwicklung der Gesellschaft beitr\u00e4gt, als Ausgangspunkt, haben alle Bildungsminister der Reihe nach versucht, den magischen Algorithmus f\u00fcr diesen besonders empfindlichen Bereich mit riesigen Auswirkungen, zu finden, um es auf den richtigen Weg zu bringen. Seit \u00fcber 20 Jahren \u00e4ndert sich der Lehrplan von Jahr zu Jahr, es werden F\u00e4cher gestrichen, neue F\u00e4cher eingef\u00fchrt, man versucht neue Ans\u00e4tze, aber das Ergebnis ist weit von dem was man erwartet.<\/p>\n<p>&#13;<br \/>\n&#13;<\/p>\n<p>&#13;<br \/>\n&#13;<\/p>\n<p>Die h\u00e4ufigen \u00c4nderungen haben nur zu einem Unsicherheitsgef\u00fchl f\u00fcr die Sch\u00fcler, Lehrer und Eltern beigetragen. Dieses Gef\u00fchl vertieft sich um die Pr\u00fcfungen, derer Struktur in den letzten Jahren unz\u00e4hlige Male g\u00e4ndert wurde. Die jungsten Ergebnisse von der Simulation f\u00fcr die Sommerpr\u00fcfungen der Sch\u00fcler in der 8. Klasse haben gezeigt, dass die Siegerformel noch lange nicht gefunden wurde. Nur 44% der Teilnehmer haben Noten \u00fcber 5 erhalten und somit die Pr\u00fcfungen bestanden, im vergleich zu 50% 2015.<\/p>\n<p>&#13;<br \/>\n&#13;<\/p>\n<p>&#13;<br \/>\n&#13;<\/p>\n<p>F\u00fcr Pessimisten ist eine Reform des rum\u00e4nischen Bildungswesens fast unm\u00f6glich. Die Kritiker meinen, dass das Bildungswesen zu einem Netzwerk der M\u00e4ngel geworden sei &#8212; die Lehrb\u00fccher seien schlecht, denn sie fokussieren sich auf unn\u00fctzliche Informationen, die die Sch\u00fcler langweilen, die Lehrer seine unausreichend ausgebildet, was eine direkte Konsequenz des schlechten Entlohungnsniveaus sei, und die angewandte Methode lie\u200e\u00dfe viel zu w\u00fcnschen \u00fcbrig, den die Kreativit\u00e4t sei nicht gef\u00f6rdert. Die Sch\u00fcler beklagen sich weil sie zu viele Unterrichtsstunden, zu viele F\u00e4cher, zu schwere Schulranzen haben. Die Eltern sind gezwungen, kompetente Lehrer privat einzusetzen und zu bezahlen, denn sie sind \u00fcber das Unterrichtsniveau in der Klasse unzufrieden.<\/p>\n<p>&#13;<br \/>\n&#13;<\/p>\n<p>&#13;<br \/>\n&#13;<\/p>\n<p>Die Situation ist aber nicht verallgemeinert. Beweis daf\u00fcr stehen die bemerkenswerten Ergebnisse der rum\u00e4nischen Sch\u00fcler bei den internationalen Sch\u00fclerolympiaden sowie die Gro\u200e\u00dfzahl der Rum\u00e4nen, die an den westlichen Universit\u00e4ten angenommen werden. Doch das Ziel w\u00e4re, solche F\u00e4lle immer mehr aus Ausnahmen zur Regel zu machen. In einem Gespr\u00e4ch \u00fcber die offenen Wunden des Bildungswesens nahm der Akademiker Solomon Marcus neulich Stellung bez\u00fcglich dessen Lage. Er wies darauf hin, dass In der Bildung nichts wichtiger sein kann, als dem Kind und dem Jugendlichen den Respekt gegen\u00fcber dem Menschenleben einzufl\u00f6\u200e\u00dfen. Wir m\u00fcssen ihn dazu bringen, so fr\u00fch wie m\u00f6glich zu begreifen, dass das menschliche Wesen das kostbarste auf diese Welt ist\u201c.<\/p>\n<p>&#13;<br \/>\n&#13;<\/p>\n<p>&#13;<br \/>\n&#13;<\/p>\n<p>\u00dcber die Probleme des rum\u00e4nischen Bildungswesens hat auch Landespr\u00e4sident Klaus Iohannis gesprochen. Auch er hat eine neue Reform vorgeschlagen. Seiner Meinung nach, verf\u00fcge die Exekutive \u00fcber alle notwendigen Hebel um einen Plan zu schmieden, wodruch man bis zum Herbst 2018, als man das Jahrhunderjubil\u00e4um des modernen Rum\u00e4niens feiern wird, es auch in den Schulen ein modernes Rum\u00e4nien geben wird.<\/p>\n<p>&#13;<\/p>\n","protected":false},"excerpt":{"rendered":"<p>In Rum\u00e4nien stehen Sch\u00fcler der 11. und 12. Klasse in dieser Woche unter Stress \u2013 sie nehmen an einer simulierten Abiturpr\u00fcfung teil. Vor dem Abiturplanspiel haben sich auch Achtkl\u00e4ssler letzte Woche einer simulierten Bewertungspr\u00fcfung gestellt.<\/p>\n","protected":false},"author":108,"featured_media":51008,"comment_status":"closed","ping_status":"closed","sticky":false,"template":"","format":"standard","meta":{"_acf_changed":false,"footnotes":""},"categories":[99583],"tags":[103145,100302,103144,100994,103146],"coauthors":[],"class_list":["post-459719","post","type-post","status-publish","format-standard","has-post-thumbnail","hentry","category-rri-aktuell","tag-bildungsreform","tag-bildungswesen","tag-pruefungen","tag-schulen","tag-unterrichtswesen"],"acf":[],"yoast_head":"<!-- This site is optimized with the Yoast SEO plugin v27.3 - https:\/\/yoast.com\/product\/yoast-seo-wordpress\/ -->\n<title>Rum\u00e4nisches Bildungswesen steht auf dem Pr\u00fcfstand - Radio Rum\u00e4nien International<\/title>\n<meta name=\"robots\" content=\"index, follow, max-snippet:-1, max-image-preview:large, max-video-preview:-1\" \/>\n<link rel=\"canonical\" href=\"https:\/\/www.rri.ro\/de\/aktuell\/rri-aktuell\/rumaenisches-bildungswesen-steht-auf-dem-pruefstand-id459719.html\" \/>\n<meta property=\"og:locale\" content=\"de_DE\" \/>\n<meta property=\"og:type\" content=\"article\" \/>\n<meta property=\"og:title\" content=\"Rum\u00e4nisches Bildungswesen steht auf dem Pr\u00fcfstand - Radio Rum\u00e4nien International\" \/>\n<meta property=\"og:description\" content=\"In Rum\u00e4nien stehen Sch\u00fcler der 11. und 12. Klasse in dieser Woche unter Stress \u2013 sie nehmen an einer simulierten Abiturpr\u00fcfung teil. Vor dem Abiturplanspiel haben sich auch Achtkl\u00e4ssler letzte Woche einer simulierten Bewertungspr\u00fcfung gestellt.\" \/>\n<meta property=\"og:url\" content=\"https:\/\/www.rri.ro\/de\/aktuell\/rri-aktuell\/rumaenisches-bildungswesen-steht-auf-dem-pruefstand-id459719.html\" \/>\n<meta property=\"og:site_name\" content=\"Radio Rum\u00e4nien International\" \/>\n<meta property=\"article:published_time\" content=\"2016-03-07T14:40:00+00:00\" \/>\n<meta property=\"article:modified_time\" content=\"2024-02-19T18:19:04+00:00\" \/>\n<meta property=\"og:image\" content=\"https:\/\/www.rri.ro\/wp-content\/uploads\/2023\/10\/scoala-elevi.png\" \/>\n\t<meta property=\"og:image:width\" content=\"640\" \/>\n\t<meta property=\"og:image:height\" content=\"427\" \/>\n\t<meta property=\"og:image:type\" content=\"image\/png\" \/>\n<meta name=\"author\" content=\"Corina Cristea\" \/>\n<meta name=\"twitter:card\" content=\"summary_large_image\" \/>\n<meta name=\"twitter:label1\" content=\"Verfasst von\" \/>\n\t<meta name=\"twitter:data1\" content=\"Corina Cristea\" \/>\n\t<meta name=\"twitter:label2\" content=\"Gesch\u00e4tzte Lesezeit\" \/>\n\t<meta name=\"twitter:data2\" content=\"2\u00a0Minuten\" \/>\n\t<meta name=\"twitter:label3\" content=\"Written by\" \/>\n\t<meta name=\"twitter:data3\" content=\"Corina Cristea\" \/>\n<script type=\"application\/ld+json\" class=\"yoast-schema-graph\">{\"@context\":\"https:\\\/\\\/schema.org\",\"@graph\":[{\"@type\":\"Article\",\"@id\":\"https:\\\/\\\/www.rri.ro\\\/de\\\/aktuell\\\/rri-aktuell\\\/rumaenisches-bildungswesen-steht-auf-dem-pruefstand-id459719.html#article\",\"isPartOf\":{\"@id\":\"https:\\\/\\\/www.rri.ro\\\/de\\\/aktuell\\\/rri-aktuell\\\/rumaenisches-bildungswesen-steht-auf-dem-pruefstand-id459719.html\"},\"author\":{\"name\":\"Corina Cristea\",\"@id\":\"https:\\\/\\\/www.rri.ro\\\/#\\\/schema\\\/person\\\/f9ab1cb3569dee1b2c033a814bb7f0fc\"},\"headline\":\"Rum\u00e4nisches Bildungswesen steht auf dem Pr\u00fcfstand\",\"datePublished\":\"2016-03-07T14:40:00+00:00\",\"dateModified\":\"2024-02-19T18:19:04+00:00\",\"mainEntityOfPage\":{\"@id\":\"https:\\\/\\\/www.rri.ro\\\/de\\\/aktuell\\\/rri-aktuell\\\/rumaenisches-bildungswesen-steht-auf-dem-pruefstand-id459719.html\"},\"wordCount\":477,\"image\":{\"@id\":\"https:\\\/\\\/www.rri.ro\\\/de\\\/aktuell\\\/rri-aktuell\\\/rumaenisches-bildungswesen-steht-auf-dem-pruefstand-id459719.html#primaryimage\"},\"thumbnailUrl\":\"https:\\\/\\\/www.rri.ro\\\/wp-content\\\/uploads\\\/2023\\\/10\\\/scoala-elevi.png\",\"keywords\":[\"Bildungsreform\",\"Bildungswesen\",\"Pr\u00fcfungen\",\"Schulen\",\"Unterrichtswesen\"],\"articleSection\":[\"RRI Aktuell\"],\"inLanguage\":\"de\"},{\"@type\":\"WebPage\",\"@id\":\"https:\\\/\\\/www.rri.ro\\\/de\\\/aktuell\\\/rri-aktuell\\\/rumaenisches-bildungswesen-steht-auf-dem-pruefstand-id459719.html\",\"url\":\"https:\\\/\\\/www.rri.ro\\\/de\\\/aktuell\\\/rri-aktuell\\\/rumaenisches-bildungswesen-steht-auf-dem-pruefstand-id459719.html\",\"name\":\"Rum\u00e4nisches Bildungswesen steht auf dem Pr\u00fcfstand - Radio Rum\u00e4nien International\",\"isPartOf\":{\"@id\":\"https:\\\/\\\/www.rri.ro\\\/#website\"},\"primaryImageOfPage\":{\"@id\":\"https:\\\/\\\/www.rri.ro\\\/de\\\/aktuell\\\/rri-aktuell\\\/rumaenisches-bildungswesen-steht-auf-dem-pruefstand-id459719.html#primaryimage\"},\"image\":{\"@id\":\"https:\\\/\\\/www.rri.ro\\\/de\\\/aktuell\\\/rri-aktuell\\\/rumaenisches-bildungswesen-steht-auf-dem-pruefstand-id459719.html#primaryimage\"},\"thumbnailUrl\":\"https:\\\/\\\/www.rri.ro\\\/wp-content\\\/uploads\\\/2023\\\/10\\\/scoala-elevi.png\",\"datePublished\":\"2016-03-07T14:40:00+00:00\",\"dateModified\":\"2024-02-19T18:19:04+00:00\",\"author\":{\"@id\":\"https:\\\/\\\/www.rri.ro\\\/#\\\/schema\\\/person\\\/f9ab1cb3569dee1b2c033a814bb7f0fc\"},\"breadcrumb\":{\"@id\":\"https:\\\/\\\/www.rri.ro\\\/de\\\/aktuell\\\/rri-aktuell\\\/rumaenisches-bildungswesen-steht-auf-dem-pruefstand-id459719.html#breadcrumb\"},\"inLanguage\":\"de\",\"potentialAction\":[{\"@type\":\"ReadAction\",\"target\":[\"https:\\\/\\\/www.rri.ro\\\/de\\\/aktuell\\\/rri-aktuell\\\/rumaenisches-bildungswesen-steht-auf-dem-pruefstand-id459719.html\"]}]},{\"@type\":\"ImageObject\",\"inLanguage\":\"de\",\"@id\":\"https:\\\/\\\/www.rri.ro\\\/de\\\/aktuell\\\/rri-aktuell\\\/rumaenisches-bildungswesen-steht-auf-dem-pruefstand-id459719.html#primaryimage\",\"url\":\"https:\\\/\\\/www.rri.ro\\\/wp-content\\\/uploads\\\/2023\\\/10\\\/scoala-elevi.png\",\"contentUrl\":\"https:\\\/\\\/www.rri.ro\\\/wp-content\\\/uploads\\\/2023\\\/10\\\/scoala-elevi.png\",\"width\":640,\"height\":427},{\"@type\":\"BreadcrumbList\",\"@id\":\"https:\\\/\\\/www.rri.ro\\\/de\\\/aktuell\\\/rri-aktuell\\\/rumaenisches-bildungswesen-steht-auf-dem-pruefstand-id459719.html#breadcrumb\",\"itemListElement\":[{\"@type\":\"ListItem\",\"position\":1,\"name\":\"Startseite\",\"item\":\"https:\\\/\\\/www.rri.ro\\\/de\"},{\"@type\":\"ListItem\",\"position\":2,\"name\":\"Aktuell\",\"item\":\"https:\\\/\\\/www.rri.ro\\\/de\\\/aktuell\"},{\"@type\":\"ListItem\",\"position\":3,\"name\":\"RRI Aktuell\",\"item\":\"https:\\\/\\\/www.rri.ro\\\/de\\\/aktuell\\\/rri-aktuell\"},{\"@type\":\"ListItem\",\"position\":4,\"name\":\"Rum\u00e4nisches Bildungswesen steht auf dem Pr\u00fcfstand\"}]},{\"@type\":\"WebSite\",\"@id\":\"https:\\\/\\\/www.rri.ro\\\/#website\",\"url\":\"https:\\\/\\\/www.rri.ro\\\/\",\"name\":\"Radio Rum\u00e4nien International\",\"description\":\"Totul despre Rom\u00e2nia \u015fi rom\u00e2ni, \u00een 13 limbi\\\/dialecte!\",\"inLanguage\":\"de\"},{\"@type\":\"Person\",\"@id\":\"https:\\\/\\\/www.rri.ro\\\/#\\\/schema\\\/person\\\/f9ab1cb3569dee1b2c033a814bb7f0fc\",\"name\":\"Corina Cristea\",\"url\":\"https:\\\/\\\/www.rri.ro\\\/de\\\/author\\\/corina-cristea\"}]}<\/script>\n<!-- \/ Yoast SEO plugin. -->","yoast_head_json":{"title":"Rum\u00e4nisches Bildungswesen steht auf dem Pr\u00fcfstand - Radio Rum\u00e4nien International","robots":{"index":"index","follow":"follow","max-snippet":"max-snippet:-1","max-image-preview":"max-image-preview:large","max-video-preview":"max-video-preview:-1"},"canonical":"https:\/\/www.rri.ro\/de\/aktuell\/rri-aktuell\/rumaenisches-bildungswesen-steht-auf-dem-pruefstand-id459719.html","og_locale":"de_DE","og_type":"article","og_title":"Rum\u00e4nisches Bildungswesen steht auf dem Pr\u00fcfstand - Radio Rum\u00e4nien International","og_description":"In Rum\u00e4nien stehen Sch\u00fcler der 11. und 12. Klasse in dieser Woche unter Stress \u2013 sie nehmen an einer simulierten Abiturpr\u00fcfung teil. Vor dem Abiturplanspiel haben sich auch Achtkl\u00e4ssler letzte Woche einer simulierten Bewertungspr\u00fcfung gestellt.","og_url":"https:\/\/www.rri.ro\/de\/aktuell\/rri-aktuell\/rumaenisches-bildungswesen-steht-auf-dem-pruefstand-id459719.html","og_site_name":"Radio Rum\u00e4nien International","article_published_time":"2016-03-07T14:40:00+00:00","article_modified_time":"2024-02-19T18:19:04+00:00","og_image":[{"width":640,"height":427,"url":"https:\/\/www.rri.ro\/wp-content\/uploads\/2023\/10\/scoala-elevi.png","type":"image\/png"}],"author":"Corina Cristea","twitter_card":"summary_large_image","twitter_misc":{"Verfasst von":"Corina Cristea","Gesch\u00e4tzte Lesezeit":"2\u00a0Minuten","Written by":"Corina Cristea"},"schema":{"@context":"https:\/\/schema.org","@graph":[{"@type":"Article","@id":"https:\/\/www.rri.ro\/de\/aktuell\/rri-aktuell\/rumaenisches-bildungswesen-steht-auf-dem-pruefstand-id459719.html#article","isPartOf":{"@id":"https:\/\/www.rri.ro\/de\/aktuell\/rri-aktuell\/rumaenisches-bildungswesen-steht-auf-dem-pruefstand-id459719.html"},"author":{"name":"Corina Cristea","@id":"https:\/\/www.rri.ro\/#\/schema\/person\/f9ab1cb3569dee1b2c033a814bb7f0fc"},"headline":"Rum\u00e4nisches Bildungswesen steht auf dem Pr\u00fcfstand","datePublished":"2016-03-07T14:40:00+00:00","dateModified":"2024-02-19T18:19:04+00:00","mainEntityOfPage":{"@id":"https:\/\/www.rri.ro\/de\/aktuell\/rri-aktuell\/rumaenisches-bildungswesen-steht-auf-dem-pruefstand-id459719.html"},"wordCount":477,"image":{"@id":"https:\/\/www.rri.ro\/de\/aktuell\/rri-aktuell\/rumaenisches-bildungswesen-steht-auf-dem-pruefstand-id459719.html#primaryimage"},"thumbnailUrl":"https:\/\/www.rri.ro\/wp-content\/uploads\/2023\/10\/scoala-elevi.png","keywords":["Bildungsreform","Bildungswesen","Pr\u00fcfungen","Schulen","Unterrichtswesen"],"articleSection":["RRI Aktuell"],"inLanguage":"de"},{"@type":"WebPage","@id":"https:\/\/www.rri.ro\/de\/aktuell\/rri-aktuell\/rumaenisches-bildungswesen-steht-auf-dem-pruefstand-id459719.html","url":"https:\/\/www.rri.ro\/de\/aktuell\/rri-aktuell\/rumaenisches-bildungswesen-steht-auf-dem-pruefstand-id459719.html","name":"Rum\u00e4nisches Bildungswesen steht auf dem Pr\u00fcfstand - Radio Rum\u00e4nien International","isPartOf":{"@id":"https:\/\/www.rri.ro\/#website"},"primaryImageOfPage":{"@id":"https:\/\/www.rri.ro\/de\/aktuell\/rri-aktuell\/rumaenisches-bildungswesen-steht-auf-dem-pruefstand-id459719.html#primaryimage"},"image":{"@id":"https:\/\/www.rri.ro\/de\/aktuell\/rri-aktuell\/rumaenisches-bildungswesen-steht-auf-dem-pruefstand-id459719.html#primaryimage"},"thumbnailUrl":"https:\/\/www.rri.ro\/wp-content\/uploads\/2023\/10\/scoala-elevi.png","datePublished":"2016-03-07T14:40:00+00:00","dateModified":"2024-02-19T18:19:04+00:00","author":{"@id":"https:\/\/www.rri.ro\/#\/schema\/person\/f9ab1cb3569dee1b2c033a814bb7f0fc"},"breadcrumb":{"@id":"https:\/\/www.rri.ro\/de\/aktuell\/rri-aktuell\/rumaenisches-bildungswesen-steht-auf-dem-pruefstand-id459719.html#breadcrumb"},"inLanguage":"de","potentialAction":[{"@type":"ReadAction","target":["https:\/\/www.rri.ro\/de\/aktuell\/rri-aktuell\/rumaenisches-bildungswesen-steht-auf-dem-pruefstand-id459719.html"]}]},{"@type":"ImageObject","inLanguage":"de","@id":"https:\/\/www.rri.ro\/de\/aktuell\/rri-aktuell\/rumaenisches-bildungswesen-steht-auf-dem-pruefstand-id459719.html#primaryimage","url":"https:\/\/www.rri.ro\/wp-content\/uploads\/2023\/10\/scoala-elevi.png","contentUrl":"https:\/\/www.rri.ro\/wp-content\/uploads\/2023\/10\/scoala-elevi.png","width":640,"height":427},{"@type":"BreadcrumbList","@id":"https:\/\/www.rri.ro\/de\/aktuell\/rri-aktuell\/rumaenisches-bildungswesen-steht-auf-dem-pruefstand-id459719.html#breadcrumb","itemListElement":[{"@type":"ListItem","position":1,"name":"Startseite","item":"https:\/\/www.rri.ro\/de"},{"@type":"ListItem","position":2,"name":"Aktuell","item":"https:\/\/www.rri.ro\/de\/aktuell"},{"@type":"ListItem","position":3,"name":"RRI Aktuell","item":"https:\/\/www.rri.ro\/de\/aktuell\/rri-aktuell"},{"@type":"ListItem","position":4,"name":"Rum\u00e4nisches Bildungswesen steht auf dem Pr\u00fcfstand"}]},{"@type":"WebSite","@id":"https:\/\/www.rri.ro\/#website","url":"https:\/\/www.rri.ro\/","name":"Radio Rum\u00e4nien International","description":"Totul despre Rom\u00e2nia \u015fi rom\u00e2ni, \u00een 13 limbi\/dialecte!","inLanguage":"de"},{"@type":"Person","@id":"https:\/\/www.rri.ro\/#\/schema\/person\/f9ab1cb3569dee1b2c033a814bb7f0fc","name":"Corina Cristea","url":"https:\/\/www.rri.ro\/de\/author\/corina-cristea"}]}},"_links":{"self":[{"href":"https:\/\/www.rri.ro\/de\/wp-json\/wp\/v2\/posts\/459719","targetHints":{"allow":["GET"]}}],"collection":[{"href":"https:\/\/www.rri.ro\/de\/wp-json\/wp\/v2\/posts"}],"about":[{"href":"https:\/\/www.rri.ro\/de\/wp-json\/wp\/v2\/types\/post"}],"author":[{"embeddable":true,"href":"https:\/\/www.rri.ro\/de\/wp-json\/wp\/v2\/users\/108"}],"replies":[{"embeddable":true,"href":"https:\/\/www.rri.ro\/de\/wp-json\/wp\/v2\/comments?post=459719"}],"version-history":[{"count":0,"href":"https:\/\/www.rri.ro\/de\/wp-json\/wp\/v2\/posts\/459719\/revisions"}],"wp:featuredmedia":[{"embeddable":true,"href":"https:\/\/www.rri.ro\/de\/wp-json\/wp\/v2\/media\/51008"}],"wp:attachment":[{"href":"https:\/\/www.rri.ro\/de\/wp-json\/wp\/v2\/media?parent=459719"}],"wp:term":[{"taxonomy":"category","embeddable":true,"href":"https:\/\/www.rri.ro\/de\/wp-json\/wp\/v2\/categories?post=459719"},{"taxonomy":"post_tag","embeddable":true,"href":"https:\/\/www.rri.ro\/de\/wp-json\/wp\/v2\/tags?post=459719"},{"taxonomy":"author","embeddable":true,"href":"https:\/\/www.rri.ro\/de\/wp-json\/wp\/v2\/coauthors?post=459719"}],"curies":[{"name":"wp","href":"https:\/\/api.w.org\/{rel}","templated":true}]}}