{"id":459768,"date":"2016-03-25T15:30:00","date_gmt":"2016-03-25T13:30:00","guid":{"rendered":"http:\/\/devrri.freshlemon.ro\/aktuell\/die-festtage-der-republik-moldau-in-rumaenien-gefeiert-id459768.html"},"modified":"2024-02-19T20:19:29","modified_gmt":"2024-02-19T18:19:29","slug":"die-festtage-der-republik-moldau-in-rumaenien-gefeiert","status":"publish","type":"post","link":"https:\/\/www.rri.ro\/de\/aktuell\/rri-aktuell\/die-festtage-der-republik-moldau-in-rumaenien-gefeiert-id459768.html","title":{"rendered":"Die Festtage der Republik Moldau in Rum\u00e4nien gefeiert"},"content":{"rendered":"<p>98 Jahre sind seit dem Ende des Ersten Weltkriegs vergangen, als am 28. M\u00e4rz 1918 der Landesrat Bessarabiens f\u00fcr die Vereinigung mit dem rum\u00e4nischen Mutterland stimmte. Der Beschluss gilt als erster Schritt zur Bildung des einheitlichen rum\u00e4nischen Staates. Am Ende desselben Jahres wurden die nord\u00f6stliche Provinz Bukowina, das zentralgelegene Siebenb\u00fcrgen, das westliche Banat sowie die nordwestlichen Teile Maramuresch und Cri\u015fana, die bislang unter habsburgischen Herrschaft standen, an Rum\u00e4nien angegliedert. 22 Jahre sp\u00e4ter, im Sommer 1940, besetzte die Rote Armee das Territorium Bessarabiens und der Nordbukowina. Bukarest hatte zuvor ein Ultimatum bekommen und sah sich bezwungen, diese Territorien abzutreten.<\/p>\n<p>&#13;<br \/>\n&#13;<\/p>\n<p>&#13;<br \/>\n&#13;<\/p>\n<p>Heute geh\u00f6ren die ehemaligen Teile Rum\u00e4niens den ex-sowjetischen Republiken Moldau bzw der Ukraine. Hunderttausende Einwohner Bessarabiens sind nach dem Anschluss durch Moskau nach Rum\u00e4nien geflohen, mehrere Dutzende Bessarabier wurden nach Sibirien und Kasachstan deportiert und Moskau siedelte Russen aus allen Ecken des Landes in Bessarabien um. 1991 erkl\u00e4rte sich Republik Moldau nach der Aufl\u00f6sung der Sowjetunion f\u00fcr unabh\u00e4ngig. Die heutige Republik sei das Bessarabien von 1918 weder aus Sicht der nationalen Komponente noch der g\u00fcltigen Grenzen. Heute ist Republik Moldau politisch, ethnisch, linguistisch st\u00e4ker gespalten als es damals Bessarabien  war, hat der moldauische Botschafter Mihai Gribincea betont. Die schlimmste Folge der russischen Besetzung sei, dass selbst wenn Republik Moldau nicht mehr der Sowjetunion einverleibt sei, sei die vererbte kommunistische Mentalit\u00e4t immer noch stark, warnte Gribincea.<\/p>\n<p>&#13;<br \/>\n&#13;<\/p>\n<p>&#13;<br \/>\n&#13;<\/p>\n<p>Der proeurop\u00e4ische Botschafter sagte ferner, seine Landsleute m\u00fcssten in der Frage einer eventuellen Wiedervereinigung Rum\u00e4niens mit Moldau realitisch bleiben und das Thema mit Weisheit angehen. Sowohl in Bukarest als auch in Chi\u015fin\u0103u hatten sich vor ein paar Jahren Dutzende Menschen unter dem Motto Basarabien ist Rum\u00e4nien! dem sogenannten unionitischen Marsch angeschlossen und f\u00fcr die Wiedervereinigung der Republik Moldau mit Rum\u00e4nien protestiert. Die Demonstranten waren zudem fest entschlossen, dass f\u00fcr die Republik Moldau, ein Land das als \u00e4rmstes Europas gilt und wo  Korruption auf allen Ebenen herrscht, die einzige L\u00f6sung die Wiedervereinigung zu Rum\u00e4nien sei. 2018 j\u00e4hrt sich die Vereinigung Bessarabiens mit Rum\u00e4nien zum 100. Mal.  In diesem Kontext werden die Stimmen, die f\u00fcr die Wiedervereinigung pl\u00e4dieren, lauter. Unabh\u00e4ngig davon, gilt Bukarest heute nach wie vor als starker Bef\u00fcrworter der Souveranit\u00e4t und Integrit\u00e4t seines Nachbarlandes und seiner Bestrebungen, der EU beizutreten.<\/p>\n<p>&#13;<\/p>\n","protected":false},"excerpt":{"rendered":"<p>Die Festtage Moldawiens erinnern an die Vereinigung der Provinz Bessarabien mit Rum\u00e4nien. 2018 j\u00e4hrt sich die Vereinigung  zum 100. Mal. Die Stimmen, die f\u00fcr die Wiedervereinigung Rum\u00e4niens mit Republik Moldau pl\u00e4dieren, werden in diesem Kontext lauter.<\/p>\n","protected":false},"author":105,"featured_media":67965,"comment_status":"closed","ping_status":"closed","sticky":false,"template":"","format":"standard","meta":{"_acf_changed":false,"footnotes":""},"categories":[99583],"tags":[99899,103177,100579,29120,99702,100576,99589,100643,90887,101372],"coauthors":[],"class_list":["post-459768","post","type-post","status-publish","format-standard","has-post-thumbnail","hentry","category-rri-aktuell","tag-bessarabien","tag-botschafter-mihai-gribincea","tag-bukowina","tag-eu","tag-korruption","tag-moldau","tag-rumaenien","tag-sowjetunion","tag-ultimatum","tag-wiedervereinigung"],"acf":[],"yoast_head":"<!-- This site is optimized with the Yoast SEO plugin v27.3 - https:\/\/yoast.com\/product\/yoast-seo-wordpress\/ -->\n<title>Die Festtage der Republik Moldau in Rum\u00e4nien gefeiert - Radio Rum\u00e4nien International<\/title>\n<meta name=\"robots\" content=\"index, follow, max-snippet:-1, max-image-preview:large, max-video-preview:-1\" \/>\n<link rel=\"canonical\" href=\"https:\/\/www.rri.ro\/de\/aktuell\/rri-aktuell\/die-festtage-der-republik-moldau-in-rumaenien-gefeiert-id459768.html\" \/>\n<meta property=\"og:locale\" content=\"de_DE\" \/>\n<meta property=\"og:type\" content=\"article\" \/>\n<meta property=\"og:title\" content=\"Die Festtage der Republik Moldau in Rum\u00e4nien gefeiert - Radio Rum\u00e4nien International\" \/>\n<meta property=\"og:description\" content=\"Die Festtage Moldawiens erinnern an die Vereinigung der Provinz Bessarabien mit Rum\u00e4nien. 2018 j\u00e4hrt sich die Vereinigung zum 100. Mal. Die Stimmen, die f\u00fcr die Wiedervereinigung Rum\u00e4niens mit Republik Moldau pl\u00e4dieren, werden in diesem Kontext lauter.\" \/>\n<meta property=\"og:url\" content=\"https:\/\/www.rri.ro\/de\/aktuell\/rri-aktuell\/die-festtage-der-republik-moldau-in-rumaenien-gefeiert-id459768.html\" \/>\n<meta property=\"og:site_name\" content=\"Radio Rum\u00e4nien International\" \/>\n<meta property=\"article:published_time\" content=\"2016-03-25T13:30:00+00:00\" \/>\n<meta property=\"article:modified_time\" content=\"2024-02-19T18:19:29+00:00\" \/>\n<meta property=\"og:image\" content=\"https:\/\/www.rri.ro\/wp-content\/uploads\/2023\/10\/steag-romania-unire-basarabia.png\" \/>\n\t<meta property=\"og:image:width\" content=\"640\" \/>\n\t<meta property=\"og:image:height\" content=\"480\" \/>\n\t<meta property=\"og:image:type\" content=\"image\/png\" \/>\n<meta name=\"author\" content=\"Bogdan Matei\" \/>\n<meta name=\"twitter:card\" content=\"summary_large_image\" \/>\n<meta name=\"twitter:label1\" content=\"Verfasst von\" \/>\n\t<meta name=\"twitter:data1\" content=\"Bogdan Matei\" \/>\n\t<meta name=\"twitter:label2\" content=\"Gesch\u00e4tzte Lesezeit\" \/>\n\t<meta name=\"twitter:data2\" content=\"2\u00a0Minuten\" \/>\n\t<meta name=\"twitter:label3\" content=\"Written by\" \/>\n\t<meta name=\"twitter:data3\" content=\"Bogdan Matei\" \/>\n<script type=\"application\/ld+json\" class=\"yoast-schema-graph\">{\"@context\":\"https:\\\/\\\/schema.org\",\"@graph\":[{\"@type\":\"Article\",\"@id\":\"https:\\\/\\\/www.rri.ro\\\/de\\\/aktuell\\\/rri-aktuell\\\/die-festtage-der-republik-moldau-in-rumaenien-gefeiert-id459768.html#article\",\"isPartOf\":{\"@id\":\"https:\\\/\\\/www.rri.ro\\\/de\\\/aktuell\\\/rri-aktuell\\\/die-festtage-der-republik-moldau-in-rumaenien-gefeiert-id459768.html\"},\"author\":{\"name\":\"Bogdan Matei\",\"@id\":\"https:\\\/\\\/www.rri.ro\\\/#\\\/schema\\\/person\\\/0ed327d40678578e6dbb840527e3ba32\"},\"headline\":\"Die Festtage der Republik Moldau in Rum\u00e4nien gefeiert\",\"datePublished\":\"2016-03-25T13:30:00+00:00\",\"dateModified\":\"2024-02-19T18:19:29+00:00\",\"mainEntityOfPage\":{\"@id\":\"https:\\\/\\\/www.rri.ro\\\/de\\\/aktuell\\\/rri-aktuell\\\/die-festtage-der-republik-moldau-in-rumaenien-gefeiert-id459768.html\"},\"wordCount\":401,\"image\":{\"@id\":\"https:\\\/\\\/www.rri.ro\\\/de\\\/aktuell\\\/rri-aktuell\\\/die-festtage-der-republik-moldau-in-rumaenien-gefeiert-id459768.html#primaryimage\"},\"thumbnailUrl\":\"https:\\\/\\\/www.rri.ro\\\/wp-content\\\/uploads\\\/2023\\\/10\\\/steag-romania-unire-basarabia.png\",\"keywords\":[\"Bessarabien\",\"Botschafter Mihai Gribincea\",\"Bukowina\",\"EU\",\"Korruption\",\"Moldau\",\"Rum\u00e4nien\",\"Sowjetunion\",\"ultimatum\",\"Wiedervereinigung\"],\"articleSection\":[\"RRI Aktuell\"],\"inLanguage\":\"de\"},{\"@type\":\"WebPage\",\"@id\":\"https:\\\/\\\/www.rri.ro\\\/de\\\/aktuell\\\/rri-aktuell\\\/die-festtage-der-republik-moldau-in-rumaenien-gefeiert-id459768.html\",\"url\":\"https:\\\/\\\/www.rri.ro\\\/de\\\/aktuell\\\/rri-aktuell\\\/die-festtage-der-republik-moldau-in-rumaenien-gefeiert-id459768.html\",\"name\":\"Die Festtage der Republik Moldau in Rum\u00e4nien gefeiert - Radio Rum\u00e4nien International\",\"isPartOf\":{\"@id\":\"https:\\\/\\\/www.rri.ro\\\/#website\"},\"primaryImageOfPage\":{\"@id\":\"https:\\\/\\\/www.rri.ro\\\/de\\\/aktuell\\\/rri-aktuell\\\/die-festtage-der-republik-moldau-in-rumaenien-gefeiert-id459768.html#primaryimage\"},\"image\":{\"@id\":\"https:\\\/\\\/www.rri.ro\\\/de\\\/aktuell\\\/rri-aktuell\\\/die-festtage-der-republik-moldau-in-rumaenien-gefeiert-id459768.html#primaryimage\"},\"thumbnailUrl\":\"https:\\\/\\\/www.rri.ro\\\/wp-content\\\/uploads\\\/2023\\\/10\\\/steag-romania-unire-basarabia.png\",\"datePublished\":\"2016-03-25T13:30:00+00:00\",\"dateModified\":\"2024-02-19T18:19:29+00:00\",\"author\":{\"@id\":\"https:\\\/\\\/www.rri.ro\\\/#\\\/schema\\\/person\\\/0ed327d40678578e6dbb840527e3ba32\"},\"breadcrumb\":{\"@id\":\"https:\\\/\\\/www.rri.ro\\\/de\\\/aktuell\\\/rri-aktuell\\\/die-festtage-der-republik-moldau-in-rumaenien-gefeiert-id459768.html#breadcrumb\"},\"inLanguage\":\"de\",\"potentialAction\":[{\"@type\":\"ReadAction\",\"target\":[\"https:\\\/\\\/www.rri.ro\\\/de\\\/aktuell\\\/rri-aktuell\\\/die-festtage-der-republik-moldau-in-rumaenien-gefeiert-id459768.html\"]}]},{\"@type\":\"ImageObject\",\"inLanguage\":\"de\",\"@id\":\"https:\\\/\\\/www.rri.ro\\\/de\\\/aktuell\\\/rri-aktuell\\\/die-festtage-der-republik-moldau-in-rumaenien-gefeiert-id459768.html#primaryimage\",\"url\":\"https:\\\/\\\/www.rri.ro\\\/wp-content\\\/uploads\\\/2023\\\/10\\\/steag-romania-unire-basarabia.png\",\"contentUrl\":\"https:\\\/\\\/www.rri.ro\\\/wp-content\\\/uploads\\\/2023\\\/10\\\/steag-romania-unire-basarabia.png\",\"width\":640,\"height\":480},{\"@type\":\"BreadcrumbList\",\"@id\":\"https:\\\/\\\/www.rri.ro\\\/de\\\/aktuell\\\/rri-aktuell\\\/die-festtage-der-republik-moldau-in-rumaenien-gefeiert-id459768.html#breadcrumb\",\"itemListElement\":[{\"@type\":\"ListItem\",\"position\":1,\"name\":\"Startseite\",\"item\":\"https:\\\/\\\/www.rri.ro\\\/de\"},{\"@type\":\"ListItem\",\"position\":2,\"name\":\"Aktuell\",\"item\":\"https:\\\/\\\/www.rri.ro\\\/de\\\/aktuell\"},{\"@type\":\"ListItem\",\"position\":3,\"name\":\"RRI Aktuell\",\"item\":\"https:\\\/\\\/www.rri.ro\\\/de\\\/aktuell\\\/rri-aktuell\"},{\"@type\":\"ListItem\",\"position\":4,\"name\":\"Die Festtage der Republik Moldau in Rum\u00e4nien gefeiert\"}]},{\"@type\":\"WebSite\",\"@id\":\"https:\\\/\\\/www.rri.ro\\\/#website\",\"url\":\"https:\\\/\\\/www.rri.ro\\\/\",\"name\":\"Radio Rum\u00e4nien International\",\"description\":\"Totul despre Rom\u00e2nia \u015fi rom\u00e2ni, \u00een 13 limbi\\\/dialecte!\",\"inLanguage\":\"de\"},{\"@type\":\"Person\",\"@id\":\"https:\\\/\\\/www.rri.ro\\\/#\\\/schema\\\/person\\\/0ed327d40678578e6dbb840527e3ba32\",\"name\":\"Bogdan Matei\",\"url\":\"https:\\\/\\\/www.rri.ro\\\/de\\\/author\\\/bogdan-matei\"}]}<\/script>\n<!-- \/ Yoast SEO plugin. -->","yoast_head_json":{"title":"Die Festtage der Republik Moldau in Rum\u00e4nien gefeiert - Radio Rum\u00e4nien International","robots":{"index":"index","follow":"follow","max-snippet":"max-snippet:-1","max-image-preview":"max-image-preview:large","max-video-preview":"max-video-preview:-1"},"canonical":"https:\/\/www.rri.ro\/de\/aktuell\/rri-aktuell\/die-festtage-der-republik-moldau-in-rumaenien-gefeiert-id459768.html","og_locale":"de_DE","og_type":"article","og_title":"Die Festtage der Republik Moldau in Rum\u00e4nien gefeiert - Radio Rum\u00e4nien International","og_description":"Die Festtage Moldawiens erinnern an die Vereinigung der Provinz Bessarabien mit Rum\u00e4nien. 2018 j\u00e4hrt sich die Vereinigung zum 100. Mal. Die Stimmen, die f\u00fcr die Wiedervereinigung Rum\u00e4niens mit Republik Moldau pl\u00e4dieren, werden in diesem Kontext lauter.","og_url":"https:\/\/www.rri.ro\/de\/aktuell\/rri-aktuell\/die-festtage-der-republik-moldau-in-rumaenien-gefeiert-id459768.html","og_site_name":"Radio Rum\u00e4nien International","article_published_time":"2016-03-25T13:30:00+00:00","article_modified_time":"2024-02-19T18:19:29+00:00","og_image":[{"width":640,"height":480,"url":"https:\/\/www.rri.ro\/wp-content\/uploads\/2023\/10\/steag-romania-unire-basarabia.png","type":"image\/png"}],"author":"Bogdan Matei","twitter_card":"summary_large_image","twitter_misc":{"Verfasst von":"Bogdan Matei","Gesch\u00e4tzte Lesezeit":"2\u00a0Minuten","Written by":"Bogdan Matei"},"schema":{"@context":"https:\/\/schema.org","@graph":[{"@type":"Article","@id":"https:\/\/www.rri.ro\/de\/aktuell\/rri-aktuell\/die-festtage-der-republik-moldau-in-rumaenien-gefeiert-id459768.html#article","isPartOf":{"@id":"https:\/\/www.rri.ro\/de\/aktuell\/rri-aktuell\/die-festtage-der-republik-moldau-in-rumaenien-gefeiert-id459768.html"},"author":{"name":"Bogdan Matei","@id":"https:\/\/www.rri.ro\/#\/schema\/person\/0ed327d40678578e6dbb840527e3ba32"},"headline":"Die Festtage der Republik Moldau in Rum\u00e4nien gefeiert","datePublished":"2016-03-25T13:30:00+00:00","dateModified":"2024-02-19T18:19:29+00:00","mainEntityOfPage":{"@id":"https:\/\/www.rri.ro\/de\/aktuell\/rri-aktuell\/die-festtage-der-republik-moldau-in-rumaenien-gefeiert-id459768.html"},"wordCount":401,"image":{"@id":"https:\/\/www.rri.ro\/de\/aktuell\/rri-aktuell\/die-festtage-der-republik-moldau-in-rumaenien-gefeiert-id459768.html#primaryimage"},"thumbnailUrl":"https:\/\/www.rri.ro\/wp-content\/uploads\/2023\/10\/steag-romania-unire-basarabia.png","keywords":["Bessarabien","Botschafter Mihai Gribincea","Bukowina","EU","Korruption","Moldau","Rum\u00e4nien","Sowjetunion","ultimatum","Wiedervereinigung"],"articleSection":["RRI Aktuell"],"inLanguage":"de"},{"@type":"WebPage","@id":"https:\/\/www.rri.ro\/de\/aktuell\/rri-aktuell\/die-festtage-der-republik-moldau-in-rumaenien-gefeiert-id459768.html","url":"https:\/\/www.rri.ro\/de\/aktuell\/rri-aktuell\/die-festtage-der-republik-moldau-in-rumaenien-gefeiert-id459768.html","name":"Die Festtage der Republik Moldau in Rum\u00e4nien gefeiert - Radio Rum\u00e4nien International","isPartOf":{"@id":"https:\/\/www.rri.ro\/#website"},"primaryImageOfPage":{"@id":"https:\/\/www.rri.ro\/de\/aktuell\/rri-aktuell\/die-festtage-der-republik-moldau-in-rumaenien-gefeiert-id459768.html#primaryimage"},"image":{"@id":"https:\/\/www.rri.ro\/de\/aktuell\/rri-aktuell\/die-festtage-der-republik-moldau-in-rumaenien-gefeiert-id459768.html#primaryimage"},"thumbnailUrl":"https:\/\/www.rri.ro\/wp-content\/uploads\/2023\/10\/steag-romania-unire-basarabia.png","datePublished":"2016-03-25T13:30:00+00:00","dateModified":"2024-02-19T18:19:29+00:00","author":{"@id":"https:\/\/www.rri.ro\/#\/schema\/person\/0ed327d40678578e6dbb840527e3ba32"},"breadcrumb":{"@id":"https:\/\/www.rri.ro\/de\/aktuell\/rri-aktuell\/die-festtage-der-republik-moldau-in-rumaenien-gefeiert-id459768.html#breadcrumb"},"inLanguage":"de","potentialAction":[{"@type":"ReadAction","target":["https:\/\/www.rri.ro\/de\/aktuell\/rri-aktuell\/die-festtage-der-republik-moldau-in-rumaenien-gefeiert-id459768.html"]}]},{"@type":"ImageObject","inLanguage":"de","@id":"https:\/\/www.rri.ro\/de\/aktuell\/rri-aktuell\/die-festtage-der-republik-moldau-in-rumaenien-gefeiert-id459768.html#primaryimage","url":"https:\/\/www.rri.ro\/wp-content\/uploads\/2023\/10\/steag-romania-unire-basarabia.png","contentUrl":"https:\/\/www.rri.ro\/wp-content\/uploads\/2023\/10\/steag-romania-unire-basarabia.png","width":640,"height":480},{"@type":"BreadcrumbList","@id":"https:\/\/www.rri.ro\/de\/aktuell\/rri-aktuell\/die-festtage-der-republik-moldau-in-rumaenien-gefeiert-id459768.html#breadcrumb","itemListElement":[{"@type":"ListItem","position":1,"name":"Startseite","item":"https:\/\/www.rri.ro\/de"},{"@type":"ListItem","position":2,"name":"Aktuell","item":"https:\/\/www.rri.ro\/de\/aktuell"},{"@type":"ListItem","position":3,"name":"RRI Aktuell","item":"https:\/\/www.rri.ro\/de\/aktuell\/rri-aktuell"},{"@type":"ListItem","position":4,"name":"Die Festtage der Republik Moldau in Rum\u00e4nien gefeiert"}]},{"@type":"WebSite","@id":"https:\/\/www.rri.ro\/#website","url":"https:\/\/www.rri.ro\/","name":"Radio Rum\u00e4nien International","description":"Totul despre Rom\u00e2nia \u015fi rom\u00e2ni, \u00een 13 limbi\/dialecte!","inLanguage":"de"},{"@type":"Person","@id":"https:\/\/www.rri.ro\/#\/schema\/person\/0ed327d40678578e6dbb840527e3ba32","name":"Bogdan Matei","url":"https:\/\/www.rri.ro\/de\/author\/bogdan-matei"}]}},"_links":{"self":[{"href":"https:\/\/www.rri.ro\/de\/wp-json\/wp\/v2\/posts\/459768","targetHints":{"allow":["GET"]}}],"collection":[{"href":"https:\/\/www.rri.ro\/de\/wp-json\/wp\/v2\/posts"}],"about":[{"href":"https:\/\/www.rri.ro\/de\/wp-json\/wp\/v2\/types\/post"}],"author":[{"embeddable":true,"href":"https:\/\/www.rri.ro\/de\/wp-json\/wp\/v2\/users\/105"}],"replies":[{"embeddable":true,"href":"https:\/\/www.rri.ro\/de\/wp-json\/wp\/v2\/comments?post=459768"}],"version-history":[{"count":0,"href":"https:\/\/www.rri.ro\/de\/wp-json\/wp\/v2\/posts\/459768\/revisions"}],"wp:featuredmedia":[{"embeddable":true,"href":"https:\/\/www.rri.ro\/de\/wp-json\/wp\/v2\/media\/67965"}],"wp:attachment":[{"href":"https:\/\/www.rri.ro\/de\/wp-json\/wp\/v2\/media?parent=459768"}],"wp:term":[{"taxonomy":"category","embeddable":true,"href":"https:\/\/www.rri.ro\/de\/wp-json\/wp\/v2\/categories?post=459768"},{"taxonomy":"post_tag","embeddable":true,"href":"https:\/\/www.rri.ro\/de\/wp-json\/wp\/v2\/tags?post=459768"},{"taxonomy":"author","embeddable":true,"href":"https:\/\/www.rri.ro\/de\/wp-json\/wp\/v2\/coauthors?post=459768"}],"curies":[{"name":"wp","href":"https:\/\/api.w.org\/{rel}","templated":true}]}}