{"id":459789,"date":"2016-04-13T16:36:00","date_gmt":"2016-04-13T13:36:00","guid":{"rendered":"http:\/\/devrri.freshlemon.ro\/aktuell\/iwf-veroeffentlicht-bericht-ueber-die-weltwirtschaft-id459789.html"},"modified":"2024-02-19T20:19:47","modified_gmt":"2024-02-19T18:19:47","slug":"iwf-veroeffentlicht-bericht-ueber-die-weltwirtschaft","status":"publish","type":"post","link":"https:\/\/www.rri.ro\/de\/aktuell\/rri-aktuell\/iwf-veroeffentlicht-bericht-ueber-die-weltwirtschaft-id459789.html","title":{"rendered":"IWF ver\u00f6ffentlicht Bericht \u00fcber die Weltwirtschaft"},"content":{"rendered":"<p>Der Internationale W\u00e4hrungsfonds hat am Dienstag, einen Tag vor Beginn der j\u00e4hrlichen Fr\u00fchlingstreffens des IWF und der Weltbank, den Bericht \u00fcber die Perspektiven der Weltwirtschaft ver\u00f6ffentlicht. F\u00fcr Rum\u00e4nien hat der IWF die Wirtschaftsprognose f\u00fcr dieses Jahr auf 4,2% von im Oktober letzten Jahres gesch\u00e4tzte 3,9% nach oben \u00fcberarbeitet. Dies verlautet aus dem dienst\u00e4gigen Bericht der Finanzinstitution. Laut den IWF-Prognosen sei Irland das einzige europ\u00e4ische Land, das dieses Jahr ein h\u00f6heres Wachstum als Rum\u00e4nien, von 5%, verzeichnet.<\/p>\n<p>&#13;<br \/>\n&#13;<\/p>\n<p>&#13;<br \/>\n&#13;<\/p>\n<p>Der Fonds warnt, dass der Steigerungshoch, den Rum\u00e4nien dieses Jahr verzeichnen wird, von einer Verlangsamung bis auf 3,6% 2017 gefolgt werden wird. Dennoch wird Rum\u00e4nien n\u00e4chstes Jahr einen der h\u00f6chsten Wachstumsrhythmen in Europa verzeichnen, gleich wie Irland, Lettland und Polen. Der Staatssekret\u00e4r der Abteilung f\u00fcr ausl\u00e4ndische Investitionen und \u00f6ffentlich-privater Partnerschaft, Manuel Costescu erkl\u00e4rte in einer Sendung des \u00f6ffentlichen Rundfunks, dass die Bukarester Beh\u00f6rden, vor dem Hintergrund dieses Wirtschaftswachstums, sich auf die Entwicklung der benachteiligten Regionen Rum\u00e4niens konzentrieren m\u00fcssten.<\/p>\n<p>&#13;<br \/>\n&#13;<\/p>\n<p>&#13;<br \/>\n&#13;<\/p>\n<p>Manuel Costescu: <em>Ich denke, dass wir jetz, wann wir ein Wachstum von 4,2% verzeichnen, die Gelegenheit haben, uns auch um die benachteiligten Regionen zu k\u00fcmmern, dass dieses Wachstum auch ihnen zugutekommt. Aber, wieder geht es um Bildung, Infrastruktur, um eine tiefere Denkweise. Jetzt kann man diesen Menschen helfen.\u201c<\/em><\/p>\n<p>&#13;<br \/>\n&#13;<\/p>\n<p>&#13;<br \/>\n&#13;<\/p>\n<p>Was die Entwicklung der Verbraucherpreise in Rum\u00e4nien angeht, hat der IWF die Vorhersagen von im Oktober letzten Jahres gesch\u00e4tzte -0,2% auf -0,4% f\u00fcr das laufende Jahr revidiert. Somit wird Rum\u00e4nien eines der weniger EU-L\u00e4nder mit einer negativen Jahresinflation sein. F\u00fcr 2017 geht der IWF von einem Preisanstieg von 3,1%, dem h\u00f6chsten Rhythmus unionweit aus. Der Fonds hat auch seine Sch\u00e4tzungen betreffend das Leistungsbilanzdefizit Rum\u00e4niens von 1,5% auf 1,7% nach oben \u00fcberarbeitet. Das Leistungsbilanzdefizit wird sich 2017 vertiefen, wann es -2,5% erreichen soll.<\/p>\n<p>&#13;<br \/>\n&#13;<\/p>\n<p>&#13;<br \/>\n&#13;<\/p>\n<p>Eine gute Nachricht ist die Senkung der Arbeitslosigkeit, die laut IWF, von 6,8% 2015 auf 6,4% 2016 sinken soll, um 2017 6,2% zu erreichen. Ihrerseits prognostiziert die Weltbank, dass das Wirtschaftswachstumsrhythmus Rum\u00e4niens 2016 bis auf 4% beschleunigen wird. Diese Beschleunigung wird auch durch die Steuerreform und die Reformen des Arbeitsmarktes unterst\u00fctz. Die Bank warnt aber vor dem Risiko der Einleitung des Infringement-Verfahrens gegen Rum\u00e4nien wegen exzessiven Defizits. Unterdessen best\u00e4tigte die internationale Agentur Standard &#038; Poors am Samstag das Rating Rum\u00e4niens f\u00fcr langfristige Verschuldung in ausl\u00e4ndischer bzw. einheimischer W\u00e4hrung, mit stabiler Perspektive.<\/p>\n<p>&#13;<\/p>\n","protected":false},"excerpt":{"rendered":"<p>Die rum\u00e4nische Wirtschaft wird 2016 ein h\u00f6heres Wachstum verzeichnen als zuvor, im Herbst des vorigen Jahres, prognostiziert, hei\u00dft es aus dem j\u00fcngsten Bericht des IWF.<\/p>\n","protected":false},"author":2,"featured_media":49023,"comment_status":"closed","ping_status":"closed","sticky":false,"template":"","format":"standard","meta":{"_acf_changed":false,"footnotes":""},"categories":[99583],"tags":[101005,99590,103050,99620],"coauthors":[],"class_list":["post-459789","post","type-post","status-publish","format-standard","has-post-thumbnail","hentry","category-rri-aktuell","tag-bericht","tag-iwf","tag-weltwirtschaft","tag-wirtschaftswachstum"],"acf":[],"yoast_head":"<!-- This site is optimized with the Yoast SEO plugin v27.3 - https:\/\/yoast.com\/product\/yoast-seo-wordpress\/ -->\n<title>IWF ver\u00f6ffentlicht Bericht \u00fcber die Weltwirtschaft - Radio Rum\u00e4nien International<\/title>\n<meta name=\"robots\" content=\"index, follow, max-snippet:-1, max-image-preview:large, max-video-preview:-1\" \/>\n<link rel=\"canonical\" href=\"https:\/\/www.rri.ro\/de\/aktuell\/rri-aktuell\/iwf-veroeffentlicht-bericht-ueber-die-weltwirtschaft-id459789.html\" \/>\n<meta property=\"og:locale\" content=\"de_DE\" \/>\n<meta property=\"og:type\" content=\"article\" \/>\n<meta property=\"og:title\" content=\"IWF ver\u00f6ffentlicht Bericht \u00fcber die Weltwirtschaft - Radio Rum\u00e4nien International\" \/>\n<meta property=\"og:description\" content=\"Die rum\u00e4nische Wirtschaft wird 2016 ein h\u00f6heres Wachstum verzeichnen als zuvor, im Herbst des vorigen Jahres, prognostiziert, hei\u00dft es aus dem j\u00fcngsten Bericht des IWF.\" \/>\n<meta property=\"og:url\" content=\"https:\/\/www.rri.ro\/de\/aktuell\/rri-aktuell\/iwf-veroeffentlicht-bericht-ueber-die-weltwirtschaft-id459789.html\" \/>\n<meta property=\"og:site_name\" content=\"Radio Rum\u00e4nien International\" \/>\n<meta property=\"article:published_time\" content=\"2016-04-13T13:36:00+00:00\" \/>\n<meta property=\"article:modified_time\" content=\"2024-02-19T18:19:47+00:00\" \/>\n<meta property=\"og:image\" content=\"https:\/\/www.rri.ro\/wp-content\/uploads\/2023\/10\/FMI-640.png\" \/>\n\t<meta property=\"og:image:width\" content=\"640\" \/>\n\t<meta property=\"og:image:height\" content=\"480\" \/>\n\t<meta property=\"og:image:type\" content=\"image\/png\" \/>\n<meta name=\"author\" content=\"Rom\u00e2nia Interna\u021bional\" \/>\n<meta name=\"twitter:card\" content=\"summary_large_image\" \/>\n<meta name=\"twitter:label1\" content=\"Verfasst von\" \/>\n\t<meta name=\"twitter:data1\" content=\"Rom\u00e2nia Interna\u021bional\" \/>\n\t<meta name=\"twitter:label2\" content=\"Gesch\u00e4tzte Lesezeit\" \/>\n\t<meta name=\"twitter:data2\" content=\"2\u00a0Minuten\" \/>\n\t<meta name=\"twitter:label3\" content=\"Written by\" \/>\n\t<meta name=\"twitter:data3\" content=\"Rom\u00e2nia Interna\u021bional\" \/>\n<script type=\"application\/ld+json\" class=\"yoast-schema-graph\">{\"@context\":\"https:\\\/\\\/schema.org\",\"@graph\":[{\"@type\":\"Article\",\"@id\":\"https:\\\/\\\/www.rri.ro\\\/de\\\/aktuell\\\/rri-aktuell\\\/iwf-veroeffentlicht-bericht-ueber-die-weltwirtschaft-id459789.html#article\",\"isPartOf\":{\"@id\":\"https:\\\/\\\/www.rri.ro\\\/de\\\/aktuell\\\/rri-aktuell\\\/iwf-veroeffentlicht-bericht-ueber-die-weltwirtschaft-id459789.html\"},\"author\":{\"name\":\"Rom\u00e2nia Interna\u021bional\",\"@id\":\"https:\\\/\\\/www.rri.ro\\\/#\\\/schema\\\/person\\\/18fac491bccbfe149b92aea77ad60abd\"},\"headline\":\"IWF ver\u00f6ffentlicht Bericht \u00fcber die Weltwirtschaft\",\"datePublished\":\"2016-04-13T13:36:00+00:00\",\"dateModified\":\"2024-02-19T18:19:47+00:00\",\"mainEntityOfPage\":{\"@id\":\"https:\\\/\\\/www.rri.ro\\\/de\\\/aktuell\\\/rri-aktuell\\\/iwf-veroeffentlicht-bericht-ueber-die-weltwirtschaft-id459789.html\"},\"wordCount\":403,\"image\":{\"@id\":\"https:\\\/\\\/www.rri.ro\\\/de\\\/aktuell\\\/rri-aktuell\\\/iwf-veroeffentlicht-bericht-ueber-die-weltwirtschaft-id459789.html#primaryimage\"},\"thumbnailUrl\":\"https:\\\/\\\/www.rri.ro\\\/wp-content\\\/uploads\\\/2023\\\/10\\\/FMI-640.png\",\"keywords\":[\"Bericht\",\"IWF\",\"Weltwirtschaft\",\"Wirtschaftswachstum\"],\"articleSection\":[\"RRI Aktuell\"],\"inLanguage\":\"de\"},{\"@type\":\"WebPage\",\"@id\":\"https:\\\/\\\/www.rri.ro\\\/de\\\/aktuell\\\/rri-aktuell\\\/iwf-veroeffentlicht-bericht-ueber-die-weltwirtschaft-id459789.html\",\"url\":\"https:\\\/\\\/www.rri.ro\\\/de\\\/aktuell\\\/rri-aktuell\\\/iwf-veroeffentlicht-bericht-ueber-die-weltwirtschaft-id459789.html\",\"name\":\"IWF ver\u00f6ffentlicht Bericht \u00fcber die Weltwirtschaft - Radio Rum\u00e4nien International\",\"isPartOf\":{\"@id\":\"https:\\\/\\\/www.rri.ro\\\/#website\"},\"primaryImageOfPage\":{\"@id\":\"https:\\\/\\\/www.rri.ro\\\/de\\\/aktuell\\\/rri-aktuell\\\/iwf-veroeffentlicht-bericht-ueber-die-weltwirtschaft-id459789.html#primaryimage\"},\"image\":{\"@id\":\"https:\\\/\\\/www.rri.ro\\\/de\\\/aktuell\\\/rri-aktuell\\\/iwf-veroeffentlicht-bericht-ueber-die-weltwirtschaft-id459789.html#primaryimage\"},\"thumbnailUrl\":\"https:\\\/\\\/www.rri.ro\\\/wp-content\\\/uploads\\\/2023\\\/10\\\/FMI-640.png\",\"datePublished\":\"2016-04-13T13:36:00+00:00\",\"dateModified\":\"2024-02-19T18:19:47+00:00\",\"author\":{\"@id\":\"https:\\\/\\\/www.rri.ro\\\/#\\\/schema\\\/person\\\/18fac491bccbfe149b92aea77ad60abd\"},\"breadcrumb\":{\"@id\":\"https:\\\/\\\/www.rri.ro\\\/de\\\/aktuell\\\/rri-aktuell\\\/iwf-veroeffentlicht-bericht-ueber-die-weltwirtschaft-id459789.html#breadcrumb\"},\"inLanguage\":\"de\",\"potentialAction\":[{\"@type\":\"ReadAction\",\"target\":[\"https:\\\/\\\/www.rri.ro\\\/de\\\/aktuell\\\/rri-aktuell\\\/iwf-veroeffentlicht-bericht-ueber-die-weltwirtschaft-id459789.html\"]}]},{\"@type\":\"ImageObject\",\"inLanguage\":\"de\",\"@id\":\"https:\\\/\\\/www.rri.ro\\\/de\\\/aktuell\\\/rri-aktuell\\\/iwf-veroeffentlicht-bericht-ueber-die-weltwirtschaft-id459789.html#primaryimage\",\"url\":\"https:\\\/\\\/www.rri.ro\\\/wp-content\\\/uploads\\\/2023\\\/10\\\/FMI-640.png\",\"contentUrl\":\"https:\\\/\\\/www.rri.ro\\\/wp-content\\\/uploads\\\/2023\\\/10\\\/FMI-640.png\",\"width\":640,\"height\":480},{\"@type\":\"BreadcrumbList\",\"@id\":\"https:\\\/\\\/www.rri.ro\\\/de\\\/aktuell\\\/rri-aktuell\\\/iwf-veroeffentlicht-bericht-ueber-die-weltwirtschaft-id459789.html#breadcrumb\",\"itemListElement\":[{\"@type\":\"ListItem\",\"position\":1,\"name\":\"Startseite\",\"item\":\"https:\\\/\\\/www.rri.ro\\\/de\"},{\"@type\":\"ListItem\",\"position\":2,\"name\":\"Aktuell\",\"item\":\"https:\\\/\\\/www.rri.ro\\\/de\\\/aktuell\"},{\"@type\":\"ListItem\",\"position\":3,\"name\":\"RRI Aktuell\",\"item\":\"https:\\\/\\\/www.rri.ro\\\/de\\\/aktuell\\\/rri-aktuell\"},{\"@type\":\"ListItem\",\"position\":4,\"name\":\"IWF ver\u00f6ffentlicht Bericht \u00fcber die Weltwirtschaft\"}]},{\"@type\":\"WebSite\",\"@id\":\"https:\\\/\\\/www.rri.ro\\\/#website\",\"url\":\"https:\\\/\\\/www.rri.ro\\\/\",\"name\":\"Radio Rum\u00e4nien International\",\"description\":\"Totul despre Rom\u00e2nia \u015fi rom\u00e2ni, \u00een 13 limbi\\\/dialecte!\",\"inLanguage\":\"de\"},{\"@type\":\"Person\",\"@id\":\"https:\\\/\\\/www.rri.ro\\\/#\\\/schema\\\/person\\\/18fac491bccbfe149b92aea77ad60abd\",\"name\":\"Rom\u00e2nia Interna\u021bional\",\"url\":\"https:\\\/\\\/www.rri.ro\\\/de\\\/author\\\/redactia\"}]}<\/script>\n<!-- \/ Yoast SEO plugin. -->","yoast_head_json":{"title":"IWF ver\u00f6ffentlicht Bericht \u00fcber die Weltwirtschaft - Radio Rum\u00e4nien International","robots":{"index":"index","follow":"follow","max-snippet":"max-snippet:-1","max-image-preview":"max-image-preview:large","max-video-preview":"max-video-preview:-1"},"canonical":"https:\/\/www.rri.ro\/de\/aktuell\/rri-aktuell\/iwf-veroeffentlicht-bericht-ueber-die-weltwirtschaft-id459789.html","og_locale":"de_DE","og_type":"article","og_title":"IWF ver\u00f6ffentlicht Bericht \u00fcber die Weltwirtschaft - Radio Rum\u00e4nien International","og_description":"Die rum\u00e4nische Wirtschaft wird 2016 ein h\u00f6heres Wachstum verzeichnen als zuvor, im Herbst des vorigen Jahres, prognostiziert, hei\u00dft es aus dem j\u00fcngsten Bericht des IWF.","og_url":"https:\/\/www.rri.ro\/de\/aktuell\/rri-aktuell\/iwf-veroeffentlicht-bericht-ueber-die-weltwirtschaft-id459789.html","og_site_name":"Radio Rum\u00e4nien International","article_published_time":"2016-04-13T13:36:00+00:00","article_modified_time":"2024-02-19T18:19:47+00:00","og_image":[{"width":640,"height":480,"url":"https:\/\/www.rri.ro\/wp-content\/uploads\/2023\/10\/FMI-640.png","type":"image\/png"}],"author":"Rom\u00e2nia Interna\u021bional","twitter_card":"summary_large_image","twitter_misc":{"Verfasst von":"Rom\u00e2nia Interna\u021bional","Gesch\u00e4tzte Lesezeit":"2\u00a0Minuten","Written by":"Rom\u00e2nia Interna\u021bional"},"schema":{"@context":"https:\/\/schema.org","@graph":[{"@type":"Article","@id":"https:\/\/www.rri.ro\/de\/aktuell\/rri-aktuell\/iwf-veroeffentlicht-bericht-ueber-die-weltwirtschaft-id459789.html#article","isPartOf":{"@id":"https:\/\/www.rri.ro\/de\/aktuell\/rri-aktuell\/iwf-veroeffentlicht-bericht-ueber-die-weltwirtschaft-id459789.html"},"author":{"name":"Rom\u00e2nia Interna\u021bional","@id":"https:\/\/www.rri.ro\/#\/schema\/person\/18fac491bccbfe149b92aea77ad60abd"},"headline":"IWF ver\u00f6ffentlicht Bericht \u00fcber die Weltwirtschaft","datePublished":"2016-04-13T13:36:00+00:00","dateModified":"2024-02-19T18:19:47+00:00","mainEntityOfPage":{"@id":"https:\/\/www.rri.ro\/de\/aktuell\/rri-aktuell\/iwf-veroeffentlicht-bericht-ueber-die-weltwirtschaft-id459789.html"},"wordCount":403,"image":{"@id":"https:\/\/www.rri.ro\/de\/aktuell\/rri-aktuell\/iwf-veroeffentlicht-bericht-ueber-die-weltwirtschaft-id459789.html#primaryimage"},"thumbnailUrl":"https:\/\/www.rri.ro\/wp-content\/uploads\/2023\/10\/FMI-640.png","keywords":["Bericht","IWF","Weltwirtschaft","Wirtschaftswachstum"],"articleSection":["RRI Aktuell"],"inLanguage":"de"},{"@type":"WebPage","@id":"https:\/\/www.rri.ro\/de\/aktuell\/rri-aktuell\/iwf-veroeffentlicht-bericht-ueber-die-weltwirtschaft-id459789.html","url":"https:\/\/www.rri.ro\/de\/aktuell\/rri-aktuell\/iwf-veroeffentlicht-bericht-ueber-die-weltwirtschaft-id459789.html","name":"IWF ver\u00f6ffentlicht Bericht \u00fcber die Weltwirtschaft - Radio Rum\u00e4nien International","isPartOf":{"@id":"https:\/\/www.rri.ro\/#website"},"primaryImageOfPage":{"@id":"https:\/\/www.rri.ro\/de\/aktuell\/rri-aktuell\/iwf-veroeffentlicht-bericht-ueber-die-weltwirtschaft-id459789.html#primaryimage"},"image":{"@id":"https:\/\/www.rri.ro\/de\/aktuell\/rri-aktuell\/iwf-veroeffentlicht-bericht-ueber-die-weltwirtschaft-id459789.html#primaryimage"},"thumbnailUrl":"https:\/\/www.rri.ro\/wp-content\/uploads\/2023\/10\/FMI-640.png","datePublished":"2016-04-13T13:36:00+00:00","dateModified":"2024-02-19T18:19:47+00:00","author":{"@id":"https:\/\/www.rri.ro\/#\/schema\/person\/18fac491bccbfe149b92aea77ad60abd"},"breadcrumb":{"@id":"https:\/\/www.rri.ro\/de\/aktuell\/rri-aktuell\/iwf-veroeffentlicht-bericht-ueber-die-weltwirtschaft-id459789.html#breadcrumb"},"inLanguage":"de","potentialAction":[{"@type":"ReadAction","target":["https:\/\/www.rri.ro\/de\/aktuell\/rri-aktuell\/iwf-veroeffentlicht-bericht-ueber-die-weltwirtschaft-id459789.html"]}]},{"@type":"ImageObject","inLanguage":"de","@id":"https:\/\/www.rri.ro\/de\/aktuell\/rri-aktuell\/iwf-veroeffentlicht-bericht-ueber-die-weltwirtschaft-id459789.html#primaryimage","url":"https:\/\/www.rri.ro\/wp-content\/uploads\/2023\/10\/FMI-640.png","contentUrl":"https:\/\/www.rri.ro\/wp-content\/uploads\/2023\/10\/FMI-640.png","width":640,"height":480},{"@type":"BreadcrumbList","@id":"https:\/\/www.rri.ro\/de\/aktuell\/rri-aktuell\/iwf-veroeffentlicht-bericht-ueber-die-weltwirtschaft-id459789.html#breadcrumb","itemListElement":[{"@type":"ListItem","position":1,"name":"Startseite","item":"https:\/\/www.rri.ro\/de"},{"@type":"ListItem","position":2,"name":"Aktuell","item":"https:\/\/www.rri.ro\/de\/aktuell"},{"@type":"ListItem","position":3,"name":"RRI Aktuell","item":"https:\/\/www.rri.ro\/de\/aktuell\/rri-aktuell"},{"@type":"ListItem","position":4,"name":"IWF ver\u00f6ffentlicht Bericht \u00fcber die Weltwirtschaft"}]},{"@type":"WebSite","@id":"https:\/\/www.rri.ro\/#website","url":"https:\/\/www.rri.ro\/","name":"Radio Rum\u00e4nien International","description":"Totul despre Rom\u00e2nia \u015fi rom\u00e2ni, \u00een 13 limbi\/dialecte!","inLanguage":"de"},{"@type":"Person","@id":"https:\/\/www.rri.ro\/#\/schema\/person\/18fac491bccbfe149b92aea77ad60abd","name":"Rom\u00e2nia Interna\u021bional","url":"https:\/\/www.rri.ro\/de\/author\/redactia"}]}},"_links":{"self":[{"href":"https:\/\/www.rri.ro\/de\/wp-json\/wp\/v2\/posts\/459789","targetHints":{"allow":["GET"]}}],"collection":[{"href":"https:\/\/www.rri.ro\/de\/wp-json\/wp\/v2\/posts"}],"about":[{"href":"https:\/\/www.rri.ro\/de\/wp-json\/wp\/v2\/types\/post"}],"author":[{"embeddable":true,"href":"https:\/\/www.rri.ro\/de\/wp-json\/wp\/v2\/users\/2"}],"replies":[{"embeddable":true,"href":"https:\/\/www.rri.ro\/de\/wp-json\/wp\/v2\/comments?post=459789"}],"version-history":[{"count":0,"href":"https:\/\/www.rri.ro\/de\/wp-json\/wp\/v2\/posts\/459789\/revisions"}],"wp:featuredmedia":[{"embeddable":true,"href":"https:\/\/www.rri.ro\/de\/wp-json\/wp\/v2\/media\/49023"}],"wp:attachment":[{"href":"https:\/\/www.rri.ro\/de\/wp-json\/wp\/v2\/media?parent=459789"}],"wp:term":[{"taxonomy":"category","embeddable":true,"href":"https:\/\/www.rri.ro\/de\/wp-json\/wp\/v2\/categories?post=459789"},{"taxonomy":"post_tag","embeddable":true,"href":"https:\/\/www.rri.ro\/de\/wp-json\/wp\/v2\/tags?post=459789"},{"taxonomy":"author","embeddable":true,"href":"https:\/\/www.rri.ro\/de\/wp-json\/wp\/v2\/coauthors?post=459789"}],"curies":[{"name":"wp","href":"https:\/\/api.w.org\/{rel}","templated":true}]}}