{"id":459841,"date":"2016-05-20T15:57:00","date_gmt":"2016-05-20T12:57:00","guid":{"rendered":"http:\/\/devrri.freshlemon.ro\/aktuell\/bruessel-fordert-republik-moldau-zu-reformen-auf-id459841.html"},"modified":"2024-02-19T20:20:24","modified_gmt":"2024-02-19T18:20:24","slug":"bruessel-fordert-republik-moldau-zu-reformen-auf","status":"publish","type":"post","link":"https:\/\/www.rri.ro\/de\/aktuell\/rri-aktuell\/bruessel-fordert-republik-moldau-zu-reformen-auf-id459841.html","title":{"rendered":"Br\u00fcssel fordert Republik Moldau zu Reformen auf"},"content":{"rendered":"<p>2014 galt Republik Moldau als das Musterland der \u00f6stlichen Partnerschaft. Die Europ\u00e4ische Union lobte die von der Koalitionsregierung von Iurie Leanc\u0103 umgesetzten Reformen und unterzeichnete den Assoziierungsvertrag mit Chi\u015fin\u0103u. Am Ende desselben Jahres ging die Regierungskoalition der Liberal-Demokraten, der Liberalen und Demokraten als klare Sieger bei den Parlamentswahlen hervor. Die Sieger waren aber ihrem Erfolg nicht gewachsen. In weniger als anderthalb Jahren ist der Versuch zur Ernennung eines Premiers und Bildung einer Regierung sieben Mal gescheitert: sei es weil die vorgeschlagenen Kandidaten das Votum des Parlaments nicht erhielten oder weil sie kein Kabinett bilden konnten. Mittlerweile prangerte die Opposition die korrumpierte Regierung an, w\u00e4hrend deren Amtszeit der sogenannte Raub des Jahrhunderts stattfand. Eine Milliarde Dollar war damals \u00fcber Kredite f\u00fcr zweifelhafte Firmen aus dem moldauischen Bankensystem verschwunden. Der Geldbetrag stellte rund 15% des BIP des Landes dar.<\/p>\n<p>&#13;<br \/>\n&#13;<\/p>\n<p>&#13;<br \/>\n&#13;<\/p>\n<p>Am 20. Januar 2016 wurde das Kabinett von Pavel Filip ins Amt eingef\u00fchrt. Die proeurop\u00e4ische Regierung erhielt sowohl die Stimme der Liberalen, die f\u00fcr die Wiedervereinigung mit Rum\u00e4nien pl\u00e4dieren, als auch der Sozial-Demokraten. Am Donnerstag zeigte sich Br\u00fcssel erneut bereit, Chi\u015fin\u0103u ihre volle Unterst\u00fctzung zu gew\u00e4hren. Die Bedingung, die die Europ\u00e4ische Union daf\u00fcr stellt, ist dass die moldauische Regierung ihre Reformen fortsetzt. Europa wartet auf Taten statt Worte, warnen jedoch die Mitglieder des parlamentarischen Assoziierungsrates EU-Republik- Moldau bei Gespr\u00e4chen mit dem Premier Filip. Bis zum 31. Juli muss Chi\u015fin\u0103u die im M\u00e4rz vereinabarten Bedingungen erf\u00fcllen, wobei der Akzent auf die Umsetzung tiefgreifender Reformen liege, berichten Radio Rum\u00e4nien Korrepondenten in Br\u00fcssel. Der Kopr\u00e4sident des Assoziierungsrates, der rum\u00e4nische Abgeordnete Andi Cristea erl\u00e4utert: Die moldauische Regierung befindet sich derzeit in einem Moment, indem sie das Vertrauen der Europ\u00e4ischen Union zur\u00fcckgewinnen soll. Meiner Ansicht nach hat jetzt Chi\u015fin\u0103u schlie\u00dflich eine stabile Regierung und das ist genau was Br\u00fcssel erwartet hat. Wir m\u00f6chten einen vertrauenw\u00fcrdigen Partner haben und ich glaube, dass es zu diesem Zeitpunkt durchaus m\u00f6glich ist.<\/p>\n<p>&#13;<br \/>\n&#13;<\/p>\n<p>&#13;<br \/>\n&#13;<\/p>\n<p>Der moldauische Premier Filip sagte seinerseits: Ein Teil unserer Ergebnisse und unser Wille, Fortschritte zu machen sind schon sichtbar. Unsere Reformen laufen auf Hochtouren, die Ministerien und das Parlament tun derzeit ihr Bestes daf\u00fcr.Eine Gruppe von Nichtregierungsorganisationen aus Chi\u015fin\u0103u stellte jedoch neulich fest, dass der Reformplan zu 50% erf\u00fcllt worden sei, selbst wenn es so gut wie keine r\u00fcckst\u00e4ndigen Reformen aus Vorjahr gebe.  Es sei nicht ausgeschlossen, dass die moldauischen Beh\u00f6rden manchen Verpflichtungen gegen\u00fcber Br\u00fcssel auch dieses Jahr nicht vollst\u00e4ndig nachkommen, warnen die Nichtregierungsorganisationen. <\/p>\n<p>&#13;<br \/>\n&#13;<\/p>\n<p>&#13;<\/p>\n","protected":false},"excerpt":{"rendered":"<p>Die Europ\u00e4ische Union zeigt sich bereit, der Republik Moldau erneut ihre volle Unterst\u00fctzung zu gew\u00e4hren, warnt jedoch dass sie von Chi\u015fin\u0103u  Taten anstatt Worte wartet. Der Akzent legt Br\u00fcssel nach wie vor auf die Fortsetzung tiefgreifender Reformen.<\/p>\n","protected":false},"author":105,"featured_media":47763,"comment_status":"closed","ping_status":"closed","sticky":false,"template":"","format":"standard","meta":{"_acf_changed":false,"footnotes":""},"categories":[99583],"tags":[99874,151607,103084,102574,99969,100115],"coauthors":[],"class_list":["post-459841","post","type-post","status-publish","format-standard","has-post-thumbnail","hentry","category-rri-aktuell","tag-assoziierungsabkommen","tag-chisinau-de","tag-premier-pavel-filip","tag-raub-des-jahrhunderts","tag-reformen","tag-republik-moldau"],"acf":[],"yoast_head":"<!-- This site is optimized with the Yoast SEO plugin v27.3 - https:\/\/yoast.com\/product\/yoast-seo-wordpress\/ -->\n<title>Br\u00fcssel fordert Republik Moldau zu Reformen auf - Radio Rum\u00e4nien International<\/title>\n<meta name=\"robots\" content=\"index, follow, max-snippet:-1, max-image-preview:large, max-video-preview:-1\" \/>\n<link rel=\"canonical\" href=\"https:\/\/www.rri.ro\/de\/aktuell\/rri-aktuell\/bruessel-fordert-republik-moldau-zu-reformen-auf-id459841.html\" \/>\n<meta property=\"og:locale\" content=\"de_DE\" \/>\n<meta property=\"og:type\" content=\"article\" \/>\n<meta property=\"og:title\" content=\"Br\u00fcssel fordert Republik Moldau zu Reformen auf - Radio Rum\u00e4nien International\" \/>\n<meta property=\"og:description\" content=\"Die Europ\u00e4ische Union zeigt sich bereit, der Republik Moldau erneut ihre volle Unterst\u00fctzung zu gew\u00e4hren, warnt jedoch dass sie von Chi\u015fin\u0103u Taten anstatt Worte wartet. Der Akzent legt Br\u00fcssel nach wie vor auf die Fortsetzung tiefgreifender Reformen.\" \/>\n<meta property=\"og:url\" content=\"https:\/\/www.rri.ro\/de\/aktuell\/rri-aktuell\/bruessel-fordert-republik-moldau-zu-reformen-auf-id459841.html\" \/>\n<meta property=\"og:site_name\" content=\"Radio Rum\u00e4nien International\" \/>\n<meta property=\"article:published_time\" content=\"2016-05-20T12:57:00+00:00\" \/>\n<meta property=\"article:modified_time\" content=\"2024-02-19T18:20:24+00:00\" \/>\n<meta property=\"og:image\" content=\"https:\/\/www.rri.ro\/wp-content\/uploads\/2023\/10\/steag-ue-moldova.png\" \/>\n\t<meta property=\"og:image:width\" content=\"640\" \/>\n\t<meta property=\"og:image:height\" content=\"480\" \/>\n\t<meta property=\"og:image:type\" content=\"image\/png\" \/>\n<meta name=\"author\" content=\"Bogdan Matei\" \/>\n<meta name=\"twitter:card\" content=\"summary_large_image\" \/>\n<meta name=\"twitter:label1\" content=\"Verfasst von\" \/>\n\t<meta name=\"twitter:data1\" content=\"Bogdan Matei\" \/>\n\t<meta name=\"twitter:label2\" content=\"Gesch\u00e4tzte Lesezeit\" \/>\n\t<meta name=\"twitter:data2\" content=\"2\u00a0Minuten\" \/>\n\t<meta name=\"twitter:label3\" content=\"Written by\" \/>\n\t<meta name=\"twitter:data3\" content=\"Bogdan Matei\" \/>\n<script type=\"application\/ld+json\" class=\"yoast-schema-graph\">{\"@context\":\"https:\\\/\\\/schema.org\",\"@graph\":[{\"@type\":\"Article\",\"@id\":\"https:\\\/\\\/www.rri.ro\\\/de\\\/aktuell\\\/rri-aktuell\\\/bruessel-fordert-republik-moldau-zu-reformen-auf-id459841.html#article\",\"isPartOf\":{\"@id\":\"https:\\\/\\\/www.rri.ro\\\/de\\\/aktuell\\\/rri-aktuell\\\/bruessel-fordert-republik-moldau-zu-reformen-auf-id459841.html\"},\"author\":{\"name\":\"Bogdan Matei\",\"@id\":\"https:\\\/\\\/www.rri.ro\\\/#\\\/schema\\\/person\\\/0ed327d40678578e6dbb840527e3ba32\"},\"headline\":\"Br\u00fcssel fordert Republik Moldau zu Reformen auf\",\"datePublished\":\"2016-05-20T12:57:00+00:00\",\"dateModified\":\"2024-02-19T18:20:24+00:00\",\"mainEntityOfPage\":{\"@id\":\"https:\\\/\\\/www.rri.ro\\\/de\\\/aktuell\\\/rri-aktuell\\\/bruessel-fordert-republik-moldau-zu-reformen-auf-id459841.html\"},\"wordCount\":443,\"image\":{\"@id\":\"https:\\\/\\\/www.rri.ro\\\/de\\\/aktuell\\\/rri-aktuell\\\/bruessel-fordert-republik-moldau-zu-reformen-auf-id459841.html#primaryimage\"},\"thumbnailUrl\":\"https:\\\/\\\/www.rri.ro\\\/wp-content\\\/uploads\\\/2023\\\/10\\\/steag-ue-moldova.png\",\"keywords\":[\"Assoziierungsabkommen\",\"chisinau\",\"Premier Pavel Filip\",\"Raub des Jahrhunderts\u201c\",\"Reformen\",\"Republik Moldau\"],\"articleSection\":[\"RRI Aktuell\"],\"inLanguage\":\"de\"},{\"@type\":\"WebPage\",\"@id\":\"https:\\\/\\\/www.rri.ro\\\/de\\\/aktuell\\\/rri-aktuell\\\/bruessel-fordert-republik-moldau-zu-reformen-auf-id459841.html\",\"url\":\"https:\\\/\\\/www.rri.ro\\\/de\\\/aktuell\\\/rri-aktuell\\\/bruessel-fordert-republik-moldau-zu-reformen-auf-id459841.html\",\"name\":\"Br\u00fcssel fordert Republik Moldau zu Reformen auf - Radio Rum\u00e4nien International\",\"isPartOf\":{\"@id\":\"https:\\\/\\\/www.rri.ro\\\/#website\"},\"primaryImageOfPage\":{\"@id\":\"https:\\\/\\\/www.rri.ro\\\/de\\\/aktuell\\\/rri-aktuell\\\/bruessel-fordert-republik-moldau-zu-reformen-auf-id459841.html#primaryimage\"},\"image\":{\"@id\":\"https:\\\/\\\/www.rri.ro\\\/de\\\/aktuell\\\/rri-aktuell\\\/bruessel-fordert-republik-moldau-zu-reformen-auf-id459841.html#primaryimage\"},\"thumbnailUrl\":\"https:\\\/\\\/www.rri.ro\\\/wp-content\\\/uploads\\\/2023\\\/10\\\/steag-ue-moldova.png\",\"datePublished\":\"2016-05-20T12:57:00+00:00\",\"dateModified\":\"2024-02-19T18:20:24+00:00\",\"author\":{\"@id\":\"https:\\\/\\\/www.rri.ro\\\/#\\\/schema\\\/person\\\/0ed327d40678578e6dbb840527e3ba32\"},\"breadcrumb\":{\"@id\":\"https:\\\/\\\/www.rri.ro\\\/de\\\/aktuell\\\/rri-aktuell\\\/bruessel-fordert-republik-moldau-zu-reformen-auf-id459841.html#breadcrumb\"},\"inLanguage\":\"de\",\"potentialAction\":[{\"@type\":\"ReadAction\",\"target\":[\"https:\\\/\\\/www.rri.ro\\\/de\\\/aktuell\\\/rri-aktuell\\\/bruessel-fordert-republik-moldau-zu-reformen-auf-id459841.html\"]}]},{\"@type\":\"ImageObject\",\"inLanguage\":\"de\",\"@id\":\"https:\\\/\\\/www.rri.ro\\\/de\\\/aktuell\\\/rri-aktuell\\\/bruessel-fordert-republik-moldau-zu-reformen-auf-id459841.html#primaryimage\",\"url\":\"https:\\\/\\\/www.rri.ro\\\/wp-content\\\/uploads\\\/2023\\\/10\\\/steag-ue-moldova.png\",\"contentUrl\":\"https:\\\/\\\/www.rri.ro\\\/wp-content\\\/uploads\\\/2023\\\/10\\\/steag-ue-moldova.png\",\"width\":640,\"height\":480},{\"@type\":\"BreadcrumbList\",\"@id\":\"https:\\\/\\\/www.rri.ro\\\/de\\\/aktuell\\\/rri-aktuell\\\/bruessel-fordert-republik-moldau-zu-reformen-auf-id459841.html#breadcrumb\",\"itemListElement\":[{\"@type\":\"ListItem\",\"position\":1,\"name\":\"Startseite\",\"item\":\"https:\\\/\\\/www.rri.ro\\\/de\"},{\"@type\":\"ListItem\",\"position\":2,\"name\":\"Aktuell\",\"item\":\"https:\\\/\\\/www.rri.ro\\\/de\\\/aktuell\"},{\"@type\":\"ListItem\",\"position\":3,\"name\":\"RRI Aktuell\",\"item\":\"https:\\\/\\\/www.rri.ro\\\/de\\\/aktuell\\\/rri-aktuell\"},{\"@type\":\"ListItem\",\"position\":4,\"name\":\"Br\u00fcssel fordert Republik Moldau zu Reformen auf\"}]},{\"@type\":\"WebSite\",\"@id\":\"https:\\\/\\\/www.rri.ro\\\/#website\",\"url\":\"https:\\\/\\\/www.rri.ro\\\/\",\"name\":\"Radio Rum\u00e4nien International\",\"description\":\"Totul despre Rom\u00e2nia \u015fi rom\u00e2ni, \u00een 13 limbi\\\/dialecte!\",\"inLanguage\":\"de\"},{\"@type\":\"Person\",\"@id\":\"https:\\\/\\\/www.rri.ro\\\/#\\\/schema\\\/person\\\/0ed327d40678578e6dbb840527e3ba32\",\"name\":\"Bogdan Matei\",\"url\":\"https:\\\/\\\/www.rri.ro\\\/de\\\/author\\\/bogdan-matei\"}]}<\/script>\n<!-- \/ Yoast SEO plugin. -->","yoast_head_json":{"title":"Br\u00fcssel fordert Republik Moldau zu Reformen auf - Radio Rum\u00e4nien International","robots":{"index":"index","follow":"follow","max-snippet":"max-snippet:-1","max-image-preview":"max-image-preview:large","max-video-preview":"max-video-preview:-1"},"canonical":"https:\/\/www.rri.ro\/de\/aktuell\/rri-aktuell\/bruessel-fordert-republik-moldau-zu-reformen-auf-id459841.html","og_locale":"de_DE","og_type":"article","og_title":"Br\u00fcssel fordert Republik Moldau zu Reformen auf - Radio Rum\u00e4nien International","og_description":"Die Europ\u00e4ische Union zeigt sich bereit, der Republik Moldau erneut ihre volle Unterst\u00fctzung zu gew\u00e4hren, warnt jedoch dass sie von Chi\u015fin\u0103u Taten anstatt Worte wartet. Der Akzent legt Br\u00fcssel nach wie vor auf die Fortsetzung tiefgreifender Reformen.","og_url":"https:\/\/www.rri.ro\/de\/aktuell\/rri-aktuell\/bruessel-fordert-republik-moldau-zu-reformen-auf-id459841.html","og_site_name":"Radio Rum\u00e4nien International","article_published_time":"2016-05-20T12:57:00+00:00","article_modified_time":"2024-02-19T18:20:24+00:00","og_image":[{"width":640,"height":480,"url":"https:\/\/www.rri.ro\/wp-content\/uploads\/2023\/10\/steag-ue-moldova.png","type":"image\/png"}],"author":"Bogdan Matei","twitter_card":"summary_large_image","twitter_misc":{"Verfasst von":"Bogdan Matei","Gesch\u00e4tzte Lesezeit":"2\u00a0Minuten","Written by":"Bogdan Matei"},"schema":{"@context":"https:\/\/schema.org","@graph":[{"@type":"Article","@id":"https:\/\/www.rri.ro\/de\/aktuell\/rri-aktuell\/bruessel-fordert-republik-moldau-zu-reformen-auf-id459841.html#article","isPartOf":{"@id":"https:\/\/www.rri.ro\/de\/aktuell\/rri-aktuell\/bruessel-fordert-republik-moldau-zu-reformen-auf-id459841.html"},"author":{"name":"Bogdan Matei","@id":"https:\/\/www.rri.ro\/#\/schema\/person\/0ed327d40678578e6dbb840527e3ba32"},"headline":"Br\u00fcssel fordert Republik Moldau zu Reformen auf","datePublished":"2016-05-20T12:57:00+00:00","dateModified":"2024-02-19T18:20:24+00:00","mainEntityOfPage":{"@id":"https:\/\/www.rri.ro\/de\/aktuell\/rri-aktuell\/bruessel-fordert-republik-moldau-zu-reformen-auf-id459841.html"},"wordCount":443,"image":{"@id":"https:\/\/www.rri.ro\/de\/aktuell\/rri-aktuell\/bruessel-fordert-republik-moldau-zu-reformen-auf-id459841.html#primaryimage"},"thumbnailUrl":"https:\/\/www.rri.ro\/wp-content\/uploads\/2023\/10\/steag-ue-moldova.png","keywords":["Assoziierungsabkommen","chisinau","Premier Pavel Filip","Raub des Jahrhunderts\u201c","Reformen","Republik Moldau"],"articleSection":["RRI Aktuell"],"inLanguage":"de"},{"@type":"WebPage","@id":"https:\/\/www.rri.ro\/de\/aktuell\/rri-aktuell\/bruessel-fordert-republik-moldau-zu-reformen-auf-id459841.html","url":"https:\/\/www.rri.ro\/de\/aktuell\/rri-aktuell\/bruessel-fordert-republik-moldau-zu-reformen-auf-id459841.html","name":"Br\u00fcssel fordert Republik Moldau zu Reformen auf - Radio Rum\u00e4nien International","isPartOf":{"@id":"https:\/\/www.rri.ro\/#website"},"primaryImageOfPage":{"@id":"https:\/\/www.rri.ro\/de\/aktuell\/rri-aktuell\/bruessel-fordert-republik-moldau-zu-reformen-auf-id459841.html#primaryimage"},"image":{"@id":"https:\/\/www.rri.ro\/de\/aktuell\/rri-aktuell\/bruessel-fordert-republik-moldau-zu-reformen-auf-id459841.html#primaryimage"},"thumbnailUrl":"https:\/\/www.rri.ro\/wp-content\/uploads\/2023\/10\/steag-ue-moldova.png","datePublished":"2016-05-20T12:57:00+00:00","dateModified":"2024-02-19T18:20:24+00:00","author":{"@id":"https:\/\/www.rri.ro\/#\/schema\/person\/0ed327d40678578e6dbb840527e3ba32"},"breadcrumb":{"@id":"https:\/\/www.rri.ro\/de\/aktuell\/rri-aktuell\/bruessel-fordert-republik-moldau-zu-reformen-auf-id459841.html#breadcrumb"},"inLanguage":"de","potentialAction":[{"@type":"ReadAction","target":["https:\/\/www.rri.ro\/de\/aktuell\/rri-aktuell\/bruessel-fordert-republik-moldau-zu-reformen-auf-id459841.html"]}]},{"@type":"ImageObject","inLanguage":"de","@id":"https:\/\/www.rri.ro\/de\/aktuell\/rri-aktuell\/bruessel-fordert-republik-moldau-zu-reformen-auf-id459841.html#primaryimage","url":"https:\/\/www.rri.ro\/wp-content\/uploads\/2023\/10\/steag-ue-moldova.png","contentUrl":"https:\/\/www.rri.ro\/wp-content\/uploads\/2023\/10\/steag-ue-moldova.png","width":640,"height":480},{"@type":"BreadcrumbList","@id":"https:\/\/www.rri.ro\/de\/aktuell\/rri-aktuell\/bruessel-fordert-republik-moldau-zu-reformen-auf-id459841.html#breadcrumb","itemListElement":[{"@type":"ListItem","position":1,"name":"Startseite","item":"https:\/\/www.rri.ro\/de"},{"@type":"ListItem","position":2,"name":"Aktuell","item":"https:\/\/www.rri.ro\/de\/aktuell"},{"@type":"ListItem","position":3,"name":"RRI Aktuell","item":"https:\/\/www.rri.ro\/de\/aktuell\/rri-aktuell"},{"@type":"ListItem","position":4,"name":"Br\u00fcssel fordert Republik Moldau zu Reformen auf"}]},{"@type":"WebSite","@id":"https:\/\/www.rri.ro\/#website","url":"https:\/\/www.rri.ro\/","name":"Radio Rum\u00e4nien International","description":"Totul despre Rom\u00e2nia \u015fi rom\u00e2ni, \u00een 13 limbi\/dialecte!","inLanguage":"de"},{"@type":"Person","@id":"https:\/\/www.rri.ro\/#\/schema\/person\/0ed327d40678578e6dbb840527e3ba32","name":"Bogdan Matei","url":"https:\/\/www.rri.ro\/de\/author\/bogdan-matei"}]}},"_links":{"self":[{"href":"https:\/\/www.rri.ro\/de\/wp-json\/wp\/v2\/posts\/459841","targetHints":{"allow":["GET"]}}],"collection":[{"href":"https:\/\/www.rri.ro\/de\/wp-json\/wp\/v2\/posts"}],"about":[{"href":"https:\/\/www.rri.ro\/de\/wp-json\/wp\/v2\/types\/post"}],"author":[{"embeddable":true,"href":"https:\/\/www.rri.ro\/de\/wp-json\/wp\/v2\/users\/105"}],"replies":[{"embeddable":true,"href":"https:\/\/www.rri.ro\/de\/wp-json\/wp\/v2\/comments?post=459841"}],"version-history":[{"count":0,"href":"https:\/\/www.rri.ro\/de\/wp-json\/wp\/v2\/posts\/459841\/revisions"}],"wp:featuredmedia":[{"embeddable":true,"href":"https:\/\/www.rri.ro\/de\/wp-json\/wp\/v2\/media\/47763"}],"wp:attachment":[{"href":"https:\/\/www.rri.ro\/de\/wp-json\/wp\/v2\/media?parent=459841"}],"wp:term":[{"taxonomy":"category","embeddable":true,"href":"https:\/\/www.rri.ro\/de\/wp-json\/wp\/v2\/categories?post=459841"},{"taxonomy":"post_tag","embeddable":true,"href":"https:\/\/www.rri.ro\/de\/wp-json\/wp\/v2\/tags?post=459841"},{"taxonomy":"author","embeddable":true,"href":"https:\/\/www.rri.ro\/de\/wp-json\/wp\/v2\/coauthors?post=459841"}],"curies":[{"name":"wp","href":"https:\/\/api.w.org\/{rel}","templated":true}]}}