{"id":459880,"date":"2016-06-14T17:20:00","date_gmt":"2016-06-14T14:20:00","guid":{"rendered":"http:\/\/devrri.freshlemon.ro\/aktuell\/revolutionsakte-von-1989-wird-wieder-eroeffnet-id459880.html"},"modified":"2024-02-19T20:20:52","modified_gmt":"2024-02-19T18:20:52","slug":"revolutionsakte-von-1989-wird-wieder-eroeffnet","status":"publish","type":"post","link":"https:\/\/www.rri.ro\/de\/aktuell\/rri-aktuell\/revolutionsakte-von-1989-wird-wieder-eroeffnet-id459880.html","title":{"rendered":"Revolutionsakte von 1989 wird wieder er\u00f6ffnet"},"content":{"rendered":"<p>Auch wenn mehr als 25 Jahre seit dem Fall des Kommunismus in Rum\u00e4nien vergangen sind, wissen die Familien der Revolutions-Opfer immer noch nicht wer geschossen hat. Die antikommunistische Revolution von 1989 hat tiefe Wunden hinterlassen. Rum\u00e4nien war das einzige Land in dem damals Menschen auf der Stra\u200e\u00dfe erschossen wurden. Der Polizei-Staat, die Wirtschaftspolitik, die harte Austerit\u00e4t, die vom Ceausescu-Regime durchgesetzt wurde, sind nur ein paar der Gr\u00fcnde, die die Rum\u00e4nen dazu gebracht haben auf die Stra\u200e\u00dfe zu gehen. Im Oktober letzten Jahres hatte die Milit\u00e4r-Staatsanwaltschaft beschlossen die Revolutionsakte zu schlie\u200e\u00dfen, nachdem die Ermittlungen jahrelang nichts gebracht haben. Laut den Staatsanw\u00e4lten, seien bei der Revolution vom Dezember 1989 709 Personen ums Leben gekommen. 1855 Personen erlitten Schuss-Wunden und weitere 343 wurden unter anderen Umst\u00e4nden verletzt. 924 Menschen wurden verhaftet.<\/p>\n<p>&#13;<br \/>\n&#13;<\/p>\n<p>&#13;<br \/>\n&#13;<\/p>\n<p>&#13;<br \/>\n&#13;<\/p>\n<p>Die Taten sind verj\u00e4hrt oder sind nicht als Straft eingestuft, da es sich um zuf\u00e4llig get\u00f6tete Menschen handele, so die Staatsanw\u00e4lte von der Generalstaatsanwaltschaft. Diese Entscheidung hat bei vielen Rum\u00e4nen f\u00fcr Unzufriedenheit gesorgt und sie dazu gebracht die Ma\u200e\u00dfnahme beim Obersten Gerichtshof anzufechten. Der Europ\u00e4ische Gerichtshof hatte Rum\u00e4nien zur Zahlung von Entsch\u00e4digungen an Angeh\u00f6rige der Revolutionsopfer von 1989 verurteilt, da Bukarest die Drahtzieher auch 26 Jahre nach den blutigen Ereignissen w\u00e4hrend der Revolte gegen das kommunistische Regime nicht identifiziert und vor Gericht gestellt habe.<\/p>\n<p>&#13;<br \/>\n&#13;<\/p>\n<p>&#13;<br \/>\n&#13;<\/p>\n<p>&#13;<br \/>\n&#13;<\/p>\n<p>Der Hohe Kasssationshof hat am Montag den Beschluss der Generalstaatsanwaltschaft best\u00e4tigt, laut dem die Akten des blutigen Aufstands gegen das Regime von Ceau\u015fescu er\u00f6ffnet werden. April 2016 gab der Interims-Generalstaatsanwalt Bogdan Licu bekannt,  dass die Milit\u00e4rakte der Revolution er\u00f6ffnet wird, nachdem sie 2015 von der Milit\u00e4r-Staatsanwaltschaft geschlossen wurde. Die Schlie\u200e\u00dfung der Akte sei laut Licu unbegr\u00fcndet und gesetzwidrig und beruhe auf unvollst\u00e4ndigen Untersuchungen sowie auf dem \u00dcbersehen wichtiger Informationen und Dokumente. Seiner Meinung nach, h\u00e4tte die Milit\u00e4r-Staatsanwaltschaft sich nicht um die Deklassierung der Dokumente, die dem Bericht des Senats-Ausschusses betreffend die Revolution zu Grunde lagen, gek\u00fcmmert. Dieser Ausschuss habe Tausende Befragungen durchgef\u00fchrt und vom Verteidigungsministerium, vom Innenministerium und vom rum\u00e4nischen Informationsdienst Dokumente bekommen. Teile dieser Stenogramme und Dokumente wurden in den letzten 26 Jahren in unterschiedlichen B\u00fcchern ver\u00f6ffentlicht.<\/p>\n<p>&#13;<\/p>\n","protected":false},"excerpt":{"rendered":"<p>Die Richter des Hohen Kasssationshofs haben am Montag den Beschluss der Generalstaatsanwaltschaft best\u00e4tigt, laut dem die Revolutionsakte wieder er\u00f6ffnet wird. Die Milit\u00e4r-Staatsanwaltschaft hatte im Oktober letzten Jahres die Akte geschlossen.<\/p>\n","protected":false},"author":46,"featured_media":66640,"comment_status":"closed","ping_status":"closed","sticky":false,"template":"","format":"standard","meta":{"_acf_changed":false,"footnotes":""},"categories":[99583],"tags":[103349,103350,99625,103351,31366,160159],"coauthors":[],"class_list":["post-459880","post","type-post","status-publish","format-standard","has-post-thumbnail","hentry","category-rri-aktuell","tag-dezemeber-1989","tag-fall-des-kommunismus","tag-justiz","tag-kommunismus-in-rumaenien","tag-nicolae-ceausescu","tag-revolution-de"],"acf":[],"yoast_head":"<!-- This site is optimized with the Yoast SEO plugin v27.3 - https:\/\/yoast.com\/product\/yoast-seo-wordpress\/ -->\n<title>Revolutionsakte von 1989 wird wieder er\u00f6ffnet - Radio Rum\u00e4nien International<\/title>\n<meta name=\"robots\" content=\"index, follow, max-snippet:-1, max-image-preview:large, max-video-preview:-1\" \/>\n<link rel=\"canonical\" href=\"https:\/\/www.rri.ro\/de\/aktuell\/rri-aktuell\/revolutionsakte-von-1989-wird-wieder-eroeffnet-id459880.html\" \/>\n<meta property=\"og:locale\" content=\"de_DE\" \/>\n<meta property=\"og:type\" content=\"article\" \/>\n<meta property=\"og:title\" content=\"Revolutionsakte von 1989 wird wieder er\u00f6ffnet - Radio Rum\u00e4nien International\" \/>\n<meta property=\"og:description\" content=\"Die Richter des Hohen Kasssationshofs haben am Montag den Beschluss der Generalstaatsanwaltschaft best\u00e4tigt, laut dem die Revolutionsakte wieder er\u00f6ffnet wird. Die Milit\u00e4r-Staatsanwaltschaft hatte im Oktober letzten Jahres die Akte geschlossen.\" \/>\n<meta property=\"og:url\" content=\"https:\/\/www.rri.ro\/de\/aktuell\/rri-aktuell\/revolutionsakte-von-1989-wird-wieder-eroeffnet-id459880.html\" \/>\n<meta property=\"og:site_name\" content=\"Radio Rum\u00e4nien International\" \/>\n<meta property=\"article:published_time\" content=\"2016-06-14T14:20:00+00:00\" \/>\n<meta property=\"article:modified_time\" content=\"2024-02-19T18:20:52+00:00\" \/>\n<meta property=\"og:image\" content=\"https:\/\/www.rri.ro\/wp-content\/uploads\/2023\/10\/revolutie-decembrie-1989-steag-gaurit.png\" \/>\n\t<meta property=\"og:image:width\" content=\"640\" \/>\n\t<meta property=\"og:image:height\" content=\"480\" \/>\n\t<meta property=\"og:image:type\" content=\"image\/png\" \/>\n<meta name=\"author\" content=\"Leyla Cheamil\" \/>\n<meta name=\"twitter:card\" content=\"summary_large_image\" \/>\n<meta name=\"twitter:label1\" content=\"Verfasst von\" \/>\n\t<meta name=\"twitter:data1\" content=\"Leyla Cheamil\" \/>\n\t<meta name=\"twitter:label2\" content=\"Gesch\u00e4tzte Lesezeit\" \/>\n\t<meta name=\"twitter:data2\" content=\"2\u00a0Minuten\" \/>\n\t<meta name=\"twitter:label3\" content=\"Written by\" \/>\n\t<meta name=\"twitter:data3\" content=\"Leyla Cheamil\" \/>\n<script type=\"application\/ld+json\" class=\"yoast-schema-graph\">{\"@context\":\"https:\\\/\\\/schema.org\",\"@graph\":[{\"@type\":\"Article\",\"@id\":\"https:\\\/\\\/www.rri.ro\\\/de\\\/aktuell\\\/rri-aktuell\\\/revolutionsakte-von-1989-wird-wieder-eroeffnet-id459880.html#article\",\"isPartOf\":{\"@id\":\"https:\\\/\\\/www.rri.ro\\\/de\\\/aktuell\\\/rri-aktuell\\\/revolutionsakte-von-1989-wird-wieder-eroeffnet-id459880.html\"},\"author\":{\"name\":\"Leyla Cheamil\",\"@id\":\"https:\\\/\\\/www.rri.ro\\\/#\\\/schema\\\/person\\\/e6364ed2d4b6af207a82ca66000d07e0\"},\"headline\":\"Revolutionsakte von 1989 wird wieder er\u00f6ffnet\",\"datePublished\":\"2016-06-14T14:20:00+00:00\",\"dateModified\":\"2024-02-19T18:20:52+00:00\",\"mainEntityOfPage\":{\"@id\":\"https:\\\/\\\/www.rri.ro\\\/de\\\/aktuell\\\/rri-aktuell\\\/revolutionsakte-von-1989-wird-wieder-eroeffnet-id459880.html\"},\"wordCount\":373,\"image\":{\"@id\":\"https:\\\/\\\/www.rri.ro\\\/de\\\/aktuell\\\/rri-aktuell\\\/revolutionsakte-von-1989-wird-wieder-eroeffnet-id459880.html#primaryimage\"},\"thumbnailUrl\":\"https:\\\/\\\/www.rri.ro\\\/wp-content\\\/uploads\\\/2023\\\/10\\\/revolutie-decembrie-1989-steag-gaurit.png\",\"keywords\":[\"Dezemeber 1989\",\"Fall des Kommunismus\",\"Justiz\",\"Kommunismus in Rum\u00e4nien\",\"Nicolae Ceausescu\",\"Revolution\"],\"articleSection\":[\"RRI Aktuell\"],\"inLanguage\":\"de\"},{\"@type\":\"WebPage\",\"@id\":\"https:\\\/\\\/www.rri.ro\\\/de\\\/aktuell\\\/rri-aktuell\\\/revolutionsakte-von-1989-wird-wieder-eroeffnet-id459880.html\",\"url\":\"https:\\\/\\\/www.rri.ro\\\/de\\\/aktuell\\\/rri-aktuell\\\/revolutionsakte-von-1989-wird-wieder-eroeffnet-id459880.html\",\"name\":\"Revolutionsakte von 1989 wird wieder er\u00f6ffnet - Radio Rum\u00e4nien International\",\"isPartOf\":{\"@id\":\"https:\\\/\\\/www.rri.ro\\\/#website\"},\"primaryImageOfPage\":{\"@id\":\"https:\\\/\\\/www.rri.ro\\\/de\\\/aktuell\\\/rri-aktuell\\\/revolutionsakte-von-1989-wird-wieder-eroeffnet-id459880.html#primaryimage\"},\"image\":{\"@id\":\"https:\\\/\\\/www.rri.ro\\\/de\\\/aktuell\\\/rri-aktuell\\\/revolutionsakte-von-1989-wird-wieder-eroeffnet-id459880.html#primaryimage\"},\"thumbnailUrl\":\"https:\\\/\\\/www.rri.ro\\\/wp-content\\\/uploads\\\/2023\\\/10\\\/revolutie-decembrie-1989-steag-gaurit.png\",\"datePublished\":\"2016-06-14T14:20:00+00:00\",\"dateModified\":\"2024-02-19T18:20:52+00:00\",\"author\":{\"@id\":\"https:\\\/\\\/www.rri.ro\\\/#\\\/schema\\\/person\\\/e6364ed2d4b6af207a82ca66000d07e0\"},\"breadcrumb\":{\"@id\":\"https:\\\/\\\/www.rri.ro\\\/de\\\/aktuell\\\/rri-aktuell\\\/revolutionsakte-von-1989-wird-wieder-eroeffnet-id459880.html#breadcrumb\"},\"inLanguage\":\"de\",\"potentialAction\":[{\"@type\":\"ReadAction\",\"target\":[\"https:\\\/\\\/www.rri.ro\\\/de\\\/aktuell\\\/rri-aktuell\\\/revolutionsakte-von-1989-wird-wieder-eroeffnet-id459880.html\"]}]},{\"@type\":\"ImageObject\",\"inLanguage\":\"de\",\"@id\":\"https:\\\/\\\/www.rri.ro\\\/de\\\/aktuell\\\/rri-aktuell\\\/revolutionsakte-von-1989-wird-wieder-eroeffnet-id459880.html#primaryimage\",\"url\":\"https:\\\/\\\/www.rri.ro\\\/wp-content\\\/uploads\\\/2023\\\/10\\\/revolutie-decembrie-1989-steag-gaurit.png\",\"contentUrl\":\"https:\\\/\\\/www.rri.ro\\\/wp-content\\\/uploads\\\/2023\\\/10\\\/revolutie-decembrie-1989-steag-gaurit.png\",\"width\":640,\"height\":480},{\"@type\":\"BreadcrumbList\",\"@id\":\"https:\\\/\\\/www.rri.ro\\\/de\\\/aktuell\\\/rri-aktuell\\\/revolutionsakte-von-1989-wird-wieder-eroeffnet-id459880.html#breadcrumb\",\"itemListElement\":[{\"@type\":\"ListItem\",\"position\":1,\"name\":\"Startseite\",\"item\":\"https:\\\/\\\/www.rri.ro\\\/de\"},{\"@type\":\"ListItem\",\"position\":2,\"name\":\"Aktuell\",\"item\":\"https:\\\/\\\/www.rri.ro\\\/de\\\/aktuell\"},{\"@type\":\"ListItem\",\"position\":3,\"name\":\"RRI Aktuell\",\"item\":\"https:\\\/\\\/www.rri.ro\\\/de\\\/aktuell\\\/rri-aktuell\"},{\"@type\":\"ListItem\",\"position\":4,\"name\":\"Revolutionsakte von 1989 wird wieder er\u00f6ffnet\"}]},{\"@type\":\"WebSite\",\"@id\":\"https:\\\/\\\/www.rri.ro\\\/#website\",\"url\":\"https:\\\/\\\/www.rri.ro\\\/\",\"name\":\"Radio Rum\u00e4nien International\",\"description\":\"Totul despre Rom\u00e2nia \u015fi rom\u00e2ni, \u00een 13 limbi\\\/dialecte!\",\"inLanguage\":\"de\"},{\"@type\":\"Person\",\"@id\":\"https:\\\/\\\/www.rri.ro\\\/#\\\/schema\\\/person\\\/e6364ed2d4b6af207a82ca66000d07e0\",\"name\":\"Leyla Cheamil\",\"url\":\"https:\\\/\\\/www.rri.ro\\\/de\\\/author\\\/leyla-cheamil\"}]}<\/script>\n<!-- \/ Yoast SEO plugin. -->","yoast_head_json":{"title":"Revolutionsakte von 1989 wird wieder er\u00f6ffnet - Radio Rum\u00e4nien International","robots":{"index":"index","follow":"follow","max-snippet":"max-snippet:-1","max-image-preview":"max-image-preview:large","max-video-preview":"max-video-preview:-1"},"canonical":"https:\/\/www.rri.ro\/de\/aktuell\/rri-aktuell\/revolutionsakte-von-1989-wird-wieder-eroeffnet-id459880.html","og_locale":"de_DE","og_type":"article","og_title":"Revolutionsakte von 1989 wird wieder er\u00f6ffnet - Radio Rum\u00e4nien International","og_description":"Die Richter des Hohen Kasssationshofs haben am Montag den Beschluss der Generalstaatsanwaltschaft best\u00e4tigt, laut dem die Revolutionsakte wieder er\u00f6ffnet wird. Die Milit\u00e4r-Staatsanwaltschaft hatte im Oktober letzten Jahres die Akte geschlossen.","og_url":"https:\/\/www.rri.ro\/de\/aktuell\/rri-aktuell\/revolutionsakte-von-1989-wird-wieder-eroeffnet-id459880.html","og_site_name":"Radio Rum\u00e4nien International","article_published_time":"2016-06-14T14:20:00+00:00","article_modified_time":"2024-02-19T18:20:52+00:00","og_image":[{"width":640,"height":480,"url":"https:\/\/www.rri.ro\/wp-content\/uploads\/2023\/10\/revolutie-decembrie-1989-steag-gaurit.png","type":"image\/png"}],"author":"Leyla Cheamil","twitter_card":"summary_large_image","twitter_misc":{"Verfasst von":"Leyla Cheamil","Gesch\u00e4tzte Lesezeit":"2\u00a0Minuten","Written by":"Leyla Cheamil"},"schema":{"@context":"https:\/\/schema.org","@graph":[{"@type":"Article","@id":"https:\/\/www.rri.ro\/de\/aktuell\/rri-aktuell\/revolutionsakte-von-1989-wird-wieder-eroeffnet-id459880.html#article","isPartOf":{"@id":"https:\/\/www.rri.ro\/de\/aktuell\/rri-aktuell\/revolutionsakte-von-1989-wird-wieder-eroeffnet-id459880.html"},"author":{"name":"Leyla Cheamil","@id":"https:\/\/www.rri.ro\/#\/schema\/person\/e6364ed2d4b6af207a82ca66000d07e0"},"headline":"Revolutionsakte von 1989 wird wieder er\u00f6ffnet","datePublished":"2016-06-14T14:20:00+00:00","dateModified":"2024-02-19T18:20:52+00:00","mainEntityOfPage":{"@id":"https:\/\/www.rri.ro\/de\/aktuell\/rri-aktuell\/revolutionsakte-von-1989-wird-wieder-eroeffnet-id459880.html"},"wordCount":373,"image":{"@id":"https:\/\/www.rri.ro\/de\/aktuell\/rri-aktuell\/revolutionsakte-von-1989-wird-wieder-eroeffnet-id459880.html#primaryimage"},"thumbnailUrl":"https:\/\/www.rri.ro\/wp-content\/uploads\/2023\/10\/revolutie-decembrie-1989-steag-gaurit.png","keywords":["Dezemeber 1989","Fall des Kommunismus","Justiz","Kommunismus in Rum\u00e4nien","Nicolae Ceausescu","Revolution"],"articleSection":["RRI Aktuell"],"inLanguage":"de"},{"@type":"WebPage","@id":"https:\/\/www.rri.ro\/de\/aktuell\/rri-aktuell\/revolutionsakte-von-1989-wird-wieder-eroeffnet-id459880.html","url":"https:\/\/www.rri.ro\/de\/aktuell\/rri-aktuell\/revolutionsakte-von-1989-wird-wieder-eroeffnet-id459880.html","name":"Revolutionsakte von 1989 wird wieder er\u00f6ffnet - Radio Rum\u00e4nien International","isPartOf":{"@id":"https:\/\/www.rri.ro\/#website"},"primaryImageOfPage":{"@id":"https:\/\/www.rri.ro\/de\/aktuell\/rri-aktuell\/revolutionsakte-von-1989-wird-wieder-eroeffnet-id459880.html#primaryimage"},"image":{"@id":"https:\/\/www.rri.ro\/de\/aktuell\/rri-aktuell\/revolutionsakte-von-1989-wird-wieder-eroeffnet-id459880.html#primaryimage"},"thumbnailUrl":"https:\/\/www.rri.ro\/wp-content\/uploads\/2023\/10\/revolutie-decembrie-1989-steag-gaurit.png","datePublished":"2016-06-14T14:20:00+00:00","dateModified":"2024-02-19T18:20:52+00:00","author":{"@id":"https:\/\/www.rri.ro\/#\/schema\/person\/e6364ed2d4b6af207a82ca66000d07e0"},"breadcrumb":{"@id":"https:\/\/www.rri.ro\/de\/aktuell\/rri-aktuell\/revolutionsakte-von-1989-wird-wieder-eroeffnet-id459880.html#breadcrumb"},"inLanguage":"de","potentialAction":[{"@type":"ReadAction","target":["https:\/\/www.rri.ro\/de\/aktuell\/rri-aktuell\/revolutionsakte-von-1989-wird-wieder-eroeffnet-id459880.html"]}]},{"@type":"ImageObject","inLanguage":"de","@id":"https:\/\/www.rri.ro\/de\/aktuell\/rri-aktuell\/revolutionsakte-von-1989-wird-wieder-eroeffnet-id459880.html#primaryimage","url":"https:\/\/www.rri.ro\/wp-content\/uploads\/2023\/10\/revolutie-decembrie-1989-steag-gaurit.png","contentUrl":"https:\/\/www.rri.ro\/wp-content\/uploads\/2023\/10\/revolutie-decembrie-1989-steag-gaurit.png","width":640,"height":480},{"@type":"BreadcrumbList","@id":"https:\/\/www.rri.ro\/de\/aktuell\/rri-aktuell\/revolutionsakte-von-1989-wird-wieder-eroeffnet-id459880.html#breadcrumb","itemListElement":[{"@type":"ListItem","position":1,"name":"Startseite","item":"https:\/\/www.rri.ro\/de"},{"@type":"ListItem","position":2,"name":"Aktuell","item":"https:\/\/www.rri.ro\/de\/aktuell"},{"@type":"ListItem","position":3,"name":"RRI Aktuell","item":"https:\/\/www.rri.ro\/de\/aktuell\/rri-aktuell"},{"@type":"ListItem","position":4,"name":"Revolutionsakte von 1989 wird wieder er\u00f6ffnet"}]},{"@type":"WebSite","@id":"https:\/\/www.rri.ro\/#website","url":"https:\/\/www.rri.ro\/","name":"Radio Rum\u00e4nien International","description":"Totul despre Rom\u00e2nia \u015fi rom\u00e2ni, \u00een 13 limbi\/dialecte!","inLanguage":"de"},{"@type":"Person","@id":"https:\/\/www.rri.ro\/#\/schema\/person\/e6364ed2d4b6af207a82ca66000d07e0","name":"Leyla Cheamil","url":"https:\/\/www.rri.ro\/de\/author\/leyla-cheamil"}]}},"_links":{"self":[{"href":"https:\/\/www.rri.ro\/de\/wp-json\/wp\/v2\/posts\/459880","targetHints":{"allow":["GET"]}}],"collection":[{"href":"https:\/\/www.rri.ro\/de\/wp-json\/wp\/v2\/posts"}],"about":[{"href":"https:\/\/www.rri.ro\/de\/wp-json\/wp\/v2\/types\/post"}],"author":[{"embeddable":true,"href":"https:\/\/www.rri.ro\/de\/wp-json\/wp\/v2\/users\/46"}],"replies":[{"embeddable":true,"href":"https:\/\/www.rri.ro\/de\/wp-json\/wp\/v2\/comments?post=459880"}],"version-history":[{"count":0,"href":"https:\/\/www.rri.ro\/de\/wp-json\/wp\/v2\/posts\/459880\/revisions"}],"wp:featuredmedia":[{"embeddable":true,"href":"https:\/\/www.rri.ro\/de\/wp-json\/wp\/v2\/media\/66640"}],"wp:attachment":[{"href":"https:\/\/www.rri.ro\/de\/wp-json\/wp\/v2\/media?parent=459880"}],"wp:term":[{"taxonomy":"category","embeddable":true,"href":"https:\/\/www.rri.ro\/de\/wp-json\/wp\/v2\/categories?post=459880"},{"taxonomy":"post_tag","embeddable":true,"href":"https:\/\/www.rri.ro\/de\/wp-json\/wp\/v2\/tags?post=459880"},{"taxonomy":"author","embeddable":true,"href":"https:\/\/www.rri.ro\/de\/wp-json\/wp\/v2\/coauthors?post=459880"}],"curies":[{"name":"wp","href":"https:\/\/api.w.org\/{rel}","templated":true}]}}