{"id":459913,"date":"2016-07-01T17:06:00","date_gmt":"2016-07-01T14:06:00","guid":{"rendered":"http:\/\/devrri.freshlemon.ro\/aktuell\/wirkt-sich-das-brexit-votum-auch-auf-rumaeniens-wirtschaft-aus-id459913.html"},"modified":"2024-02-19T20:21:08","modified_gmt":"2024-02-19T18:21:08","slug":"wirkt-sich-das-brexit-votum-auch-auf-rumaeniens-wirtschaft-aus","status":"publish","type":"post","link":"https:\/\/www.rri.ro\/de\/aktuell\/rri-aktuell\/wirkt-sich-das-brexit-votum-auch-auf-rumaeniens-wirtschaft-aus-id459913.html","title":{"rendered":"Wirkt sich das Brexit-Votum auch auf Rum\u00e4niens Wirtschaft aus?"},"content":{"rendered":"<p>Die Geometrie und Architektur der EU w\u00fcrden sich mit dem Austritt Gro\u00dfbritanniens bedeutend ver\u00e4ndern. Deshalb m\u00fcssten wir die besten Wege finden, um uns der Sache anzunehmen, sagte Pr\u00e4sident Klaus Iohannis, der nach dem Europ\u00e4ischen Rat zum Brexit-Votum in Br\u00fcssel zur\u00fcckgekehrt ist. Deshalb wollen Premierminister Dacian Ciolos, Nationalbankchef Mugur Isarescu und die Chefs der Parlamentsparteien kommende Woche eine neue Beratungsrunde mit dem Staatschef abhalten. Bereits nach Bekanntgabe des Ergebnisses bei dem Referendum hatten Beratungen stattgefunden.<\/p>\n<p>&#13;<br \/>\n&#13;<\/p>\n<p>&#13;<br \/>\n&#13;<\/p>\n<p>Es sei an der Zeit, uns auf das zu konzentrieren, was in Europa aber auch in Rum\u00e4nien passieren wird, sagt Iohannis. Es sei ein neues L\u00e4nderprojekt nach dem Beitritt notwendig, so der Staatschef. Die Entscheidung der Briten \u00fcber den Austritt aus der EU habe sich weniger auf die Finanzm\u00e4rkte in Rum\u00e4nien als in anderen Regionen ausgewirkt, sagte Nationalbankchef Mugur Is\u0103rescu. Das soll aber nicht hei\u00dfen, dass die Folgen in Zukunft nicht st\u00e4rker zu sp\u00fcren sein werden. Extrem geringe Ver\u00e4nderungen seien auf den W\u00e4hrungs- und Devisenm\u00e4rkten in Rum\u00e4nien infolge des Referendums verzeichnet worden. Es sei eher die Rede von emotionalen Entscheidungen, erkl\u00e4rte der Gouverneur noch.  Die historische Entscheidung der Briten habe die Ungewi\u00dfheit auf internationalen M\u00e4rkten noch weiter in die H\u00f6he getrieben, so Is\u0103rescu:<\/p>\n<p>&#13;<br \/>\n&#13;<\/p>\n<p>&#13;<br \/>\n&#13;<\/p>\n<p> <strong><\/strong><em>Es dominiert die Ungewi\u00dfheit und das nicht nur bei uns, in Europa und in der Welt generell. Als Folg und relative Neuheit kommt hinzu, dass unser Ansatz viel pragmatischer wird. Wir verfolgen die Entwicklung der Dinge und setzen das verf\u00fcgbare Arsenal ein. In diesem Sinne kommt uns auch zugute, dass die Nationalbank \u00fcber ihr gesamtes Arsenal verf\u00fcgt. Es gibt keine eingefrorenen oder verfallene Instrumente. Das ist ein Vorteil.<\/em><strong><\/strong><\/p>\n<p>&#13;<br \/>\n&#13;<\/p>\n<p>&#13;<br \/>\n&#13;<\/p>\n<p>Die Auswirkungen des Brexits w\u00fcrden in Rum\u00e4nien auf drei Ebenen zum Ausdruck kommen: extrem kurzfristig, also insbesondere auf den Finanzm\u00e4rkten, mittelfristig (1-2 Jahre), also die wirtschaftliche Dimension betreffend und langfristig, die politische und institutionelle Dimension betreffend. Das erkl\u00e4rte der Vizegouverneur der Nationalbank, Bogdan Olteanu. Er versicherte beschwichtigend, dass es keinen Absturz und keinen Chaos gegeben habe, dass die M\u00e4rkte gut funktionierten, und die Liquidit\u00e4ten gut im Umlauf seien. Es werde noch weitere Turbulenzen in den kommenden Wochen geben, allerdings verf\u00fcge man auf globaler Ebene \u00fcber das notwendige Instrumentarium um sie in Griff zu bekommen, hie\u00df es abschlie\u00dfend.<\/p>\n<p>&#13;<\/p>\n","protected":false},"excerpt":{"rendered":"<p>Pr\u00e4sident Klaus Iohannis hat Ministerpr\u00e4sident Dacian Ciolo\u015f, Nationalbankchef Mugur Isarescu und die Chefs der Parlamentsparteien zu Beratungen zum Brexit kommenden Montag eingeladen.<\/p>\n","protected":false},"author":108,"featured_media":69181,"comment_status":"closed","ping_status":"closed","sticky":false,"template":"","format":"standard","meta":{"_acf_changed":false,"footnotes":""},"categories":[99583],"tags":[101925,14005,29504,100841,103389,29125,30059,99749,102114,99589],"coauthors":[],"class_list":["post-459913","post","type-post","status-publish","format-standard","has-post-thumbnail","hentry","category-rri-aktuell","tag-beratungen","tag-brexit","tag-ciolos","tag-devisen","tag-finanzmaerkte","tag-iohannis","tag-isarescu","tag-notenbank","tag-praesident","tag-rumaenien"],"acf":[],"yoast_head":"<!-- This site is optimized with the Yoast SEO plugin v27.3 - https:\/\/yoast.com\/product\/yoast-seo-wordpress\/ -->\n<title>Wirkt sich das Brexit-Votum auch auf Rum\u00e4niens Wirtschaft aus? - Radio Rum\u00e4nien International<\/title>\n<meta name=\"robots\" content=\"index, follow, max-snippet:-1, max-image-preview:large, max-video-preview:-1\" \/>\n<link rel=\"canonical\" href=\"https:\/\/www.rri.ro\/de\/aktuell\/rri-aktuell\/wirkt-sich-das-brexit-votum-auch-auf-rumaeniens-wirtschaft-aus-id459913.html\" \/>\n<meta property=\"og:locale\" content=\"de_DE\" \/>\n<meta property=\"og:type\" content=\"article\" \/>\n<meta property=\"og:title\" content=\"Wirkt sich das Brexit-Votum auch auf Rum\u00e4niens Wirtschaft aus? - Radio Rum\u00e4nien International\" \/>\n<meta property=\"og:description\" content=\"Pr\u00e4sident Klaus Iohannis hat Ministerpr\u00e4sident Dacian Ciolo\u015f, Nationalbankchef Mugur Isarescu und die Chefs der Parlamentsparteien zu Beratungen zum Brexit kommenden Montag eingeladen.\" \/>\n<meta property=\"og:url\" content=\"https:\/\/www.rri.ro\/de\/aktuell\/rri-aktuell\/wirkt-sich-das-brexit-votum-auch-auf-rumaeniens-wirtschaft-aus-id459913.html\" \/>\n<meta property=\"og:site_name\" content=\"Radio Rum\u00e4nien International\" \/>\n<meta property=\"article:published_time\" content=\"2016-07-01T14:06:00+00:00\" \/>\n<meta property=\"article:modified_time\" content=\"2024-02-19T18:21:08+00:00\" \/>\n<meta property=\"og:image\" content=\"https:\/\/www.rri.ro\/wp-content\/uploads\/2023\/10\/ciolos-iohannis-discutii-referendum-marea-britanie-brexit.png\" \/>\n\t<meta property=\"og:image:width\" content=\"640\" \/>\n\t<meta property=\"og:image:height\" content=\"360\" \/>\n\t<meta property=\"og:image:type\" content=\"image\/png\" \/>\n<meta name=\"author\" content=\"Corina Cristea\" \/>\n<meta name=\"twitter:card\" content=\"summary_large_image\" \/>\n<meta name=\"twitter:label1\" content=\"Verfasst von\" \/>\n\t<meta name=\"twitter:data1\" content=\"Corina Cristea\" \/>\n\t<meta name=\"twitter:label2\" content=\"Gesch\u00e4tzte Lesezeit\" \/>\n\t<meta name=\"twitter:data2\" content=\"2\u00a0Minuten\" \/>\n\t<meta name=\"twitter:label3\" content=\"Written by\" \/>\n\t<meta name=\"twitter:data3\" content=\"Corina Cristea\" \/>\n<script type=\"application\/ld+json\" class=\"yoast-schema-graph\">{\"@context\":\"https:\\\/\\\/schema.org\",\"@graph\":[{\"@type\":\"Article\",\"@id\":\"https:\\\/\\\/www.rri.ro\\\/de\\\/aktuell\\\/rri-aktuell\\\/wirkt-sich-das-brexit-votum-auch-auf-rumaeniens-wirtschaft-aus-id459913.html#article\",\"isPartOf\":{\"@id\":\"https:\\\/\\\/www.rri.ro\\\/de\\\/aktuell\\\/rri-aktuell\\\/wirkt-sich-das-brexit-votum-auch-auf-rumaeniens-wirtschaft-aus-id459913.html\"},\"author\":{\"name\":\"Corina Cristea\",\"@id\":\"https:\\\/\\\/www.rri.ro\\\/#\\\/schema\\\/person\\\/f9ab1cb3569dee1b2c033a814bb7f0fc\"},\"headline\":\"Wirkt sich das Brexit-Votum auch auf Rum\u00e4niens Wirtschaft aus?\",\"datePublished\":\"2016-07-01T14:06:00+00:00\",\"dateModified\":\"2024-02-19T18:21:08+00:00\",\"mainEntityOfPage\":{\"@id\":\"https:\\\/\\\/www.rri.ro\\\/de\\\/aktuell\\\/rri-aktuell\\\/wirkt-sich-das-brexit-votum-auch-auf-rumaeniens-wirtschaft-aus-id459913.html\"},\"wordCount\":408,\"image\":{\"@id\":\"https:\\\/\\\/www.rri.ro\\\/de\\\/aktuell\\\/rri-aktuell\\\/wirkt-sich-das-brexit-votum-auch-auf-rumaeniens-wirtschaft-aus-id459913.html#primaryimage\"},\"thumbnailUrl\":\"https:\\\/\\\/www.rri.ro\\\/wp-content\\\/uploads\\\/2023\\\/10\\\/ciolos-iohannis-discutii-referendum-marea-britanie-brexit.png\",\"keywords\":[\"Beratungen\",\"Brexit\",\"ciolos\",\"Devisen\",\"Finanzm\u00e4rkte\",\"Iohannis\",\"isarescu\",\"Notenbank\",\"Pr\u00e4sident\",\"Rum\u00e4nien\"],\"articleSection\":[\"RRI Aktuell\"],\"inLanguage\":\"de\"},{\"@type\":\"WebPage\",\"@id\":\"https:\\\/\\\/www.rri.ro\\\/de\\\/aktuell\\\/rri-aktuell\\\/wirkt-sich-das-brexit-votum-auch-auf-rumaeniens-wirtschaft-aus-id459913.html\",\"url\":\"https:\\\/\\\/www.rri.ro\\\/de\\\/aktuell\\\/rri-aktuell\\\/wirkt-sich-das-brexit-votum-auch-auf-rumaeniens-wirtschaft-aus-id459913.html\",\"name\":\"Wirkt sich das Brexit-Votum auch auf Rum\u00e4niens Wirtschaft aus? - Radio Rum\u00e4nien International\",\"isPartOf\":{\"@id\":\"https:\\\/\\\/www.rri.ro\\\/#website\"},\"primaryImageOfPage\":{\"@id\":\"https:\\\/\\\/www.rri.ro\\\/de\\\/aktuell\\\/rri-aktuell\\\/wirkt-sich-das-brexit-votum-auch-auf-rumaeniens-wirtschaft-aus-id459913.html#primaryimage\"},\"image\":{\"@id\":\"https:\\\/\\\/www.rri.ro\\\/de\\\/aktuell\\\/rri-aktuell\\\/wirkt-sich-das-brexit-votum-auch-auf-rumaeniens-wirtschaft-aus-id459913.html#primaryimage\"},\"thumbnailUrl\":\"https:\\\/\\\/www.rri.ro\\\/wp-content\\\/uploads\\\/2023\\\/10\\\/ciolos-iohannis-discutii-referendum-marea-britanie-brexit.png\",\"datePublished\":\"2016-07-01T14:06:00+00:00\",\"dateModified\":\"2024-02-19T18:21:08+00:00\",\"author\":{\"@id\":\"https:\\\/\\\/www.rri.ro\\\/#\\\/schema\\\/person\\\/f9ab1cb3569dee1b2c033a814bb7f0fc\"},\"breadcrumb\":{\"@id\":\"https:\\\/\\\/www.rri.ro\\\/de\\\/aktuell\\\/rri-aktuell\\\/wirkt-sich-das-brexit-votum-auch-auf-rumaeniens-wirtschaft-aus-id459913.html#breadcrumb\"},\"inLanguage\":\"de\",\"potentialAction\":[{\"@type\":\"ReadAction\",\"target\":[\"https:\\\/\\\/www.rri.ro\\\/de\\\/aktuell\\\/rri-aktuell\\\/wirkt-sich-das-brexit-votum-auch-auf-rumaeniens-wirtschaft-aus-id459913.html\"]}]},{\"@type\":\"ImageObject\",\"inLanguage\":\"de\",\"@id\":\"https:\\\/\\\/www.rri.ro\\\/de\\\/aktuell\\\/rri-aktuell\\\/wirkt-sich-das-brexit-votum-auch-auf-rumaeniens-wirtschaft-aus-id459913.html#primaryimage\",\"url\":\"https:\\\/\\\/www.rri.ro\\\/wp-content\\\/uploads\\\/2023\\\/10\\\/ciolos-iohannis-discutii-referendum-marea-britanie-brexit.png\",\"contentUrl\":\"https:\\\/\\\/www.rri.ro\\\/wp-content\\\/uploads\\\/2023\\\/10\\\/ciolos-iohannis-discutii-referendum-marea-britanie-brexit.png\",\"width\":640,\"height\":360},{\"@type\":\"BreadcrumbList\",\"@id\":\"https:\\\/\\\/www.rri.ro\\\/de\\\/aktuell\\\/rri-aktuell\\\/wirkt-sich-das-brexit-votum-auch-auf-rumaeniens-wirtschaft-aus-id459913.html#breadcrumb\",\"itemListElement\":[{\"@type\":\"ListItem\",\"position\":1,\"name\":\"Startseite\",\"item\":\"https:\\\/\\\/www.rri.ro\\\/de\"},{\"@type\":\"ListItem\",\"position\":2,\"name\":\"Aktuell\",\"item\":\"https:\\\/\\\/www.rri.ro\\\/de\\\/aktuell\"},{\"@type\":\"ListItem\",\"position\":3,\"name\":\"RRI Aktuell\",\"item\":\"https:\\\/\\\/www.rri.ro\\\/de\\\/aktuell\\\/rri-aktuell\"},{\"@type\":\"ListItem\",\"position\":4,\"name\":\"Wirkt sich das Brexit-Votum auch auf Rum\u00e4niens Wirtschaft aus?\"}]},{\"@type\":\"WebSite\",\"@id\":\"https:\\\/\\\/www.rri.ro\\\/#website\",\"url\":\"https:\\\/\\\/www.rri.ro\\\/\",\"name\":\"Radio Rum\u00e4nien International\",\"description\":\"Totul despre Rom\u00e2nia \u015fi rom\u00e2ni, \u00een 13 limbi\\\/dialecte!\",\"inLanguage\":\"de\"},{\"@type\":\"Person\",\"@id\":\"https:\\\/\\\/www.rri.ro\\\/#\\\/schema\\\/person\\\/f9ab1cb3569dee1b2c033a814bb7f0fc\",\"name\":\"Corina Cristea\",\"url\":\"https:\\\/\\\/www.rri.ro\\\/de\\\/author\\\/corina-cristea\"}]}<\/script>\n<!-- \/ Yoast SEO plugin. -->","yoast_head_json":{"title":"Wirkt sich das Brexit-Votum auch auf Rum\u00e4niens Wirtschaft aus? - Radio Rum\u00e4nien International","robots":{"index":"index","follow":"follow","max-snippet":"max-snippet:-1","max-image-preview":"max-image-preview:large","max-video-preview":"max-video-preview:-1"},"canonical":"https:\/\/www.rri.ro\/de\/aktuell\/rri-aktuell\/wirkt-sich-das-brexit-votum-auch-auf-rumaeniens-wirtschaft-aus-id459913.html","og_locale":"de_DE","og_type":"article","og_title":"Wirkt sich das Brexit-Votum auch auf Rum\u00e4niens Wirtschaft aus? - Radio Rum\u00e4nien International","og_description":"Pr\u00e4sident Klaus Iohannis hat Ministerpr\u00e4sident Dacian Ciolo\u015f, Nationalbankchef Mugur Isarescu und die Chefs der Parlamentsparteien zu Beratungen zum Brexit kommenden Montag eingeladen.","og_url":"https:\/\/www.rri.ro\/de\/aktuell\/rri-aktuell\/wirkt-sich-das-brexit-votum-auch-auf-rumaeniens-wirtschaft-aus-id459913.html","og_site_name":"Radio Rum\u00e4nien International","article_published_time":"2016-07-01T14:06:00+00:00","article_modified_time":"2024-02-19T18:21:08+00:00","og_image":[{"width":640,"height":360,"url":"https:\/\/www.rri.ro\/wp-content\/uploads\/2023\/10\/ciolos-iohannis-discutii-referendum-marea-britanie-brexit.png","type":"image\/png"}],"author":"Corina Cristea","twitter_card":"summary_large_image","twitter_misc":{"Verfasst von":"Corina Cristea","Gesch\u00e4tzte Lesezeit":"2\u00a0Minuten","Written by":"Corina Cristea"},"schema":{"@context":"https:\/\/schema.org","@graph":[{"@type":"Article","@id":"https:\/\/www.rri.ro\/de\/aktuell\/rri-aktuell\/wirkt-sich-das-brexit-votum-auch-auf-rumaeniens-wirtschaft-aus-id459913.html#article","isPartOf":{"@id":"https:\/\/www.rri.ro\/de\/aktuell\/rri-aktuell\/wirkt-sich-das-brexit-votum-auch-auf-rumaeniens-wirtschaft-aus-id459913.html"},"author":{"name":"Corina Cristea","@id":"https:\/\/www.rri.ro\/#\/schema\/person\/f9ab1cb3569dee1b2c033a814bb7f0fc"},"headline":"Wirkt sich das Brexit-Votum auch auf Rum\u00e4niens Wirtschaft aus?","datePublished":"2016-07-01T14:06:00+00:00","dateModified":"2024-02-19T18:21:08+00:00","mainEntityOfPage":{"@id":"https:\/\/www.rri.ro\/de\/aktuell\/rri-aktuell\/wirkt-sich-das-brexit-votum-auch-auf-rumaeniens-wirtschaft-aus-id459913.html"},"wordCount":408,"image":{"@id":"https:\/\/www.rri.ro\/de\/aktuell\/rri-aktuell\/wirkt-sich-das-brexit-votum-auch-auf-rumaeniens-wirtschaft-aus-id459913.html#primaryimage"},"thumbnailUrl":"https:\/\/www.rri.ro\/wp-content\/uploads\/2023\/10\/ciolos-iohannis-discutii-referendum-marea-britanie-brexit.png","keywords":["Beratungen","Brexit","ciolos","Devisen","Finanzm\u00e4rkte","Iohannis","isarescu","Notenbank","Pr\u00e4sident","Rum\u00e4nien"],"articleSection":["RRI Aktuell"],"inLanguage":"de"},{"@type":"WebPage","@id":"https:\/\/www.rri.ro\/de\/aktuell\/rri-aktuell\/wirkt-sich-das-brexit-votum-auch-auf-rumaeniens-wirtschaft-aus-id459913.html","url":"https:\/\/www.rri.ro\/de\/aktuell\/rri-aktuell\/wirkt-sich-das-brexit-votum-auch-auf-rumaeniens-wirtschaft-aus-id459913.html","name":"Wirkt sich das Brexit-Votum auch auf Rum\u00e4niens Wirtschaft aus? - Radio Rum\u00e4nien International","isPartOf":{"@id":"https:\/\/www.rri.ro\/#website"},"primaryImageOfPage":{"@id":"https:\/\/www.rri.ro\/de\/aktuell\/rri-aktuell\/wirkt-sich-das-brexit-votum-auch-auf-rumaeniens-wirtschaft-aus-id459913.html#primaryimage"},"image":{"@id":"https:\/\/www.rri.ro\/de\/aktuell\/rri-aktuell\/wirkt-sich-das-brexit-votum-auch-auf-rumaeniens-wirtschaft-aus-id459913.html#primaryimage"},"thumbnailUrl":"https:\/\/www.rri.ro\/wp-content\/uploads\/2023\/10\/ciolos-iohannis-discutii-referendum-marea-britanie-brexit.png","datePublished":"2016-07-01T14:06:00+00:00","dateModified":"2024-02-19T18:21:08+00:00","author":{"@id":"https:\/\/www.rri.ro\/#\/schema\/person\/f9ab1cb3569dee1b2c033a814bb7f0fc"},"breadcrumb":{"@id":"https:\/\/www.rri.ro\/de\/aktuell\/rri-aktuell\/wirkt-sich-das-brexit-votum-auch-auf-rumaeniens-wirtschaft-aus-id459913.html#breadcrumb"},"inLanguage":"de","potentialAction":[{"@type":"ReadAction","target":["https:\/\/www.rri.ro\/de\/aktuell\/rri-aktuell\/wirkt-sich-das-brexit-votum-auch-auf-rumaeniens-wirtschaft-aus-id459913.html"]}]},{"@type":"ImageObject","inLanguage":"de","@id":"https:\/\/www.rri.ro\/de\/aktuell\/rri-aktuell\/wirkt-sich-das-brexit-votum-auch-auf-rumaeniens-wirtschaft-aus-id459913.html#primaryimage","url":"https:\/\/www.rri.ro\/wp-content\/uploads\/2023\/10\/ciolos-iohannis-discutii-referendum-marea-britanie-brexit.png","contentUrl":"https:\/\/www.rri.ro\/wp-content\/uploads\/2023\/10\/ciolos-iohannis-discutii-referendum-marea-britanie-brexit.png","width":640,"height":360},{"@type":"BreadcrumbList","@id":"https:\/\/www.rri.ro\/de\/aktuell\/rri-aktuell\/wirkt-sich-das-brexit-votum-auch-auf-rumaeniens-wirtschaft-aus-id459913.html#breadcrumb","itemListElement":[{"@type":"ListItem","position":1,"name":"Startseite","item":"https:\/\/www.rri.ro\/de"},{"@type":"ListItem","position":2,"name":"Aktuell","item":"https:\/\/www.rri.ro\/de\/aktuell"},{"@type":"ListItem","position":3,"name":"RRI Aktuell","item":"https:\/\/www.rri.ro\/de\/aktuell\/rri-aktuell"},{"@type":"ListItem","position":4,"name":"Wirkt sich das Brexit-Votum auch auf Rum\u00e4niens Wirtschaft aus?"}]},{"@type":"WebSite","@id":"https:\/\/www.rri.ro\/#website","url":"https:\/\/www.rri.ro\/","name":"Radio Rum\u00e4nien International","description":"Totul despre Rom\u00e2nia \u015fi rom\u00e2ni, \u00een 13 limbi\/dialecte!","inLanguage":"de"},{"@type":"Person","@id":"https:\/\/www.rri.ro\/#\/schema\/person\/f9ab1cb3569dee1b2c033a814bb7f0fc","name":"Corina Cristea","url":"https:\/\/www.rri.ro\/de\/author\/corina-cristea"}]}},"_links":{"self":[{"href":"https:\/\/www.rri.ro\/de\/wp-json\/wp\/v2\/posts\/459913","targetHints":{"allow":["GET"]}}],"collection":[{"href":"https:\/\/www.rri.ro\/de\/wp-json\/wp\/v2\/posts"}],"about":[{"href":"https:\/\/www.rri.ro\/de\/wp-json\/wp\/v2\/types\/post"}],"author":[{"embeddable":true,"href":"https:\/\/www.rri.ro\/de\/wp-json\/wp\/v2\/users\/108"}],"replies":[{"embeddable":true,"href":"https:\/\/www.rri.ro\/de\/wp-json\/wp\/v2\/comments?post=459913"}],"version-history":[{"count":0,"href":"https:\/\/www.rri.ro\/de\/wp-json\/wp\/v2\/posts\/459913\/revisions"}],"wp:featuredmedia":[{"embeddable":true,"href":"https:\/\/www.rri.ro\/de\/wp-json\/wp\/v2\/media\/69181"}],"wp:attachment":[{"href":"https:\/\/www.rri.ro\/de\/wp-json\/wp\/v2\/media?parent=459913"}],"wp:term":[{"taxonomy":"category","embeddable":true,"href":"https:\/\/www.rri.ro\/de\/wp-json\/wp\/v2\/categories?post=459913"},{"taxonomy":"post_tag","embeddable":true,"href":"https:\/\/www.rri.ro\/de\/wp-json\/wp\/v2\/tags?post=459913"},{"taxonomy":"author","embeddable":true,"href":"https:\/\/www.rri.ro\/de\/wp-json\/wp\/v2\/coauthors?post=459913"}],"curies":[{"name":"wp","href":"https:\/\/api.w.org\/{rel}","templated":true}]}}