{"id":459943,"date":"2016-08-23T17:22:00","date_gmt":"2016-08-23T14:22:00","guid":{"rendered":"http:\/\/devrri.freshlemon.ro\/aktuell\/sommer-der-proteste-id459943.html"},"modified":"2024-02-19T20:21:45","modified_gmt":"2024-02-19T18:21:45","slug":"sommer-der-proteste","status":"publish","type":"post","link":"https:\/\/www.rri.ro\/de\/aktuell\/rri-aktuell\/sommer-der-proteste-id459943.html","title":{"rendered":"Sommer der Proteste"},"content":{"rendered":"<p>Unternehmen, die im Stra\u200e\u00dfentransport von Personen und Waren arbeiten, sind mit ihrem Latein am Ende &#8211; ihnen sind nur Stra\u200e\u00dfenproteste geblieben, nachdem sie versucht hatten, die Teuerung der Kfz-Haftpflichtversicherungen zu verhindern. In einem Jahr verdoppelten sich die Policen im Schnitt von 2000 auf 4000 Euro pro Fahrzeug. Aufgrund der Mehrkosten seien sie in Europa nicht mehr konkurrenzf\u00e4hig, klagen die Transporteure. Die Regierung m\u00fcsse darauf hinwirken, dass die Preise unten bleiben &#8212; ansonsten k\u00f6nnte die gesamte Branche eingehen. Ihr Protest besteht nun darin, mindestens eine Stunde am Tag langsamer zu fahren. Das wird eine gewisse Wirkung zeigen, hofft Radu Dinescu, Gesch\u00e4ftsf\u00fchrer des Branchenverbands:<\/p>\n<p>&#13;<br \/>\n&#13;<\/p>\n<p>&#13;<br \/>\n&#13;<\/p>\n<p><em>Langsamer fahren wird besonders dort wirken, wo der Verkehr schon jetzt stockt: auf den Stra\u200e\u00dfen Richtung Gebirge und Schwarzes Meer und auf der Bukarester Ringstra\u200e\u00dfe. F\u00fcr den 15. September ist ein Gro\u200e\u00dfprotest in Bukarest angesagt. Die Leute sind entschlossen, mit den Protesten erst dann aufzuh\u00f6ren, wenn das Problem gel\u00f6st ist<\/em>.<\/p>\n<p>&#13;<br \/>\n&#13;<\/p>\n<p>&#13;<br \/>\n&#13;<\/p>\n<p>Auch die Landwirte demonstrieren vor dem Sitz der Regierung, einige von ihnen sind letzte Woche in Hungerstreik getreten. Sie sind unzufrieden, weil sie die Agrarsubvention f\u00fcr letztes Jahr nicht bekommen haben. Die zust\u00e4ndige Beh\u00f6rde APIA r\u00e4umte ein, dass es ihr nicht gelungen ist, die Subventionen wie versprochen bis Mitte August auszuzahlen. <span style=line-height: 1.6em;>APIA-Chef Nicolae Horumb\u0103 sieht ein Teil der Schuld aber auch bei den Landwirten: <\/span><\/p>\n<p>&#13;<br \/>\n&#13;<\/p>\n<p>&#13;<br \/>\n&#13;<\/p>\n<p><em>In manchen F\u00e4llen wird uns berichtet, dass der Landwirt nicht der Einladung gefolgt hat, die Unterlagen einzureichen, oder dass die Unterlagen nicht vollst\u00e4ndig waren. Die Antr\u00e4ge auf Subvention m\u00fcssen gepr\u00fcft werden und sie sind nicht immer vollst\u00e4ndig oder richtig<\/em>.<\/p>\n<p>&#13;<br \/>\n&#13;<\/p>\n<p>&#13;<br \/>\n&#13;<\/p>\n<p>Das wollen die Landwirte nicht auf sich sitzen lassen &#8212; die Antr\u00e4ge seien richtig und fristgem\u00e4\u200e\u00df gestellt worden, die Regierung habe einfach nicht ihr Versprechen gehalten.<\/p>\n<p>&#13;<br \/>\n&#13;<\/p>\n<p>&#13;<br \/>\n&#13;<\/p>\n<p>Immerhin scheint die APIA die Lage langsam in den Griff zu bekommen &#8212; 1,9 Milliarden Euro sind schon \u00fcberwiesen worden, bzw. die \u00dcberweisung wurde angeordnet. An der Abwicklung der restlichen 200 Millionen Euro wird intensiv gerbeitet, versicherte der Beh\u00f6rdenleiter.<\/p>\n<p>&#13;<\/p>\n","protected":false},"excerpt":{"rendered":"<p>In Rum\u00e4nien demonstrieren im Moment Spediteure und Landwirte gegen die Regierung \u2013 die einen wegen zu hohen Versicherungskosten, die anderen wegen ausstehenden Subventionszahlungen.<\/p>\n","protected":false},"author":46,"featured_media":69582,"comment_status":"closed","ping_status":"closed","sticky":false,"template":"","format":"standard","meta":{"_acf_changed":false,"footnotes":""},"categories":[99583],"tags":[103456,99709,143895,99589,101946,103455],"coauthors":[],"class_list":["post-459943","post","type-post","status-publish","format-standard","has-post-thumbnail","hentry","category-rri-aktuell","tag-haftpflichtversicherungen","tag-landwirte","tag-proteste-de","tag-rumaenien","tag-subventionen","tag-transportindustrie"],"acf":[],"yoast_head":"<!-- This site is optimized with the Yoast SEO plugin v27.3 - https:\/\/yoast.com\/product\/yoast-seo-wordpress\/ -->\n<title>Sommer der Proteste - Radio Rum\u00e4nien International<\/title>\n<meta name=\"robots\" content=\"index, follow, max-snippet:-1, max-image-preview:large, max-video-preview:-1\" \/>\n<link rel=\"canonical\" href=\"https:\/\/www.rri.ro\/de\/aktuell\/rri-aktuell\/sommer-der-proteste-id459943.html\" \/>\n<meta property=\"og:locale\" content=\"de_DE\" \/>\n<meta property=\"og:type\" content=\"article\" \/>\n<meta property=\"og:title\" content=\"Sommer der Proteste - Radio Rum\u00e4nien International\" \/>\n<meta property=\"og:description\" content=\"In Rum\u00e4nien demonstrieren im Moment Spediteure und Landwirte gegen die Regierung \u2013 die einen wegen zu hohen Versicherungskosten, die anderen wegen ausstehenden Subventionszahlungen.\" \/>\n<meta property=\"og:url\" content=\"https:\/\/www.rri.ro\/de\/aktuell\/rri-aktuell\/sommer-der-proteste-id459943.html\" \/>\n<meta property=\"og:site_name\" content=\"Radio Rum\u00e4nien International\" \/>\n<meta property=\"article:published_time\" content=\"2016-08-23T14:22:00+00:00\" \/>\n<meta property=\"article:modified_time\" content=\"2024-02-19T18:21:45+00:00\" \/>\n<meta property=\"og:image\" content=\"https:\/\/www.rri.ro\/wp-content\/uploads\/2023\/10\/camioane-protest-transport.png\" \/>\n\t<meta property=\"og:image:width\" content=\"640\" \/>\n\t<meta property=\"og:image:height\" content=\"437\" \/>\n\t<meta property=\"og:image:type\" content=\"image\/png\" \/>\n<meta name=\"author\" content=\"Leyla Cheamil\" \/>\n<meta name=\"twitter:card\" content=\"summary_large_image\" \/>\n<meta name=\"twitter:label1\" content=\"Verfasst von\" \/>\n\t<meta name=\"twitter:data1\" content=\"Leyla Cheamil\" \/>\n\t<meta name=\"twitter:label2\" content=\"Gesch\u00e4tzte Lesezeit\" \/>\n\t<meta name=\"twitter:data2\" content=\"2\u00a0Minuten\" \/>\n\t<meta name=\"twitter:label3\" content=\"Written by\" \/>\n\t<meta name=\"twitter:data3\" content=\"Leyla Cheamil\" \/>\n<script type=\"application\/ld+json\" class=\"yoast-schema-graph\">{\"@context\":\"https:\\\/\\\/schema.org\",\"@graph\":[{\"@type\":\"Article\",\"@id\":\"https:\\\/\\\/www.rri.ro\\\/de\\\/aktuell\\\/rri-aktuell\\\/sommer-der-proteste-id459943.html#article\",\"isPartOf\":{\"@id\":\"https:\\\/\\\/www.rri.ro\\\/de\\\/aktuell\\\/rri-aktuell\\\/sommer-der-proteste-id459943.html\"},\"author\":{\"name\":\"Leyla Cheamil\",\"@id\":\"https:\\\/\\\/www.rri.ro\\\/#\\\/schema\\\/person\\\/e6364ed2d4b6af207a82ca66000d07e0\"},\"headline\":\"Sommer der Proteste\",\"datePublished\":\"2016-08-23T14:22:00+00:00\",\"dateModified\":\"2024-02-19T18:21:45+00:00\",\"mainEntityOfPage\":{\"@id\":\"https:\\\/\\\/www.rri.ro\\\/de\\\/aktuell\\\/rri-aktuell\\\/sommer-der-proteste-id459943.html\"},\"wordCount\":343,\"image\":{\"@id\":\"https:\\\/\\\/www.rri.ro\\\/de\\\/aktuell\\\/rri-aktuell\\\/sommer-der-proteste-id459943.html#primaryimage\"},\"thumbnailUrl\":\"https:\\\/\\\/www.rri.ro\\\/wp-content\\\/uploads\\\/2023\\\/10\\\/camioane-protest-transport.png\",\"keywords\":[\"Haftpflichtversicherungen\",\"Landwirte\",\"proteste\",\"Rum\u00e4nien\",\"Subventionen\",\"Transportindustrie\"],\"articleSection\":[\"RRI Aktuell\"],\"inLanguage\":\"de\"},{\"@type\":\"WebPage\",\"@id\":\"https:\\\/\\\/www.rri.ro\\\/de\\\/aktuell\\\/rri-aktuell\\\/sommer-der-proteste-id459943.html\",\"url\":\"https:\\\/\\\/www.rri.ro\\\/de\\\/aktuell\\\/rri-aktuell\\\/sommer-der-proteste-id459943.html\",\"name\":\"Sommer der Proteste - Radio Rum\u00e4nien International\",\"isPartOf\":{\"@id\":\"https:\\\/\\\/www.rri.ro\\\/#website\"},\"primaryImageOfPage\":{\"@id\":\"https:\\\/\\\/www.rri.ro\\\/de\\\/aktuell\\\/rri-aktuell\\\/sommer-der-proteste-id459943.html#primaryimage\"},\"image\":{\"@id\":\"https:\\\/\\\/www.rri.ro\\\/de\\\/aktuell\\\/rri-aktuell\\\/sommer-der-proteste-id459943.html#primaryimage\"},\"thumbnailUrl\":\"https:\\\/\\\/www.rri.ro\\\/wp-content\\\/uploads\\\/2023\\\/10\\\/camioane-protest-transport.png\",\"datePublished\":\"2016-08-23T14:22:00+00:00\",\"dateModified\":\"2024-02-19T18:21:45+00:00\",\"author\":{\"@id\":\"https:\\\/\\\/www.rri.ro\\\/#\\\/schema\\\/person\\\/e6364ed2d4b6af207a82ca66000d07e0\"},\"breadcrumb\":{\"@id\":\"https:\\\/\\\/www.rri.ro\\\/de\\\/aktuell\\\/rri-aktuell\\\/sommer-der-proteste-id459943.html#breadcrumb\"},\"inLanguage\":\"de\",\"potentialAction\":[{\"@type\":\"ReadAction\",\"target\":[\"https:\\\/\\\/www.rri.ro\\\/de\\\/aktuell\\\/rri-aktuell\\\/sommer-der-proteste-id459943.html\"]}]},{\"@type\":\"ImageObject\",\"inLanguage\":\"de\",\"@id\":\"https:\\\/\\\/www.rri.ro\\\/de\\\/aktuell\\\/rri-aktuell\\\/sommer-der-proteste-id459943.html#primaryimage\",\"url\":\"https:\\\/\\\/www.rri.ro\\\/wp-content\\\/uploads\\\/2023\\\/10\\\/camioane-protest-transport.png\",\"contentUrl\":\"https:\\\/\\\/www.rri.ro\\\/wp-content\\\/uploads\\\/2023\\\/10\\\/camioane-protest-transport.png\",\"width\":640,\"height\":437},{\"@type\":\"BreadcrumbList\",\"@id\":\"https:\\\/\\\/www.rri.ro\\\/de\\\/aktuell\\\/rri-aktuell\\\/sommer-der-proteste-id459943.html#breadcrumb\",\"itemListElement\":[{\"@type\":\"ListItem\",\"position\":1,\"name\":\"Startseite\",\"item\":\"https:\\\/\\\/www.rri.ro\\\/de\"},{\"@type\":\"ListItem\",\"position\":2,\"name\":\"Aktuell\",\"item\":\"https:\\\/\\\/www.rri.ro\\\/de\\\/aktuell\"},{\"@type\":\"ListItem\",\"position\":3,\"name\":\"RRI Aktuell\",\"item\":\"https:\\\/\\\/www.rri.ro\\\/de\\\/aktuell\\\/rri-aktuell\"},{\"@type\":\"ListItem\",\"position\":4,\"name\":\"Sommer der Proteste\"}]},{\"@type\":\"WebSite\",\"@id\":\"https:\\\/\\\/www.rri.ro\\\/#website\",\"url\":\"https:\\\/\\\/www.rri.ro\\\/\",\"name\":\"Radio Rum\u00e4nien International\",\"description\":\"Totul despre Rom\u00e2nia \u015fi rom\u00e2ni, \u00een 13 limbi\\\/dialecte!\",\"inLanguage\":\"de\"},{\"@type\":\"Person\",\"@id\":\"https:\\\/\\\/www.rri.ro\\\/#\\\/schema\\\/person\\\/e6364ed2d4b6af207a82ca66000d07e0\",\"name\":\"Leyla Cheamil\",\"url\":\"https:\\\/\\\/www.rri.ro\\\/de\\\/author\\\/leyla-cheamil\"}]}<\/script>\n<!-- \/ Yoast SEO plugin. -->","yoast_head_json":{"title":"Sommer der Proteste - Radio Rum\u00e4nien International","robots":{"index":"index","follow":"follow","max-snippet":"max-snippet:-1","max-image-preview":"max-image-preview:large","max-video-preview":"max-video-preview:-1"},"canonical":"https:\/\/www.rri.ro\/de\/aktuell\/rri-aktuell\/sommer-der-proteste-id459943.html","og_locale":"de_DE","og_type":"article","og_title":"Sommer der Proteste - Radio Rum\u00e4nien International","og_description":"In Rum\u00e4nien demonstrieren im Moment Spediteure und Landwirte gegen die Regierung \u2013 die einen wegen zu hohen Versicherungskosten, die anderen wegen ausstehenden Subventionszahlungen.","og_url":"https:\/\/www.rri.ro\/de\/aktuell\/rri-aktuell\/sommer-der-proteste-id459943.html","og_site_name":"Radio Rum\u00e4nien International","article_published_time":"2016-08-23T14:22:00+00:00","article_modified_time":"2024-02-19T18:21:45+00:00","og_image":[{"width":640,"height":437,"url":"https:\/\/www.rri.ro\/wp-content\/uploads\/2023\/10\/camioane-protest-transport.png","type":"image\/png"}],"author":"Leyla Cheamil","twitter_card":"summary_large_image","twitter_misc":{"Verfasst von":"Leyla Cheamil","Gesch\u00e4tzte Lesezeit":"2\u00a0Minuten","Written by":"Leyla Cheamil"},"schema":{"@context":"https:\/\/schema.org","@graph":[{"@type":"Article","@id":"https:\/\/www.rri.ro\/de\/aktuell\/rri-aktuell\/sommer-der-proteste-id459943.html#article","isPartOf":{"@id":"https:\/\/www.rri.ro\/de\/aktuell\/rri-aktuell\/sommer-der-proteste-id459943.html"},"author":{"name":"Leyla Cheamil","@id":"https:\/\/www.rri.ro\/#\/schema\/person\/e6364ed2d4b6af207a82ca66000d07e0"},"headline":"Sommer der Proteste","datePublished":"2016-08-23T14:22:00+00:00","dateModified":"2024-02-19T18:21:45+00:00","mainEntityOfPage":{"@id":"https:\/\/www.rri.ro\/de\/aktuell\/rri-aktuell\/sommer-der-proteste-id459943.html"},"wordCount":343,"image":{"@id":"https:\/\/www.rri.ro\/de\/aktuell\/rri-aktuell\/sommer-der-proteste-id459943.html#primaryimage"},"thumbnailUrl":"https:\/\/www.rri.ro\/wp-content\/uploads\/2023\/10\/camioane-protest-transport.png","keywords":["Haftpflichtversicherungen","Landwirte","proteste","Rum\u00e4nien","Subventionen","Transportindustrie"],"articleSection":["RRI Aktuell"],"inLanguage":"de"},{"@type":"WebPage","@id":"https:\/\/www.rri.ro\/de\/aktuell\/rri-aktuell\/sommer-der-proteste-id459943.html","url":"https:\/\/www.rri.ro\/de\/aktuell\/rri-aktuell\/sommer-der-proteste-id459943.html","name":"Sommer der Proteste - Radio Rum\u00e4nien International","isPartOf":{"@id":"https:\/\/www.rri.ro\/#website"},"primaryImageOfPage":{"@id":"https:\/\/www.rri.ro\/de\/aktuell\/rri-aktuell\/sommer-der-proteste-id459943.html#primaryimage"},"image":{"@id":"https:\/\/www.rri.ro\/de\/aktuell\/rri-aktuell\/sommer-der-proteste-id459943.html#primaryimage"},"thumbnailUrl":"https:\/\/www.rri.ro\/wp-content\/uploads\/2023\/10\/camioane-protest-transport.png","datePublished":"2016-08-23T14:22:00+00:00","dateModified":"2024-02-19T18:21:45+00:00","author":{"@id":"https:\/\/www.rri.ro\/#\/schema\/person\/e6364ed2d4b6af207a82ca66000d07e0"},"breadcrumb":{"@id":"https:\/\/www.rri.ro\/de\/aktuell\/rri-aktuell\/sommer-der-proteste-id459943.html#breadcrumb"},"inLanguage":"de","potentialAction":[{"@type":"ReadAction","target":["https:\/\/www.rri.ro\/de\/aktuell\/rri-aktuell\/sommer-der-proteste-id459943.html"]}]},{"@type":"ImageObject","inLanguage":"de","@id":"https:\/\/www.rri.ro\/de\/aktuell\/rri-aktuell\/sommer-der-proteste-id459943.html#primaryimage","url":"https:\/\/www.rri.ro\/wp-content\/uploads\/2023\/10\/camioane-protest-transport.png","contentUrl":"https:\/\/www.rri.ro\/wp-content\/uploads\/2023\/10\/camioane-protest-transport.png","width":640,"height":437},{"@type":"BreadcrumbList","@id":"https:\/\/www.rri.ro\/de\/aktuell\/rri-aktuell\/sommer-der-proteste-id459943.html#breadcrumb","itemListElement":[{"@type":"ListItem","position":1,"name":"Startseite","item":"https:\/\/www.rri.ro\/de"},{"@type":"ListItem","position":2,"name":"Aktuell","item":"https:\/\/www.rri.ro\/de\/aktuell"},{"@type":"ListItem","position":3,"name":"RRI Aktuell","item":"https:\/\/www.rri.ro\/de\/aktuell\/rri-aktuell"},{"@type":"ListItem","position":4,"name":"Sommer der Proteste"}]},{"@type":"WebSite","@id":"https:\/\/www.rri.ro\/#website","url":"https:\/\/www.rri.ro\/","name":"Radio Rum\u00e4nien International","description":"Totul despre Rom\u00e2nia \u015fi rom\u00e2ni, \u00een 13 limbi\/dialecte!","inLanguage":"de"},{"@type":"Person","@id":"https:\/\/www.rri.ro\/#\/schema\/person\/e6364ed2d4b6af207a82ca66000d07e0","name":"Leyla Cheamil","url":"https:\/\/www.rri.ro\/de\/author\/leyla-cheamil"}]}},"_links":{"self":[{"href":"https:\/\/www.rri.ro\/de\/wp-json\/wp\/v2\/posts\/459943","targetHints":{"allow":["GET"]}}],"collection":[{"href":"https:\/\/www.rri.ro\/de\/wp-json\/wp\/v2\/posts"}],"about":[{"href":"https:\/\/www.rri.ro\/de\/wp-json\/wp\/v2\/types\/post"}],"author":[{"embeddable":true,"href":"https:\/\/www.rri.ro\/de\/wp-json\/wp\/v2\/users\/46"}],"replies":[{"embeddable":true,"href":"https:\/\/www.rri.ro\/de\/wp-json\/wp\/v2\/comments?post=459943"}],"version-history":[{"count":0,"href":"https:\/\/www.rri.ro\/de\/wp-json\/wp\/v2\/posts\/459943\/revisions"}],"wp:featuredmedia":[{"embeddable":true,"href":"https:\/\/www.rri.ro\/de\/wp-json\/wp\/v2\/media\/69582"}],"wp:attachment":[{"href":"https:\/\/www.rri.ro\/de\/wp-json\/wp\/v2\/media?parent=459943"}],"wp:term":[{"taxonomy":"category","embeddable":true,"href":"https:\/\/www.rri.ro\/de\/wp-json\/wp\/v2\/categories?post=459943"},{"taxonomy":"post_tag","embeddable":true,"href":"https:\/\/www.rri.ro\/de\/wp-json\/wp\/v2\/tags?post=459943"},{"taxonomy":"author","embeddable":true,"href":"https:\/\/www.rri.ro\/de\/wp-json\/wp\/v2\/coauthors?post=459943"}],"curies":[{"name":"wp","href":"https:\/\/api.w.org\/{rel}","templated":true}]}}