{"id":459994,"date":"2016-09-28T19:53:00","date_gmt":"2016-09-28T16:53:00","guid":{"rendered":"http:\/\/devrri.freshlemon.ro\/aktuell\/nach-nato-gipfel-in-warschau-rumaenien-ruestet-auf-id459994.html"},"modified":"2024-02-19T20:22:17","modified_gmt":"2024-02-19T18:22:17","slug":"nach-nato-gipfel-in-warschau-rumaenien-ruestet-auf","status":"publish","type":"post","link":"https:\/\/www.rri.ro\/de\/aktuell\/rri-aktuell\/nach-nato-gipfel-in-warschau-rumaenien-ruestet-auf-id459994.html","title":{"rendered":"Nach NATO-Gipfel in Warschau: Rum\u00e4nien r\u00fcstet auf"},"content":{"rendered":"<p>Als NATO-Mitglied seit 2004 will Rum\u00e4nien seine Position anhand von mehreren strategischen Entscheidungen st\u00e4rken. Eine davon wurde im Rahmen der Sitzung des Obersten Landesverteidigungsrates am Dienstag angek\u00fcndigt. Die zweite Infanterie-Brigade Rovine\u201c mit Sitz im s\u00fcdrum\u00e4nischen Craiova soll in eine multinationale Kampfeinheit der NATO umgewandelt werden. Die Ma\u00dfnahme ist Teil des beim NATO-Gipfel in Warschau im Sommer beschlossenen Aktionsplans.<\/p>\n<p>&#13;<br \/>\n&#13;<\/p>\n<p>&#13;<br \/>\n&#13;<\/p>\n<p>Neben Rum\u00e4nien wollen auch Bulgarien und Polen ihren Beitrag zur multinationalen Einheit leisten. Weitere Teilnehmer k\u00f6nnten bei den Gespr\u00e4chen mit den Alliierten ausgew\u00e4hlt werden, an denen auch Rum\u00e4niens Verteidigungsminister Mihnea Motoc teilnehmen werde, so Pr\u00e4sident Klaus Iohannis.<\/p>\n<p>&#13;<br \/>\n&#13;<\/p>\n<p>&#13;<br \/>\n&#13;<\/p>\n<p><strong><\/strong><em>Wir werden dies ank\u00fcndigen, wenn wir genau wissen wer und mit welchen Aufgeboten beitragen wird, wie die Multinationale Brigade aussehen wird. Das h\u00e4ngt auch von den Vorstellungen der NATO ab. Wir glauben, dass wir im Laufe des kommenden Jahres in der Lage sein werden, die Anfangskapazit\u00e4ten der Brigade publik zu machen. Das hei\u00dft, die teilnehmenden L\u00e4nder, die Truppenst\u00e4rke, und dann kann die Planung beginnen. Im besten Fall wird die Brigade 2018 einsatzf\u00e4hig sein.<\/em><strong> <\/strong><\/p>\n<p>&#13;<br \/>\n&#13;<\/p>\n<p>&#13;<br \/>\n&#13;<\/p>\n<p>Der Staatschef bezog sich auch auf die Lage der R\u00fcstungssindustrie, wobei er die notwendige Umstrukturierung der Gesellschaft Romarm ansprach. Auch soll deren Produktion an den R\u00fcstungsbedarf der rum\u00e4nischen Armee angepasst werden.<\/p>\n<p>&#13;<br \/>\n&#13;<\/p>\n<p>&#13;<br \/>\n&#13;<\/p>\n<p>Unterdessen sollen die ersten sechs Jagdflugzeuge vom Typ F16 der Rum\u00e4nischen Luftstreitkr\u00e4fte auf dem St\u00fctzpunkt im s\u00fcdrum\u00e4nischen Fete\u0219ti stationieren. Dessen Infrastruktur ist daf\u00fcr komplett modernisiert  worden. Vor drei Jahren hatte Bukarest beschlossen, 12 F16-Kampfflugzeuge aus Portugal zu kaufen. Am Ende sollte die rum\u00e4nische Luftwaffe \u00fcber insgesamt 36 F16-Jets verf\u00fcgen.<\/p>\n<p>&#13;<br \/>\n&#13;<\/p>\n<p>&#13;<br \/>\n&#13;<\/p>\n<p>Die gebrauchten Flugzeuge wurden einem Modernisierungsprozess unterzogen, der im Fachjargon als Mid-Life-Upgrade bezeichnet wird. Das bedeutet, sie werden mit all den anderen Mehrzweckflugzeugen der NATO-Mitgliedsstaaten gemeinsame Missionen absolvieren k\u00f6nnen. Zwei Jahre lang hatten portugiesische Experten neun Piloten und 80 Techniker aus Rum\u00e4nien f\u00fcr die Nutzung der Kampfjets ausgebildet.  Die F16-Flotte soll in zwei Etappen vervollst\u00e4ndigt werden \u2013 drei Flugzeuge werden bis Ende des Jahres und weitere drei im kommenden Jahr nachgeliefert.<\/p>\n<p>&#13;<br \/>\n&#13;<\/p>\n<p>&#13;<br \/>\n&#13;<\/p>\n<p>Rum\u00e4nien hatte bereits 2008 die Modernisierung der eigenen Luftflotte beschlossen. Bislang hatten die Luftstreitkr\u00e4fte nur russische Flieger vom Typ MiG 21 Lancer in ihrer Ausstattung gehabt. Ab 2013 galten diese Jets als  nicht mehr einsatzf\u00e4hig. Das Verteidigungsministerium will laut eigenen Angaben ein Verfahren f\u00fcr den Erwerb weiterer 12 F16 starten. Die eigentliche Vergabe soll 2017 beginnen. <\/p>\n<p>&#13;<\/p>\n","protected":false},"excerpt":{"rendered":"<p>Vor drei Jahren hat Rum\u00e4nien beschlossen, drei gebrauchte amerikanische Kampfjets vom Typ F16 aus Portugal zu kaufen. In diesen Tagen sollen die Maschinen geliefert werden. Der Gesamtpreis bel\u00e4uft sich auf 628 Millionen Euro.<\/p>\n","protected":false},"author":108,"featured_media":68362,"comment_status":"closed","ping_status":"closed","sticky":false,"template":"","format":"standard","meta":{"_acf_changed":false,"footnotes":""},"categories":[99583],"tags":[99778,31333,100502,103523,103524,32188,80197,137227,99802,152397,99589,101646],"coauthors":[],"class_list":["post-459994","post","type-post","status-publish","format-standard","has-post-thumbnail","hentry","category-rri-aktuell","tag-bulgarien","tag-f16","tag-gipfel","tag-luftstreitkraefte","tag-mehrzweckflugzeug","tag-mig-lancer","tag-multinationale","tag-nato-de","tag-polen","tag-portugal-de","tag-rumaenien","tag-warschau"],"acf":[],"yoast_head":"<!-- This site is optimized with the Yoast SEO plugin v27.5 - https:\/\/yoast.com\/product\/yoast-seo-wordpress\/ -->\n<title>Nach NATO-Gipfel in Warschau: Rum\u00e4nien r\u00fcstet auf - Radio Rum\u00e4nien International<\/title>\n<meta name=\"robots\" content=\"index, follow, max-snippet:-1, max-image-preview:large, max-video-preview:-1\" \/>\n<link rel=\"canonical\" href=\"https:\/\/www.rri.ro\/de\/aktuell\/rri-aktuell\/nach-nato-gipfel-in-warschau-rumaenien-ruestet-auf-id459994.html\" \/>\n<meta property=\"og:locale\" content=\"de_DE\" \/>\n<meta property=\"og:type\" content=\"article\" \/>\n<meta property=\"og:title\" content=\"Nach NATO-Gipfel in Warschau: Rum\u00e4nien r\u00fcstet auf - Radio Rum\u00e4nien International\" \/>\n<meta property=\"og:description\" content=\"Vor drei Jahren hat Rum\u00e4nien beschlossen, drei gebrauchte amerikanische Kampfjets vom Typ F16 aus Portugal zu kaufen. In diesen Tagen sollen die Maschinen geliefert werden. Der Gesamtpreis bel\u00e4uft sich auf 628 Millionen Euro.\" \/>\n<meta property=\"og:url\" content=\"https:\/\/www.rri.ro\/de\/aktuell\/rri-aktuell\/nach-nato-gipfel-in-warschau-rumaenien-ruestet-auf-id459994.html\" \/>\n<meta property=\"og:site_name\" content=\"Radio Rum\u00e4nien International\" \/>\n<meta property=\"article:published_time\" content=\"2016-09-28T16:53:00+00:00\" \/>\n<meta property=\"article:modified_time\" content=\"2024-02-19T18:22:17+00:00\" \/>\n<meta property=\"og:image\" content=\"https:\/\/www.rri.ro\/wp-content\/uploads\/2023\/10\/avion-f22-sua-romania-nato.png\" \/>\n\t<meta property=\"og:image:width\" content=\"640\" \/>\n\t<meta property=\"og:image:height\" content=\"427\" \/>\n\t<meta property=\"og:image:type\" content=\"image\/png\" \/>\n<meta name=\"author\" content=\"Corina Cristea\" \/>\n<meta name=\"twitter:card\" content=\"summary_large_image\" \/>\n<meta name=\"twitter:label1\" content=\"Verfasst von\" \/>\n\t<meta name=\"twitter:data1\" content=\"Corina Cristea\" \/>\n\t<meta name=\"twitter:label2\" content=\"Gesch\u00e4tzte Lesezeit\" \/>\n\t<meta name=\"twitter:data2\" content=\"2\u00a0Minuten\" \/>\n\t<meta name=\"twitter:label3\" content=\"Written by\" \/>\n\t<meta name=\"twitter:data3\" content=\"Corina Cristea\" \/>\n<script type=\"application\/ld+json\" class=\"yoast-schema-graph\">{\"@context\":\"https:\\\/\\\/schema.org\",\"@graph\":[{\"@type\":\"Article\",\"@id\":\"https:\\\/\\\/www.rri.ro\\\/de\\\/aktuell\\\/rri-aktuell\\\/nach-nato-gipfel-in-warschau-rumaenien-ruestet-auf-id459994.html#article\",\"isPartOf\":{\"@id\":\"https:\\\/\\\/www.rri.ro\\\/de\\\/aktuell\\\/rri-aktuell\\\/nach-nato-gipfel-in-warschau-rumaenien-ruestet-auf-id459994.html\"},\"author\":{\"name\":\"Corina Cristea\",\"@id\":\"https:\\\/\\\/www.rri.ro\\\/#\\\/schema\\\/person\\\/f9ab1cb3569dee1b2c033a814bb7f0fc\"},\"headline\":\"Nach NATO-Gipfel in Warschau: Rum\u00e4nien r\u00fcstet auf\",\"datePublished\":\"2016-09-28T16:53:00+00:00\",\"dateModified\":\"2024-02-19T18:22:17+00:00\",\"mainEntityOfPage\":{\"@id\":\"https:\\\/\\\/www.rri.ro\\\/de\\\/aktuell\\\/rri-aktuell\\\/nach-nato-gipfel-in-warschau-rumaenien-ruestet-auf-id459994.html\"},\"wordCount\":415,\"image\":{\"@id\":\"https:\\\/\\\/www.rri.ro\\\/de\\\/aktuell\\\/rri-aktuell\\\/nach-nato-gipfel-in-warschau-rumaenien-ruestet-auf-id459994.html#primaryimage\"},\"thumbnailUrl\":\"https:\\\/\\\/www.rri.ro\\\/wp-content\\\/uploads\\\/2023\\\/10\\\/avion-f22-sua-romania-nato.png\",\"keywords\":[\"Bulgarien\",\"F16\",\"Gipfel\",\"Luftstreitkr\u00e4fte\",\"Mehrzweckflugzeug\",\"MiG Lancer\",\"multina\u0163ionale\",\"NATO\",\"Polen\",\"Portugal\",\"Rum\u00e4nien\",\"Warschau\"],\"articleSection\":[\"RRI Aktuell\"],\"inLanguage\":\"de\"},{\"@type\":\"WebPage\",\"@id\":\"https:\\\/\\\/www.rri.ro\\\/de\\\/aktuell\\\/rri-aktuell\\\/nach-nato-gipfel-in-warschau-rumaenien-ruestet-auf-id459994.html\",\"url\":\"https:\\\/\\\/www.rri.ro\\\/de\\\/aktuell\\\/rri-aktuell\\\/nach-nato-gipfel-in-warschau-rumaenien-ruestet-auf-id459994.html\",\"name\":\"Nach NATO-Gipfel in Warschau: Rum\u00e4nien r\u00fcstet auf - Radio Rum\u00e4nien International\",\"isPartOf\":{\"@id\":\"https:\\\/\\\/www.rri.ro\\\/#website\"},\"primaryImageOfPage\":{\"@id\":\"https:\\\/\\\/www.rri.ro\\\/de\\\/aktuell\\\/rri-aktuell\\\/nach-nato-gipfel-in-warschau-rumaenien-ruestet-auf-id459994.html#primaryimage\"},\"image\":{\"@id\":\"https:\\\/\\\/www.rri.ro\\\/de\\\/aktuell\\\/rri-aktuell\\\/nach-nato-gipfel-in-warschau-rumaenien-ruestet-auf-id459994.html#primaryimage\"},\"thumbnailUrl\":\"https:\\\/\\\/www.rri.ro\\\/wp-content\\\/uploads\\\/2023\\\/10\\\/avion-f22-sua-romania-nato.png\",\"datePublished\":\"2016-09-28T16:53:00+00:00\",\"dateModified\":\"2024-02-19T18:22:17+00:00\",\"author\":{\"@id\":\"https:\\\/\\\/www.rri.ro\\\/#\\\/schema\\\/person\\\/f9ab1cb3569dee1b2c033a814bb7f0fc\"},\"breadcrumb\":{\"@id\":\"https:\\\/\\\/www.rri.ro\\\/de\\\/aktuell\\\/rri-aktuell\\\/nach-nato-gipfel-in-warschau-rumaenien-ruestet-auf-id459994.html#breadcrumb\"},\"inLanguage\":\"de\",\"potentialAction\":[{\"@type\":\"ReadAction\",\"target\":[\"https:\\\/\\\/www.rri.ro\\\/de\\\/aktuell\\\/rri-aktuell\\\/nach-nato-gipfel-in-warschau-rumaenien-ruestet-auf-id459994.html\"]}]},{\"@type\":\"ImageObject\",\"inLanguage\":\"de\",\"@id\":\"https:\\\/\\\/www.rri.ro\\\/de\\\/aktuell\\\/rri-aktuell\\\/nach-nato-gipfel-in-warschau-rumaenien-ruestet-auf-id459994.html#primaryimage\",\"url\":\"https:\\\/\\\/www.rri.ro\\\/wp-content\\\/uploads\\\/2023\\\/10\\\/avion-f22-sua-romania-nato.png\",\"contentUrl\":\"https:\\\/\\\/www.rri.ro\\\/wp-content\\\/uploads\\\/2023\\\/10\\\/avion-f22-sua-romania-nato.png\",\"width\":640,\"height\":427},{\"@type\":\"BreadcrumbList\",\"@id\":\"https:\\\/\\\/www.rri.ro\\\/de\\\/aktuell\\\/rri-aktuell\\\/nach-nato-gipfel-in-warschau-rumaenien-ruestet-auf-id459994.html#breadcrumb\",\"itemListElement\":[{\"@type\":\"ListItem\",\"position\":1,\"name\":\"Startseite\",\"item\":\"https:\\\/\\\/www.rri.ro\\\/de\"},{\"@type\":\"ListItem\",\"position\":2,\"name\":\"Aktuell\",\"item\":\"https:\\\/\\\/www.rri.ro\\\/de\\\/aktuell\"},{\"@type\":\"ListItem\",\"position\":3,\"name\":\"RRI Aktuell\",\"item\":\"https:\\\/\\\/www.rri.ro\\\/de\\\/aktuell\\\/rri-aktuell\"},{\"@type\":\"ListItem\",\"position\":4,\"name\":\"Nach NATO-Gipfel in Warschau: Rum\u00e4nien r\u00fcstet auf\"}]},{\"@type\":\"WebSite\",\"@id\":\"https:\\\/\\\/www.rri.ro\\\/#website\",\"url\":\"https:\\\/\\\/www.rri.ro\\\/\",\"name\":\"Radio Rum\u00e4nien International\",\"description\":\"Totul despre Rom\u00e2nia \u015fi rom\u00e2ni, \u00een 13 limbi\\\/dialecte!\",\"inLanguage\":\"de\"},{\"@type\":\"Person\",\"@id\":\"https:\\\/\\\/www.rri.ro\\\/#\\\/schema\\\/person\\\/f9ab1cb3569dee1b2c033a814bb7f0fc\",\"name\":\"Corina Cristea\",\"url\":\"https:\\\/\\\/www.rri.ro\\\/de\\\/author\\\/corina-cristea\"}]}<\/script>\n<!-- \/ Yoast SEO plugin. -->","yoast_head_json":{"title":"Nach NATO-Gipfel in Warschau: Rum\u00e4nien r\u00fcstet auf - Radio Rum\u00e4nien International","robots":{"index":"index","follow":"follow","max-snippet":"max-snippet:-1","max-image-preview":"max-image-preview:large","max-video-preview":"max-video-preview:-1"},"canonical":"https:\/\/www.rri.ro\/de\/aktuell\/rri-aktuell\/nach-nato-gipfel-in-warschau-rumaenien-ruestet-auf-id459994.html","og_locale":"de_DE","og_type":"article","og_title":"Nach NATO-Gipfel in Warschau: Rum\u00e4nien r\u00fcstet auf - Radio Rum\u00e4nien International","og_description":"Vor drei Jahren hat Rum\u00e4nien beschlossen, drei gebrauchte amerikanische Kampfjets vom Typ F16 aus Portugal zu kaufen. In diesen Tagen sollen die Maschinen geliefert werden. Der Gesamtpreis bel\u00e4uft sich auf 628 Millionen Euro.","og_url":"https:\/\/www.rri.ro\/de\/aktuell\/rri-aktuell\/nach-nato-gipfel-in-warschau-rumaenien-ruestet-auf-id459994.html","og_site_name":"Radio Rum\u00e4nien International","article_published_time":"2016-09-28T16:53:00+00:00","article_modified_time":"2024-02-19T18:22:17+00:00","og_image":[{"width":640,"height":427,"url":"https:\/\/www.rri.ro\/wp-content\/uploads\/2023\/10\/avion-f22-sua-romania-nato.png","type":"image\/png"}],"author":"Corina Cristea","twitter_card":"summary_large_image","twitter_misc":{"Verfasst von":"Corina Cristea","Gesch\u00e4tzte Lesezeit":"2\u00a0Minuten","Written by":"Corina Cristea"},"schema":{"@context":"https:\/\/schema.org","@graph":[{"@type":"Article","@id":"https:\/\/www.rri.ro\/de\/aktuell\/rri-aktuell\/nach-nato-gipfel-in-warschau-rumaenien-ruestet-auf-id459994.html#article","isPartOf":{"@id":"https:\/\/www.rri.ro\/de\/aktuell\/rri-aktuell\/nach-nato-gipfel-in-warschau-rumaenien-ruestet-auf-id459994.html"},"author":{"name":"Corina Cristea","@id":"https:\/\/www.rri.ro\/#\/schema\/person\/f9ab1cb3569dee1b2c033a814bb7f0fc"},"headline":"Nach NATO-Gipfel in Warschau: Rum\u00e4nien r\u00fcstet auf","datePublished":"2016-09-28T16:53:00+00:00","dateModified":"2024-02-19T18:22:17+00:00","mainEntityOfPage":{"@id":"https:\/\/www.rri.ro\/de\/aktuell\/rri-aktuell\/nach-nato-gipfel-in-warschau-rumaenien-ruestet-auf-id459994.html"},"wordCount":415,"image":{"@id":"https:\/\/www.rri.ro\/de\/aktuell\/rri-aktuell\/nach-nato-gipfel-in-warschau-rumaenien-ruestet-auf-id459994.html#primaryimage"},"thumbnailUrl":"https:\/\/www.rri.ro\/wp-content\/uploads\/2023\/10\/avion-f22-sua-romania-nato.png","keywords":["Bulgarien","F16","Gipfel","Luftstreitkr\u00e4fte","Mehrzweckflugzeug","MiG Lancer","multina\u0163ionale","NATO","Polen","Portugal","Rum\u00e4nien","Warschau"],"articleSection":["RRI Aktuell"],"inLanguage":"de"},{"@type":"WebPage","@id":"https:\/\/www.rri.ro\/de\/aktuell\/rri-aktuell\/nach-nato-gipfel-in-warschau-rumaenien-ruestet-auf-id459994.html","url":"https:\/\/www.rri.ro\/de\/aktuell\/rri-aktuell\/nach-nato-gipfel-in-warschau-rumaenien-ruestet-auf-id459994.html","name":"Nach NATO-Gipfel in Warschau: Rum\u00e4nien r\u00fcstet auf - Radio Rum\u00e4nien International","isPartOf":{"@id":"https:\/\/www.rri.ro\/#website"},"primaryImageOfPage":{"@id":"https:\/\/www.rri.ro\/de\/aktuell\/rri-aktuell\/nach-nato-gipfel-in-warschau-rumaenien-ruestet-auf-id459994.html#primaryimage"},"image":{"@id":"https:\/\/www.rri.ro\/de\/aktuell\/rri-aktuell\/nach-nato-gipfel-in-warschau-rumaenien-ruestet-auf-id459994.html#primaryimage"},"thumbnailUrl":"https:\/\/www.rri.ro\/wp-content\/uploads\/2023\/10\/avion-f22-sua-romania-nato.png","datePublished":"2016-09-28T16:53:00+00:00","dateModified":"2024-02-19T18:22:17+00:00","author":{"@id":"https:\/\/www.rri.ro\/#\/schema\/person\/f9ab1cb3569dee1b2c033a814bb7f0fc"},"breadcrumb":{"@id":"https:\/\/www.rri.ro\/de\/aktuell\/rri-aktuell\/nach-nato-gipfel-in-warschau-rumaenien-ruestet-auf-id459994.html#breadcrumb"},"inLanguage":"de","potentialAction":[{"@type":"ReadAction","target":["https:\/\/www.rri.ro\/de\/aktuell\/rri-aktuell\/nach-nato-gipfel-in-warschau-rumaenien-ruestet-auf-id459994.html"]}]},{"@type":"ImageObject","inLanguage":"de","@id":"https:\/\/www.rri.ro\/de\/aktuell\/rri-aktuell\/nach-nato-gipfel-in-warschau-rumaenien-ruestet-auf-id459994.html#primaryimage","url":"https:\/\/www.rri.ro\/wp-content\/uploads\/2023\/10\/avion-f22-sua-romania-nato.png","contentUrl":"https:\/\/www.rri.ro\/wp-content\/uploads\/2023\/10\/avion-f22-sua-romania-nato.png","width":640,"height":427},{"@type":"BreadcrumbList","@id":"https:\/\/www.rri.ro\/de\/aktuell\/rri-aktuell\/nach-nato-gipfel-in-warschau-rumaenien-ruestet-auf-id459994.html#breadcrumb","itemListElement":[{"@type":"ListItem","position":1,"name":"Startseite","item":"https:\/\/www.rri.ro\/de"},{"@type":"ListItem","position":2,"name":"Aktuell","item":"https:\/\/www.rri.ro\/de\/aktuell"},{"@type":"ListItem","position":3,"name":"RRI Aktuell","item":"https:\/\/www.rri.ro\/de\/aktuell\/rri-aktuell"},{"@type":"ListItem","position":4,"name":"Nach NATO-Gipfel in Warschau: Rum\u00e4nien r\u00fcstet auf"}]},{"@type":"WebSite","@id":"https:\/\/www.rri.ro\/#website","url":"https:\/\/www.rri.ro\/","name":"Radio Rum\u00e4nien International","description":"Totul despre Rom\u00e2nia \u015fi rom\u00e2ni, \u00een 13 limbi\/dialecte!","inLanguage":"de"},{"@type":"Person","@id":"https:\/\/www.rri.ro\/#\/schema\/person\/f9ab1cb3569dee1b2c033a814bb7f0fc","name":"Corina Cristea","url":"https:\/\/www.rri.ro\/de\/author\/corina-cristea"}]}},"_links":{"self":[{"href":"https:\/\/www.rri.ro\/de\/wp-json\/wp\/v2\/posts\/459994","targetHints":{"allow":["GET"]}}],"collection":[{"href":"https:\/\/www.rri.ro\/de\/wp-json\/wp\/v2\/posts"}],"about":[{"href":"https:\/\/www.rri.ro\/de\/wp-json\/wp\/v2\/types\/post"}],"author":[{"embeddable":true,"href":"https:\/\/www.rri.ro\/de\/wp-json\/wp\/v2\/users\/108"}],"replies":[{"embeddable":true,"href":"https:\/\/www.rri.ro\/de\/wp-json\/wp\/v2\/comments?post=459994"}],"version-history":[{"count":0,"href":"https:\/\/www.rri.ro\/de\/wp-json\/wp\/v2\/posts\/459994\/revisions"}],"wp:featuredmedia":[{"embeddable":true,"href":"https:\/\/www.rri.ro\/de\/wp-json\/wp\/v2\/media\/68362"}],"wp:attachment":[{"href":"https:\/\/www.rri.ro\/de\/wp-json\/wp\/v2\/media?parent=459994"}],"wp:term":[{"taxonomy":"category","embeddable":true,"href":"https:\/\/www.rri.ro\/de\/wp-json\/wp\/v2\/categories?post=459994"},{"taxonomy":"post_tag","embeddable":true,"href":"https:\/\/www.rri.ro\/de\/wp-json\/wp\/v2\/tags?post=459994"},{"taxonomy":"author","embeddable":true,"href":"https:\/\/www.rri.ro\/de\/wp-json\/wp\/v2\/coauthors?post=459994"}],"curies":[{"name":"wp","href":"https:\/\/api.w.org\/{rel}","templated":true}]}}