{"id":460024,"date":"2016-10-17T15:43:00","date_gmt":"2016-10-17T12:43:00","guid":{"rendered":"http:\/\/devrri.freshlemon.ro\/aktuell\/unwetter-ueber-ganz-rumaenien-id460024.html"},"modified":"2024-02-19T20:22:38","modified_gmt":"2024-02-19T18:22:38","slug":"unwetter-ueber-ganz-rumaenien","status":"publish","type":"post","link":"https:\/\/www.rri.ro\/de\/aktuell\/rri-aktuell\/unwetter-ueber-ganz-rumaenien-id460024.html","title":{"rendered":"Unwetter \u00fcber ganz Rum\u00e4nien"},"content":{"rendered":"<p>In Rum\u00e4nien herrscht weiterhin Unwetter. Der heftige Regen hat gro\u00dfe Sch\u00e4den in der nord\u00f6stlichen Region Moldau angerichtet. F\u00fcr sechs Landkreise aus diesem Landesteil hatte der Wetterdienst vorige Woche eine Warnung der Stufe Gelb ausgerufen, die ab Montag nicht mehr aufrechterhalten wird. Vorige Woche wurden landesweit auch die Warnungen der Stufe Orange und die h\u00f6chste Alarmstufe Rot wegen starker Regenf\u00e4lle ausgerufen. Das Hochwasser hat zahlreiche H\u00e4user zerst\u00f6rt. Am st\u00e4rksten wurde der Landkreis Gala\u0163i betroffen. Im s\u00fcd\u00f6stlichen Landkreis wurden hunderte H\u00e4user,  H\u00f6fe und Untergesch\u00f6sse von \u00dcberschwemmungen zerst\u00f6rt. Rund 1.700 Menschen sind infolgedessen evakuiert, einige Schulen sind geschlossen worden. In diesem Landkreis sind \u00fcber 4.000 Feuerwehren einsatzbereit.<\/p>\n<p>&#13;<br \/>\n&#13;<\/p>\n<p>&#13;<br \/>\n&#13;<\/p>\n<p>Ab Montag wurden die Einsatzkr\u00e4fte um weitere 30 Feuerwehren aufgestockt. Diese sind mit dreizehn Motorspritzen ausgestattet und unterst\u00fctzen die 300 Feuerwehren, Milit\u00e4r, Gendarmen und Polizisten, die bereits seit voriger Woche in den von \u00dcberschwemmungen betroffenen D\u00f6rfern im Einsatz sind. Das Rote Kreuz hat den Bewohnern der betroffenen Landkreise 900 Schlafs\u00e4cke zur Verf\u00fcgung gestellt. In den kommenden Tagen wird eine Kaltfront die Region Moldau erreichen. Im Norden hat es am Ende voriger Woche zum ersten Mal in dieser Saison bereits geschneit und der Wetterdienst warnt landesweit vor ungew\u00f6hnlich tiefen Temperaturen f\u00fcr Oktober, die im Osten Siebenb\u00fcrgens \u20138 Grad ereichen sollen. Die H\u00f6chstwerte liegen landesweit bei 13 Grad. In einigen Landkreisen im Zentrum und Osten des Landes galt allerdings bis Montag eine Warnung vor Sturmb\u00f6en und heftigen Schneef\u00e4llen. Erst am Ende der Woche rechnet der Wetterdienst mit \u00fcblichen Temperaturen f\u00fcr diese Jahreszeit.<\/p>\n<p>&#13;<br \/>\n&#13;<\/p>\n<p>&#13;<br \/>\n&#13;<\/p>\n<p>Wir haben den Meteorologen Adrian Boariu um Details gebeten: Vereinzelt wird sich Reif bilden, im Nord-Osten, in Senken und im allgemeinen in kleinen Gebieten. Das Wetter wird vor allem in der Landesmitte, im S\u00fcden und Osten sehr kalt f\u00fcr diese Jahreszeit bleiben, selbst wenn die Temperaturen leicht steigen. Am Freitag, Samstag und Sonntag rechnen wir mit normalen Temperaturen f\u00fcr die zweite H\u00e4lfte des Monats Oktober, wir schlie\u00dfen jedoch weitere Regenf\u00e4lle nicht aus, insbesondere gegen Mitte der zweiten Monatsh\u00e4lfte.<\/p>\n<p>&#13;<br \/>\n&#13;<\/p>\n<p>&#13;<br \/>\n&#13;<\/p>\n<p>Die Schwarzmeer-H\u00e4fen wurden aufgrund des Unwetters geschlossen. Der starke Wind und die gro\u00dfen Wellen haben sowohl die Navigation als auch den Betrieb in den H\u00e4fen Midia-N\u0103vodari und Constan\u0163a Norden und S\u00fcden lahmgelegt.  Die Rum\u00e4nische Marinebeh\u00f6rde hat ebenfalls den Verkehr von Frachtkahnkonvois durch die Schiffsschleuse Agigea eingeschr\u00e4nkt.<\/p>\n<p>&#13;<br \/>\n&#13;<\/p>\n<p>&#13;<br \/>\n&#13;<\/p>\n<p>&#13;\n <\/p>\n<p>&#13;<\/p>\n","protected":false},"excerpt":{"rendered":"<p>Der Wetterdienst hat eine Unwetter-Warnung f\u00fcr weite Landesteile ausgerufen. Am st\u00e4rksten wurde der nord\u00f6stliche Landkreis Gala\u0163i betroffen. 1.700 Menschen sind evakuiert worden.<\/p>\n","protected":false},"author":46,"featured_media":202545,"comment_status":"closed","ping_status":"closed","sticky":false,"template":"","format":"standard","meta":{"_acf_changed":false,"footnotes":""},"categories":[99583],"tags":[103575,103573,146631,103576,154697,103322,103577,103574,101527,100578,99723,99721,103572,103388],"coauthors":[],"class_list":["post-460024","post","type-post","status-publish","format-standard","has-post-thumbnail","hentry","category-rri-aktuell","tag-agigea","tag-alarmstufe","tag-constanta-de","tag-frachtkahnkonvois","tag-galati-de","tag-hafen","tag-kaltfront","tag-midia-navodari","tag-regen","tag-siebenbuergen","tag-ueberschwemmungen","tag-unwetter","tag-warnung","tag-wetterdienst"],"acf":[],"yoast_head":"<!-- This site is optimized with the Yoast SEO plugin v27.3 - https:\/\/yoast.com\/product\/yoast-seo-wordpress\/ -->\n<title>Unwetter \u00fcber ganz Rum\u00e4nien - Radio Rum\u00e4nien International<\/title>\n<meta name=\"robots\" content=\"index, follow, max-snippet:-1, max-image-preview:large, max-video-preview:-1\" \/>\n<link rel=\"canonical\" href=\"https:\/\/www.rri.ro\/de\/aktuell\/rri-aktuell\/unwetter-ueber-ganz-rumaenien-id460024.html\" \/>\n<meta property=\"og:locale\" content=\"de_DE\" \/>\n<meta property=\"og:type\" content=\"article\" \/>\n<meta property=\"og:title\" content=\"Unwetter \u00fcber ganz Rum\u00e4nien - Radio Rum\u00e4nien International\" \/>\n<meta property=\"og:description\" content=\"Der Wetterdienst hat eine Unwetter-Warnung f\u00fcr weite Landesteile ausgerufen. Am st\u00e4rksten wurde der nord\u00f6stliche Landkreis Gala\u0163i betroffen. 1.700 Menschen sind evakuiert worden.\" \/>\n<meta property=\"og:url\" content=\"https:\/\/www.rri.ro\/de\/aktuell\/rri-aktuell\/unwetter-ueber-ganz-rumaenien-id460024.html\" \/>\n<meta property=\"og:site_name\" content=\"Radio Rum\u00e4nien International\" \/>\n<meta property=\"article:published_time\" content=\"2016-10-17T12:43:00+00:00\" \/>\n<meta property=\"article:modified_time\" content=\"2024-02-19T18:22:38+00:00\" \/>\n<meta property=\"og:image\" content=\"https:\/\/www.rri.ro\/wp-content\/uploads\/2023\/10\/inundatii-galati-oct2016.png\" \/>\n\t<meta property=\"og:image:width\" content=\"640\" \/>\n\t<meta property=\"og:image:height\" content=\"480\" \/>\n\t<meta property=\"og:image:type\" content=\"image\/png\" \/>\n<meta name=\"author\" content=\"Leyla Cheamil\" \/>\n<meta name=\"twitter:card\" content=\"summary_large_image\" \/>\n<meta name=\"twitter:label1\" content=\"Verfasst von\" \/>\n\t<meta name=\"twitter:data1\" content=\"Leyla Cheamil\" \/>\n\t<meta name=\"twitter:label2\" content=\"Gesch\u00e4tzte Lesezeit\" \/>\n\t<meta name=\"twitter:data2\" content=\"2\u00a0Minuten\" \/>\n\t<meta name=\"twitter:label3\" content=\"Written by\" \/>\n\t<meta name=\"twitter:data3\" content=\"Leyla Cheamil\" \/>\n<script type=\"application\/ld+json\" class=\"yoast-schema-graph\">{\"@context\":\"https:\\\/\\\/schema.org\",\"@graph\":[{\"@type\":\"Article\",\"@id\":\"https:\\\/\\\/www.rri.ro\\\/de\\\/aktuell\\\/rri-aktuell\\\/unwetter-ueber-ganz-rumaenien-id460024.html#article\",\"isPartOf\":{\"@id\":\"https:\\\/\\\/www.rri.ro\\\/de\\\/aktuell\\\/rri-aktuell\\\/unwetter-ueber-ganz-rumaenien-id460024.html\"},\"author\":{\"name\":\"Leyla Cheamil\",\"@id\":\"https:\\\/\\\/www.rri.ro\\\/#\\\/schema\\\/person\\\/e6364ed2d4b6af207a82ca66000d07e0\"},\"headline\":\"Unwetter \u00fcber ganz Rum\u00e4nien\",\"datePublished\":\"2016-10-17T12:43:00+00:00\",\"dateModified\":\"2024-02-19T18:22:38+00:00\",\"mainEntityOfPage\":{\"@id\":\"https:\\\/\\\/www.rri.ro\\\/de\\\/aktuell\\\/rri-aktuell\\\/unwetter-ueber-ganz-rumaenien-id460024.html\"},\"wordCount\":412,\"image\":{\"@id\":\"https:\\\/\\\/www.rri.ro\\\/de\\\/aktuell\\\/rri-aktuell\\\/unwetter-ueber-ganz-rumaenien-id460024.html#primaryimage\"},\"thumbnailUrl\":\"https:\\\/\\\/www.rri.ro\\\/wp-content\\\/uploads\\\/2023\\\/10\\\/inundatii-galati-oct2016.png\",\"keywords\":[\"Agigea\",\"Alarmstufe\",\"Constanta\",\"Frachtkahnkonvois\",\"Galati\",\"Hafen\",\"Kaltfront\",\"Midia-N\u0103vodari\",\"Regen\",\"Siebenb\u00fcrgen\",\"\u00dcberschwemmungen\",\"Unwetter\",\"Warnung\",\"Wetterdienst\"],\"articleSection\":[\"RRI Aktuell\"],\"inLanguage\":\"de\"},{\"@type\":\"WebPage\",\"@id\":\"https:\\\/\\\/www.rri.ro\\\/de\\\/aktuell\\\/rri-aktuell\\\/unwetter-ueber-ganz-rumaenien-id460024.html\",\"url\":\"https:\\\/\\\/www.rri.ro\\\/de\\\/aktuell\\\/rri-aktuell\\\/unwetter-ueber-ganz-rumaenien-id460024.html\",\"name\":\"Unwetter \u00fcber ganz Rum\u00e4nien - Radio Rum\u00e4nien International\",\"isPartOf\":{\"@id\":\"https:\\\/\\\/www.rri.ro\\\/#website\"},\"primaryImageOfPage\":{\"@id\":\"https:\\\/\\\/www.rri.ro\\\/de\\\/aktuell\\\/rri-aktuell\\\/unwetter-ueber-ganz-rumaenien-id460024.html#primaryimage\"},\"image\":{\"@id\":\"https:\\\/\\\/www.rri.ro\\\/de\\\/aktuell\\\/rri-aktuell\\\/unwetter-ueber-ganz-rumaenien-id460024.html#primaryimage\"},\"thumbnailUrl\":\"https:\\\/\\\/www.rri.ro\\\/wp-content\\\/uploads\\\/2023\\\/10\\\/inundatii-galati-oct2016.png\",\"datePublished\":\"2016-10-17T12:43:00+00:00\",\"dateModified\":\"2024-02-19T18:22:38+00:00\",\"author\":{\"@id\":\"https:\\\/\\\/www.rri.ro\\\/#\\\/schema\\\/person\\\/e6364ed2d4b6af207a82ca66000d07e0\"},\"breadcrumb\":{\"@id\":\"https:\\\/\\\/www.rri.ro\\\/de\\\/aktuell\\\/rri-aktuell\\\/unwetter-ueber-ganz-rumaenien-id460024.html#breadcrumb\"},\"inLanguage\":\"de\",\"potentialAction\":[{\"@type\":\"ReadAction\",\"target\":[\"https:\\\/\\\/www.rri.ro\\\/de\\\/aktuell\\\/rri-aktuell\\\/unwetter-ueber-ganz-rumaenien-id460024.html\"]}]},{\"@type\":\"ImageObject\",\"inLanguage\":\"de\",\"@id\":\"https:\\\/\\\/www.rri.ro\\\/de\\\/aktuell\\\/rri-aktuell\\\/unwetter-ueber-ganz-rumaenien-id460024.html#primaryimage\",\"url\":\"https:\\\/\\\/www.rri.ro\\\/wp-content\\\/uploads\\\/2023\\\/10\\\/inundatii-galati-oct2016.png\",\"contentUrl\":\"https:\\\/\\\/www.rri.ro\\\/wp-content\\\/uploads\\\/2023\\\/10\\\/inundatii-galati-oct2016.png\",\"width\":640,\"height\":480},{\"@type\":\"BreadcrumbList\",\"@id\":\"https:\\\/\\\/www.rri.ro\\\/de\\\/aktuell\\\/rri-aktuell\\\/unwetter-ueber-ganz-rumaenien-id460024.html#breadcrumb\",\"itemListElement\":[{\"@type\":\"ListItem\",\"position\":1,\"name\":\"Startseite\",\"item\":\"https:\\\/\\\/www.rri.ro\\\/de\"},{\"@type\":\"ListItem\",\"position\":2,\"name\":\"Aktuell\",\"item\":\"https:\\\/\\\/www.rri.ro\\\/de\\\/aktuell\"},{\"@type\":\"ListItem\",\"position\":3,\"name\":\"RRI Aktuell\",\"item\":\"https:\\\/\\\/www.rri.ro\\\/de\\\/aktuell\\\/rri-aktuell\"},{\"@type\":\"ListItem\",\"position\":4,\"name\":\"Unwetter \u00fcber ganz Rum\u00e4nien\"}]},{\"@type\":\"WebSite\",\"@id\":\"https:\\\/\\\/www.rri.ro\\\/#website\",\"url\":\"https:\\\/\\\/www.rri.ro\\\/\",\"name\":\"Radio Rum\u00e4nien International\",\"description\":\"Totul despre Rom\u00e2nia \u015fi rom\u00e2ni, \u00een 13 limbi\\\/dialecte!\",\"inLanguage\":\"de\"},{\"@type\":\"Person\",\"@id\":\"https:\\\/\\\/www.rri.ro\\\/#\\\/schema\\\/person\\\/e6364ed2d4b6af207a82ca66000d07e0\",\"name\":\"Leyla Cheamil\",\"url\":\"https:\\\/\\\/www.rri.ro\\\/de\\\/author\\\/leyla-cheamil\"}]}<\/script>\n<!-- \/ Yoast SEO plugin. -->","yoast_head_json":{"title":"Unwetter \u00fcber ganz Rum\u00e4nien - Radio Rum\u00e4nien International","robots":{"index":"index","follow":"follow","max-snippet":"max-snippet:-1","max-image-preview":"max-image-preview:large","max-video-preview":"max-video-preview:-1"},"canonical":"https:\/\/www.rri.ro\/de\/aktuell\/rri-aktuell\/unwetter-ueber-ganz-rumaenien-id460024.html","og_locale":"de_DE","og_type":"article","og_title":"Unwetter \u00fcber ganz Rum\u00e4nien - Radio Rum\u00e4nien International","og_description":"Der Wetterdienst hat eine Unwetter-Warnung f\u00fcr weite Landesteile ausgerufen. Am st\u00e4rksten wurde der nord\u00f6stliche Landkreis Gala\u0163i betroffen. 1.700 Menschen sind evakuiert worden.","og_url":"https:\/\/www.rri.ro\/de\/aktuell\/rri-aktuell\/unwetter-ueber-ganz-rumaenien-id460024.html","og_site_name":"Radio Rum\u00e4nien International","article_published_time":"2016-10-17T12:43:00+00:00","article_modified_time":"2024-02-19T18:22:38+00:00","og_image":[{"width":640,"height":480,"url":"https:\/\/www.rri.ro\/wp-content\/uploads\/2023\/10\/inundatii-galati-oct2016.png","type":"image\/png"}],"author":"Leyla Cheamil","twitter_card":"summary_large_image","twitter_misc":{"Verfasst von":"Leyla Cheamil","Gesch\u00e4tzte Lesezeit":"2\u00a0Minuten","Written by":"Leyla Cheamil"},"schema":{"@context":"https:\/\/schema.org","@graph":[{"@type":"Article","@id":"https:\/\/www.rri.ro\/de\/aktuell\/rri-aktuell\/unwetter-ueber-ganz-rumaenien-id460024.html#article","isPartOf":{"@id":"https:\/\/www.rri.ro\/de\/aktuell\/rri-aktuell\/unwetter-ueber-ganz-rumaenien-id460024.html"},"author":{"name":"Leyla Cheamil","@id":"https:\/\/www.rri.ro\/#\/schema\/person\/e6364ed2d4b6af207a82ca66000d07e0"},"headline":"Unwetter \u00fcber ganz Rum\u00e4nien","datePublished":"2016-10-17T12:43:00+00:00","dateModified":"2024-02-19T18:22:38+00:00","mainEntityOfPage":{"@id":"https:\/\/www.rri.ro\/de\/aktuell\/rri-aktuell\/unwetter-ueber-ganz-rumaenien-id460024.html"},"wordCount":412,"image":{"@id":"https:\/\/www.rri.ro\/de\/aktuell\/rri-aktuell\/unwetter-ueber-ganz-rumaenien-id460024.html#primaryimage"},"thumbnailUrl":"https:\/\/www.rri.ro\/wp-content\/uploads\/2023\/10\/inundatii-galati-oct2016.png","keywords":["Agigea","Alarmstufe","Constanta","Frachtkahnkonvois","Galati","Hafen","Kaltfront","Midia-N\u0103vodari","Regen","Siebenb\u00fcrgen","\u00dcberschwemmungen","Unwetter","Warnung","Wetterdienst"],"articleSection":["RRI Aktuell"],"inLanguage":"de"},{"@type":"WebPage","@id":"https:\/\/www.rri.ro\/de\/aktuell\/rri-aktuell\/unwetter-ueber-ganz-rumaenien-id460024.html","url":"https:\/\/www.rri.ro\/de\/aktuell\/rri-aktuell\/unwetter-ueber-ganz-rumaenien-id460024.html","name":"Unwetter \u00fcber ganz Rum\u00e4nien - Radio Rum\u00e4nien International","isPartOf":{"@id":"https:\/\/www.rri.ro\/#website"},"primaryImageOfPage":{"@id":"https:\/\/www.rri.ro\/de\/aktuell\/rri-aktuell\/unwetter-ueber-ganz-rumaenien-id460024.html#primaryimage"},"image":{"@id":"https:\/\/www.rri.ro\/de\/aktuell\/rri-aktuell\/unwetter-ueber-ganz-rumaenien-id460024.html#primaryimage"},"thumbnailUrl":"https:\/\/www.rri.ro\/wp-content\/uploads\/2023\/10\/inundatii-galati-oct2016.png","datePublished":"2016-10-17T12:43:00+00:00","dateModified":"2024-02-19T18:22:38+00:00","author":{"@id":"https:\/\/www.rri.ro\/#\/schema\/person\/e6364ed2d4b6af207a82ca66000d07e0"},"breadcrumb":{"@id":"https:\/\/www.rri.ro\/de\/aktuell\/rri-aktuell\/unwetter-ueber-ganz-rumaenien-id460024.html#breadcrumb"},"inLanguage":"de","potentialAction":[{"@type":"ReadAction","target":["https:\/\/www.rri.ro\/de\/aktuell\/rri-aktuell\/unwetter-ueber-ganz-rumaenien-id460024.html"]}]},{"@type":"ImageObject","inLanguage":"de","@id":"https:\/\/www.rri.ro\/de\/aktuell\/rri-aktuell\/unwetter-ueber-ganz-rumaenien-id460024.html#primaryimage","url":"https:\/\/www.rri.ro\/wp-content\/uploads\/2023\/10\/inundatii-galati-oct2016.png","contentUrl":"https:\/\/www.rri.ro\/wp-content\/uploads\/2023\/10\/inundatii-galati-oct2016.png","width":640,"height":480},{"@type":"BreadcrumbList","@id":"https:\/\/www.rri.ro\/de\/aktuell\/rri-aktuell\/unwetter-ueber-ganz-rumaenien-id460024.html#breadcrumb","itemListElement":[{"@type":"ListItem","position":1,"name":"Startseite","item":"https:\/\/www.rri.ro\/de"},{"@type":"ListItem","position":2,"name":"Aktuell","item":"https:\/\/www.rri.ro\/de\/aktuell"},{"@type":"ListItem","position":3,"name":"RRI Aktuell","item":"https:\/\/www.rri.ro\/de\/aktuell\/rri-aktuell"},{"@type":"ListItem","position":4,"name":"Unwetter \u00fcber ganz Rum\u00e4nien"}]},{"@type":"WebSite","@id":"https:\/\/www.rri.ro\/#website","url":"https:\/\/www.rri.ro\/","name":"Radio Rum\u00e4nien International","description":"Totul despre Rom\u00e2nia \u015fi rom\u00e2ni, \u00een 13 limbi\/dialecte!","inLanguage":"de"},{"@type":"Person","@id":"https:\/\/www.rri.ro\/#\/schema\/person\/e6364ed2d4b6af207a82ca66000d07e0","name":"Leyla Cheamil","url":"https:\/\/www.rri.ro\/de\/author\/leyla-cheamil"}]}},"_links":{"self":[{"href":"https:\/\/www.rri.ro\/de\/wp-json\/wp\/v2\/posts\/460024","targetHints":{"allow":["GET"]}}],"collection":[{"href":"https:\/\/www.rri.ro\/de\/wp-json\/wp\/v2\/posts"}],"about":[{"href":"https:\/\/www.rri.ro\/de\/wp-json\/wp\/v2\/types\/post"}],"author":[{"embeddable":true,"href":"https:\/\/www.rri.ro\/de\/wp-json\/wp\/v2\/users\/46"}],"replies":[{"embeddable":true,"href":"https:\/\/www.rri.ro\/de\/wp-json\/wp\/v2\/comments?post=460024"}],"version-history":[{"count":0,"href":"https:\/\/www.rri.ro\/de\/wp-json\/wp\/v2\/posts\/460024\/revisions"}],"wp:featuredmedia":[{"embeddable":true,"href":"https:\/\/www.rri.ro\/de\/wp-json\/wp\/v2\/media\/202545"}],"wp:attachment":[{"href":"https:\/\/www.rri.ro\/de\/wp-json\/wp\/v2\/media?parent=460024"}],"wp:term":[{"taxonomy":"category","embeddable":true,"href":"https:\/\/www.rri.ro\/de\/wp-json\/wp\/v2\/categories?post=460024"},{"taxonomy":"post_tag","embeddable":true,"href":"https:\/\/www.rri.ro\/de\/wp-json\/wp\/v2\/tags?post=460024"},{"taxonomy":"author","embeddable":true,"href":"https:\/\/www.rri.ro\/de\/wp-json\/wp\/v2\/coauthors?post=460024"}],"curies":[{"name":"wp","href":"https:\/\/api.w.org\/{rel}","templated":true}]}}